{"id":1468,"date":"2024-09-02T17:32:56","date_gmt":"2024-09-02T15:32:56","guid":{"rendered":"https:\/\/hronvodackymaraton.sk\/?p=1468"},"modified":"2024-09-03T05:40:10","modified_gmt":"2024-09-03T03:40:10","slug":"miro-matusik-na-ms-v-zjazde","status":"publish","type":"post","link":"https:\/\/d.r4.wbsprt.com\/hronvodackymaraton.sk\/miro-matusik-na-ms-v-zjazde\/","title":{"rendered":"Miro Matu\u0161\u00edk na MS v zjazde"},"content":{"rendered":"<figure><img loading=\"lazy\" decoding=\"async\" width=\"225\" height=\"190\" src=\"http:\/\/hronvodackymaraton.sk\/wp-content\/uploads\/2024\/09\/Logo_WC_Sa.jpg\" alt=\"\" \/><\/figure>\n<h3>Mil\u00ed priatelia, priaznivci kanoistiky na divok\u00fdch vod\u00e1ch,<\/h3>\n<p>v d\u0148och 9. \u2013 18. 8. 2024 sa mal\u00e1 slovensk\u00e1 v\u00fdprava zjazd\u00e1rov na divok\u00fdch vod\u00e1ch z\u00fa\u010dastnila na MS Sabero (ESP).<br \/>\n\u010clenom v\u00fdpravy bol aj n\u00e1\u0161 \u00faspe\u0161n\u00fd slovensk\u00fd veter\u00e1n, \u010dlen KDV Sl\u00e1via UK Bratislava, kajak\u00e1r Miroslav Matu\u0161\u00edk.<\/p>\n<p>Doprava os\u00f4b bola zabezpe\u010den\u00e1 letecky, lode s pr\u00edslu\u0161enstvom a \u010fal\u0161\u00edm materi\u00e1lom mikrobusom s pr\u00edvesom.\u00a0Ubytovanie na priv\u00e1te v dedinke Ria\u0148o pri priehrade, z ktorej bola z\u00e1sobovan\u00e1 zjazdov\u00e1 tra\u0165 vodou.<\/p>\n<p><strong>Miro Matu\u0161\u00edk (71) si takto spom\u00edna na pr\u00edpravu a vlastn\u00e9 preteky MS masters 2024:<\/strong><\/p>\n<p>&#8220;Denne som absolvoval tri zjazdov\u00e9 tr\u00e9ningy. Na meran\u00fdch tr\u00e9ningoch som za\u0161iel svoj najlep\u0161\u00ed \u010das 22 min.15 sek.<\/p>\n<p>Vyt\u00fd\u010dil som si dva ciele:<\/p>\n<p>1. na pretekoch dosiahnu\u0165 \u010das pod 22:00 min.<\/p>\n<p>a 2. porazi\u0165 svojich dvoch hlavn\u00fdch s\u00faperov:\u00a0Wofganga Bricka (GER) a Bohumila Hrabca (CZE).<\/p>\n<p>\u017dia\u013e splnil som iba prv\u00fd cie\u013e a to v\u00fdsledkom bol 21:55,53 min. Z 18 veter\u00e1nov vo vekovej kateg\u00f3rii masters 55+ som ofici\u00e1lne skon\u010dil na 13. mieste, W. Brick obsadil 5. a B. Hrabec 7. miesto.<\/p>\n<p>S kamar\u00e1tom W. Brickom (74) sme skritizovali ICF, \u017ee n\u00e1s diskriminuj\u00fa, ke\u010f n\u00e1s d\u00e1vaj\u00fa do kateg\u00f3rie 55+ a nie do 65+.<\/p>\n<p>No, ja napriek tomu pokra\u010dujem v \u0161portovej pr\u00edprave a te\u0161\u00edm sa na \u010fal\u0161ie zjazdov\u00e9 preteky a vod\u00e1cke marat\u00f3ny. M\u00f4j najbli\u017e\u0161\u00ed program: vod\u00e1cky marat\u00f3n na Dunaji, Dobroho\u0161\u0165 \u2013 Gab\u010d\u00edkovo 22 km a Mur Challenge 45 km (AUT).<\/p>\n<p><strong>Ja, Vojto Poto\u010dn\u00fd, m\u00e1m na takto usporiadan\u00e9 MS masters svoj n\u00e1zor:<\/strong><\/p>\n<p>V\u0161ade vo svete sa s\u00fa\u0165a\u017e\u00ed aj vo vekovej kateg\u00f3rii 65+. A tak som si dal t\u00fa prac\u00fa a zistil som, \u017ee z t\u00fdch 12 veter\u00e1nov, \u010do boli pred Mirom, bol len jeden star\u0161\u00ed, Nemec Wolfgang Brick (74). Preto mal Miro Matu\u0161\u00edk (71) dosta\u0165 striebro.<\/p>\n<p>E\u0161te kv\u00f4li \u00faplnosti: Bronzov\u00fa medailu v takomto spravodlivom meran\u00ed s\u00edl mal z\u00edska\u0165 Angli\u010dan Richard Vincent (66).<\/p>\n<p>S pozdravom &#8220;Mira si ned\u00e1me!&#8221;<\/p>\n<p>Vojto Poto\u010dn\u00fd<\/p>\n<p><a href=\"https:\/\/www.canoeicf.com\/sites\/default\/files\/24_sabero_classic_master_result.pdf\" target=\"_blank\" rel=\"noopener\">Kompletn\u00e9 v\u00fdsledky z MS v zjazde<\/a><\/p>\n<p>\t\t\t\t\t\t\t\t\t\t\t\t\t<img loading=\"lazy\" decoding=\"async\" width=\"640\" height=\"853\" src=\"http:\/\/hronvodackymaraton.sk\/wp-content\/uploads\/2024\/09\/Sabero_24_MM-768x1024.jpg\" alt=\"\" srcset=\"https:\/\/hronvodackymaraton.sk\/wp-content\/uploads\/2024\/09\/Sabero_24_MM-768x1024.jpg 768w, https:\/\/hronvodackymaraton.sk\/wp-content\/uploads\/2024\/09\/Sabero_24_MM-225x300.jpg 225w, https:\/\/hronvodackymaraton.sk\/wp-content\/uploads\/2024\/09\/Sabero_24_MM-1152x1536.jpg 1152w, https:\/\/hronvodackymaraton.sk\/wp-content\/uploads\/2024\/09\/Sabero_24_MM.jpg 1536w\" sizes=\"auto, (max-width: 640px) 100vw, 640px\" \/><\/p>\n","protected":false},"excerpt":{"rendered":"<p>Mil\u00ed priatelia, priaznivci kanoistiky na divok\u00fdch vod\u00e1ch, v d\u0148och 9. \u2013 18. 8. 2024 sa mal\u00e1 slovensk\u00e1 v\u00fdprava zjazd\u00e1rov na divok\u00fdch vod\u00e1ch z\u00fa\u010dastnila na&#8230;<\/p>\n","protected":false},"author":3,"featured_media":1490,"comment_status":"open","ping_status":"closed","sticky":false,"template":"","format":"standard","meta":{"_eb_attr":"","_mi_skip_tracking":false,"footnotes":""},"categories":[1],"tags":[],"class_list":["post-1468","post","type-post","status-publish","format-standard","has-post-thumbnail","hentry","category-nezaradene"],"yoast_head":"<!-- This site is optimized with the Yoast SEO plugin v21.0 - https:\/\/yoast.com\/wordpress\/plugins\/seo\/ -->\n<title>Miro Matu\u0161\u00edk na MS v zjazde - hronmaraton.sk<\/title>\n<meta name=\"robots\" content=\"index, follow, max-snippet:-1, max-image-preview:large, max-video-preview:-1\" \/>\n<link rel=\"canonical\" href=\"https:\/\/hronvodackymaraton.sk\/miro-matusik-na-ms-v-zjazde\/\" \/>\n<meta property=\"og:locale\" content=\"sk_SK\" \/>\n<meta property=\"og:type\" content=\"article\" \/>\n<meta property=\"og:title\" content=\"Miro Matu\u0161\u00edk na MS v zjazde - hronmaraton.sk\" \/>\n<meta property=\"og:description\" content=\"Mil\u00ed priatelia, priaznivci kanoistiky na divok\u00fdch vod\u00e1ch, v d\u0148och 9. \u2013 18. 8. 2024 sa mal\u00e1 slovensk\u00e1 v\u00fdprava zjazd\u00e1rov na divok\u00fdch vod\u00e1ch z\u00fa\u010dastnila na...\" \/>\n<meta property=\"og:url\" content=\"https:\/\/hronvodackymaraton.sk\/miro-matusik-na-ms-v-zjazde\/\" \/>\n<meta property=\"og:site_name\" content=\"hronmaraton.sk\" \/>\n<meta property=\"article:published_time\" content=\"2024-09-02T15:32:56+00:00\" \/>\n<meta property=\"article:modified_time\" content=\"2024-09-03T03:40:10+00:00\" \/>\n<meta property=\"og:image\" content=\"https:\/\/hronvodackymaraton.sk\/wp-content\/uploads\/2024\/09\/Sabero_24_MM_Orez-1.jpg\" \/>\n\t<meta property=\"og:image:width\" content=\"1536\" \/>\n\t<meta property=\"og:image:height\" content=\"655\" \/>\n\t<meta property=\"og:image:type\" content=\"image\/jpeg\" \/>\n<meta name=\"author\" content=\"Snowski61\" \/>\n<meta name=\"twitter:card\" content=\"summary_large_image\" \/>\n<meta name=\"twitter:label1\" content=\"Autor\" \/>\n\t<meta name=\"twitter:data1\" content=\"Snowski61\" \/>\n\t<meta name=\"twitter:label2\" content=\"Predpokladan\u00fd \u010das \u010d\u00edtania\" \/>\n\t<meta name=\"twitter:data2\" content=\"3 min\u00faty\" \/>\n<script type=\"application\/ld+json\" class=\"yoast-schema-graph\">{\"@context\":\"https:\/\/schema.org\",\"@graph\":[{\"@type\":\"WebPage\",\"@id\":\"https:\/\/hronvodackymaraton.sk\/miro-matusik-na-ms-v-zjazde\/\",\"url\":\"https:\/\/hronvodackymaraton.sk\/miro-matusik-na-ms-v-zjazde\/\",\"name\":\"Miro Matu\u0161\u00edk na MS v zjazde - hronmaraton.sk\",\"isPartOf\":{\"@id\":\"https:\/\/hronvodackymaraton.sk\/#website\"},\"datePublished\":\"2024-09-02T15:32:56+00:00\",\"dateModified\":\"2024-09-03T03:40:10+00:00\",\"author\":{\"@id\":\"https:\/\/hronvodackymaraton.sk\/#\/schema\/person\/c03a472907933352b2f30940e40b0f54\"},\"breadcrumb\":{\"@id\":\"https:\/\/hronvodackymaraton.sk\/miro-matusik-na-ms-v-zjazde\/#breadcrumb\"},\"inLanguage\":\"sk-SK\",\"potentialAction\":[{\"@type\":\"ReadAction\",\"target\":[\"https:\/\/hronvodackymaraton.sk\/miro-matusik-na-ms-v-zjazde\/\"]}]},{\"@type\":\"BreadcrumbList\",\"@id\":\"https:\/\/hronvodackymaraton.sk\/miro-matusik-na-ms-v-zjazde\/#breadcrumb\",\"itemListElement\":[{\"@type\":\"ListItem\",\"position\":1,\"name\":\"Home\",\"item\":\"https:\/\/hronvodackymaraton.sk\/\"},{\"@type\":\"ListItem\",\"position\":2,\"name\":\"Miro Matu\u0161\u00edk na MS v zjazde\"}]},{\"@type\":\"WebSite\",\"@id\":\"https:\/\/hronvodackymaraton.sk\/#website\",\"url\":\"https:\/\/hronvodackymaraton.sk\/\",\"name\":\"hronmaraton.sk\",\"description\":\"O cenu olympionika Mari\u00e1na Havl\u00ed\u010dka\",\"potentialAction\":[{\"@type\":\"SearchAction\",\"target\":{\"@type\":\"EntryPoint\",\"urlTemplate\":\"https:\/\/hronvodackymaraton.sk\/?s={search_term_string}\"},\"query-input\":\"required name=search_term_string\"}],\"inLanguage\":\"sk-SK\"},{\"@type\":\"Person\",\"@id\":\"https:\/\/hronvodackymaraton.sk\/#\/schema\/person\/c03a472907933352b2f30940e40b0f54\",\"name\":\"Snowski61\",\"url\":\"https:\/\/d.r4.wbsprt.com\/hronvodackymaraton.sk\/author\/snowski61\/\"}]}<\/script>\n<!-- \/ Yoast SEO plugin. -->","yoast_head_json":{"title":"Miro Matu\u0161\u00edk na MS v zjazde - hronmaraton.sk","robots":{"index":"index","follow":"follow","max-snippet":"max-snippet:-1","max-image-preview":"max-image-preview:large","max-video-preview":"max-video-preview:-1"},"canonical":"https:\/\/hronvodackymaraton.sk\/miro-matusik-na-ms-v-zjazde\/","og_locale":"sk_SK","og_type":"article","og_title":"Miro Matu\u0161\u00edk na MS v zjazde - hronmaraton.sk","og_description":"Mil\u00ed priatelia, priaznivci kanoistiky na divok\u00fdch vod\u00e1ch, v d\u0148och 9. \u2013 18. 8. 2024 sa mal\u00e1 slovensk\u00e1 v\u00fdprava zjazd\u00e1rov na divok\u00fdch vod\u00e1ch z\u00fa\u010dastnila na...","og_url":"https:\/\/hronvodackymaraton.sk\/miro-matusik-na-ms-v-zjazde\/","og_site_name":"hronmaraton.sk","article_published_time":"2024-09-02T15:32:56+00:00","article_modified_time":"2024-09-03T03:40:10+00:00","og_image":[{"width":1536,"height":655,"url":"https:\/\/hronvodackymaraton.sk\/wp-content\/uploads\/2024\/09\/Sabero_24_MM_Orez-1.jpg","type":"image\/jpeg"}],"author":"Snowski61","twitter_card":"summary_large_image","twitter_misc":{"Autor":"Snowski61","Predpokladan\u00fd \u010das \u010d\u00edtania":"3 min\u00faty"},"schema":{"@context":"https:\/\/schema.org","@graph":[{"@type":"WebPage","@id":"https:\/\/hronvodackymaraton.sk\/miro-matusik-na-ms-v-zjazde\/","url":"https:\/\/hronvodackymaraton.sk\/miro-matusik-na-ms-v-zjazde\/","name":"Miro Matu\u0161\u00edk na MS v zjazde - hronmaraton.sk","isPartOf":{"@id":"https:\/\/hronvodackymaraton.sk\/#website"},"datePublished":"2024-09-02T15:32:56+00:00","dateModified":"2024-09-03T03:40:10+00:00","author":{"@id":"https:\/\/hronvodackymaraton.sk\/#\/schema\/person\/c03a472907933352b2f30940e40b0f54"},"breadcrumb":{"@id":"https:\/\/hronvodackymaraton.sk\/miro-matusik-na-ms-v-zjazde\/#breadcrumb"},"inLanguage":"sk-SK","potentialAction":[{"@type":"ReadAction","target":["https:\/\/hronvodackymaraton.sk\/miro-matusik-na-ms-v-zjazde\/"]}]},{"@type":"BreadcrumbList","@id":"https:\/\/hronvodackymaraton.sk\/miro-matusik-na-ms-v-zjazde\/#breadcrumb","itemListElement":[{"@type":"ListItem","position":1,"name":"Home","item":"https:\/\/hronvodackymaraton.sk\/"},{"@type":"ListItem","position":2,"name":"Miro Matu\u0161\u00edk na MS v zjazde"}]},{"@type":"WebSite","@id":"https:\/\/hronvodackymaraton.sk\/#website","url":"https:\/\/hronvodackymaraton.sk\/","name":"hronmaraton.sk","description":"O cenu olympionika Mari\u00e1na Havl\u00ed\u010dka","potentialAction":[{"@type":"SearchAction","target":{"@type":"EntryPoint","urlTemplate":"https:\/\/hronvodackymaraton.sk\/?s={search_term_string}"},"query-input":"required name=search_term_string"}],"inLanguage":"sk-SK"},{"@type":"Person","@id":"https:\/\/hronvodackymaraton.sk\/#\/schema\/person\/c03a472907933352b2f30940e40b0f54","name":"Snowski61","url":"https:\/\/d.r4.wbsprt.com\/hronvodackymaraton.sk\/author\/snowski61\/"}]}},"_links":{"self":[{"href":"https:\/\/d.r4.wbsprt.com\/hronvodackymaraton.sk\/wp-json\/wp\/v2\/posts\/1468","targetHints":{"allow":["GET"]}}],"collection":[{"href":"https:\/\/d.r4.wbsprt.com\/hronvodackymaraton.sk\/wp-json\/wp\/v2\/posts"}],"about":[{"href":"https:\/\/d.r4.wbsprt.com\/hronvodackymaraton.sk\/wp-json\/wp\/v2\/types\/post"}],"author":[{"embeddable":true,"href":"https:\/\/d.r4.wbsprt.com\/hronvodackymaraton.sk\/wp-json\/wp\/v2\/users\/3"}],"replies":[{"embeddable":true,"href":"https:\/\/d.r4.wbsprt.com\/hronvodackymaraton.sk\/wp-json\/wp\/v2\/comments?post=1468"}],"version-history":[{"count":6,"href":"https:\/\/d.r4.wbsprt.com\/hronvodackymaraton.sk\/wp-json\/wp\/v2\/posts\/1468\/revisions"}],"predecessor-version":[{"id":1503,"href":"https:\/\/d.r4.wbsprt.com\/hronvodackymaraton.sk\/wp-json\/wp\/v2\/posts\/1468\/revisions\/1503"}],"wp:featuredmedia":[{"embeddable":true,"href":"https:\/\/d.r4.wbsprt.com\/hronvodackymaraton.sk\/wp-json\/wp\/v2\/media\/1490"}],"wp:attachment":[{"href":"https:\/\/d.r4.wbsprt.com\/hronvodackymaraton.sk\/wp-json\/wp\/v2\/media?parent=1468"}],"wp:term":[{"taxonomy":"category","embeddable":true,"href":"https:\/\/d.r4.wbsprt.com\/hronvodackymaraton.sk\/wp-json\/wp\/v2\/categories?post=1468"},{"taxonomy":"post_tag","embeddable":true,"href":"https:\/\/d.r4.wbsprt.com\/hronvodackymaraton.sk\/wp-json\/wp\/v2\/tags?post=1468"}],"curies":[{"name":"wp","href":"https:\/\/api.w.org\/{rel}","templated":true}]}}