{"id":1610,"date":"2025-02-28T15:51:38","date_gmt":"2025-02-28T14:51:38","guid":{"rendered":"https:\/\/hronvodackymaraton.sk\/?p=1610"},"modified":"2025-02-28T16:06:10","modified_gmt":"2025-02-28T15:06:10","slug":"hlasovanie-za-janku-benusovu-v-ankete-slovenka-roka-2025","status":"publish","type":"post","link":"https:\/\/d.r4.wbsprt.com\/hronvodackymaraton.sk\/hlasovanie-za-janku-benusovu-v-ankete-slovenka-roka-2025\/","title":{"rendered":"Hlasovanie za Janku Be\u0148u\u0161ov\u00fa v ankete Slovenka roka 2025"},"content":{"rendered":"<p>Mil\u00e9 priate\u013eky a priatelia \u0161portu,<br \/>\nna\u0161u dobr\u00fa kamar\u00e1tku, \u0161portovky\u0148u Janku Be\u0148u\u0161ov\u00fa nominovali na ocenenie &#8220;Slovenka roka 2025&#8221; v kateg\u00f3rii \u0160port.<\/p>\n<p><strong>Janka Be\u0148u\u0161ov\u00e1 rod. Kubov\u010d\u00e1kov\u00e1<\/strong> (nar. 19.1.1955), bronzov\u00e1 medailistka z Majstrovstiev sveta vo vodnom slalome, je matkou troch det\u00ed, medzi nimi viacn\u00e1sobn\u00fd olympijsk\u00fd medailista Matej Be\u0148u\u0161. Ku kanoistke priviedla aj obe svoje dc\u00e9ry \u2013 Danku, dlhoro\u010dn\u00fa reprezentantku SR vo vodnom slalome, nesk\u00f4r USA, majsterku sveta vo vodnom slalome z roku 2011 a Moniku, reprezentantku SR v r\u00fdchlostnej kanoistike a viacn\u00e1sobn\u00fa majsterku sveta v raftingu.<br \/>\nAko tr\u00e9nerka s dlhoro\u010dnou praxou zodpovedne p\u00f4sobila v TJ Sl\u00e1via UK Bratislava, nesk\u00f4r v \u0160KP Bratislava. Okrem tr\u00e9nerskej \u010dinnosti pravidelne p\u00f4sob\u00ed ako rozhodky\u0148a na dom\u00e1cich i medzin\u00e1rodn\u00fdch pretekoch vo vodnom slalome na divok\u00fdch vod\u00e1ch. Sme radi, \u017ee jej celo\u017eivotn\u00fa pr\u00e1cu s ml\u00e1de\u017eou si v\u0161imli a stala sa nominantkou Slovenky roka 2025. V pr\u00edpade, ak ste toho n\u00e1zoru, \u017ee si Janka tak\u00e9 vysok\u00e9 ocenenie zasl\u00fa\u017ei, dovo\u013eujeme si V\u00e1s, ako aj okruh Va\u0161ich bl\u00edzkych, priate\u013eov a zn\u00e1mych, l\u00e1skavo poprosi\u0165 o hlasovanie v jej prospech. Pod\u013ea pravidiel m\u00f4\u017ee hlasova\u0165 ka\u017ed\u00e1 osoba s trval\u00fdm alebo dlhodob\u00fdm pobytom na \u00fazem\u00ed SR alebo \u010cR a nad 18 rokov. V kateg\u00f3rii \u0160port m\u00e1 Janka ve\u013emi siln\u00fa konkurenciu. V snahe, aby bola \u00faspe\u0161n\u00e1, V\u00e1s tie\u017e pros\u00edme, aby ste vyu\u017eili Va\u0161u bohat\u00fa datab\u00e1zu, e-mailov\u00e9 adresy a re\u0165azov\u00fdm sp\u00f4sobom hlasovanie vo svojom okol\u00ed \u010do najviac roz\u0161\u00edrili. Za v\u0161etky hlasy V\u00e1m vopred pekne \u010fakujeme. Dr\u017eme Janke palce!<br \/>\nS pozdravom Vojto Poto\u010dn\u00fd<\/p>\n<p>Hlasova\u0165 za Janku m\u00f4\u017eete od 06.2.2025 16:00 do 04.6. 2025 \u2013 11:00 bu\u010f: prostredn\u00edctvom SMS na \u010d\u00edslo 7400 v tvare SR 20 (medzi SR a 20 je medzera). Cena SMS je 1 eur s DPH alebo online na www.slovenkaroka.sk\/hlasovanie . <em>(Ak budete hlasova\u0165 online, tak okrem toho, \u017ee v zozname nominovan\u00fdch d\u00e1m kliknete na &#8220;SR 20 &#8211; Mgr. Jana Be\u0148u\u0161ov\u00e1&#8221;, treba v ka\u017edej zo zvy\u0161n\u00fdch kateg\u00f3ri\u00ed ozna\u010di\u0165 jednu d\u00e1mu, inak to hlasovanie neprejde.)<\/em><\/p>\n<p><img loading=\"lazy\" decoding=\"async\" class=\"alignnone size-medium wp-image-1611\" src=\"http:\/\/hronvodackymaraton.sk\/wp-content\/uploads\/2025\/02\/Benusova_Foto_1-200x300.jpg\" alt=\"\" width=\"200\" height=\"300\" srcset=\"http:\/\/d.r4.wbsprt.com\/hronvodackymaraton.sk\/wp-content\/uploads\/2025\/02\/Benusova_Foto_1-200x300.jpg 200w, http:\/\/d.r4.wbsprt.com\/hronvodackymaraton.sk\/wp-content\/uploads\/2025\/02\/Benusova_Foto_1.jpg 621w\" sizes=\"auto, (max-width: 200px) 100vw, 200px\" \/><\/p>\n<p>SR 20 \u2013 Mgr. JANA BE\u0147U\u0160OV\u00c1 &#8211; b\u00fdval\u00e1 \u010deskoslovensk\u00e1 reprezentantka vo vodnom slalome, tr\u00e9nerka, reprezentantka v raftingu v kateg\u00f3rii masters.<\/p>\n<p>Po skon\u010den\u00ed pretek\u00e1rskej kari\u00e9ry tr\u00e9novala cel\u00e9 gener\u00e1cie bud\u00facich vod\u00e1kov, medzi nimi aj svoje dve dc\u00e9ry a syna Mateja, slovensk\u00e9ho reprezentanta a dvojn\u00e1sobn\u00e9ho olympijsk\u00e9ho medailistu. Ako b\u00fdval\u00e1 u\u010dite\u013eka telocviku a tr\u00e9nerka je aj v s\u00fa\u010dasnosti akt\u00edvna. U\u017e dvadsa\u0165 rokov je cvi\u010dite\u013ekou petr\u017ealsk\u00fdch senioriek, vedie n\u00e1pravn\u00e9 cvi\u010denia s ment\u00e1lne postihnut\u00fdmi de\u0165mi aj s dospel\u00fdmi a de\u0165mi v lodenici, kde e\u0161te st\u00e1le aj sama tr\u00e9nuje. Od roku 2016 je kapit\u00e1nkou \u017eensk\u00e9ho raftingov\u00e9ho t\u00edmu v kateg\u00f3rii masters Mistral Ladies, s ktor\u00fdm z\u00edskali viacero prvenstiev na eur\u00f3pskych a svetov\u00fdch s\u00fa\u0165a\u017eiach.<\/p>\n","protected":false},"excerpt":{"rendered":"<p>Mil\u00e9 priate\u013eky a priatelia \u0161portu, na\u0161u dobr\u00fa kamar\u00e1tku, \u0161portovky\u0148u Janku Be\u0148u\u0161ov\u00fa nominovali na ocenenie &#8220;Slovenka roka 2025&#8221; v kateg\u00f3rii \u0160port. Janka Be\u0148u\u0161ov\u00e1 rod. Kubov\u010d\u00e1kov\u00e1&#8230;<\/p>\n","protected":false},"author":3,"featured_media":1617,"comment_status":"closed","ping_status":"closed","sticky":false,"template":"","format":"standard","meta":{"_eb_attr":"","_mi_skip_tracking":false,"footnotes":""},"categories":[1],"tags":[],"class_list":["post-1610","post","type-post","status-publish","format-standard","has-post-thumbnail","hentry","category-nezaradene"],"yoast_head":"<!-- This site is optimized with the Yoast SEO plugin v21.0 - https:\/\/yoast.com\/wordpress\/plugins\/seo\/ -->\n<title>Hlasovanie za Janku Be\u0148u\u0161ov\u00fa v ankete Slovenka roka 2025 - hronmaraton.sk<\/title>\n<meta name=\"robots\" content=\"index, follow, max-snippet:-1, max-image-preview:large, max-video-preview:-1\" \/>\n<link rel=\"canonical\" href=\"https:\/\/hronvodackymaraton.sk\/hlasovanie-za-janku-benusovu-v-ankete-slovenka-roka-2025\/\" \/>\n<meta property=\"og:locale\" content=\"sk_SK\" \/>\n<meta property=\"og:type\" content=\"article\" \/>\n<meta property=\"og:title\" content=\"Hlasovanie za Janku Be\u0148u\u0161ov\u00fa v ankete Slovenka roka 2025 - hronmaraton.sk\" \/>\n<meta property=\"og:description\" content=\"Mil\u00e9 priate\u013eky a priatelia \u0161portu, na\u0161u dobr\u00fa kamar\u00e1tku, \u0161portovky\u0148u Janku Be\u0148u\u0161ov\u00fa nominovali na ocenenie &#8220;Slovenka roka 2025&#8221; v kateg\u00f3rii \u0160port. Janka Be\u0148u\u0161ov\u00e1 rod. Kubov\u010d\u00e1kov\u00e1...\" \/>\n<meta property=\"og:url\" content=\"https:\/\/hronvodackymaraton.sk\/hlasovanie-za-janku-benusovu-v-ankete-slovenka-roka-2025\/\" \/>\n<meta property=\"og:site_name\" content=\"hronmaraton.sk\" \/>\n<meta property=\"article:published_time\" content=\"2025-02-28T14:51:38+00:00\" \/>\n<meta property=\"article:modified_time\" content=\"2025-02-28T15:06:10+00:00\" \/>\n<meta property=\"og:image\" content=\"https:\/\/hronvodackymaraton.sk\/wp-content\/uploads\/2025\/02\/logo-slovenka-roka.png\" \/>\n\t<meta property=\"og:image:width\" content=\"900\" \/>\n\t<meta property=\"og:image:height\" content=\"257\" \/>\n\t<meta property=\"og:image:type\" content=\"image\/png\" \/>\n<meta name=\"author\" content=\"Snowski61\" \/>\n<meta name=\"twitter:card\" content=\"summary_large_image\" \/>\n<meta name=\"twitter:label1\" content=\"Autor\" \/>\n\t<meta name=\"twitter:data1\" content=\"Snowski61\" \/>\n\t<meta name=\"twitter:label2\" content=\"Predpokladan\u00fd \u010das \u010d\u00edtania\" \/>\n\t<meta name=\"twitter:data2\" content=\"3 min\u00faty\" \/>\n<script type=\"application\/ld+json\" class=\"yoast-schema-graph\">{\"@context\":\"https:\/\/schema.org\",\"@graph\":[{\"@type\":\"WebPage\",\"@id\":\"https:\/\/hronvodackymaraton.sk\/hlasovanie-za-janku-benusovu-v-ankete-slovenka-roka-2025\/\",\"url\":\"https:\/\/hronvodackymaraton.sk\/hlasovanie-za-janku-benusovu-v-ankete-slovenka-roka-2025\/\",\"name\":\"Hlasovanie za Janku Be\u0148u\u0161ov\u00fa v ankete Slovenka roka 2025 - hronmaraton.sk\",\"isPartOf\":{\"@id\":\"https:\/\/hronvodackymaraton.sk\/#website\"},\"datePublished\":\"2025-02-28T14:51:38+00:00\",\"dateModified\":\"2025-02-28T15:06:10+00:00\",\"author\":{\"@id\":\"https:\/\/hronvodackymaraton.sk\/#\/schema\/person\/c03a472907933352b2f30940e40b0f54\"},\"breadcrumb\":{\"@id\":\"https:\/\/hronvodackymaraton.sk\/hlasovanie-za-janku-benusovu-v-ankete-slovenka-roka-2025\/#breadcrumb\"},\"inLanguage\":\"sk-SK\",\"potentialAction\":[{\"@type\":\"ReadAction\",\"target\":[\"https:\/\/hronvodackymaraton.sk\/hlasovanie-za-janku-benusovu-v-ankete-slovenka-roka-2025\/\"]}]},{\"@type\":\"BreadcrumbList\",\"@id\":\"https:\/\/hronvodackymaraton.sk\/hlasovanie-za-janku-benusovu-v-ankete-slovenka-roka-2025\/#breadcrumb\",\"itemListElement\":[{\"@type\":\"ListItem\",\"position\":1,\"name\":\"Home\",\"item\":\"https:\/\/hronvodackymaraton.sk\/\"},{\"@type\":\"ListItem\",\"position\":2,\"name\":\"Hlasovanie za Janku Be\u0148u\u0161ov\u00fa v ankete Slovenka roka 2025\"}]},{\"@type\":\"WebSite\",\"@id\":\"https:\/\/hronvodackymaraton.sk\/#website\",\"url\":\"https:\/\/hronvodackymaraton.sk\/\",\"name\":\"hronmaraton.sk\",\"description\":\"O cenu olympionika Mari\u00e1na Havl\u00ed\u010dka\",\"potentialAction\":[{\"@type\":\"SearchAction\",\"target\":{\"@type\":\"EntryPoint\",\"urlTemplate\":\"https:\/\/hronvodackymaraton.sk\/?s={search_term_string}\"},\"query-input\":\"required name=search_term_string\"}],\"inLanguage\":\"sk-SK\"},{\"@type\":\"Person\",\"@id\":\"https:\/\/hronvodackymaraton.sk\/#\/schema\/person\/c03a472907933352b2f30940e40b0f54\",\"name\":\"Snowski61\",\"url\":\"https:\/\/d.r4.wbsprt.com\/hronvodackymaraton.sk\/author\/snowski61\/\"}]}<\/script>\n<!-- \/ Yoast SEO plugin. -->","yoast_head_json":{"title":"Hlasovanie za Janku Be\u0148u\u0161ov\u00fa v ankete Slovenka roka 2025 - hronmaraton.sk","robots":{"index":"index","follow":"follow","max-snippet":"max-snippet:-1","max-image-preview":"max-image-preview:large","max-video-preview":"max-video-preview:-1"},"canonical":"https:\/\/hronvodackymaraton.sk\/hlasovanie-za-janku-benusovu-v-ankete-slovenka-roka-2025\/","og_locale":"sk_SK","og_type":"article","og_title":"Hlasovanie za Janku Be\u0148u\u0161ov\u00fa v ankete Slovenka roka 2025 - hronmaraton.sk","og_description":"Mil\u00e9 priate\u013eky a priatelia \u0161portu, na\u0161u dobr\u00fa kamar\u00e1tku, \u0161portovky\u0148u Janku Be\u0148u\u0161ov\u00fa nominovali na ocenenie &#8220;Slovenka roka 2025&#8221; v kateg\u00f3rii \u0160port. Janka Be\u0148u\u0161ov\u00e1 rod. Kubov\u010d\u00e1kov\u00e1...","og_url":"https:\/\/hronvodackymaraton.sk\/hlasovanie-za-janku-benusovu-v-ankete-slovenka-roka-2025\/","og_site_name":"hronmaraton.sk","article_published_time":"2025-02-28T14:51:38+00:00","article_modified_time":"2025-02-28T15:06:10+00:00","og_image":[{"width":900,"height":257,"url":"https:\/\/hronvodackymaraton.sk\/wp-content\/uploads\/2025\/02\/logo-slovenka-roka.png","type":"image\/png"}],"author":"Snowski61","twitter_card":"summary_large_image","twitter_misc":{"Autor":"Snowski61","Predpokladan\u00fd \u010das \u010d\u00edtania":"3 min\u00faty"},"schema":{"@context":"https:\/\/schema.org","@graph":[{"@type":"WebPage","@id":"https:\/\/hronvodackymaraton.sk\/hlasovanie-za-janku-benusovu-v-ankete-slovenka-roka-2025\/","url":"https:\/\/hronvodackymaraton.sk\/hlasovanie-za-janku-benusovu-v-ankete-slovenka-roka-2025\/","name":"Hlasovanie za Janku Be\u0148u\u0161ov\u00fa v ankete Slovenka roka 2025 - hronmaraton.sk","isPartOf":{"@id":"https:\/\/hronvodackymaraton.sk\/#website"},"datePublished":"2025-02-28T14:51:38+00:00","dateModified":"2025-02-28T15:06:10+00:00","author":{"@id":"https:\/\/hronvodackymaraton.sk\/#\/schema\/person\/c03a472907933352b2f30940e40b0f54"},"breadcrumb":{"@id":"https:\/\/hronvodackymaraton.sk\/hlasovanie-za-janku-benusovu-v-ankete-slovenka-roka-2025\/#breadcrumb"},"inLanguage":"sk-SK","potentialAction":[{"@type":"ReadAction","target":["https:\/\/hronvodackymaraton.sk\/hlasovanie-za-janku-benusovu-v-ankete-slovenka-roka-2025\/"]}]},{"@type":"BreadcrumbList","@id":"https:\/\/hronvodackymaraton.sk\/hlasovanie-za-janku-benusovu-v-ankete-slovenka-roka-2025\/#breadcrumb","itemListElement":[{"@type":"ListItem","position":1,"name":"Home","item":"https:\/\/hronvodackymaraton.sk\/"},{"@type":"ListItem","position":2,"name":"Hlasovanie za Janku Be\u0148u\u0161ov\u00fa v ankete Slovenka roka 2025"}]},{"@type":"WebSite","@id":"https:\/\/hronvodackymaraton.sk\/#website","url":"https:\/\/hronvodackymaraton.sk\/","name":"hronmaraton.sk","description":"O cenu olympionika Mari\u00e1na Havl\u00ed\u010dka","potentialAction":[{"@type":"SearchAction","target":{"@type":"EntryPoint","urlTemplate":"https:\/\/hronvodackymaraton.sk\/?s={search_term_string}"},"query-input":"required name=search_term_string"}],"inLanguage":"sk-SK"},{"@type":"Person","@id":"https:\/\/hronvodackymaraton.sk\/#\/schema\/person\/c03a472907933352b2f30940e40b0f54","name":"Snowski61","url":"https:\/\/d.r4.wbsprt.com\/hronvodackymaraton.sk\/author\/snowski61\/"}]}},"_links":{"self":[{"href":"https:\/\/d.r4.wbsprt.com\/hronvodackymaraton.sk\/wp-json\/wp\/v2\/posts\/1610","targetHints":{"allow":["GET"]}}],"collection":[{"href":"https:\/\/d.r4.wbsprt.com\/hronvodackymaraton.sk\/wp-json\/wp\/v2\/posts"}],"about":[{"href":"https:\/\/d.r4.wbsprt.com\/hronvodackymaraton.sk\/wp-json\/wp\/v2\/types\/post"}],"author":[{"embeddable":true,"href":"https:\/\/d.r4.wbsprt.com\/hronvodackymaraton.sk\/wp-json\/wp\/v2\/users\/3"}],"replies":[{"embeddable":true,"href":"https:\/\/d.r4.wbsprt.com\/hronvodackymaraton.sk\/wp-json\/wp\/v2\/comments?post=1610"}],"version-history":[{"count":5,"href":"https:\/\/d.r4.wbsprt.com\/hronvodackymaraton.sk\/wp-json\/wp\/v2\/posts\/1610\/revisions"}],"predecessor-version":[{"id":1616,"href":"https:\/\/d.r4.wbsprt.com\/hronvodackymaraton.sk\/wp-json\/wp\/v2\/posts\/1610\/revisions\/1616"}],"wp:featuredmedia":[{"embeddable":true,"href":"https:\/\/d.r4.wbsprt.com\/hronvodackymaraton.sk\/wp-json\/wp\/v2\/media\/1617"}],"wp:attachment":[{"href":"https:\/\/d.r4.wbsprt.com\/hronvodackymaraton.sk\/wp-json\/wp\/v2\/media?parent=1610"}],"wp:term":[{"taxonomy":"category","embeddable":true,"href":"https:\/\/d.r4.wbsprt.com\/hronvodackymaraton.sk\/wp-json\/wp\/v2\/categories?post=1610"},{"taxonomy":"post_tag","embeddable":true,"href":"https:\/\/d.r4.wbsprt.com\/hronvodackymaraton.sk\/wp-json\/wp\/v2\/tags?post=1610"}],"curies":[{"name":"wp","href":"https:\/\/api.w.org\/{rel}","templated":true}]}}