{"id":515,"date":"2023-12-29T07:58:14","date_gmt":"2023-12-29T06:58:14","guid":{"rendered":"https:\/\/hronvodackymaraton.sk\/?p=515"},"modified":"2023-12-29T07:58:14","modified_gmt":"2023-12-29T06:58:14","slug":"opustil-nas-stefan-halcin","status":"publish","type":"post","link":"https:\/\/d.r4.wbsprt.com\/hronvodackymaraton.sk\/opustil-nas-stefan-halcin\/","title":{"rendered":"Opustil n\u00e1s \u0160tefan Hal\u010din"},"content":{"rendered":"<p>V sobotu 23. decembra 2023 n\u00e1s nav\u017edy opustil \u0160tefan Hal\u010din, dlhoro\u010dn\u00fd rozhodca, tr\u00e9ner a otec reprezentanta Martina Hal\u010dina.<\/p>\n<p>Posledn\u00e1 rozl\u00fa\u010dka bude v piatok 29.12. o 13.00 v Spi\u0161skej Starej Vsi.<\/p>\n<p>\u010ces\u0165 jeho pamiatke.<\/p>\n","protected":false},"excerpt":{"rendered":"<p>V sobotu 23. decembra 2023 n\u00e1s nav\u017edy opustil \u0160tefan Hal\u010din, dlhoro\u010dn\u00fd rozhodca, tr\u00e9ner a otec reprezentanta Martina Hal\u010dina. Posledn\u00e1 rozl\u00fa\u010dka bude v piatok 29.12&#8230;.<\/p>\n","protected":false},"author":3,"featured_media":516,"comment_status":"closed","ping_status":"open","sticky":false,"template":"","format":"standard","meta":{"_eb_attr":"","_mi_skip_tracking":false,"footnotes":""},"categories":[1],"tags":[],"class_list":["post-515","post","type-post","status-publish","format-standard","has-post-thumbnail","hentry","category-nezaradene"],"yoast_head":"<!-- This site is optimized with the Yoast SEO plugin v21.0 - https:\/\/yoast.com\/wordpress\/plugins\/seo\/ -->\n<title>Opustil n\u00e1s \u0160tefan Hal\u010din - hronmaraton.sk<\/title>\n<meta name=\"robots\" content=\"index, follow, max-snippet:-1, max-image-preview:large, max-video-preview:-1\" \/>\n<link rel=\"canonical\" href=\"https:\/\/hronvodackymaraton.sk\/opustil-nas-stefan-halcin\/\" \/>\n<meta property=\"og:locale\" content=\"sk_SK\" \/>\n<meta property=\"og:type\" content=\"article\" \/>\n<meta property=\"og:title\" content=\"Opustil n\u00e1s \u0160tefan Hal\u010din - hronmaraton.sk\" \/>\n<meta property=\"og:description\" content=\"V sobotu 23. decembra 2023 n\u00e1s nav\u017edy opustil \u0160tefan Hal\u010din, dlhoro\u010dn\u00fd rozhodca, tr\u00e9ner a otec reprezentanta Martina Hal\u010dina. Posledn\u00e1 rozl\u00fa\u010dka bude v piatok 29.12....\" \/>\n<meta property=\"og:url\" content=\"https:\/\/hronvodackymaraton.sk\/opustil-nas-stefan-halcin\/\" \/>\n<meta property=\"og:site_name\" content=\"hronmaraton.sk\" \/>\n<meta property=\"article:published_time\" content=\"2023-12-29T06:58:14+00:00\" \/>\n<meta property=\"og:image\" content=\"https:\/\/hronvodackymaraton.sk\/wp-content\/uploads\/2023\/12\/SVieca_1.png\" \/>\n\t<meta property=\"og:image:width\" content=\"1204\" \/>\n\t<meta property=\"og:image:height\" content=\"542\" \/>\n\t<meta property=\"og:image:type\" content=\"image\/png\" \/>\n<meta name=\"author\" content=\"Snowski61\" \/>\n<meta name=\"twitter:card\" content=\"summary_large_image\" \/>\n<meta name=\"twitter:label1\" content=\"Autor\" \/>\n\t<meta name=\"twitter:data1\" content=\"Snowski61\" \/>\n\t<meta name=\"twitter:label2\" content=\"Predpokladan\u00fd \u010das \u010d\u00edtania\" \/>\n\t<meta name=\"twitter:data2\" content=\"1 min\u00fata\" \/>\n<script type=\"application\/ld+json\" class=\"yoast-schema-graph\">{\"@context\":\"https:\/\/schema.org\",\"@graph\":[{\"@type\":\"WebPage\",\"@id\":\"https:\/\/hronvodackymaraton.sk\/opustil-nas-stefan-halcin\/\",\"url\":\"https:\/\/hronvodackymaraton.sk\/opustil-nas-stefan-halcin\/\",\"name\":\"Opustil n\u00e1s \u0160tefan Hal\u010din - hronmaraton.sk\",\"isPartOf\":{\"@id\":\"https:\/\/hronvodackymaraton.sk\/#website\"},\"datePublished\":\"2023-12-29T06:58:14+00:00\",\"dateModified\":\"2023-12-29T06:58:14+00:00\",\"author\":{\"@id\":\"https:\/\/hronvodackymaraton.sk\/#\/schema\/person\/c03a472907933352b2f30940e40b0f54\"},\"breadcrumb\":{\"@id\":\"https:\/\/hronvodackymaraton.sk\/opustil-nas-stefan-halcin\/#breadcrumb\"},\"inLanguage\":\"sk-SK\",\"potentialAction\":[{\"@type\":\"ReadAction\",\"target\":[\"https:\/\/hronvodackymaraton.sk\/opustil-nas-stefan-halcin\/\"]}]},{\"@type\":\"BreadcrumbList\",\"@id\":\"https:\/\/hronvodackymaraton.sk\/opustil-nas-stefan-halcin\/#breadcrumb\",\"itemListElement\":[{\"@type\":\"ListItem\",\"position\":1,\"name\":\"Home\",\"item\":\"https:\/\/hronvodackymaraton.sk\/\"},{\"@type\":\"ListItem\",\"position\":2,\"name\":\"Opustil n\u00e1s \u0160tefan Hal\u010din\"}]},{\"@type\":\"WebSite\",\"@id\":\"https:\/\/hronvodackymaraton.sk\/#website\",\"url\":\"https:\/\/hronvodackymaraton.sk\/\",\"name\":\"hronmaraton.sk\",\"description\":\"O cenu olympionika Mari\u00e1na Havl\u00ed\u010dka\",\"potentialAction\":[{\"@type\":\"SearchAction\",\"target\":{\"@type\":\"EntryPoint\",\"urlTemplate\":\"https:\/\/hronvodackymaraton.sk\/?s={search_term_string}\"},\"query-input\":\"required name=search_term_string\"}],\"inLanguage\":\"sk-SK\"},{\"@type\":\"Person\",\"@id\":\"https:\/\/hronvodackymaraton.sk\/#\/schema\/person\/c03a472907933352b2f30940e40b0f54\",\"name\":\"Snowski61\",\"url\":\"https:\/\/d.r4.wbsprt.com\/hronvodackymaraton.sk\/author\/snowski61\/\"}]}<\/script>\n<!-- \/ Yoast SEO plugin. -->","yoast_head_json":{"title":"Opustil n\u00e1s \u0160tefan Hal\u010din - hronmaraton.sk","robots":{"index":"index","follow":"follow","max-snippet":"max-snippet:-1","max-image-preview":"max-image-preview:large","max-video-preview":"max-video-preview:-1"},"canonical":"https:\/\/hronvodackymaraton.sk\/opustil-nas-stefan-halcin\/","og_locale":"sk_SK","og_type":"article","og_title":"Opustil n\u00e1s \u0160tefan Hal\u010din - hronmaraton.sk","og_description":"V sobotu 23. decembra 2023 n\u00e1s nav\u017edy opustil \u0160tefan Hal\u010din, dlhoro\u010dn\u00fd rozhodca, tr\u00e9ner a otec reprezentanta Martina Hal\u010dina. Posledn\u00e1 rozl\u00fa\u010dka bude v piatok 29.12....","og_url":"https:\/\/hronvodackymaraton.sk\/opustil-nas-stefan-halcin\/","og_site_name":"hronmaraton.sk","article_published_time":"2023-12-29T06:58:14+00:00","og_image":[{"width":1204,"height":542,"url":"https:\/\/hronvodackymaraton.sk\/wp-content\/uploads\/2023\/12\/SVieca_1.png","type":"image\/png"}],"author":"Snowski61","twitter_card":"summary_large_image","twitter_misc":{"Autor":"Snowski61","Predpokladan\u00fd \u010das \u010d\u00edtania":"1 min\u00fata"},"schema":{"@context":"https:\/\/schema.org","@graph":[{"@type":"WebPage","@id":"https:\/\/hronvodackymaraton.sk\/opustil-nas-stefan-halcin\/","url":"https:\/\/hronvodackymaraton.sk\/opustil-nas-stefan-halcin\/","name":"Opustil n\u00e1s \u0160tefan Hal\u010din - hronmaraton.sk","isPartOf":{"@id":"https:\/\/hronvodackymaraton.sk\/#website"},"datePublished":"2023-12-29T06:58:14+00:00","dateModified":"2023-12-29T06:58:14+00:00","author":{"@id":"https:\/\/hronvodackymaraton.sk\/#\/schema\/person\/c03a472907933352b2f30940e40b0f54"},"breadcrumb":{"@id":"https:\/\/hronvodackymaraton.sk\/opustil-nas-stefan-halcin\/#breadcrumb"},"inLanguage":"sk-SK","potentialAction":[{"@type":"ReadAction","target":["https:\/\/hronvodackymaraton.sk\/opustil-nas-stefan-halcin\/"]}]},{"@type":"BreadcrumbList","@id":"https:\/\/hronvodackymaraton.sk\/opustil-nas-stefan-halcin\/#breadcrumb","itemListElement":[{"@type":"ListItem","position":1,"name":"Home","item":"https:\/\/hronvodackymaraton.sk\/"},{"@type":"ListItem","position":2,"name":"Opustil n\u00e1s \u0160tefan Hal\u010din"}]},{"@type":"WebSite","@id":"https:\/\/hronvodackymaraton.sk\/#website","url":"https:\/\/hronvodackymaraton.sk\/","name":"hronmaraton.sk","description":"O cenu olympionika Mari\u00e1na Havl\u00ed\u010dka","potentialAction":[{"@type":"SearchAction","target":{"@type":"EntryPoint","urlTemplate":"https:\/\/hronvodackymaraton.sk\/?s={search_term_string}"},"query-input":"required name=search_term_string"}],"inLanguage":"sk-SK"},{"@type":"Person","@id":"https:\/\/hronvodackymaraton.sk\/#\/schema\/person\/c03a472907933352b2f30940e40b0f54","name":"Snowski61","url":"https:\/\/d.r4.wbsprt.com\/hronvodackymaraton.sk\/author\/snowski61\/"}]}},"_links":{"self":[{"href":"https:\/\/d.r4.wbsprt.com\/hronvodackymaraton.sk\/wp-json\/wp\/v2\/posts\/515","targetHints":{"allow":["GET"]}}],"collection":[{"href":"https:\/\/d.r4.wbsprt.com\/hronvodackymaraton.sk\/wp-json\/wp\/v2\/posts"}],"about":[{"href":"https:\/\/d.r4.wbsprt.com\/hronvodackymaraton.sk\/wp-json\/wp\/v2\/types\/post"}],"author":[{"embeddable":true,"href":"https:\/\/d.r4.wbsprt.com\/hronvodackymaraton.sk\/wp-json\/wp\/v2\/users\/3"}],"replies":[{"embeddable":true,"href":"https:\/\/d.r4.wbsprt.com\/hronvodackymaraton.sk\/wp-json\/wp\/v2\/comments?post=515"}],"version-history":[{"count":1,"href":"https:\/\/d.r4.wbsprt.com\/hronvodackymaraton.sk\/wp-json\/wp\/v2\/posts\/515\/revisions"}],"predecessor-version":[{"id":517,"href":"https:\/\/d.r4.wbsprt.com\/hronvodackymaraton.sk\/wp-json\/wp\/v2\/posts\/515\/revisions\/517"}],"wp:featuredmedia":[{"embeddable":true,"href":"https:\/\/d.r4.wbsprt.com\/hronvodackymaraton.sk\/wp-json\/wp\/v2\/media\/516"}],"wp:attachment":[{"href":"https:\/\/d.r4.wbsprt.com\/hronvodackymaraton.sk\/wp-json\/wp\/v2\/media?parent=515"}],"wp:term":[{"taxonomy":"category","embeddable":true,"href":"https:\/\/d.r4.wbsprt.com\/hronvodackymaraton.sk\/wp-json\/wp\/v2\/categories?post=515"},{"taxonomy":"post_tag","embeddable":true,"href":"https:\/\/d.r4.wbsprt.com\/hronvodackymaraton.sk\/wp-json\/wp\/v2\/tags?post=515"}],"curies":[{"name":"wp","href":"https:\/\/api.w.org\/{rel}","templated":true}]}}