{"id":587,"date":"2024-01-25T14:20:43","date_gmt":"2024-01-25T13:20:43","guid":{"rendered":"https:\/\/hronvodackymaraton.sk\/?p=587"},"modified":"2024-01-25T14:20:43","modified_gmt":"2024-01-25T13:20:43","slug":"medzinarodna-kanoisticka-federacia-icf-tento-rok-oslavuje-100-vyrocie-svojho-zalozenia","status":"publish","type":"post","link":"https:\/\/d.r4.wbsprt.com\/hronvodackymaraton.sk\/medzinarodna-kanoisticka-federacia-icf-tento-rok-oslavuje-100-vyrocie-svojho-zalozenia\/","title":{"rendered":"Medzin\u00e1rodn\u00e1 kanoistick\u00e1 feder\u00e1cia (ICF) tento rok oslavuje 100. v\u00fdro\u010die svojho zalo\u017eenia."},"content":{"rendered":"<p>Tieto oslavy storo\u010dnice ICF vyvrcholia v novembri na\u00a0 kongrese ICF v tureckej Antalyi.<\/p>\n<p>D\u0148a 19. janu\u00e1ra 1924 sa stretli z\u00e1stupcovia 4 n\u00e1rodn\u00fdch feder\u00e1ci\u00ed D\u00e1nska, Nemecka, Rak\u00faska a \u0160v\u00e9dska, aby vytvorili medzin\u00e1rodn\u00fa asoci\u00e1ciu p\u00e1dlovania. Dvojd\u0148ov\u00e9 stretnutie sa konalo v d\u00e1nskej Kodani, kde sa predstavitelia t\u00fdchto feder\u00e1ci\u00ed dohodli na n\u00e1zve organiz\u00e1cie &#8220;Internationale Repr\u00e4sentantenschaft f\u00fcr Kanusport&#8221; (IRK).<\/p>\n<p>Ciele IRK boli definovan\u00e9 v piatich bodoch: 1. vytvori\u0165 spojenie medzi kanoistick\u00fdmi feder\u00e1ciami r\u00f4znych kraj\u00edn. 2. pod\u013ea mo\u017enost\u00ed organizova\u0165 raz ro\u010dne a striedavo v r\u00f4znych krajin\u00e1ch medzin\u00e1rodn\u00e9 s\u00fa\u0165a\u017ee v p\u00e1dlovan\u00ed a jachtingu. 3. propagova\u0165 a podporova\u0165 zahrani\u010dn\u00fa vodn\u00fa turistiku prostredn\u00edctvom vyd\u00e1vania vhodn\u00fdch rie\u010dnych sprievodcov a poskytovan\u00edm inform\u00e1ci\u00ed o mo\u017enostiach ubytovania a o zauj\u00edmav\u00fdch miestach. 4. zavies\u0165 na map\u00e1ch medzin\u00e1rodne uzn\u00e1van\u00e9 symboly riek s cie\u013eom u\u013eah\u010di\u0165 vodn\u00fa turistiku. 5. vymie\u0148a\u0165 si inform\u00e1cie o kanoistike vz\u00e1jomn\u00fdm spr\u00edstup\u0148ovan\u00edm r\u00f4znych n\u00e1rodn\u00fdch publik\u00e1ci\u00ed o kanoistike prostredn\u00edctvom predn\u00e1\u0161ok, refer\u00e1tov, filmov, fotografi\u00ed a kore\u0161pondencie.<\/p>\n<p>Na tomto rokovan\u00ed sa dohodli aj predpisy pre triedy pretek\u00e1rskych kajakov, plachetn\u00edc a kanadsk\u00fdch kanoe, ako aj pravidl\u00e1 pre organizovanie medzin\u00e1rodn\u00fdch pretekov.<\/p>\n<p>Predseda nemeckej kanoistickej feder\u00e1cie Franz Reinicke, sa po zasadnut\u00ed v j\u00fali 1924 stal prv\u00fdm prezidentom IRK. U\u017e na OH\u00b41924 v Par\u00ed\u017ei ako demon\u0161tra\u010dn\u00fd \u0161port bola zaraden\u00e1 aj kanoistika, vtedy pod n\u00e1zvom kanoistick\u00fd \u0161print alebo r\u00fdchlostn\u00e1 kanoistika.<\/p>\n<p>R\u00fdchlostn\u00e1 kanoistika sa stala st\u00e1lou \u0161portovou discipl\u00ednou na OH\u00b41936 v Berl\u00edne. Vodn\u00fd slalom bol prv\u00fd raz zaraden\u00fd do programu OH\u00b41972 v Mn\u00edchove a po 20-ro\u010dnej pauze op\u00e4\u0165, ale to u\u017e trvale od OH\u00b41992 v Barcelone. Na OH\u00b42024 v Par\u00ed\u017ei sa prv\u00fd raz predstav\u00ed aj nov\u00e1 olympijsk\u00e1 kanoistick\u00e1 discipl\u00edna kajak kros.<\/p>\n<p>V\u00fd\u0148atok zo zdroja:\u00a0<a href=\"http:\/\/canoeicf.com\/\" target=\"_blank\" rel=\"noopener\" data-saferedirecturl=\"https:\/\/www.google.com\/url?q=http:\/\/canoeicf.com&amp;source=gmail&amp;ust=1706275051285000&amp;usg=AOvVaw1Miu5Cim5sU3jxpq_CWGrq\">canoeicf.com<\/a><\/p>\n","protected":false},"excerpt":{"rendered":"<p>Tieto oslavy storo\u010dnice ICF vyvrcholia v novembri na\u00a0 kongrese ICF v tureckej Antalyi. D\u0148a 19. janu\u00e1ra 1924 sa stretli z\u00e1stupcovia 4 n\u00e1rodn\u00fdch feder\u00e1ci\u00ed D\u00e1nska,&#8230;<\/p>\n","protected":false},"author":3,"featured_media":588,"comment_status":"closed","ping_status":"open","sticky":false,"template":"","format":"standard","meta":{"_eb_attr":"","_mi_skip_tracking":false,"footnotes":""},"categories":[1],"tags":[],"class_list":["post-587","post","type-post","status-publish","format-standard","has-post-thumbnail","hentry","category-nezaradene"],"yoast_head":"<!-- This site is optimized with the Yoast SEO plugin v21.0 - https:\/\/yoast.com\/wordpress\/plugins\/seo\/ -->\n<title>Medzin\u00e1rodn\u00e1 kanoistick\u00e1 feder\u00e1cia (ICF) tento rok oslavuje 100. v\u00fdro\u010die svojho zalo\u017eenia. - hronmaraton.sk<\/title>\n<meta name=\"robots\" content=\"index, follow, max-snippet:-1, max-image-preview:large, max-video-preview:-1\" \/>\n<link rel=\"canonical\" href=\"https:\/\/hronvodackymaraton.sk\/medzinarodna-kanoisticka-federacia-icf-tento-rok-oslavuje-100-vyrocie-svojho-zalozenia\/\" \/>\n<meta property=\"og:locale\" content=\"sk_SK\" \/>\n<meta property=\"og:type\" content=\"article\" \/>\n<meta property=\"og:title\" content=\"Medzin\u00e1rodn\u00e1 kanoistick\u00e1 feder\u00e1cia (ICF) tento rok oslavuje 100. v\u00fdro\u010die svojho zalo\u017eenia. - hronmaraton.sk\" \/>\n<meta property=\"og:description\" content=\"Tieto oslavy storo\u010dnice ICF vyvrcholia v novembri na\u00a0 kongrese ICF v tureckej Antalyi. D\u0148a 19. janu\u00e1ra 1924 sa stretli z\u00e1stupcovia 4 n\u00e1rodn\u00fdch feder\u00e1ci\u00ed D\u00e1nska,...\" \/>\n<meta property=\"og:url\" content=\"https:\/\/hronvodackymaraton.sk\/medzinarodna-kanoisticka-federacia-icf-tento-rok-oslavuje-100-vyrocie-svojho-zalozenia\/\" \/>\n<meta property=\"og:site_name\" content=\"hronmaraton.sk\" \/>\n<meta property=\"article:published_time\" content=\"2024-01-25T13:20:43+00:00\" \/>\n<meta property=\"og:image\" content=\"https:\/\/hronvodackymaraton.sk\/wp-content\/uploads\/2024\/01\/History_100.jpg\" \/>\n\t<meta property=\"og:image:width\" content=\"1920\" \/>\n\t<meta property=\"og:image:height\" content=\"610\" \/>\n\t<meta property=\"og:image:type\" content=\"image\/jpeg\" \/>\n<meta name=\"author\" content=\"Snowski61\" \/>\n<meta name=\"twitter:card\" content=\"summary_large_image\" \/>\n<meta name=\"twitter:label1\" content=\"Autor\" \/>\n\t<meta name=\"twitter:data1\" content=\"Snowski61\" \/>\n\t<meta name=\"twitter:label2\" content=\"Predpokladan\u00fd \u010das \u010d\u00edtania\" \/>\n\t<meta name=\"twitter:data2\" content=\"2 min\u00faty\" \/>\n<script type=\"application\/ld+json\" class=\"yoast-schema-graph\">{\"@context\":\"https:\/\/schema.org\",\"@graph\":[{\"@type\":\"WebPage\",\"@id\":\"https:\/\/hronvodackymaraton.sk\/medzinarodna-kanoisticka-federacia-icf-tento-rok-oslavuje-100-vyrocie-svojho-zalozenia\/\",\"url\":\"https:\/\/hronvodackymaraton.sk\/medzinarodna-kanoisticka-federacia-icf-tento-rok-oslavuje-100-vyrocie-svojho-zalozenia\/\",\"name\":\"Medzin\u00e1rodn\u00e1 kanoistick\u00e1 feder\u00e1cia (ICF) tento rok oslavuje 100. v\u00fdro\u010die svojho zalo\u017eenia. - hronmaraton.sk\",\"isPartOf\":{\"@id\":\"https:\/\/hronvodackymaraton.sk\/#website\"},\"datePublished\":\"2024-01-25T13:20:43+00:00\",\"dateModified\":\"2024-01-25T13:20:43+00:00\",\"author\":{\"@id\":\"https:\/\/hronvodackymaraton.sk\/#\/schema\/person\/c03a472907933352b2f30940e40b0f54\"},\"breadcrumb\":{\"@id\":\"https:\/\/hronvodackymaraton.sk\/medzinarodna-kanoisticka-federacia-icf-tento-rok-oslavuje-100-vyrocie-svojho-zalozenia\/#breadcrumb\"},\"inLanguage\":\"sk-SK\",\"potentialAction\":[{\"@type\":\"ReadAction\",\"target\":[\"https:\/\/hronvodackymaraton.sk\/medzinarodna-kanoisticka-federacia-icf-tento-rok-oslavuje-100-vyrocie-svojho-zalozenia\/\"]}]},{\"@type\":\"BreadcrumbList\",\"@id\":\"https:\/\/hronvodackymaraton.sk\/medzinarodna-kanoisticka-federacia-icf-tento-rok-oslavuje-100-vyrocie-svojho-zalozenia\/#breadcrumb\",\"itemListElement\":[{\"@type\":\"ListItem\",\"position\":1,\"name\":\"Home\",\"item\":\"https:\/\/hronvodackymaraton.sk\/\"},{\"@type\":\"ListItem\",\"position\":2,\"name\":\"Medzin\u00e1rodn\u00e1 kanoistick\u00e1 feder\u00e1cia (ICF) tento rok oslavuje 100. v\u00fdro\u010die svojho zalo\u017eenia.\"}]},{\"@type\":\"WebSite\",\"@id\":\"https:\/\/hronvodackymaraton.sk\/#website\",\"url\":\"https:\/\/hronvodackymaraton.sk\/\",\"name\":\"hronmaraton.sk\",\"description\":\"O cenu olympionika Mari\u00e1na Havl\u00ed\u010dka\",\"potentialAction\":[{\"@type\":\"SearchAction\",\"target\":{\"@type\":\"EntryPoint\",\"urlTemplate\":\"https:\/\/hronvodackymaraton.sk\/?s={search_term_string}\"},\"query-input\":\"required name=search_term_string\"}],\"inLanguage\":\"sk-SK\"},{\"@type\":\"Person\",\"@id\":\"https:\/\/hronvodackymaraton.sk\/#\/schema\/person\/c03a472907933352b2f30940e40b0f54\",\"name\":\"Snowski61\",\"url\":\"https:\/\/d.r4.wbsprt.com\/hronvodackymaraton.sk\/author\/snowski61\/\"}]}<\/script>\n<!-- \/ Yoast SEO plugin. -->","yoast_head_json":{"title":"Medzin\u00e1rodn\u00e1 kanoistick\u00e1 feder\u00e1cia (ICF) tento rok oslavuje 100. v\u00fdro\u010die svojho zalo\u017eenia. - hronmaraton.sk","robots":{"index":"index","follow":"follow","max-snippet":"max-snippet:-1","max-image-preview":"max-image-preview:large","max-video-preview":"max-video-preview:-1"},"canonical":"https:\/\/hronvodackymaraton.sk\/medzinarodna-kanoisticka-federacia-icf-tento-rok-oslavuje-100-vyrocie-svojho-zalozenia\/","og_locale":"sk_SK","og_type":"article","og_title":"Medzin\u00e1rodn\u00e1 kanoistick\u00e1 feder\u00e1cia (ICF) tento rok oslavuje 100. v\u00fdro\u010die svojho zalo\u017eenia. - hronmaraton.sk","og_description":"Tieto oslavy storo\u010dnice ICF vyvrcholia v novembri na\u00a0 kongrese ICF v tureckej Antalyi. D\u0148a 19. janu\u00e1ra 1924 sa stretli z\u00e1stupcovia 4 n\u00e1rodn\u00fdch feder\u00e1ci\u00ed D\u00e1nska,...","og_url":"https:\/\/hronvodackymaraton.sk\/medzinarodna-kanoisticka-federacia-icf-tento-rok-oslavuje-100-vyrocie-svojho-zalozenia\/","og_site_name":"hronmaraton.sk","article_published_time":"2024-01-25T13:20:43+00:00","og_image":[{"width":1920,"height":610,"url":"https:\/\/hronvodackymaraton.sk\/wp-content\/uploads\/2024\/01\/History_100.jpg","type":"image\/jpeg"}],"author":"Snowski61","twitter_card":"summary_large_image","twitter_misc":{"Autor":"Snowski61","Predpokladan\u00fd \u010das \u010d\u00edtania":"2 min\u00faty"},"schema":{"@context":"https:\/\/schema.org","@graph":[{"@type":"WebPage","@id":"https:\/\/hronvodackymaraton.sk\/medzinarodna-kanoisticka-federacia-icf-tento-rok-oslavuje-100-vyrocie-svojho-zalozenia\/","url":"https:\/\/hronvodackymaraton.sk\/medzinarodna-kanoisticka-federacia-icf-tento-rok-oslavuje-100-vyrocie-svojho-zalozenia\/","name":"Medzin\u00e1rodn\u00e1 kanoistick\u00e1 feder\u00e1cia (ICF) tento rok oslavuje 100. v\u00fdro\u010die svojho zalo\u017eenia. - hronmaraton.sk","isPartOf":{"@id":"https:\/\/hronvodackymaraton.sk\/#website"},"datePublished":"2024-01-25T13:20:43+00:00","dateModified":"2024-01-25T13:20:43+00:00","author":{"@id":"https:\/\/hronvodackymaraton.sk\/#\/schema\/person\/c03a472907933352b2f30940e40b0f54"},"breadcrumb":{"@id":"https:\/\/hronvodackymaraton.sk\/medzinarodna-kanoisticka-federacia-icf-tento-rok-oslavuje-100-vyrocie-svojho-zalozenia\/#breadcrumb"},"inLanguage":"sk-SK","potentialAction":[{"@type":"ReadAction","target":["https:\/\/hronvodackymaraton.sk\/medzinarodna-kanoisticka-federacia-icf-tento-rok-oslavuje-100-vyrocie-svojho-zalozenia\/"]}]},{"@type":"BreadcrumbList","@id":"https:\/\/hronvodackymaraton.sk\/medzinarodna-kanoisticka-federacia-icf-tento-rok-oslavuje-100-vyrocie-svojho-zalozenia\/#breadcrumb","itemListElement":[{"@type":"ListItem","position":1,"name":"Home","item":"https:\/\/hronvodackymaraton.sk\/"},{"@type":"ListItem","position":2,"name":"Medzin\u00e1rodn\u00e1 kanoistick\u00e1 feder\u00e1cia (ICF) tento rok oslavuje 100. v\u00fdro\u010die svojho zalo\u017eenia."}]},{"@type":"WebSite","@id":"https:\/\/hronvodackymaraton.sk\/#website","url":"https:\/\/hronvodackymaraton.sk\/","name":"hronmaraton.sk","description":"O cenu olympionika Mari\u00e1na Havl\u00ed\u010dka","potentialAction":[{"@type":"SearchAction","target":{"@type":"EntryPoint","urlTemplate":"https:\/\/hronvodackymaraton.sk\/?s={search_term_string}"},"query-input":"required name=search_term_string"}],"inLanguage":"sk-SK"},{"@type":"Person","@id":"https:\/\/hronvodackymaraton.sk\/#\/schema\/person\/c03a472907933352b2f30940e40b0f54","name":"Snowski61","url":"https:\/\/d.r4.wbsprt.com\/hronvodackymaraton.sk\/author\/snowski61\/"}]}},"_links":{"self":[{"href":"https:\/\/d.r4.wbsprt.com\/hronvodackymaraton.sk\/wp-json\/wp\/v2\/posts\/587","targetHints":{"allow":["GET"]}}],"collection":[{"href":"https:\/\/d.r4.wbsprt.com\/hronvodackymaraton.sk\/wp-json\/wp\/v2\/posts"}],"about":[{"href":"https:\/\/d.r4.wbsprt.com\/hronvodackymaraton.sk\/wp-json\/wp\/v2\/types\/post"}],"author":[{"embeddable":true,"href":"https:\/\/d.r4.wbsprt.com\/hronvodackymaraton.sk\/wp-json\/wp\/v2\/users\/3"}],"replies":[{"embeddable":true,"href":"https:\/\/d.r4.wbsprt.com\/hronvodackymaraton.sk\/wp-json\/wp\/v2\/comments?post=587"}],"version-history":[{"count":1,"href":"https:\/\/d.r4.wbsprt.com\/hronvodackymaraton.sk\/wp-json\/wp\/v2\/posts\/587\/revisions"}],"predecessor-version":[{"id":589,"href":"https:\/\/d.r4.wbsprt.com\/hronvodackymaraton.sk\/wp-json\/wp\/v2\/posts\/587\/revisions\/589"}],"wp:featuredmedia":[{"embeddable":true,"href":"https:\/\/d.r4.wbsprt.com\/hronvodackymaraton.sk\/wp-json\/wp\/v2\/media\/588"}],"wp:attachment":[{"href":"https:\/\/d.r4.wbsprt.com\/hronvodackymaraton.sk\/wp-json\/wp\/v2\/media?parent=587"}],"wp:term":[{"taxonomy":"category","embeddable":true,"href":"https:\/\/d.r4.wbsprt.com\/hronvodackymaraton.sk\/wp-json\/wp\/v2\/categories?post=587"},{"taxonomy":"post_tag","embeddable":true,"href":"https:\/\/d.r4.wbsprt.com\/hronvodackymaraton.sk\/wp-json\/wp\/v2\/tags?post=587"}],"curies":[{"name":"wp","href":"https:\/\/api.w.org\/{rel}","templated":true}]}}