{"id":590,"date":"2024-01-25T14:27:28","date_gmt":"2024-01-25T13:27:28","guid":{"rendered":"https:\/\/hronvodackymaraton.sk\/?p=590"},"modified":"2024-01-25T14:39:34","modified_gmt":"2024-01-25T13:39:34","slug":"dusan-obuch-85-vodak-telom-i-dusou-na-spravnom-mieste","status":"publish","type":"post","link":"https:\/\/d.r4.wbsprt.com\/hronvodackymaraton.sk\/dusan-obuch-85-vodak-telom-i-dusou-na-spravnom-mieste\/","title":{"rendered":"DU\u0160AN OBUCH &#8211; 85, vod\u00e1k telom i du\u0161ou na spr\u00e1vnom mieste"},"content":{"rendered":"<p>Mil\u00ed \u010ditatelia,<br \/>\nrok 2023 sa mal u n\u00e1s nies\u0165 v znamen\u00ed 100. v\u00fdro\u010dia organizovanej kanoistiky na Slovensku. O\u010dak\u00e1val som, \u017ee sa pri tejto pr\u00edle\u017eitosti vyd\u00e1 aspo\u0148 nejak\u00e1 skromn\u00e1 publik\u00e1cia z hist\u00f3rie na\u0161ej kanoistiky. \u017dia\u013e nestalo sa tak. Na\u0161i susedia z poza rieky Morava k ich 100. v\u00fdro\u010diu zalo\u017eenia kanoistiky vydali v r. 2013 kr\u00e1snu, bohato ilustrovan\u00fa knihu &#8220;100 let kanoistiky v \u010cesk\u00fdch zem\u00edch&#8221;.<br \/>\nVlani pri vytvoren\u00ed na\u0161ej webovej str\u00e1nky sme sa s partiou vod\u00e1kov z Pohronia dohodli, \u017ee okrem aktu\u00e1lneho diania v kanoistike na divok\u00fdch vod\u00e1ch, budeme na\u0161ich \u010ditate\u013eov informova\u0165 aj o osobnostiach, ktor\u00e9 prispeli k rozvoju kanoistiky na Slovensku, ale aj o tzv. &#8220;zabudnut\u00fdch lodeniciach&#8221;, ktor\u00e9 boli kedysi vyu\u017e\u00edvan\u00e9 pre vodn\u00fd slalom a zjazd. Ke\u010f\u017ee som si u\u0161il tak\u00fd bi\u010d na seba, preto v snahe dodr\u017ea\u0165 dohodu a hlavne prebudi\u0165 v\u00e4\u010d\u0161\u00ed z\u00e1ujem o hist\u00f3riu na\u0161ej kanoistiky na divok\u00fdch vod\u00e1ch postupne oslovujem niektor\u00fdch pam\u00e4tn\u00edkov a pros\u00edm ich o spomienky. Tentoraz som sa obr\u00e1til s nieko\u013ek\u00fdmi ot\u00e1zkami na b\u00fdval\u00e9ho reprezentanta, tr\u00e9nera, rozhodcu a dlhoro\u010dn\u00e9ho predsedu Slovensk\u00e9ho zv\u00e4zu kanoistiky na divok\u00fdch vod\u00e1ch Du\u0161ana Obucha s t\u00fdm, aby n\u00e1m pribl\u00ed\u017eil svoj \u0161portov\u00fd rast, jeho p\u00f4sobenie v b\u00fdvalom Arm\u00e1dnom \u0161portovom dru\u017estve Dukla Sere\u010f (m\u00e1lokto vie, \u017ee Dukla Sere\u010f existovala) a v neposlednom rade aj ako na funkcion\u00e1ra v b\u00fdvalom Slovenskom zv\u00e4ze kanoistiky na divok\u00fdch vod\u00e1ch.<br \/>\n<b>Ahoj, Du\u0161an, pros\u00edm \u0164a, prezra\u010f n\u00e1m nie\u010do o svojom detstve a ako si sa dostal ku kanoistike:<\/b><br \/>\n&#8220;Narodil som sa 28.1.1938 v Bratislave &#8211; Dvorn\u00edk (teraz Vajnory). N\u00e1\u0161 dom je ne\u010faleko star\u00e9ho letiska. Vtedy n\u00e1\u0161 dom obklopovali zo v\u0161etk\u00fdch str\u00e1n \u0161tyri jazer\u00e1, pod\u013ea m\u0148a to boli ve\u013ek\u00e9 bariny. V\u013eavo jazero, vpravo jazero, za z\u00e1hradou tie\u017e jazero. U\u017e v detskom veku ma otec nau\u010dil pl\u00e1va\u0165 a pohybova\u0165 sa po hladine t\u00fdchto jazier na plavidl\u00e1ch. Najprv to bolo dreven\u00e9 koryto vydlaban\u00e9 z lipov\u00e9ho dreva, ktor\u00e9 sme v zime pou\u017e\u00edvali na zab\u00edja\u010dky\u00a0 prasiat. R\u00fa\u010dka &#8220;kajak\u00e1rskeho&#8221; p\u00e1dla bola ohob\u013eovan\u00e1 lata, na jej koncoch pribit\u00e9 dve do\u0161ti\u010dky, ako lop\u00e1riky. Ako so r\u00e1stol, tak mi otec doniesol z bl\u00edzkeho letiska men\u0161iu palivov\u00fa n\u00e1dr\u017e z vyraden\u00e9ho vojensk\u00e9ho lietadla a nesk\u00f4r tie\u017e ve\u013ek\u00fa podlhovast\u00fa n\u00e1dr\u017e, do ktorej vyrezal otvor na sedenie (vi\u010f obr\u00e1zky). V zime som sa na jazer\u00e1ch nau\u010dil kor\u010du\u013eova\u0165 a hra\u0165 hokej. Ke\u010f som nesk\u00f4r dostal svoj prv\u00fd ozajstn\u00fd kajak, tak to ma na\u0161tartovalo na ka\u017edodenn\u00e9 tr\u00e9ningy a v zime na \u013eadov\u00fd hokej, ktor\u00fd ma tie\u017e ve\u013emi bavil. \u010casto som ten kajak dal na k\u00e1ri\u010dku, pripojil za bicykel a chodil s n\u00edm jazdi\u0165 na ve\u013ek\u00e9 jazero do Senca. Jazda na kajaku, hokej, bicyklovanie, beh, pr\u00e1ce v z\u00e1hrade a v kukuri\u010dnom poli prispeli k mojej dobrej kond\u00edcii. Hne\u010f ako som na jar v roku 1955 nast\u00fapil na Odborn\u00e9 u\u010dili\u0161te \u010d.17 Semily, ma zaradili do kanoistick\u00e9ho a hokejov\u00e9ho dru\u017estva TJ Pracovn\u00e9 z\u00e1lohy Semily. Tu som sa po technickej str\u00e1nke zdokona\u013eoval. Vo zvy\u0161ovan\u00ed mojej techniky jazdy a \u0161portovej v\u00fdkonnosti mi e\u0161te v ten ist\u00fd rok ve\u013emi pomohol najm\u00e4 tr\u00e9ner J\u00e1n \u0160ulc na jarnom t\u00fd\u017ed\u0148ovom s\u00fastreden\u00ed mlad\u00fdch slalom\u00e1rov z Liberca, Jablonca, \u017delezn\u00e9ho Brodu a Sem\u00edl, ktor\u00e9 sa uskuto\u010dnilo v Sp\u00e1love. U\u017e ako dorastenec kanoistick\u00e9ho oddielu TJ PZ Semily som v rokoch 1955 &#8211; 1957 vyhr\u00e1val slalomov\u00e9 preteky dorastencov v kajaku F1: Semily, Jablonec nad Nisou, \u010cesk\u00e1 L\u00edpa, \u017delezn\u00fd Brod a \u010fal\u0161ie&#8221;.<br \/>\n<b>Ako pokra\u010doval Tvoj \u0161portov\u00fd rast po \u0161t\u00fadiu na Odbornom u\u010dili\u0161ti \u010d.17 Semily?<\/b><br \/>\nPo n\u00e1vrate do Bratislavy som sa najprv pretekal za Dynamo Energia Bratislava. Dlhoro\u010dn\u00fd sekret\u00e1r Slovensk\u00e9ho zv\u00e4zu kanoistiky p\u00e1n Anton Da\u0161tinsk\u00fd mal ve\u013ek\u00fd podiel na tom, \u017ee v roku 1958 vzniklo na Slovensku Arm\u00e1dne \u0161portov\u00e9 dru\u017estvo Dukla Sere\u010f. A tak som tam mohol ako \u0161portovec nast\u00fapi\u0165 na z\u00e1kladn\u00fa vojensk\u00fa slu\u017ebu. On sa pri\u010dinil aj o k\u00fapu 4 ks na t\u00fa dobu kvalitn\u00fdch skladac\u00edch slalomov\u00fdch kajakov Pauch z NDR. V prvom roku existencie Dukly boli do nej zaraden\u00ed \u010desk\u00ed a slovensk\u00ed vojaci &#8211; dobr\u00ed pretek\u00e1ri, aj reprezentanti: \u010cern\u00fd, Kn\u00fd, Obuch, Pichl, Posp\u00edchal, Stach, S\u00fdkora, Toman, Valenta. N\u00e1\u0161 vojensk\u00fd oddiel po \u0161portovej str\u00e1nke fungoval pod starostlivos\u0165ou nadpor. Rene\u0161a. Pri V\u00e1hu sme mali dreven\u00fa lodenicu, ktor\u00fa ob\u010das vytopila povode\u0148 (vi\u010f obr\u00e1zky a karikat\u00faru). E\u0161te ako mlad\u00fd slalom\u00e1ri z Dukly Sere\u010f som hne\u010f v prv\u00fd rok vojen\u010diny dosahoval dobr\u00e9 v\u00fdsledky na pretekoch: Majstr. \u010cSR pod hydroelektr\u00e1r\u0148ou na Labe v Jarom\u011b\u0159i, Medzin\u00e1rodn\u00fd slalom na Labe v \u0160pindlerovom Mlyne at\u010f. To v\u010faka m\u00f4jmu zanieteniu a pr\u00edstupu k tr\u00e9ningom. Spom\u00ednam si na niektor\u00e9 v\u00fdsledky: Majstr. SR na V\u00e1hu pri Podturni v r. 1958 v kat. C1 &#8211; 1. miesto, C2 &#8211; 1. miesto (Obuch &#8211; S\u00fdkora), 3xF1 &#8211; 1. miesto (Obuch &#8211; S\u00fdkora &#8211; P\u00e1lka), tie\u017e \u00faspech na MPS v \u010cervenom kl\u00e1\u0161tore v kat. C2 (Obuch &#8211; S\u00fdkora). Darilo sa mi aj v rokoch 1959 a 1960: Majstrovstv\u00e1 \u010cSR 1959, \u017dilinsk\u00fd slalom v kat. 3xF1 mu\u017ei (Obuch &#8211; Toman &#8211; \u010cern\u00fd), v C2 (Obuch &#8211; S\u00fdkora), slalomov\u00e9 preteky v Banskej Bystrici (vi\u010f fotografie), tie\u017e Majstrovstv\u00e1 \u010cSR\u00b41960 Bechyn\u011b, Majstrovstv\u00e1 SR Zvolen, Tatransk\u00fd slalom, at\u010f.<br \/>\n<b>Ak\u00fd syst\u00e9m \u0161portovej pr\u00edpravy si mal zaveden\u00fd?<\/b><br \/>\nPl\u00e1n tr\u00e9ningovej \u010dinnosti a \u00fa\u010dasti na pretekoch som mal rozdelen\u00fd pod\u013ea obdob\u00ed: 1. neskor\u00e1 jese\u0148 + zima (okt\u00f3ber &#8211; marec), 2. jar (apr\u00edl &#8211; j\u00fan), 3. leto (j\u00fal &#8211; september). Ale, aj ke\u010f pl\u00e1n \u0161portovej pr\u00edpravy napr\u00edklad na obdobie &#8220;leto&#8221; (j\u00fal &#8211; september) som mal zostaven\u00fd, v\u017edy som jeho obsahov\u00fa n\u00e1pl\u0148 vysoko prevy\u0161oval. Rozvrh tr\u00e9ningov v t\u00fd\u017edni: a) jazda na vode &#8211; r\u00e1no 3x t\u00fd\u017edenne, &#8211; poobede 5x t\u00fd\u017edenne (z toho 3x na techniku <a id=\"m_-3787955760027048986m_4518022801013157877m_5115788178874151813m_1245421226961861557m_-5782219520601533076m_8015936320603228606m_-556286388567008709m_4946821856572865478m_2776442811147708205plusReplyChip-0\"><\/a>+\u00a0r\u00fdchlos\u0165 a 2x na vytrvalos\u0165), b) beh 2x t\u00fd\u017edenne, c) pl\u00e1vanie 1x t\u00fd\u017edenne, d) piatok odchod na preteky (ak neboli preteky tak v piatok 1 tr\u00e9ning na vode, v sobotu a v nede\u013eu vo\u013en\u00e1 jazda alebo t\u00fara)<br \/>\n\u00da\u010das\u0165 na pretekoch v obdob\u00ed:<b>\u00a0<\/b>10.7.1960 Medzin\u00e1rodn\u00fd Pieninsk\u00fd slalom, \u010cerven\u00fd Kl\u00e1\u0161tor, 31.7.1960 Tatransk\u00fd slalom, 6.-7.7.60\u00a0 Majstr. \u010cSR slalom, Bechyn\u011b, 21.8.1960 Majstr. SR, Zvolen, 28.8.1960 Preteky slalom, Bansk\u00e1 Bystrica, 3.-4.9.60 &#8211; VI. hlavn\u00fd z\u00e1vod slalom, 11.9.1960 &#8211; Veltr\u017en\u00fd slalom, Brno, 17.-18.9.60 &#8211; Majstr. \u010cSR zjazd, Karlove Vary, 2.10.1960 Dunajsk\u00fd slalom, Bratislava.<br \/>\n<b>\u010co nasledovalo po ukon\u010den\u00ed Tvojej \u010dinnosti v Dukla Sere\u010f a \u010do rob\u00ed\u0161 teraz?<\/b><br \/>\nKe\u010f minister obrany gener\u00e1l Lomsk\u00fd zaviedol reorganiz\u00e1ciu v arm\u00e1dnom \u0161porte, do\u0161lo k centraliz\u00e1cii Arm\u00e1dnych \u0161portov\u00fdch dru\u017estiev aj v kanoistike. V roku 1960 pod veden\u00edm MUDr. Jaroslava P\u0159ibyla vzniklo Arm\u00e1dne \u0161portov\u00e9 dru\u017estvo Dukla Bechyn\u011b s drevenou lodenicou na brehu rieky Lu\u017enica a slalomovou tra\u0165ou pod bechy\u0148sk\u00fdm mostom. Ubytovanie vojakov &#8211; pretek\u00e1rov bolo zabezpe\u010den\u00e9 v objekte vojensk\u00e9ho letiska. V roku 1961 sa aj vojaci &#8211; vod\u00e1ci zo Serede premiestnili\u00a0 do Bechyn\u011b, \u010do u\u017e je in\u00fd pr\u00edbeh. To, ale sp\u00f4sobilo z\u00e1nik ASD Dukla Sere\u010f a t\u00fdm aj \u010dinnos\u0165 vojenskej lodenice na brehu V\u00e1hu. Po skon\u010den\u00ed vojen\u010diny som sa ist\u00fd \u010das pretekal op\u00e4\u0165 za Dynamo Energia Bratislava, potom za \u010cH Bratislava. Nesk\u00f4r som prest\u00fapil do TJ Sl\u00e1via UK Bratislava, ale to u\u017e ako tr\u00e9ner ml\u00e1de\u017ee a rozhodca. No a potom som dlh\u00e9 roky funkcion\u00e1r\u010dil v kanoistickom zv\u00e4ze, aj ako podpredseda zv\u00e4zu a tie\u017e ako jeho predseda. Na oceneniach si nepotrp\u00edm, ale pote\u0161ilo ma, ke\u010f som za moju dlhoro\u010dn\u00fa pr\u00e1cu pre rozvoj kanoistiky na Slovensku v roku 2013 dostal Plaketu SOV. Tie\u017e mi urobilo rados\u0165, ke\u010f mi pri pr\u00edle\u017eitosti m\u00f4jho \u017eivotn\u00e9ho jubilea 85 rokov, ako predsedovi n\u00e1\u0161ho zv\u00e4zu za b\u00fdval\u00e9ho \u010ceskoslovenska odovzdali plaketu SDV SK. Aby som to moje rozpr\u00e1vanie ukon\u010dil, u\u017e iba to\u013eko, \u017ee nakoniec som zakotvil v Bratislavskom klube vodn\u00e9ho slalomu a zjazdu. A \u017ee \u010do rob\u00edm teraz? Na dome a okolo neho je v\u017edy \u010do robi\u0165. Okrem toho, v debni\u010dke m\u00e1m albumy s fotografiami zo \u0161portovej \u010dinnosti, ktor\u00e9 si ob\u010das prezer\u00e1m a ktor\u00e9 mi pripom\u00ednaj\u00fa \u010dasy z detstva, zo s\u00fastreden\u00ed,\u00a0 z pretekov, z pr\u00e1ce na zv\u00e4ze a v oddieloch.<br \/>\n<b>Du\u0161an, aj v mene priaznivcov na\u0161ej str\u00e1nky Ti \u010fakujem za rozhovor a udr\u017euj sa v zdrav\u00ed!<\/b><br \/>\nPr\u00edspevok pripravil Vojto Poto\u010dn\u00fd &#8211; Klub dunajsk\u00fdch vod\u00e1kov Sl\u00e1via UK Bratislava<\/p>\n<style>\/*! elementor - v3.13.2 - 11-05-2023 *\/<br \/>.elementor-widget-image{text-align:center}.elementor-widget-image a{display:inline-block}.elementor-widget-image a img[src$=\".svg\"]{width:48px}.elementor-widget-image img{vertical-align:middle;display:inline-block}<\/style>\n<p><img loading=\"lazy\" decoding=\"async\" src=\"http:\/\/hronvodackymaraton.sk\/wp-content\/uploads\/2024\/01\/Obuch_4-745x1024.jpg\" sizes=\"auto, (max-width: 640px) 100vw, 640px\" srcset=\"https:\/\/hronvodackymaraton.sk\/wp-content\/uploads\/2024\/01\/Obuch_4-745x1024.jpg 745w, https:\/\/hronvodackymaraton.sk\/wp-content\/uploads\/2024\/01\/Obuch_4-218x300.jpg 218w, https:\/\/hronvodackymaraton.sk\/wp-content\/uploads\/2024\/01\/Obuch_4-768x1056.jpg 768w, https:\/\/hronvodackymaraton.sk\/wp-content\/uploads\/2024\/01\/Obuch_4-1117x1536.jpg 1117w, https:\/\/hronvodackymaraton.sk\/wp-content\/uploads\/2024\/01\/Obuch_4-1489x2048.jpg 1489w, https:\/\/hronvodackymaraton.sk\/wp-content\/uploads\/2024\/01\/Obuch_4-scaled.jpg 1861w\" alt=\"\" width=\"640\" height=\"880\" \/><br \/>\n<img loading=\"lazy\" decoding=\"async\" src=\"http:\/\/hronvodackymaraton.sk\/wp-content\/uploads\/2024\/01\/Obuch_2-745x1024.jpg\" sizes=\"auto, (max-width: 640px) 100vw, 640px\" srcset=\"https:\/\/hronvodackymaraton.sk\/wp-content\/uploads\/2024\/01\/Obuch_2-745x1024.jpg 745w, https:\/\/hronvodackymaraton.sk\/wp-content\/uploads\/2024\/01\/Obuch_2-218x300.jpg 218w, https:\/\/hronvodackymaraton.sk\/wp-content\/uploads\/2024\/01\/Obuch_2-768x1056.jpg 768w, https:\/\/hronvodackymaraton.sk\/wp-content\/uploads\/2024\/01\/Obuch_2-1117x1536.jpg 1117w, https:\/\/hronvodackymaraton.sk\/wp-content\/uploads\/2024\/01\/Obuch_2-1489x2048.jpg 1489w, https:\/\/hronvodackymaraton.sk\/wp-content\/uploads\/2024\/01\/Obuch_2-scaled.jpg 1861w\" alt=\"\" width=\"640\" height=\"880\" \/><br \/>\n<img loading=\"lazy\" decoding=\"async\" src=\"http:\/\/hronvodackymaraton.sk\/wp-content\/uploads\/2024\/01\/Obuch_5-745x1024.jpg\" sizes=\"auto, (max-width: 640px) 100vw, 640px\" srcset=\"https:\/\/hronvodackymaraton.sk\/wp-content\/uploads\/2024\/01\/Obuch_5-745x1024.jpg 745w, https:\/\/hronvodackymaraton.sk\/wp-content\/uploads\/2024\/01\/Obuch_5-218x300.jpg 218w, https:\/\/hronvodackymaraton.sk\/wp-content\/uploads\/2024\/01\/Obuch_5-768x1056.jpg 768w, https:\/\/hronvodackymaraton.sk\/wp-content\/uploads\/2024\/01\/Obuch_5-1117x1536.jpg 1117w, https:\/\/hronvodackymaraton.sk\/wp-content\/uploads\/2024\/01\/Obuch_5-1489x2048.jpg 1489w, https:\/\/hronvodackymaraton.sk\/wp-content\/uploads\/2024\/01\/Obuch_5-scaled.jpg 1861w\" alt=\"\" width=\"640\" height=\"880\" \/><br \/>\n<img loading=\"lazy\" decoding=\"async\" src=\"http:\/\/hronvodackymaraton.sk\/wp-content\/uploads\/2024\/01\/Obuch_3-745x1024.jpg\" sizes=\"auto, (max-width: 640px) 100vw, 640px\" srcset=\"https:\/\/hronvodackymaraton.sk\/wp-content\/uploads\/2024\/01\/Obuch_3-745x1024.jpg 745w, https:\/\/hronvodackymaraton.sk\/wp-content\/uploads\/2024\/01\/Obuch_3-218x300.jpg 218w, https:\/\/hronvodackymaraton.sk\/wp-content\/uploads\/2024\/01\/Obuch_3-768x1056.jpg 768w, https:\/\/hronvodackymaraton.sk\/wp-content\/uploads\/2024\/01\/Obuch_3-1117x1536.jpg 1117w, https:\/\/hronvodackymaraton.sk\/wp-content\/uploads\/2024\/01\/Obuch_3-1489x2048.jpg 1489w, https:\/\/hronvodackymaraton.sk\/wp-content\/uploads\/2024\/01\/Obuch_3-scaled.jpg 1861w\" alt=\"\" width=\"640\" height=\"880\" \/><br \/>\n<img loading=\"lazy\" decoding=\"async\" src=\"http:\/\/hronvodackymaraton.sk\/wp-content\/uploads\/2024\/01\/Obuch_6-745x1024.jpg\" sizes=\"auto, (max-width: 640px) 100vw, 640px\" srcset=\"https:\/\/hronvodackymaraton.sk\/wp-content\/uploads\/2024\/01\/Obuch_6-745x1024.jpg 745w, https:\/\/hronvodackymaraton.sk\/wp-content\/uploads\/2024\/01\/Obuch_6-218x300.jpg 218w, https:\/\/hronvodackymaraton.sk\/wp-content\/uploads\/2024\/01\/Obuch_6-768x1056.jpg 768w, https:\/\/hronvodackymaraton.sk\/wp-content\/uploads\/2024\/01\/Obuch_6-1117x1536.jpg 1117w, https:\/\/hronvodackymaraton.sk\/wp-content\/uploads\/2024\/01\/Obuch_6-1489x2048.jpg 1489w, https:\/\/hronvodackymaraton.sk\/wp-content\/uploads\/2024\/01\/Obuch_6-scaled.jpg 1861w\" alt=\"\" width=\"640\" height=\"880\" \/><\/p>\n","protected":false},"excerpt":{"rendered":"<p>Mil\u00ed \u010ditatelia, rok 2023 sa mal u n\u00e1s nies\u0165 v znamen\u00ed 100. v\u00fdro\u010dia organizovanej kanoistiky na Slovensku. O\u010dak\u00e1val som, \u017ee sa pri tejto pr\u00edle\u017eitosti&#8230;<\/p>\n","protected":false},"author":3,"featured_media":605,"comment_status":"closed","ping_status":"open","sticky":false,"template":"","format":"standard","meta":{"_eb_attr":"","_mi_skip_tracking":false,"footnotes":""},"categories":[1],"tags":[],"class_list":["post-590","post","type-post","status-publish","format-standard","has-post-thumbnail","hentry","category-nezaradene"],"yoast_head":"<!-- This site is optimized with the Yoast SEO plugin v21.0 - https:\/\/yoast.com\/wordpress\/plugins\/seo\/ -->\n<title>DU\u0160AN OBUCH - 85, vod\u00e1k telom i du\u0161ou na spr\u00e1vnom mieste - hronmaraton.sk<\/title>\n<meta name=\"robots\" content=\"index, follow, max-snippet:-1, max-image-preview:large, max-video-preview:-1\" \/>\n<link rel=\"canonical\" href=\"https:\/\/hronvodackymaraton.sk\/dusan-obuch-85-vodak-telom-i-dusou-na-spravnom-mieste\/\" \/>\n<meta property=\"og:locale\" content=\"sk_SK\" \/>\n<meta property=\"og:type\" content=\"article\" \/>\n<meta property=\"og:title\" content=\"DU\u0160AN OBUCH - 85, vod\u00e1k telom i du\u0161ou na spr\u00e1vnom mieste - hronmaraton.sk\" \/>\n<meta property=\"og:description\" content=\"Mil\u00ed \u010ditatelia, rok 2023 sa mal u n\u00e1s nies\u0165 v znamen\u00ed 100. v\u00fdro\u010dia organizovanej kanoistiky na Slovensku. O\u010dak\u00e1val som, \u017ee sa pri tejto pr\u00edle\u017eitosti...\" \/>\n<meta property=\"og:url\" content=\"https:\/\/hronvodackymaraton.sk\/dusan-obuch-85-vodak-telom-i-dusou-na-spravnom-mieste\/\" \/>\n<meta property=\"og:site_name\" content=\"hronmaraton.sk\" \/>\n<meta property=\"article:published_time\" content=\"2024-01-25T13:27:28+00:00\" \/>\n<meta property=\"article:modified_time\" content=\"2024-01-25T13:39:34+00:00\" \/>\n<meta property=\"og:image\" content=\"https:\/\/hronvodackymaraton.sk\/wp-content\/uploads\/2024\/01\/Obuch_6_Orez-1-1.jpg\" \/>\n\t<meta property=\"og:image:width\" content=\"2152\" \/>\n\t<meta property=\"og:image:height\" content=\"734\" \/>\n\t<meta property=\"og:image:type\" content=\"image\/jpeg\" \/>\n<meta name=\"author\" content=\"Snowski61\" \/>\n<meta name=\"twitter:card\" content=\"summary_large_image\" \/>\n<meta name=\"twitter:label1\" content=\"Autor\" \/>\n\t<meta name=\"twitter:data1\" content=\"Snowski61\" \/>\n\t<meta name=\"twitter:label2\" content=\"Predpokladan\u00fd \u010das \u010d\u00edtania\" \/>\n\t<meta name=\"twitter:data2\" content=\"8 min\u00fat\" \/>\n<script type=\"application\/ld+json\" class=\"yoast-schema-graph\">{\"@context\":\"https:\/\/schema.org\",\"@graph\":[{\"@type\":\"WebPage\",\"@id\":\"https:\/\/hronvodackymaraton.sk\/dusan-obuch-85-vodak-telom-i-dusou-na-spravnom-mieste\/\",\"url\":\"https:\/\/hronvodackymaraton.sk\/dusan-obuch-85-vodak-telom-i-dusou-na-spravnom-mieste\/\",\"name\":\"DU\u0160AN OBUCH - 85, vod\u00e1k telom i du\u0161ou na spr\u00e1vnom mieste - hronmaraton.sk\",\"isPartOf\":{\"@id\":\"https:\/\/hronvodackymaraton.sk\/#website\"},\"datePublished\":\"2024-01-25T13:27:28+00:00\",\"dateModified\":\"2024-01-25T13:39:34+00:00\",\"author\":{\"@id\":\"https:\/\/hronvodackymaraton.sk\/#\/schema\/person\/c03a472907933352b2f30940e40b0f54\"},\"breadcrumb\":{\"@id\":\"https:\/\/hronvodackymaraton.sk\/dusan-obuch-85-vodak-telom-i-dusou-na-spravnom-mieste\/#breadcrumb\"},\"inLanguage\":\"sk-SK\",\"potentialAction\":[{\"@type\":\"ReadAction\",\"target\":[\"https:\/\/hronvodackymaraton.sk\/dusan-obuch-85-vodak-telom-i-dusou-na-spravnom-mieste\/\"]}]},{\"@type\":\"BreadcrumbList\",\"@id\":\"https:\/\/hronvodackymaraton.sk\/dusan-obuch-85-vodak-telom-i-dusou-na-spravnom-mieste\/#breadcrumb\",\"itemListElement\":[{\"@type\":\"ListItem\",\"position\":1,\"name\":\"Home\",\"item\":\"https:\/\/hronvodackymaraton.sk\/\"},{\"@type\":\"ListItem\",\"position\":2,\"name\":\"DU\u0160AN OBUCH &#8211; 85, vod\u00e1k telom i du\u0161ou na spr\u00e1vnom mieste\"}]},{\"@type\":\"WebSite\",\"@id\":\"https:\/\/hronvodackymaraton.sk\/#website\",\"url\":\"https:\/\/hronvodackymaraton.sk\/\",\"name\":\"hronmaraton.sk\",\"description\":\"O cenu olympionika Mari\u00e1na Havl\u00ed\u010dka\",\"potentialAction\":[{\"@type\":\"SearchAction\",\"target\":{\"@type\":\"EntryPoint\",\"urlTemplate\":\"https:\/\/hronvodackymaraton.sk\/?s={search_term_string}\"},\"query-input\":\"required name=search_term_string\"}],\"inLanguage\":\"sk-SK\"},{\"@type\":\"Person\",\"@id\":\"https:\/\/hronvodackymaraton.sk\/#\/schema\/person\/c03a472907933352b2f30940e40b0f54\",\"name\":\"Snowski61\",\"url\":\"https:\/\/d.r4.wbsprt.com\/hronvodackymaraton.sk\/author\/snowski61\/\"}]}<\/script>\n<!-- \/ Yoast SEO plugin. -->","yoast_head_json":{"title":"DU\u0160AN OBUCH - 85, vod\u00e1k telom i du\u0161ou na spr\u00e1vnom mieste - hronmaraton.sk","robots":{"index":"index","follow":"follow","max-snippet":"max-snippet:-1","max-image-preview":"max-image-preview:large","max-video-preview":"max-video-preview:-1"},"canonical":"https:\/\/hronvodackymaraton.sk\/dusan-obuch-85-vodak-telom-i-dusou-na-spravnom-mieste\/","og_locale":"sk_SK","og_type":"article","og_title":"DU\u0160AN OBUCH - 85, vod\u00e1k telom i du\u0161ou na spr\u00e1vnom mieste - hronmaraton.sk","og_description":"Mil\u00ed \u010ditatelia, rok 2023 sa mal u n\u00e1s nies\u0165 v znamen\u00ed 100. v\u00fdro\u010dia organizovanej kanoistiky na Slovensku. O\u010dak\u00e1val som, \u017ee sa pri tejto pr\u00edle\u017eitosti...","og_url":"https:\/\/hronvodackymaraton.sk\/dusan-obuch-85-vodak-telom-i-dusou-na-spravnom-mieste\/","og_site_name":"hronmaraton.sk","article_published_time":"2024-01-25T13:27:28+00:00","article_modified_time":"2024-01-25T13:39:34+00:00","og_image":[{"width":2152,"height":734,"url":"https:\/\/hronvodackymaraton.sk\/wp-content\/uploads\/2024\/01\/Obuch_6_Orez-1-1.jpg","type":"image\/jpeg"}],"author":"Snowski61","twitter_card":"summary_large_image","twitter_misc":{"Autor":"Snowski61","Predpokladan\u00fd \u010das \u010d\u00edtania":"8 min\u00fat"},"schema":{"@context":"https:\/\/schema.org","@graph":[{"@type":"WebPage","@id":"https:\/\/hronvodackymaraton.sk\/dusan-obuch-85-vodak-telom-i-dusou-na-spravnom-mieste\/","url":"https:\/\/hronvodackymaraton.sk\/dusan-obuch-85-vodak-telom-i-dusou-na-spravnom-mieste\/","name":"DU\u0160AN OBUCH - 85, vod\u00e1k telom i du\u0161ou na spr\u00e1vnom mieste - hronmaraton.sk","isPartOf":{"@id":"https:\/\/hronvodackymaraton.sk\/#website"},"datePublished":"2024-01-25T13:27:28+00:00","dateModified":"2024-01-25T13:39:34+00:00","author":{"@id":"https:\/\/hronvodackymaraton.sk\/#\/schema\/person\/c03a472907933352b2f30940e40b0f54"},"breadcrumb":{"@id":"https:\/\/hronvodackymaraton.sk\/dusan-obuch-85-vodak-telom-i-dusou-na-spravnom-mieste\/#breadcrumb"},"inLanguage":"sk-SK","potentialAction":[{"@type":"ReadAction","target":["https:\/\/hronvodackymaraton.sk\/dusan-obuch-85-vodak-telom-i-dusou-na-spravnom-mieste\/"]}]},{"@type":"BreadcrumbList","@id":"https:\/\/hronvodackymaraton.sk\/dusan-obuch-85-vodak-telom-i-dusou-na-spravnom-mieste\/#breadcrumb","itemListElement":[{"@type":"ListItem","position":1,"name":"Home","item":"https:\/\/hronvodackymaraton.sk\/"},{"@type":"ListItem","position":2,"name":"DU\u0160AN OBUCH &#8211; 85, vod\u00e1k telom i du\u0161ou na spr\u00e1vnom mieste"}]},{"@type":"WebSite","@id":"https:\/\/hronvodackymaraton.sk\/#website","url":"https:\/\/hronvodackymaraton.sk\/","name":"hronmaraton.sk","description":"O cenu olympionika Mari\u00e1na Havl\u00ed\u010dka","potentialAction":[{"@type":"SearchAction","target":{"@type":"EntryPoint","urlTemplate":"https:\/\/hronvodackymaraton.sk\/?s={search_term_string}"},"query-input":"required name=search_term_string"}],"inLanguage":"sk-SK"},{"@type":"Person","@id":"https:\/\/hronvodackymaraton.sk\/#\/schema\/person\/c03a472907933352b2f30940e40b0f54","name":"Snowski61","url":"https:\/\/d.r4.wbsprt.com\/hronvodackymaraton.sk\/author\/snowski61\/"}]}},"_links":{"self":[{"href":"https:\/\/d.r4.wbsprt.com\/hronvodackymaraton.sk\/wp-json\/wp\/v2\/posts\/590","targetHints":{"allow":["GET"]}}],"collection":[{"href":"https:\/\/d.r4.wbsprt.com\/hronvodackymaraton.sk\/wp-json\/wp\/v2\/posts"}],"about":[{"href":"https:\/\/d.r4.wbsprt.com\/hronvodackymaraton.sk\/wp-json\/wp\/v2\/types\/post"}],"author":[{"embeddable":true,"href":"https:\/\/d.r4.wbsprt.com\/hronvodackymaraton.sk\/wp-json\/wp\/v2\/users\/3"}],"replies":[{"embeddable":true,"href":"https:\/\/d.r4.wbsprt.com\/hronvodackymaraton.sk\/wp-json\/wp\/v2\/comments?post=590"}],"version-history":[{"count":6,"href":"https:\/\/d.r4.wbsprt.com\/hronvodackymaraton.sk\/wp-json\/wp\/v2\/posts\/590\/revisions"}],"predecessor-version":[{"id":606,"href":"https:\/\/d.r4.wbsprt.com\/hronvodackymaraton.sk\/wp-json\/wp\/v2\/posts\/590\/revisions\/606"}],"wp:featuredmedia":[{"embeddable":true,"href":"https:\/\/d.r4.wbsprt.com\/hronvodackymaraton.sk\/wp-json\/wp\/v2\/media\/605"}],"wp:attachment":[{"href":"https:\/\/d.r4.wbsprt.com\/hronvodackymaraton.sk\/wp-json\/wp\/v2\/media?parent=590"}],"wp:term":[{"taxonomy":"category","embeddable":true,"href":"https:\/\/d.r4.wbsprt.com\/hronvodackymaraton.sk\/wp-json\/wp\/v2\/categories?post=590"},{"taxonomy":"post_tag","embeddable":true,"href":"https:\/\/d.r4.wbsprt.com\/hronvodackymaraton.sk\/wp-json\/wp\/v2\/tags?post=590"}],"curies":[{"name":"wp","href":"https:\/\/api.w.org\/{rel}","templated":true}]}}