{"id":608,"date":"2024-02-05T20:37:03","date_gmt":"2024-02-05T19:37:03","guid":{"rendered":"https:\/\/hronvodackymaraton.sk\/?p=608"},"modified":"2024-02-05T21:05:49","modified_gmt":"2024-02-05T20:05:49","slug":"pomozme-ozivit-sutaznu-kanoistiku-v-ziari-nad-hronom","status":"publish","type":"post","link":"https:\/\/d.r4.wbsprt.com\/hronvodackymaraton.sk\/pomozme-ozivit-sutaznu-kanoistiku-v-ziari-nad-hronom\/","title":{"rendered":"Pom\u00f4\u017eme o\u017eivi\u0165 s\u00fa\u0165a\u017en\u00fa kanoistiku v \u017diari nad Hronom"},"content":{"rendered":"<p>Mil\u00ed \u010ditatelia,<br \/>\nv \u00favode janu\u00e1rov\u00e9ho rozhovoru s Du\u0161anom Obuchom som sa pozastavil nad t\u00fdm, \u017ee k 100. v\u00fdro\u010diu zalo\u017eenia kanoistky na Slovenku nebola u n\u00e1s vydan\u00e1 \u017eiadna publik\u00e1cia. Ni\u010d nie je straten\u00e9. \u017dilin\u010dania pl\u00e1nuj\u00fa tento rok vyda\u0165 pam\u00e4tnicu s pracovn\u00fdm n\u00e1zvom &#8220;70 rokov kanoistiky v \u017diline&#8221;. Ur\u010dite aj v in\u00fdch pririe\u010dnych mest\u00e1ch a obciach: Ko\u0161ice, Pre\u0161ov, \u010cerven\u00fd Kl\u00e1\u0161tor, Liptovsk\u00fd Mikul\u00e1\u0161, Doln\u00fd Kub\u00edn, Zvolen, Bratislava, maj\u00fa kluby svoju hist\u00f3riu kanoistiky. Ak sa bud\u00fa ochotn\u00e9 po dohode s V\u00fdkonn\u00fdm v\u00fdborom SDV SK podie\u013ea\u0165 na vydan\u00ed takejto celoslovenskej publik\u00e1cie o hist\u00f3rii kanoistiky na divok\u00fdch vod\u00e1ch, tak by sa bez probl\u00e9mov dala zostavi\u0165. Samozrejme kv\u00f4li \u00faplnosti treba zmapova\u0165 \u010dinnos\u0165 aj v t\u00fdch lokalit\u00e1ch, kde u\u017e pretek\u00e1rska \u010dinnos\u0165 v kanoistike a v objektoch loden\u00edc zanikla. Nechceme, aby sa zabudlo na na\u0161e osobnosti kanoistiky, preto si ich na na\u0161ej str\u00e1nke pripom\u00edname a tie\u017e p\u00e1trame najm\u00e4 po t\u00fdch lodeniciach, v ktor\u00fdch kanoistika kedysi &#8220;\u017eila&#8221;.<\/p>\n<p>Tentoraz sme sa rozhodli pre d\u00e1vnu bohat\u00fa kanoistick\u00fa \u010dinnos\u0165 v \u017diari n.\/Hronom. Narazil som v\u0161ak na tot\u00e1lny nedostatok inform\u00e1ci\u00ed. Prel\u00faskal som cel\u00fa 362 stranov\u00fa Obecn\u00fa kroniku \u017diar nad Hronom, ale iba pri roku 1954 som objavil jednu jedin\u00fa vetu a to, \u017ee &#8220;D\u0160O Ban\u00edk pri Z\u00e1vode SNP \u017diar nad Hronom m\u00e1 aj kanoistick\u00fd oddiel&#8221;. U\u017e v tom roku sa v kronike uv\u00e1dza n\u00e1zov mesta &#8220;\u017diar nad Hronom&#8221;, aj ke\u010f vtedy to bol e\u0161te &#8220;Sv\u00e4t\u00fd kr\u00ed\u017e nad Hronom&#8221;. Ako telocvik\u00e1r som si v tom istom roku v kronike v\u0161imol inform\u00e1ciu o zmene takmer 100 rokov trvaj\u00faceho Tyr\u0161ovho hesla &#8220;V zdravom tele, zdrav\u00fd duch!&#8221; na nov\u00e9 &#8220;V zdravom tele robotn\u00edka, pokrokov\u00fd, socialistick\u00fd duch!&#8221;. Poprosil som kamar\u00e1tov o ich spomienky na kanoistiku v meste.<\/p>\n<p>Tu je zop\u00e1r odpoved\u00ed:<b><br \/>\n<\/b><\/p>\n<p><b>Du\u0161an Obuch<\/b> &#8211; kajak\u00e1r a kanoista: Spom\u00ednam si, \u017ee ako vojaci Dukly Sere\u010f, hne\u010f ako sme dostali kalend\u00e1r pretekov, tak aby sme cez nepretekov\u00e9 v\u00edkendy nemuseli v kas\u00e1rni s ostatn\u00fdmi \u017eenistami robi\u0165 raj\u00f3ny, rozcvi\u010dky, n\u00e1stupy, stava\u0165 a rozobera\u0165 pont\u00f3nov\u00e9 mosty a pod., sme si nahl\u00e1sili \u010fal\u0161ie preteky, ktor\u00e9 mus\u00edme absolvova\u0165. V mest\u00e1ch n\u00e1s radi prijali, lebo sme mali siln\u00e9 zlo\u017eenie dru\u017estva, aj reprezentantov. V na\u0161ej vojenskej lodenici bol kompletn\u00fd materi\u00e1l na stavbu slalomovej trate pre \u00fa\u010dely s\u00fastreden\u00ed, ale aj aby sme mohli &#8220;na k\u013e\u00fa\u010d&#8221; pripravi\u0165 preteky. U\u017e vo \u0161tvrtok ve\u010der sme cel\u00e1 partia, ako tak\u00ed ko\u010dovn\u00edci vyrazili do &#8220;sveta&#8221;. Aj so \u017diarom sme sa vopred dohodli, \u017ee postav\u00edme na Hrone tra\u0165 a zorganizujeme preteky. Aj v Pie\u0161\u0165anoch pod kolon\u00e1dov\u00fdm mostom sme pre mno\u017estvo div\u00e1kov pripravili slalomov\u00fa atrakciu. Dostali sme sa aj na slalomov\u00e9 preteky do Hlohovca<\/p>\n<p>E<b>mil Copl\u00e1k<\/b> &#8211; kajak\u00e1r: V za\u010diatkoch pretek\u00e1rskej kanoistiky to \u017diar\u010dania nemali \u013eahk\u00e9, lebo ani lodenica na uskladnenie lod\u00ed neexistovala. R\u00fdchlostn\u00e9 lode si ukladali v starom humne, ktor\u00e9 bolo prenajat\u00e9 od jedn\u00e9ho s\u00fakromn\u00edka a lode na slalom a zjazd sa skladovali v pre\u010derp\u00e1vacej stanici pri Hlinik\u00e1rni.<\/p>\n<p>J<b>aroslav Copl\u00e1k<\/b> &#8211; kajak\u00e1r: Jeho spomienky zverejn\u00edme na str\u00e1nke ako samostatn\u00fd pr\u00edspevok pod n\u00e1zvom: &#8220;Vod\u00e1ci z Hrona a zo \u0161tiavnick\u00fdch tajchov&#8221;.<\/p>\n<p><b>Ivan Brocko<\/b> &#8211; kajak\u00e1r a kanoista: Najv\u00e4\u010d\u0161ie probl\u00e9my sme mali s nedostatkom kvalitn\u00fdch lod\u00ed. Ako vojak som sa dostal do Prahy. Materi\u00e1lne vybavenie sa nedalo s t\u00fdm na\u0161im v \u017diari porovna\u0165. Po n\u00e1vrate z vojen\u010diny som sa e\u0161te ist\u00fd \u010das pretekal, potom som sa o\u017eenil. Emil Copl\u00e1k po r. 1968 zo \u017diaru odi\u0161iel, Koloman Gachall sa pres\u0165ahoval do Prahy, ja som mal dve deti, tak nie div, \u017ee pretek\u00e1rska \u010dinnos\u0165 za\u010dala stagnova\u0165.<\/p>\n<p><b>Koloman Gachall ml.<\/b> &#8211; kajak\u00e1r: Syn Kolomana Gachalla st. &#8211; &#8220;Duca&#8221; mi poskytol otcove dva obrovsk\u00e9 \u0161an\u00f3ny s fotografiami, v\u00fdstri\u017ekami z nov\u00edn a diplomami. Duco st. sa pova\u017euje za jednu z ved\u00facich osobnost\u00ed \u00faspe\u0161nej kanoistiky v \u017diari. Jeho \u017eivotn\u00fd pr\u00edbeh trval 84 rokov (*2.07.1932 , +22.07.2016). Absolvoval Stredn\u00fa priemyseln\u00fa \u0161kolu chemick\u00fa v Banskej \u0160tiavnici. Prioritne sa zameriaval na kanoistiku, z kolekt\u00edvnych \u0161portov na basketbal a futbal. Ako chemik pracoval v Z\u00e1vode SNP \u017diar nad Hronom (p\u00f4vodn\u00fd n\u00e1zov Sv\u00e4t\u00fd kr\u00ed\u017e nad Hronom). Tu za\u010dala aj jeho pretek\u00e1rska \u010dinnos\u0165 a postupne viedol aj lodenicu ZSNP. \u00daspe\u0161ne sa pretekal v kanoistike na divok\u00fdch vod\u00e1ch, aj v r\u00fdchlostnej kanoistike. V roku 1969 sa ods\u0165ahoval do Prahy. Udr\u017eiaval \u00fazke vz\u00e1jomn\u00e9 kontakty s \u010deskoslovenskou, aj s ma\u010farskou reprezent\u00e1ciou. Stal sa uzn\u00e1van\u00fdm odborn\u00edkom v oblasti \u0161portovej diplomacie medzi ma\u010farsk\u00fdmi a \u010deskoslovensk\u00fdmi org\u00e1nmi kanoistiky, za \u010do dostal aj nieko\u013eko ocenen\u00ed.<\/p>\n<p><b>Duco st.<\/b> by n\u00e1m vedel ve\u013ea poveda\u0165 o b\u00fdvalej kanoistike v \u017diari, no \u017eia\u013e u\u017e 6 rokov nie je medzi nami. Ale sme mu v\u010fa\u010dn\u00ed za tie albumy, ktor\u00e9 si zakladal. Tie\u017e \u010fakujeme kamar\u00e1tom, vod\u00e1kom aj ke\u010f iba za ich \u00fatr\u017ekovit\u00e9 inform\u00e1cie a spomienky. Aj preto d\u00fafame, \u017ee Ducove v\u00fdstri\u017eky z nov\u00edn a fotografie n\u00e1m pom\u00f4\u017eu aspo\u0148 \u010diasto\u010dne dokresli\u0165 hist\u00f3riu kanoistiky v meste. Je dobr\u00e9, \u017ee pri ZSNP \u017diar n.\/Hronom od r. 1982 \u00faspe\u0161ne funguje Klub vod\u00e1ctva a raftingu, ktor\u00fd je registrovan\u00fd pod Zv\u00e4zom vod\u00e1ctva a raftingu SR. V\u0161etko je to o \u013eu\u010foch, ich ochote a nad\u0161en\u00ed. Ja v\u0161ak ver\u00edm, \u017ee sa v \u017diari \u010doskoro n\u00e1jdu aj nad\u0161enci &#8220;r\u00fdchlych p\u00e1diel a lod\u00ed&#8221;, ktor\u00ed sa zaregistruj\u00fa v na\u0161ej organiz\u00e1cii Slovensk\u00e1 kanoistika a v tomto kedysi kanoistickom meste nad Hronom obnovia na\u0161e tradi\u010dn\u00e9 kanoistick\u00e9 discipl\u00edny.<\/p>\n<p>Zdrav\u00ed Vojto Poto\u010dn\u00fd<\/p>\n<p>P.S. Ospravedl\u0148ujeme sa \u010ditate\u013eom za hor\u0161iu kvalitu v\u00fdstri\u017ekov z nov\u00edn a fotografi\u00ed, ktor\u00e9 po to\u013ek\u00fdch rokoch dostali zabra\u0165, ale sme radi, \u017ee sa n\u00e1m aspo\u0148 tak\u00e1 dokument\u00e1cia zachovala.<\/p>\n<p><img loading=\"lazy\" decoding=\"async\" src=\"http:\/\/hronvodackymaraton.sk\/wp-content\/uploads\/2024\/02\/Ziar_1-745x1024.jpg\" sizes=\"auto, (max-width: 640px) 100vw, 640px\" srcset=\"https:\/\/hronvodackymaraton.sk\/wp-content\/uploads\/2024\/02\/Ziar_1-745x1024.jpg 745w, https:\/\/hronvodackymaraton.sk\/wp-content\/uploads\/2024\/02\/Ziar_1-218x300.jpg 218w, https:\/\/hronvodackymaraton.sk\/wp-content\/uploads\/2024\/02\/Ziar_1-768x1056.jpg 768w, https:\/\/hronvodackymaraton.sk\/wp-content\/uploads\/2024\/02\/Ziar_1-1117x1536.jpg 1117w, https:\/\/hronvodackymaraton.sk\/wp-content\/uploads\/2024\/02\/Ziar_1-1489x2048.jpg 1489w, https:\/\/hronvodackymaraton.sk\/wp-content\/uploads\/2024\/02\/Ziar_1-scaled.jpg 1861w\" alt=\"\" width=\"640\" height=\"880\" \/><br \/>\n<img loading=\"lazy\" decoding=\"async\" src=\"http:\/\/hronvodackymaraton.sk\/wp-content\/uploads\/2024\/02\/Ziar_2-745x1024.jpg\" sizes=\"auto, (max-width: 640px) 100vw, 640px\" srcset=\"https:\/\/hronvodackymaraton.sk\/wp-content\/uploads\/2024\/02\/Ziar_2-745x1024.jpg 745w, https:\/\/hronvodackymaraton.sk\/wp-content\/uploads\/2024\/02\/Ziar_2-218x300.jpg 218w, https:\/\/hronvodackymaraton.sk\/wp-content\/uploads\/2024\/02\/Ziar_2-768x1056.jpg 768w, https:\/\/hronvodackymaraton.sk\/wp-content\/uploads\/2024\/02\/Ziar_2-1117x1536.jpg 1117w, https:\/\/hronvodackymaraton.sk\/wp-content\/uploads\/2024\/02\/Ziar_2-1489x2048.jpg 1489w, https:\/\/hronvodackymaraton.sk\/wp-content\/uploads\/2024\/02\/Ziar_2-scaled.jpg 1861w\" alt=\"\" width=\"640\" height=\"880\" \/><br \/>\n<img loading=\"lazy\" decoding=\"async\" src=\"http:\/\/hronvodackymaraton.sk\/wp-content\/uploads\/2024\/02\/Ziar_3-745x1024.jpg\" sizes=\"auto, (max-width: 640px) 100vw, 640px\" srcset=\"https:\/\/hronvodackymaraton.sk\/wp-content\/uploads\/2024\/02\/Ziar_3-745x1024.jpg 745w, https:\/\/hronvodackymaraton.sk\/wp-content\/uploads\/2024\/02\/Ziar_3-218x300.jpg 218w, https:\/\/hronvodackymaraton.sk\/wp-content\/uploads\/2024\/02\/Ziar_3-768x1056.jpg 768w, https:\/\/hronvodackymaraton.sk\/wp-content\/uploads\/2024\/02\/Ziar_3-1117x1536.jpg 1117w, https:\/\/hronvodackymaraton.sk\/wp-content\/uploads\/2024\/02\/Ziar_3-1489x2048.jpg 1489w, https:\/\/hronvodackymaraton.sk\/wp-content\/uploads\/2024\/02\/Ziar_3-scaled.jpg 1861w\" alt=\"\" width=\"640\" height=\"880\" \/><br \/>\n<img loading=\"lazy\" decoding=\"async\" src=\"http:\/\/hronvodackymaraton.sk\/wp-content\/uploads\/2024\/02\/Ziar_4-745x1024.jpg\" sizes=\"auto, (max-width: 640px) 100vw, 640px\" srcset=\"https:\/\/hronvodackymaraton.sk\/wp-content\/uploads\/2024\/02\/Ziar_4-745x1024.jpg 745w, https:\/\/hronvodackymaraton.sk\/wp-content\/uploads\/2024\/02\/Ziar_4-218x300.jpg 218w, https:\/\/hronvodackymaraton.sk\/wp-content\/uploads\/2024\/02\/Ziar_4-768x1056.jpg 768w, https:\/\/hronvodackymaraton.sk\/wp-content\/uploads\/2024\/02\/Ziar_4-1117x1536.jpg 1117w, https:\/\/hronvodackymaraton.sk\/wp-content\/uploads\/2024\/02\/Ziar_4-1489x2048.jpg 1489w, https:\/\/hronvodackymaraton.sk\/wp-content\/uploads\/2024\/02\/Ziar_4-scaled.jpg 1861w\" alt=\"\" width=\"640\" height=\"880\" \/><br \/>\n<img loading=\"lazy\" decoding=\"async\" src=\"http:\/\/hronvodackymaraton.sk\/wp-content\/uploads\/2024\/02\/Ziar_5-745x1024.jpg\" sizes=\"auto, (max-width: 640px) 100vw, 640px\" srcset=\"https:\/\/hronvodackymaraton.sk\/wp-content\/uploads\/2024\/02\/Ziar_5-745x1024.jpg 745w, https:\/\/hronvodackymaraton.sk\/wp-content\/uploads\/2024\/02\/Ziar_5-218x300.jpg 218w, https:\/\/hronvodackymaraton.sk\/wp-content\/uploads\/2024\/02\/Ziar_5-768x1056.jpg 768w, https:\/\/hronvodackymaraton.sk\/wp-content\/uploads\/2024\/02\/Ziar_5-1117x1536.jpg 1117w, https:\/\/hronvodackymaraton.sk\/wp-content\/uploads\/2024\/02\/Ziar_5-1489x2048.jpg 1489w, https:\/\/hronvodackymaraton.sk\/wp-content\/uploads\/2024\/02\/Ziar_5-scaled.jpg 1861w\" alt=\"\" width=\"640\" height=\"880\" \/><br \/>\n<img loading=\"lazy\" decoding=\"async\" src=\"http:\/\/hronvodackymaraton.sk\/wp-content\/uploads\/2024\/02\/Ziar_6-745x1024.jpg\" sizes=\"auto, (max-width: 640px) 100vw, 640px\" srcset=\"https:\/\/hronvodackymaraton.sk\/wp-content\/uploads\/2024\/02\/Ziar_6-745x1024.jpg 745w, https:\/\/hronvodackymaraton.sk\/wp-content\/uploads\/2024\/02\/Ziar_6-218x300.jpg 218w, https:\/\/hronvodackymaraton.sk\/wp-content\/uploads\/2024\/02\/Ziar_6-768x1056.jpg 768w, https:\/\/hronvodackymaraton.sk\/wp-content\/uploads\/2024\/02\/Ziar_6-1117x1536.jpg 1117w, https:\/\/hronvodackymaraton.sk\/wp-content\/uploads\/2024\/02\/Ziar_6-1489x2048.jpg 1489w, https:\/\/hronvodackymaraton.sk\/wp-content\/uploads\/2024\/02\/Ziar_6-scaled.jpg 1861w\" alt=\"\" width=\"640\" height=\"880\" \/><br \/>\n<img loading=\"lazy\" decoding=\"async\" src=\"http:\/\/hronvodackymaraton.sk\/wp-content\/uploads\/2024\/02\/Ziar_7-745x1024.jpg\" sizes=\"auto, (max-width: 640px) 100vw, 640px\" srcset=\"https:\/\/hronvodackymaraton.sk\/wp-content\/uploads\/2024\/02\/Ziar_7-745x1024.jpg 745w, https:\/\/hronvodackymaraton.sk\/wp-content\/uploads\/2024\/02\/Ziar_7-218x300.jpg 218w, https:\/\/hronvodackymaraton.sk\/wp-content\/uploads\/2024\/02\/Ziar_7-768x1056.jpg 768w, https:\/\/hronvodackymaraton.sk\/wp-content\/uploads\/2024\/02\/Ziar_7-1117x1536.jpg 1117w, https:\/\/hronvodackymaraton.sk\/wp-content\/uploads\/2024\/02\/Ziar_7-1489x2048.jpg 1489w, https:\/\/hronvodackymaraton.sk\/wp-content\/uploads\/2024\/02\/Ziar_7-scaled.jpg 1861w\" alt=\"\" width=\"640\" height=\"880\" \/><br \/>\n<img loading=\"lazy\" decoding=\"async\" src=\"http:\/\/hronvodackymaraton.sk\/wp-content\/uploads\/2024\/02\/Ziar_8-745x1024.jpg\" sizes=\"auto, (max-width: 640px) 100vw, 640px\" srcset=\"https:\/\/hronvodackymaraton.sk\/wp-content\/uploads\/2024\/02\/Ziar_8-745x1024.jpg 745w, https:\/\/hronvodackymaraton.sk\/wp-content\/uploads\/2024\/02\/Ziar_8-218x300.jpg 218w, https:\/\/hronvodackymaraton.sk\/wp-content\/uploads\/2024\/02\/Ziar_8-768x1056.jpg 768w, https:\/\/hronvodackymaraton.sk\/wp-content\/uploads\/2024\/02\/Ziar_8-1117x1536.jpg 1117w, https:\/\/hronvodackymaraton.sk\/wp-content\/uploads\/2024\/02\/Ziar_8-1489x2048.jpg 1489w, https:\/\/hronvodackymaraton.sk\/wp-content\/uploads\/2024\/02\/Ziar_8-scaled.jpg 1861w\" alt=\"\" width=\"640\" height=\"880\" \/><br \/>\n<img loading=\"lazy\" decoding=\"async\" src=\"http:\/\/hronvodackymaraton.sk\/wp-content\/uploads\/2024\/02\/Ziar_9-745x1024.jpg\" sizes=\"auto, (max-width: 640px) 100vw, 640px\" srcset=\"https:\/\/hronvodackymaraton.sk\/wp-content\/uploads\/2024\/02\/Ziar_9-745x1024.jpg 745w, https:\/\/hronvodackymaraton.sk\/wp-content\/uploads\/2024\/02\/Ziar_9-218x300.jpg 218w, https:\/\/hronvodackymaraton.sk\/wp-content\/uploads\/2024\/02\/Ziar_9-768x1056.jpg 768w, https:\/\/hronvodackymaraton.sk\/wp-content\/uploads\/2024\/02\/Ziar_9-1117x1536.jpg 1117w, https:\/\/hronvodackymaraton.sk\/wp-content\/uploads\/2024\/02\/Ziar_9-1489x2048.jpg 1489w, https:\/\/hronvodackymaraton.sk\/wp-content\/uploads\/2024\/02\/Ziar_9-scaled.jpg 1861w\" alt=\"\" width=\"640\" height=\"880\" \/><br \/>\n<img loading=\"lazy\" decoding=\"async\" src=\"http:\/\/hronvodackymaraton.sk\/wp-content\/uploads\/2024\/02\/Ziar_10-745x1024.jpg\" sizes=\"auto, (max-width: 640px) 100vw, 640px\" srcset=\"https:\/\/hronvodackymaraton.sk\/wp-content\/uploads\/2024\/02\/Ziar_10-745x1024.jpg 745w, https:\/\/hronvodackymaraton.sk\/wp-content\/uploads\/2024\/02\/Ziar_10-218x300.jpg 218w, https:\/\/hronvodackymaraton.sk\/wp-content\/uploads\/2024\/02\/Ziar_10-768x1056.jpg 768w, https:\/\/hronvodackymaraton.sk\/wp-content\/uploads\/2024\/02\/Ziar_10-1117x1536.jpg 1117w, https:\/\/hronvodackymaraton.sk\/wp-content\/uploads\/2024\/02\/Ziar_10-1489x2048.jpg 1489w, https:\/\/hronvodackymaraton.sk\/wp-content\/uploads\/2024\/02\/Ziar_10-scaled.jpg 1861w\" alt=\"\" width=\"640\" height=\"880\" \/><br \/>\n<img loading=\"lazy\" decoding=\"async\" src=\"http:\/\/hronvodackymaraton.sk\/wp-content\/uploads\/2024\/02\/Ziar_11-745x1024.jpg\" sizes=\"auto, (max-width: 640px) 100vw, 640px\" srcset=\"https:\/\/hronvodackymaraton.sk\/wp-content\/uploads\/2024\/02\/Ziar_11-745x1024.jpg 745w, https:\/\/hronvodackymaraton.sk\/wp-content\/uploads\/2024\/02\/Ziar_11-218x300.jpg 218w, https:\/\/hronvodackymaraton.sk\/wp-content\/uploads\/2024\/02\/Ziar_11-768x1056.jpg 768w, https:\/\/hronvodackymaraton.sk\/wp-content\/uploads\/2024\/02\/Ziar_11-1117x1536.jpg 1117w, https:\/\/hronvodackymaraton.sk\/wp-content\/uploads\/2024\/02\/Ziar_11-1489x2048.jpg 1489w, https:\/\/hronvodackymaraton.sk\/wp-content\/uploads\/2024\/02\/Ziar_11-scaled.jpg 1861w\" alt=\"\" width=\"640\" height=\"880\" \/><br \/>\n<img loading=\"lazy\" decoding=\"async\" src=\"http:\/\/hronvodackymaraton.sk\/wp-content\/uploads\/2024\/02\/Ziar_11a-745x1024.jpg\" sizes=\"auto, (max-width: 640px) 100vw, 640px\" srcset=\"https:\/\/hronvodackymaraton.sk\/wp-content\/uploads\/2024\/02\/Ziar_11a-745x1024.jpg 745w, https:\/\/hronvodackymaraton.sk\/wp-content\/uploads\/2024\/02\/Ziar_11a-218x300.jpg 218w, https:\/\/hronvodackymaraton.sk\/wp-content\/uploads\/2024\/02\/Ziar_11a-768x1056.jpg 768w, https:\/\/hronvodackymaraton.sk\/wp-content\/uploads\/2024\/02\/Ziar_11a-1117x1536.jpg 1117w, https:\/\/hronvodackymaraton.sk\/wp-content\/uploads\/2024\/02\/Ziar_11a-1489x2048.jpg 1489w, https:\/\/hronvodackymaraton.sk\/wp-content\/uploads\/2024\/02\/Ziar_11a-scaled.jpg 1861w\" alt=\"\" width=\"640\" height=\"880\" \/><br \/>\n<img loading=\"lazy\" decoding=\"async\" src=\"http:\/\/hronvodackymaraton.sk\/wp-content\/uploads\/2024\/02\/Ziar_12-745x1024.jpg\" sizes=\"auto, (max-width: 640px) 100vw, 640px\" srcset=\"https:\/\/hronvodackymaraton.sk\/wp-content\/uploads\/2024\/02\/Ziar_12-745x1024.jpg 745w, https:\/\/hronvodackymaraton.sk\/wp-content\/uploads\/2024\/02\/Ziar_12-218x300.jpg 218w, https:\/\/hronvodackymaraton.sk\/wp-content\/uploads\/2024\/02\/Ziar_12-768x1056.jpg 768w, https:\/\/hronvodackymaraton.sk\/wp-content\/uploads\/2024\/02\/Ziar_12-1117x1536.jpg 1117w, https:\/\/hronvodackymaraton.sk\/wp-content\/uploads\/2024\/02\/Ziar_12-1489x2048.jpg 1489w, https:\/\/hronvodackymaraton.sk\/wp-content\/uploads\/2024\/02\/Ziar_12-scaled.jpg 1861w\" alt=\"\" width=\"640\" height=\"880\" \/><br \/>\n<img loading=\"lazy\" decoding=\"async\" src=\"http:\/\/hronvodackymaraton.sk\/wp-content\/uploads\/2024\/02\/Ziar_13-745x1024.jpg\" sizes=\"auto, (max-width: 640px) 100vw, 640px\" srcset=\"https:\/\/hronvodackymaraton.sk\/wp-content\/uploads\/2024\/02\/Ziar_13-745x1024.jpg 745w, https:\/\/hronvodackymaraton.sk\/wp-content\/uploads\/2024\/02\/Ziar_13-218x300.jpg 218w, https:\/\/hronvodackymaraton.sk\/wp-content\/uploads\/2024\/02\/Ziar_13-768x1056.jpg 768w, https:\/\/hronvodackymaraton.sk\/wp-content\/uploads\/2024\/02\/Ziar_13-1117x1536.jpg 1117w, https:\/\/hronvodackymaraton.sk\/wp-content\/uploads\/2024\/02\/Ziar_13-1489x2048.jpg 1489w, https:\/\/hronvodackymaraton.sk\/wp-content\/uploads\/2024\/02\/Ziar_13-scaled.jpg 1861w\" alt=\"\" width=\"640\" height=\"880\" \/><br \/>\n<img loading=\"lazy\" decoding=\"async\" src=\"http:\/\/hronvodackymaraton.sk\/wp-content\/uploads\/2024\/02\/Ziar_14-1-745x1024.jpg\" sizes=\"auto, (max-width: 640px) 100vw, 640px\" srcset=\"https:\/\/hronvodackymaraton.sk\/wp-content\/uploads\/2024\/02\/Ziar_14-1-745x1024.jpg 745w, https:\/\/hronvodackymaraton.sk\/wp-content\/uploads\/2024\/02\/Ziar_14-1-218x300.jpg 218w, https:\/\/hronvodackymaraton.sk\/wp-content\/uploads\/2024\/02\/Ziar_14-1-768x1056.jpg 768w, https:\/\/hronvodackymaraton.sk\/wp-content\/uploads\/2024\/02\/Ziar_14-1-1117x1536.jpg 1117w, https:\/\/hronvodackymaraton.sk\/wp-content\/uploads\/2024\/02\/Ziar_14-1-1489x2048.jpg 1489w, https:\/\/hronvodackymaraton.sk\/wp-content\/uploads\/2024\/02\/Ziar_14-1-scaled.jpg 1861w\" alt=\"\" width=\"640\" height=\"880\" \/><br \/>\n<img loading=\"lazy\" decoding=\"async\" src=\"http:\/\/hronvodackymaraton.sk\/wp-content\/uploads\/2024\/02\/Ziar_15-1-745x1024.jpg\" sizes=\"auto, (max-width: 640px) 100vw, 640px\" srcset=\"https:\/\/hronvodackymaraton.sk\/wp-content\/uploads\/2024\/02\/Ziar_15-1-745x1024.jpg 745w, https:\/\/hronvodackymaraton.sk\/wp-content\/uploads\/2024\/02\/Ziar_15-1-218x300.jpg 218w, https:\/\/hronvodackymaraton.sk\/wp-content\/uploads\/2024\/02\/Ziar_15-1-768x1056.jpg 768w, https:\/\/hronvodackymaraton.sk\/wp-content\/uploads\/2024\/02\/Ziar_15-1-1117x1536.jpg 1117w, https:\/\/hronvodackymaraton.sk\/wp-content\/uploads\/2024\/02\/Ziar_15-1-1489x2048.jpg 1489w, https:\/\/hronvodackymaraton.sk\/wp-content\/uploads\/2024\/02\/Ziar_15-1-scaled.jpg 1861w\" alt=\"\" width=\"640\" height=\"880\" \/><br \/>\n<img loading=\"lazy\" decoding=\"async\" src=\"http:\/\/hronvodackymaraton.sk\/wp-content\/uploads\/2024\/02\/Ziar_16-745x1024.jpg\" sizes=\"auto, (max-width: 640px) 100vw, 640px\" srcset=\"https:\/\/hronvodackymaraton.sk\/wp-content\/uploads\/2024\/02\/Ziar_16-745x1024.jpg 745w, https:\/\/hronvodackymaraton.sk\/wp-content\/uploads\/2024\/02\/Ziar_16-218x300.jpg 218w, https:\/\/hronvodackymaraton.sk\/wp-content\/uploads\/2024\/02\/Ziar_16-768x1056.jpg 768w, https:\/\/hronvodackymaraton.sk\/wp-content\/uploads\/2024\/02\/Ziar_16-1117x1536.jpg 1117w, https:\/\/hronvodackymaraton.sk\/wp-content\/uploads\/2024\/02\/Ziar_16-1489x2048.jpg 1489w, https:\/\/hronvodackymaraton.sk\/wp-content\/uploads\/2024\/02\/Ziar_16-scaled.jpg 1861w\" alt=\"\" width=\"640\" height=\"880\" \/><br \/>\n<img loading=\"lazy\" decoding=\"async\" src=\"http:\/\/hronvodackymaraton.sk\/wp-content\/uploads\/2024\/02\/Ziar_17-745x1024.jpg\" sizes=\"auto, (max-width: 640px) 100vw, 640px\" srcset=\"https:\/\/hronvodackymaraton.sk\/wp-content\/uploads\/2024\/02\/Ziar_17-745x1024.jpg 745w, https:\/\/hronvodackymaraton.sk\/wp-content\/uploads\/2024\/02\/Ziar_17-218x300.jpg 218w, https:\/\/hronvodackymaraton.sk\/wp-content\/uploads\/2024\/02\/Ziar_17-768x1056.jpg 768w, https:\/\/hronvodackymaraton.sk\/wp-content\/uploads\/2024\/02\/Ziar_17-1117x1536.jpg 1117w, https:\/\/hronvodackymaraton.sk\/wp-content\/uploads\/2024\/02\/Ziar_17-1489x2048.jpg 1489w, https:\/\/hronvodackymaraton.sk\/wp-content\/uploads\/2024\/02\/Ziar_17-scaled.jpg 1861w\" alt=\"\" width=\"640\" height=\"880\" \/><br \/>\n<img loading=\"lazy\" decoding=\"async\" src=\"http:\/\/hronvodackymaraton.sk\/wp-content\/uploads\/2024\/02\/Ziar_18-745x1024.jpg\" sizes=\"auto, (max-width: 640px) 100vw, 640px\" srcset=\"https:\/\/hronvodackymaraton.sk\/wp-content\/uploads\/2024\/02\/Ziar_18-745x1024.jpg 745w, https:\/\/hronvodackymaraton.sk\/wp-content\/uploads\/2024\/02\/Ziar_18-218x300.jpg 218w, https:\/\/hronvodackymaraton.sk\/wp-content\/uploads\/2024\/02\/Ziar_18-768x1056.jpg 768w, https:\/\/hronvodackymaraton.sk\/wp-content\/uploads\/2024\/02\/Ziar_18-1117x1536.jpg 1117w, https:\/\/hronvodackymaraton.sk\/wp-content\/uploads\/2024\/02\/Ziar_18-1489x2048.jpg 1489w, https:\/\/hronvodackymaraton.sk\/wp-content\/uploads\/2024\/02\/Ziar_18-scaled.jpg 1861w\" alt=\"\" width=\"640\" height=\"880\" \/><br \/>\n<img loading=\"lazy\" decoding=\"async\" src=\"http:\/\/hronvodackymaraton.sk\/wp-content\/uploads\/2024\/02\/Ziar_19-745x1024.jpg\" sizes=\"auto, (max-width: 640px) 100vw, 640px\" srcset=\"https:\/\/hronvodackymaraton.sk\/wp-content\/uploads\/2024\/02\/Ziar_19-745x1024.jpg 745w, https:\/\/hronvodackymaraton.sk\/wp-content\/uploads\/2024\/02\/Ziar_19-218x300.jpg 218w, https:\/\/hronvodackymaraton.sk\/wp-content\/uploads\/2024\/02\/Ziar_19-768x1056.jpg 768w, https:\/\/hronvodackymaraton.sk\/wp-content\/uploads\/2024\/02\/Ziar_19-1117x1536.jpg 1117w, https:\/\/hronvodackymaraton.sk\/wp-content\/uploads\/2024\/02\/Ziar_19-1489x2048.jpg 1489w, https:\/\/hronvodackymaraton.sk\/wp-content\/uploads\/2024\/02\/Ziar_19-scaled.jpg 1861w\" alt=\"\" width=\"640\" height=\"880\" \/><\/p>\n","protected":false},"excerpt":{"rendered":"<p>Mil\u00ed \u010ditatelia, v \u00favode janu\u00e1rov\u00e9ho rozhovoru s Du\u0161anom Obuchom som sa pozastavil nad t\u00fdm, \u017ee k 100. v\u00fdro\u010diu zalo\u017eenia kanoistky na Slovenku nebola u&#8230;<\/p>\n","protected":false},"author":3,"featured_media":373,"comment_status":"closed","ping_status":"open","sticky":false,"template":"","format":"standard","meta":{"_eb_attr":"","_mi_skip_tracking":false,"footnotes":""},"categories":[7],"tags":[],"class_list":["post-608","post","type-post","status-publish","format-standard","has-post-thumbnail","hentry","category-hron"],"yoast_head":"<!-- This site is optimized with the Yoast SEO plugin v21.0 - https:\/\/yoast.com\/wordpress\/plugins\/seo\/ -->\n<title>Pom\u00f4\u017eme o\u017eivi\u0165 s\u00fa\u0165a\u017en\u00fa kanoistiku v \u017diari nad Hronom - hronmaraton.sk<\/title>\n<meta name=\"robots\" content=\"index, follow, max-snippet:-1, max-image-preview:large, max-video-preview:-1\" \/>\n<link rel=\"canonical\" href=\"https:\/\/hronvodackymaraton.sk\/pomozme-ozivit-sutaznu-kanoistiku-v-ziari-nad-hronom\/\" \/>\n<meta property=\"og:locale\" content=\"sk_SK\" \/>\n<meta property=\"og:type\" content=\"article\" \/>\n<meta property=\"og:title\" content=\"Pom\u00f4\u017eme o\u017eivi\u0165 s\u00fa\u0165a\u017en\u00fa kanoistiku v \u017diari nad Hronom - hronmaraton.sk\" \/>\n<meta property=\"og:description\" content=\"Mil\u00ed \u010ditatelia, v \u00favode janu\u00e1rov\u00e9ho rozhovoru s Du\u0161anom Obuchom som sa pozastavil nad t\u00fdm, \u017ee k 100. v\u00fdro\u010diu zalo\u017eenia kanoistky na Slovenku nebola u...\" \/>\n<meta property=\"og:url\" content=\"https:\/\/hronvodackymaraton.sk\/pomozme-ozivit-sutaznu-kanoistiku-v-ziari-nad-hronom\/\" \/>\n<meta property=\"og:site_name\" content=\"hronmaraton.sk\" \/>\n<meta property=\"article:published_time\" content=\"2024-02-05T19:37:03+00:00\" \/>\n<meta property=\"article:modified_time\" content=\"2024-02-05T20:05:49+00:00\" \/>\n<meta property=\"og:image\" content=\"https:\/\/hronvodackymaraton.sk\/wp-content\/uploads\/2023\/06\/20230617_103043_o-scaled.jpg\" \/>\n\t<meta property=\"og:image:width\" content=\"2560\" \/>\n\t<meta property=\"og:image:height\" content=\"859\" \/>\n\t<meta property=\"og:image:type\" content=\"image\/jpeg\" \/>\n<meta name=\"author\" content=\"Snowski61\" \/>\n<meta name=\"twitter:card\" content=\"summary_large_image\" \/>\n<meta name=\"twitter:label1\" content=\"Autor\" \/>\n\t<meta name=\"twitter:data1\" content=\"Snowski61\" \/>\n\t<meta name=\"twitter:label2\" content=\"Predpokladan\u00fd \u010das \u010d\u00edtania\" \/>\n\t<meta name=\"twitter:data2\" content=\"9 min\u00fat\" \/>\n<script type=\"application\/ld+json\" class=\"yoast-schema-graph\">{\"@context\":\"https:\/\/schema.org\",\"@graph\":[{\"@type\":\"WebPage\",\"@id\":\"https:\/\/hronvodackymaraton.sk\/pomozme-ozivit-sutaznu-kanoistiku-v-ziari-nad-hronom\/\",\"url\":\"https:\/\/hronvodackymaraton.sk\/pomozme-ozivit-sutaznu-kanoistiku-v-ziari-nad-hronom\/\",\"name\":\"Pom\u00f4\u017eme o\u017eivi\u0165 s\u00fa\u0165a\u017en\u00fa kanoistiku v \u017diari nad Hronom - hronmaraton.sk\",\"isPartOf\":{\"@id\":\"https:\/\/hronvodackymaraton.sk\/#website\"},\"datePublished\":\"2024-02-05T19:37:03+00:00\",\"dateModified\":\"2024-02-05T20:05:49+00:00\",\"author\":{\"@id\":\"https:\/\/hronvodackymaraton.sk\/#\/schema\/person\/c03a472907933352b2f30940e40b0f54\"},\"breadcrumb\":{\"@id\":\"https:\/\/hronvodackymaraton.sk\/pomozme-ozivit-sutaznu-kanoistiku-v-ziari-nad-hronom\/#breadcrumb\"},\"inLanguage\":\"sk-SK\",\"potentialAction\":[{\"@type\":\"ReadAction\",\"target\":[\"https:\/\/hronvodackymaraton.sk\/pomozme-ozivit-sutaznu-kanoistiku-v-ziari-nad-hronom\/\"]}]},{\"@type\":\"BreadcrumbList\",\"@id\":\"https:\/\/hronvodackymaraton.sk\/pomozme-ozivit-sutaznu-kanoistiku-v-ziari-nad-hronom\/#breadcrumb\",\"itemListElement\":[{\"@type\":\"ListItem\",\"position\":1,\"name\":\"Home\",\"item\":\"https:\/\/hronvodackymaraton.sk\/\"},{\"@type\":\"ListItem\",\"position\":2,\"name\":\"Pom\u00f4\u017eme o\u017eivi\u0165 s\u00fa\u0165a\u017en\u00fa kanoistiku v \u017diari nad Hronom\"}]},{\"@type\":\"WebSite\",\"@id\":\"https:\/\/hronvodackymaraton.sk\/#website\",\"url\":\"https:\/\/hronvodackymaraton.sk\/\",\"name\":\"hronmaraton.sk\",\"description\":\"O cenu olympionika Mari\u00e1na Havl\u00ed\u010dka\",\"potentialAction\":[{\"@type\":\"SearchAction\",\"target\":{\"@type\":\"EntryPoint\",\"urlTemplate\":\"https:\/\/hronvodackymaraton.sk\/?s={search_term_string}\"},\"query-input\":\"required name=search_term_string\"}],\"inLanguage\":\"sk-SK\"},{\"@type\":\"Person\",\"@id\":\"https:\/\/hronvodackymaraton.sk\/#\/schema\/person\/c03a472907933352b2f30940e40b0f54\",\"name\":\"Snowski61\",\"url\":\"https:\/\/d.r4.wbsprt.com\/hronvodackymaraton.sk\/author\/snowski61\/\"}]}<\/script>\n<!-- \/ Yoast SEO plugin. -->","yoast_head_json":{"title":"Pom\u00f4\u017eme o\u017eivi\u0165 s\u00fa\u0165a\u017en\u00fa kanoistiku v \u017diari nad Hronom - hronmaraton.sk","robots":{"index":"index","follow":"follow","max-snippet":"max-snippet:-1","max-image-preview":"max-image-preview:large","max-video-preview":"max-video-preview:-1"},"canonical":"https:\/\/hronvodackymaraton.sk\/pomozme-ozivit-sutaznu-kanoistiku-v-ziari-nad-hronom\/","og_locale":"sk_SK","og_type":"article","og_title":"Pom\u00f4\u017eme o\u017eivi\u0165 s\u00fa\u0165a\u017en\u00fa kanoistiku v \u017diari nad Hronom - hronmaraton.sk","og_description":"Mil\u00ed \u010ditatelia, v \u00favode janu\u00e1rov\u00e9ho rozhovoru s Du\u0161anom Obuchom som sa pozastavil nad t\u00fdm, \u017ee k 100. v\u00fdro\u010diu zalo\u017eenia kanoistky na Slovenku nebola u...","og_url":"https:\/\/hronvodackymaraton.sk\/pomozme-ozivit-sutaznu-kanoistiku-v-ziari-nad-hronom\/","og_site_name":"hronmaraton.sk","article_published_time":"2024-02-05T19:37:03+00:00","article_modified_time":"2024-02-05T20:05:49+00:00","og_image":[{"width":2560,"height":859,"url":"https:\/\/hronvodackymaraton.sk\/wp-content\/uploads\/2023\/06\/20230617_103043_o-scaled.jpg","type":"image\/jpeg"}],"author":"Snowski61","twitter_card":"summary_large_image","twitter_misc":{"Autor":"Snowski61","Predpokladan\u00fd \u010das \u010d\u00edtania":"9 min\u00fat"},"schema":{"@context":"https:\/\/schema.org","@graph":[{"@type":"WebPage","@id":"https:\/\/hronvodackymaraton.sk\/pomozme-ozivit-sutaznu-kanoistiku-v-ziari-nad-hronom\/","url":"https:\/\/hronvodackymaraton.sk\/pomozme-ozivit-sutaznu-kanoistiku-v-ziari-nad-hronom\/","name":"Pom\u00f4\u017eme o\u017eivi\u0165 s\u00fa\u0165a\u017en\u00fa kanoistiku v \u017diari nad Hronom - hronmaraton.sk","isPartOf":{"@id":"https:\/\/hronvodackymaraton.sk\/#website"},"datePublished":"2024-02-05T19:37:03+00:00","dateModified":"2024-02-05T20:05:49+00:00","author":{"@id":"https:\/\/hronvodackymaraton.sk\/#\/schema\/person\/c03a472907933352b2f30940e40b0f54"},"breadcrumb":{"@id":"https:\/\/hronvodackymaraton.sk\/pomozme-ozivit-sutaznu-kanoistiku-v-ziari-nad-hronom\/#breadcrumb"},"inLanguage":"sk-SK","potentialAction":[{"@type":"ReadAction","target":["https:\/\/hronvodackymaraton.sk\/pomozme-ozivit-sutaznu-kanoistiku-v-ziari-nad-hronom\/"]}]},{"@type":"BreadcrumbList","@id":"https:\/\/hronvodackymaraton.sk\/pomozme-ozivit-sutaznu-kanoistiku-v-ziari-nad-hronom\/#breadcrumb","itemListElement":[{"@type":"ListItem","position":1,"name":"Home","item":"https:\/\/hronvodackymaraton.sk\/"},{"@type":"ListItem","position":2,"name":"Pom\u00f4\u017eme o\u017eivi\u0165 s\u00fa\u0165a\u017en\u00fa kanoistiku v \u017diari nad Hronom"}]},{"@type":"WebSite","@id":"https:\/\/hronvodackymaraton.sk\/#website","url":"https:\/\/hronvodackymaraton.sk\/","name":"hronmaraton.sk","description":"O cenu olympionika Mari\u00e1na Havl\u00ed\u010dka","potentialAction":[{"@type":"SearchAction","target":{"@type":"EntryPoint","urlTemplate":"https:\/\/hronvodackymaraton.sk\/?s={search_term_string}"},"query-input":"required name=search_term_string"}],"inLanguage":"sk-SK"},{"@type":"Person","@id":"https:\/\/hronvodackymaraton.sk\/#\/schema\/person\/c03a472907933352b2f30940e40b0f54","name":"Snowski61","url":"https:\/\/d.r4.wbsprt.com\/hronvodackymaraton.sk\/author\/snowski61\/"}]}},"_links":{"self":[{"href":"https:\/\/d.r4.wbsprt.com\/hronvodackymaraton.sk\/wp-json\/wp\/v2\/posts\/608","targetHints":{"allow":["GET"]}}],"collection":[{"href":"https:\/\/d.r4.wbsprt.com\/hronvodackymaraton.sk\/wp-json\/wp\/v2\/posts"}],"about":[{"href":"https:\/\/d.r4.wbsprt.com\/hronvodackymaraton.sk\/wp-json\/wp\/v2\/types\/post"}],"author":[{"embeddable":true,"href":"https:\/\/d.r4.wbsprt.com\/hronvodackymaraton.sk\/wp-json\/wp\/v2\/users\/3"}],"replies":[{"embeddable":true,"href":"https:\/\/d.r4.wbsprt.com\/hronvodackymaraton.sk\/wp-json\/wp\/v2\/comments?post=608"}],"version-history":[{"count":6,"href":"https:\/\/d.r4.wbsprt.com\/hronvodackymaraton.sk\/wp-json\/wp\/v2\/posts\/608\/revisions"}],"predecessor-version":[{"id":641,"href":"https:\/\/d.r4.wbsprt.com\/hronvodackymaraton.sk\/wp-json\/wp\/v2\/posts\/608\/revisions\/641"}],"wp:featuredmedia":[{"embeddable":true,"href":"https:\/\/d.r4.wbsprt.com\/hronvodackymaraton.sk\/wp-json\/wp\/v2\/media\/373"}],"wp:attachment":[{"href":"https:\/\/d.r4.wbsprt.com\/hronvodackymaraton.sk\/wp-json\/wp\/v2\/media?parent=608"}],"wp:term":[{"taxonomy":"category","embeddable":true,"href":"https:\/\/d.r4.wbsprt.com\/hronvodackymaraton.sk\/wp-json\/wp\/v2\/categories?post=608"},{"taxonomy":"post_tag","embeddable":true,"href":"https:\/\/d.r4.wbsprt.com\/hronvodackymaraton.sk\/wp-json\/wp\/v2\/tags?post=608"}],"curies":[{"name":"wp","href":"https:\/\/api.w.org\/{rel}","templated":true}]}}