{"id":856,"date":"2024-03-17T19:41:02","date_gmt":"2024-03-17T18:41:02","guid":{"rendered":"https:\/\/hronvodackymaraton.sk\/?p=856"},"modified":"2024-03-17T21:17:27","modified_gmt":"2024-03-17T20:17:27","slug":"vodaci-otvorili-pretekarsku-sezonu-na-dunaji","status":"publish","type":"post","link":"https:\/\/d.r4.wbsprt.com\/hronvodackymaraton.sk\/vodaci-otvorili-pretekarsku-sezonu-na-dunaji\/","title":{"rendered":"Vod\u00e1ci otvorili pretek\u00e1rsku sez\u00f3nu na Dunaji"},"content":{"rendered":"<p>V sobotu 16.3.2024 od\u0161tartoval Klub dunajsk\u00fdch vod\u00e1kov Sl\u00e1via UK Bratislava pretek\u00e1rsku sez\u00f3nu\u00b42024 Dunajsk\u00fdm vod\u00e1ckym marat\u00f3nom na 27 km trati Dunaja v \u00faseku Wildungsmauer &#8211; Karlova Ves. Podmienky na dosahovanie dobr\u00fdch v\u00fdsledkov v tomto predjarnom obdob\u00ed boli optim\u00e1lne: v\u00fd\u0161ka hladiny Dunaja v BA 350 cm, teplota vody 8.9 st. C, teplota vzduchu 12 st. C, slab\u00fd SZ vietor.\u00a0<\/p>\n<p>Favorizovan\u00e9 pretek\u00e1rky a pretek\u00e1ri potvrdili, \u017ee v zime absolvovali dobr\u00fa \u0161portov\u00fa pr\u00edpravu a pod\u013ea o\u010dak\u00e1vania obsadili stupne v\u00ed\u0165azov nasledovne:<\/p>\n<p><b>K1 \u017deny:<\/b>\u00a0<\/p>\n<p>1. Kop\u00fanov\u00e1 Katar\u00edna 1994 DU\u017dA 1:22:26,3<br \/>2. Scholczov\u00e1 Vikt\u00f3ria 2000 UKBA 1:27:01,7<br \/>3. Pol\u00f3nyov\u00e1 Al\u017ebeta 1975 UKBA 1:49:15,8<\/p>\n<p>K<b>1 Mu\u017ei:<\/b>\u00a0<\/p>\n<p>1. Miklu\u0161i\u010d\u00e1k \u0160imon 1987 UKBA 1:22:32,5<br \/>2. Vesel Martin 1986 UKBA 1:25:18,1<br \/>3. Bob\u00e1k Marek 1987 UKBA 1:44:16,2<\/p>\n<p><b>K1 Vet.:<\/b>\u00a0<\/p>\n<p>1. Matu\u0161\u00edk Miroslav 1953 UKBA 1:32:50,1<br \/>2. \u0160kopek Vladim\u00edr 1977 KVSKV 1:35:49,2<br \/>3. Poto\u010dn\u00fd Mari\u00e1n 1982 UKBA 1:51:04,4<\/p>\n<p><b>K1 Dor.:\u00a0<\/b><\/p>\n<p>1. Pisk\u00e1\u010dek Jakub 2008 UKBA 1:26:27,4<br \/>2. Glatz Ondrej 2009 UKBA 1:26:32,0<br \/>3. \u0160kopek Franti\u0161ek 2008 KVSKV 1:35:01,5<\/p>\n<p>Po pretekoch som sa niektor\u00fdch z nich op\u00fdtal na priebeh marat\u00f3nu, v \u010dom vidia zmenu oproti vla\u0148aj\u0161ku a na \u010do sa maj\u00fa tento rok zamera\u0165:<\/p>\n<p><b>Katka Kop\u00fanov\u00e1 (v\u00ed\u0165azka):<\/b> I\u0161lo sa mi fajn. Nec\u00edtim \u00fanavu. Dr\u017eala som sa pokynov tr\u00e9nera Petra \u0160o\u0161ku. Pod\u013ea neho sa marat\u00f3ny jazdia na v\u00ed\u0165azstvo. Cel\u00fa zimu v Bratislave dalo jazdi\u0165 na vode. Mojou \u00falohou bolo odstr\u00e1ni\u0165 chyby v technike p\u00e1dlovania. Doned\u00e1vna som jazdila zhrben\u00e1 a nedostato\u010dne som zap\u00e1jala do z\u00e1beru rot\u00e1tory ramien. Toto som si teraz neust\u00e1le kontrolovala a d\u00fafam, \u017ee som na dobrej ceste. V roku 2024 chcem dosahova\u0165 lep\u0161ie v\u00fdsledky ako vlani.<\/p>\n<p><strong>Viki Scholczov\u00e1:<\/strong> Kajak je moja doplnkov\u00e1 kateg\u00f3ria. Po\u010das jazdy som si vravela: \u00e1no Viki m\u00e1\u0161 super tempo, len si ho udr\u017e a\u017e dokonca. A\u017e pod hrad Dev\u00edn sa mi p\u00e1dlovalo skvele. Ale potom som za\u010dala poci\u0165ova\u0165 \u00fabytok energie. V \u00fastach som mala ve\u013emi sucho, aj ma l\u00e1kalo o\u0161pliecha\u0165 si tv\u00e1r vodou, ale nechcela som strati\u0165 cenne sekundy. (Moja pozn\u00e1mka: na marat\u00f3ny sa nos\u00ed vodn\u00fd vak s hadi\u010dkou!) Za dev\u00ednskym kame\u0148olomom ma za\u010dalo p\u00e1li\u0165 bru\u0161n\u00e9 svalstvo a ja som sa so za\u0165at\u00fdmi zubami sna\u017eila vydr\u017ea\u0165 posledn\u00e9 min\u00faty a\u017e do cie\u013ea. Aj ke\u010f som na trati skoro du\u0161u &#8220;vyp\u013eula&#8221;, c\u00edtim zlep\u0161enie oproti minul\u00e9mu roku. Na trati som sa sna\u017eila vyu\u017ei\u0165 pokyny, ktor\u00e9 mi de\u0148 pred marat\u00f3nom na tr\u00e9ningu dal b\u00fdval\u00fd reprezenta\u010dn\u00fd tr\u00e9ner kanoistiky Pa\u013eo Blaho: po\u010das p\u00e1dlovania nesmiem by\u0165 stuhnut\u00e1, plecia musia by\u0165 uvo\u013enen\u00e9, dokonca aj mimika tv\u00e1re mus\u00ed by\u0165 uvo\u013enen\u00e1. \u017diadne k\u0155\u010dovit\u00e9 dr\u017eanie p\u00e1dla. Pri z\u00e1bere si m\u00e1m ruky st\u00e1le vidie\u0165, nep\u00fa\u0161\u0165a\u0165 ich dole, ale v ur\u010ditej v\u00fd\u0161ke tak, ako keby som si chcela pri ka\u017edom z\u00e1bere \u0165ukn\u00fa\u0165 za uchom. Ke\u010f\u017ee som ni\u017e\u0161ieho vzrastu (153 cm), m\u00e1m zv\u00fd\u0161i\u0165 frekvenciu p\u00e1dlovania. Z\u00e1ber je \u00fa\u010dinn\u00fd len vpredu, po \u00farove\u0148 tela. Nesmiem \u0165aha\u0165 p\u00e1dlo dozadu, za \u00farove\u0148 tela, lebo potom u\u017e z\u00e1ber men\u00ed na brzdiaci. Najv\u00e4\u010d\u0161ia efektivita z\u00e1beru je vpredu. Pomocou rot\u00e1torov ramien ruky \u010do najviac na\u0165ahova\u0165 dopredu, aby lo\u010f dostala potrebn\u00fa r\u00fdchlos\u0165 a sklz. Pevne dr\u017ea\u0165 stred tela a rotova\u0165 cez nohy (stupa\u010dky). Ruky nedr\u017eia p\u00e1dlo pevne, ale vo\u013enej\u0161ie. Chrb\u00e1t vystret\u00fd, telo v miernom predklone, lo\u010f nesmie sk\u00e1ka\u0165. Kam sa pozriem, tam smeruje aj \u0161pi\u010dka mojej lode. Treba sa pozera\u0165 pred seba, nie do boku, ani nie dole na \u0161pricku. To obmedzuje d\u00fdchanie, br\u00e1ni pr\u00e1ce p\u013e\u00fac a pr\u00edvodu kysl\u00edka. Je toho ve\u013ea na \u010dom mus\u00edm tvrdo pracova\u0165&#8230;<br \/>Po\u010das tohto marat\u00f3nu som si v\u0161ak uvedomila, \u017ee je najvy\u0161\u0161\u00ed \u010das vyst\u00fapi\u0165 zo svojej komfortnej z\u00f3ny a \u017ee sa treba v\u017edy na 100% pripravi\u0165 a s\u00fastredi\u0165 na to \u010do rob\u00edm. Tie\u017e som zistila, \u017ee sa mi okrem \u0161printov a kr\u00e1tkych trat\u00ed, za\u010d\u00ednaj\u00fa p\u00e1\u010di\u0165 aj tie dlh\u00e9.<\/p>\n<p><strong>Miro Matu\u0161\u00edk (v\u00ed\u0165az kat. veter\u00e1nov):<\/strong> Rad\u0161ej sa ma nep\u00fdtaj. Nedarilo sa mi splni\u0165 to, \u010do mi na spolo\u010dnom tr\u00e9ningu de\u0148 pred marat\u00f3nom radil tr\u00e9ner Blaho: jeho z\u00e1sadn\u00e1 v\u00fdhrada bola, \u017ee p\u00e1dlo \u0165ah\u00e1m dlho vodou, a\u017e za \u00farove\u0148 tela. Z\u00e1ber m\u00e1 kon\u010di\u0165 v momente, ke\u010f sa p\u00e1dlo pribl\u00ed\u017ei k \u00farovni tela. Sk\u00fa\u0161al som to prakticky po\u010das celej trate marat\u00f3nu. Mus\u00edm v tom pokra\u010dova\u0165, mo\u017eno sa to nau\u010d\u00edm. Odporu\u010dil mi tie\u017e nahr\u00e1vanie jazdy na kameru pri tr\u00e9ningu, ale ke\u010f\u017ee tr\u00e9nujem s\u00e1m, toto bude \u0165a\u017eko realizova\u0165. Tak\u017ee to bude viac menej iba o pocitoch. Tie\u017e, \u017ee m\u00e1m do z\u00e1beru viac zap\u00e1ja\u0165 rot\u00e1tory ramien, \u017ee m\u00e1m skr\u00e1ti\u0165 z\u00e1bery, nem\u00e1m \u0165aha\u0165 p\u00e1dlo za \u00farove\u0148 tela. K\u00fdm som \u010derstv\u00fd, tak na to mysl\u00edm, ale pri \u00fanave, u\u017e prib\u00fadaj\u00fa chyby v technike. M\u00e1m na \u010dom pracova\u0165.<\/p>\n<p>\t\t\t\t\t\t\t\t\t\t\t\t\t\t\t<img decoding=\"async\" width=\"640\" height=\"479\" src=\"http:\/\/hronvodackymaraton.sk\/wp-content\/uploads\/2024\/03\/Messenger_creation_81094051-7c5d-47ce-8eeb-b8dc14df6214-1024x766.jpeg\" alt=\"\" loading=\"lazy\" srcset=\"https:\/\/hronvodackymaraton.sk\/wp-content\/uploads\/2024\/03\/Messenger_creation_81094051-7c5d-47ce-8eeb-b8dc14df6214-1024x766.jpeg 1024w, https:\/\/hronvodackymaraton.sk\/wp-content\/uploads\/2024\/03\/Messenger_creation_81094051-7c5d-47ce-8eeb-b8dc14df6214-300x224.jpeg 300w, https:\/\/hronvodackymaraton.sk\/wp-content\/uploads\/2024\/03\/Messenger_creation_81094051-7c5d-47ce-8eeb-b8dc14df6214-768x575.jpeg 768w, https:\/\/hronvodackymaraton.sk\/wp-content\/uploads\/2024\/03\/Messenger_creation_81094051-7c5d-47ce-8eeb-b8dc14df6214-1536x1149.jpeg 1536w, https:\/\/hronvodackymaraton.sk\/wp-content\/uploads\/2024\/03\/Messenger_creation_81094051-7c5d-47ce-8eeb-b8dc14df6214.jpeg 1740w\" sizes=\"auto, (max-width: 640px) 100vw, 640px\" \/><br \/>\n\t\t\t\t\t\t\t\t\t\t\t\t\t\t\t<img decoding=\"async\" width=\"640\" height=\"395\" src=\"http:\/\/hronvodackymaraton.sk\/wp-content\/uploads\/2024\/03\/IMG-20240317-WA0017-1024x632.jpg\" alt=\"\" loading=\"lazy\" srcset=\"https:\/\/hronvodackymaraton.sk\/wp-content\/uploads\/2024\/03\/IMG-20240317-WA0017-1024x632.jpg 1024w, https:\/\/hronvodackymaraton.sk\/wp-content\/uploads\/2024\/03\/IMG-20240317-WA0017-300x185.jpg 300w, https:\/\/hronvodackymaraton.sk\/wp-content\/uploads\/2024\/03\/IMG-20240317-WA0017-768x474.jpg 768w, https:\/\/hronvodackymaraton.sk\/wp-content\/uploads\/2024\/03\/IMG-20240317-WA0017.jpg 1380w\" sizes=\"auto, (max-width: 640px) 100vw, 640px\" \/><br \/>\n\t\t\t\t\t\t\t\t\t\t\t\t\t\t\t<img decoding=\"async\" width=\"640\" height=\"856\" src=\"http:\/\/hronvodackymaraton.sk\/wp-content\/uploads\/2024\/03\/Messenger_creation_9f86e51b-84ed-4729-833f-926ea01f6c3c-766x1024.jpeg\" alt=\"\" loading=\"lazy\" srcset=\"https:\/\/hronvodackymaraton.sk\/wp-content\/uploads\/2024\/03\/Messenger_creation_9f86e51b-84ed-4729-833f-926ea01f6c3c-766x1024.jpeg 766w, https:\/\/hronvodackymaraton.sk\/wp-content\/uploads\/2024\/03\/Messenger_creation_9f86e51b-84ed-4729-833f-926ea01f6c3c-224x300.jpeg 224w, https:\/\/hronvodackymaraton.sk\/wp-content\/uploads\/2024\/03\/Messenger_creation_9f86e51b-84ed-4729-833f-926ea01f6c3c-768x1026.jpeg 768w, https:\/\/hronvodackymaraton.sk\/wp-content\/uploads\/2024\/03\/Messenger_creation_9f86e51b-84ed-4729-833f-926ea01f6c3c-1149x1536.jpeg 1149w, https:\/\/hronvodackymaraton.sk\/wp-content\/uploads\/2024\/03\/Messenger_creation_9f86e51b-84ed-4729-833f-926ea01f6c3c.jpeg 1302w\" sizes=\"auto, (max-width: 640px) 100vw, 640px\" \/><br \/>\n\t\t\t\t\t\t\t\t\t\t\t\t\t\t\t<img decoding=\"async\" width=\"640\" height=\"853\" src=\"http:\/\/hronvodackymaraton.sk\/wp-content\/uploads\/2024\/03\/1710687231107-768x1024.jpg\" alt=\"\" loading=\"lazy\" srcset=\"https:\/\/hronvodackymaraton.sk\/wp-content\/uploads\/2024\/03\/1710687231107-768x1024.jpg 768w, https:\/\/hronvodackymaraton.sk\/wp-content\/uploads\/2024\/03\/1710687231107-225x300.jpg 225w, https:\/\/hronvodackymaraton.sk\/wp-content\/uploads\/2024\/03\/1710687231107-1152x1536.jpg 1152w, https:\/\/hronvodackymaraton.sk\/wp-content\/uploads\/2024\/03\/1710687231107-1536x2048.jpg 1536w, https:\/\/hronvodackymaraton.sk\/wp-content\/uploads\/2024\/03\/1710687231107-scaled.jpg 1920w\" sizes=\"auto, (max-width: 640px) 100vw, 640px\" \/><\/p>\n","protected":false},"excerpt":{"rendered":"<p>V sobotu 16.3.2024 od\u0161tartoval Klub dunajsk\u00fdch vod\u00e1kov Sl\u00e1via UK Bratislava pretek\u00e1rsku sez\u00f3nu\u00b42024 Dunajsk\u00fdm vod\u00e1ckym marat\u00f3nom na 27 km trati Dunaja v \u00faseku Wildungsmauer &#8211;&#8230;<\/p>\n","protected":false},"author":3,"featured_media":869,"comment_status":"closed","ping_status":"open","sticky":false,"template":"","format":"standard","meta":{"_eb_attr":"","_mi_skip_tracking":false,"footnotes":""},"categories":[1],"tags":[],"class_list":["post-856","post","type-post","status-publish","format-standard","has-post-thumbnail","hentry","category-nezaradene"],"yoast_head":"<!-- This site is optimized with the Yoast SEO plugin v21.0 - https:\/\/yoast.com\/wordpress\/plugins\/seo\/ -->\n<title>Vod\u00e1ci otvorili pretek\u00e1rsku sez\u00f3nu na Dunaji - hronmaraton.sk<\/title>\n<meta name=\"robots\" content=\"index, follow, max-snippet:-1, max-image-preview:large, max-video-preview:-1\" \/>\n<link rel=\"canonical\" href=\"https:\/\/d.r4.wbsprt.com\/hronvodackymaraton.sk\/vodaci-otvorili-pretekarsku-sezonu-na-dunaji\/\" \/>\n<meta property=\"og:locale\" content=\"sk_SK\" \/>\n<meta property=\"og:type\" content=\"article\" \/>\n<meta property=\"og:title\" content=\"Vod\u00e1ci otvorili pretek\u00e1rsku sez\u00f3nu na Dunaji - hronmaraton.sk\" \/>\n<meta property=\"og:description\" content=\"V sobotu 16.3.2024 od\u0161tartoval Klub dunajsk\u00fdch vod\u00e1kov Sl\u00e1via UK Bratislava pretek\u00e1rsku sez\u00f3nu\u00b42024 Dunajsk\u00fdm vod\u00e1ckym marat\u00f3nom na 27 km trati Dunaja v \u00faseku Wildungsmauer &#8211;...\" \/>\n<meta property=\"og:url\" content=\"https:\/\/d.r4.wbsprt.com\/hronvodackymaraton.sk\/vodaci-otvorili-pretekarsku-sezonu-na-dunaji\/\" \/>\n<meta property=\"og:site_name\" content=\"hronmaraton.sk\" \/>\n<meta property=\"article:published_time\" content=\"2024-03-17T18:41:02+00:00\" \/>\n<meta property=\"article:modified_time\" content=\"2024-03-17T20:17:27+00:00\" \/>\n<meta property=\"og:image\" content=\"https:\/\/d.r4.wbsprt.com\/hronvodackymaraton.sk\/wp-content\/uploads\/2024\/03\/81094051-Orez-1.jpeg\" \/>\n\t<meta property=\"og:image:width\" content=\"1740\" \/>\n\t<meta property=\"og:image:height\" content=\"617\" \/>\n\t<meta property=\"og:image:type\" content=\"image\/jpeg\" \/>\n<meta name=\"author\" content=\"Snowski61\" \/>\n<meta name=\"twitter:card\" content=\"summary_large_image\" \/>\n<meta name=\"twitter:label1\" content=\"Autor\" \/>\n\t<meta name=\"twitter:data1\" content=\"Snowski61\" \/>\n\t<meta name=\"twitter:label2\" content=\"Predpokladan\u00fd \u010das \u010d\u00edtania\" \/>\n\t<meta name=\"twitter:data2\" content=\"5 min\u00fat\" \/>\n<script type=\"application\/ld+json\" class=\"yoast-schema-graph\">{\"@context\":\"https:\/\/schema.org\",\"@graph\":[{\"@type\":\"WebPage\",\"@id\":\"https:\/\/d.r4.wbsprt.com\/hronvodackymaraton.sk\/vodaci-otvorili-pretekarsku-sezonu-na-dunaji\/\",\"url\":\"https:\/\/d.r4.wbsprt.com\/hronvodackymaraton.sk\/vodaci-otvorili-pretekarsku-sezonu-na-dunaji\/\",\"name\":\"Vod\u00e1ci otvorili pretek\u00e1rsku sez\u00f3nu na Dunaji - hronmaraton.sk\",\"isPartOf\":{\"@id\":\"https:\/\/hronvodackymaraton.sk\/#website\"},\"datePublished\":\"2024-03-17T18:41:02+00:00\",\"dateModified\":\"2024-03-17T20:17:27+00:00\",\"author\":{\"@id\":\"https:\/\/hronvodackymaraton.sk\/#\/schema\/person\/c03a472907933352b2f30940e40b0f54\"},\"breadcrumb\":{\"@id\":\"https:\/\/d.r4.wbsprt.com\/hronvodackymaraton.sk\/vodaci-otvorili-pretekarsku-sezonu-na-dunaji\/#breadcrumb\"},\"inLanguage\":\"sk-SK\",\"potentialAction\":[{\"@type\":\"ReadAction\",\"target\":[\"https:\/\/d.r4.wbsprt.com\/hronvodackymaraton.sk\/vodaci-otvorili-pretekarsku-sezonu-na-dunaji\/\"]}]},{\"@type\":\"BreadcrumbList\",\"@id\":\"https:\/\/d.r4.wbsprt.com\/hronvodackymaraton.sk\/vodaci-otvorili-pretekarsku-sezonu-na-dunaji\/#breadcrumb\",\"itemListElement\":[{\"@type\":\"ListItem\",\"position\":1,\"name\":\"Home\",\"item\":\"https:\/\/hronvodackymaraton.sk\/\"},{\"@type\":\"ListItem\",\"position\":2,\"name\":\"Vod\u00e1ci otvorili pretek\u00e1rsku sez\u00f3nu na Dunaji\"}]},{\"@type\":\"WebSite\",\"@id\":\"https:\/\/hronvodackymaraton.sk\/#website\",\"url\":\"https:\/\/hronvodackymaraton.sk\/\",\"name\":\"hronmaraton.sk\",\"description\":\"O cenu olympionika Mari\u00e1na Havl\u00ed\u010dka\",\"potentialAction\":[{\"@type\":\"SearchAction\",\"target\":{\"@type\":\"EntryPoint\",\"urlTemplate\":\"https:\/\/hronvodackymaraton.sk\/?s={search_term_string}\"},\"query-input\":\"required name=search_term_string\"}],\"inLanguage\":\"sk-SK\"},{\"@type\":\"Person\",\"@id\":\"https:\/\/hronvodackymaraton.sk\/#\/schema\/person\/c03a472907933352b2f30940e40b0f54\",\"name\":\"Snowski61\",\"url\":\"https:\/\/d.r4.wbsprt.com\/hronvodackymaraton.sk\/author\/snowski61\/\"}]}<\/script>\n<!-- \/ Yoast SEO plugin. -->","yoast_head_json":{"title":"Vod\u00e1ci otvorili pretek\u00e1rsku sez\u00f3nu na Dunaji - hronmaraton.sk","robots":{"index":"index","follow":"follow","max-snippet":"max-snippet:-1","max-image-preview":"max-image-preview:large","max-video-preview":"max-video-preview:-1"},"canonical":"https:\/\/d.r4.wbsprt.com\/hronvodackymaraton.sk\/vodaci-otvorili-pretekarsku-sezonu-na-dunaji\/","og_locale":"sk_SK","og_type":"article","og_title":"Vod\u00e1ci otvorili pretek\u00e1rsku sez\u00f3nu na Dunaji - hronmaraton.sk","og_description":"V sobotu 16.3.2024 od\u0161tartoval Klub dunajsk\u00fdch vod\u00e1kov Sl\u00e1via UK Bratislava pretek\u00e1rsku sez\u00f3nu\u00b42024 Dunajsk\u00fdm vod\u00e1ckym marat\u00f3nom na 27 km trati Dunaja v \u00faseku Wildungsmauer &#8211;...","og_url":"https:\/\/d.r4.wbsprt.com\/hronvodackymaraton.sk\/vodaci-otvorili-pretekarsku-sezonu-na-dunaji\/","og_site_name":"hronmaraton.sk","article_published_time":"2024-03-17T18:41:02+00:00","article_modified_time":"2024-03-17T20:17:27+00:00","og_image":[{"width":1740,"height":617,"url":"https:\/\/d.r4.wbsprt.com\/hronvodackymaraton.sk\/wp-content\/uploads\/2024\/03\/81094051-Orez-1.jpeg","type":"image\/jpeg"}],"author":"Snowski61","twitter_card":"summary_large_image","twitter_misc":{"Autor":"Snowski61","Predpokladan\u00fd \u010das \u010d\u00edtania":"5 min\u00fat"},"schema":{"@context":"https:\/\/schema.org","@graph":[{"@type":"WebPage","@id":"https:\/\/d.r4.wbsprt.com\/hronvodackymaraton.sk\/vodaci-otvorili-pretekarsku-sezonu-na-dunaji\/","url":"https:\/\/d.r4.wbsprt.com\/hronvodackymaraton.sk\/vodaci-otvorili-pretekarsku-sezonu-na-dunaji\/","name":"Vod\u00e1ci otvorili pretek\u00e1rsku sez\u00f3nu na Dunaji - hronmaraton.sk","isPartOf":{"@id":"https:\/\/hronvodackymaraton.sk\/#website"},"datePublished":"2024-03-17T18:41:02+00:00","dateModified":"2024-03-17T20:17:27+00:00","author":{"@id":"https:\/\/hronvodackymaraton.sk\/#\/schema\/person\/c03a472907933352b2f30940e40b0f54"},"breadcrumb":{"@id":"https:\/\/d.r4.wbsprt.com\/hronvodackymaraton.sk\/vodaci-otvorili-pretekarsku-sezonu-na-dunaji\/#breadcrumb"},"inLanguage":"sk-SK","potentialAction":[{"@type":"ReadAction","target":["https:\/\/d.r4.wbsprt.com\/hronvodackymaraton.sk\/vodaci-otvorili-pretekarsku-sezonu-na-dunaji\/"]}]},{"@type":"BreadcrumbList","@id":"https:\/\/d.r4.wbsprt.com\/hronvodackymaraton.sk\/vodaci-otvorili-pretekarsku-sezonu-na-dunaji\/#breadcrumb","itemListElement":[{"@type":"ListItem","position":1,"name":"Home","item":"https:\/\/hronvodackymaraton.sk\/"},{"@type":"ListItem","position":2,"name":"Vod\u00e1ci otvorili pretek\u00e1rsku sez\u00f3nu na Dunaji"}]},{"@type":"WebSite","@id":"https:\/\/hronvodackymaraton.sk\/#website","url":"https:\/\/hronvodackymaraton.sk\/","name":"hronmaraton.sk","description":"O cenu olympionika Mari\u00e1na Havl\u00ed\u010dka","potentialAction":[{"@type":"SearchAction","target":{"@type":"EntryPoint","urlTemplate":"https:\/\/hronvodackymaraton.sk\/?s={search_term_string}"},"query-input":"required name=search_term_string"}],"inLanguage":"sk-SK"},{"@type":"Person","@id":"https:\/\/hronvodackymaraton.sk\/#\/schema\/person\/c03a472907933352b2f30940e40b0f54","name":"Snowski61","url":"https:\/\/d.r4.wbsprt.com\/hronvodackymaraton.sk\/author\/snowski61\/"}]}},"_links":{"self":[{"href":"https:\/\/d.r4.wbsprt.com\/hronvodackymaraton.sk\/wp-json\/wp\/v2\/posts\/856","targetHints":{"allow":["GET"]}}],"collection":[{"href":"https:\/\/d.r4.wbsprt.com\/hronvodackymaraton.sk\/wp-json\/wp\/v2\/posts"}],"about":[{"href":"https:\/\/d.r4.wbsprt.com\/hronvodackymaraton.sk\/wp-json\/wp\/v2\/types\/post"}],"author":[{"embeddable":true,"href":"https:\/\/d.r4.wbsprt.com\/hronvodackymaraton.sk\/wp-json\/wp\/v2\/users\/3"}],"replies":[{"embeddable":true,"href":"https:\/\/d.r4.wbsprt.com\/hronvodackymaraton.sk\/wp-json\/wp\/v2\/comments?post=856"}],"version-history":[{"count":6,"href":"https:\/\/d.r4.wbsprt.com\/hronvodackymaraton.sk\/wp-json\/wp\/v2\/posts\/856\/revisions"}],"predecessor-version":[{"id":887,"href":"https:\/\/d.r4.wbsprt.com\/hronvodackymaraton.sk\/wp-json\/wp\/v2\/posts\/856\/revisions\/887"}],"wp:featuredmedia":[{"embeddable":true,"href":"https:\/\/d.r4.wbsprt.com\/hronvodackymaraton.sk\/wp-json\/wp\/v2\/media\/869"}],"wp:attachment":[{"href":"https:\/\/d.r4.wbsprt.com\/hronvodackymaraton.sk\/wp-json\/wp\/v2\/media?parent=856"}],"wp:term":[{"taxonomy":"category","embeddable":true,"href":"https:\/\/d.r4.wbsprt.com\/hronvodackymaraton.sk\/wp-json\/wp\/v2\/categories?post=856"},{"taxonomy":"post_tag","embeddable":true,"href":"https:\/\/d.r4.wbsprt.com\/hronvodackymaraton.sk\/wp-json\/wp\/v2\/tags?post=856"}],"curies":[{"name":"wp","href":"https:\/\/api.w.org\/{rel}","templated":true}]}}