{"id":987,"date":"2024-04-19T06:10:55","date_gmt":"2024-04-19T04:10:55","guid":{"rendered":"https:\/\/hronvodackymaraton.sk\/?p=987"},"modified":"2024-04-25T21:12:50","modified_gmt":"2024-04-25T19:12:50","slug":"987-2","status":"publish","type":"post","link":"https:\/\/d.r4.wbsprt.com\/hronvodackymaraton.sk\/987-2\/","title":{"rendered":"Zrekon\u0161truovan\u00fd vod\u00e1cky are\u00e1l na Orave v G\u00e4celi"},"content":{"rendered":"<p>&#8220;Ahoj, Miro,<\/p>\n<p>aj ke\u010f si sa pred 9 rokmi 11. apr\u00edla 2015 vo veku 70 rokov od svojich najbli\u017e\u0161\u00edch a od n\u00e1s kamar\u00e1tov &#8211; vod\u00e1kov vzdialil, v na\u0161ich srdciach ostane\u0161 nav\u017edy. V\u017edy, ke\u010f prech\u00e1dzam okolo Tvojej drevenice v G\u00e4celi spomeniem si na \u010dasy, ktor\u00e9 sme u\u017e po\u010das Tvojich \u0161tudentsk\u00fdch \u010dias v Bratislave spolu pre\u017eili. Vtedy si sa pretekal za na\u0161u TJ Sl\u00e1via UK. N\u00e1\u0161 tr\u00e9ner Tibor Smatu\u0161\u00edk n\u00e1m vtedy d\u00e1val riadne zabra\u0165. \u017diadne z\u013eah\u010dovanie tr\u00e9ningov \u010di v lodenici zah\u00e1\u013eanie. Na \u0165a\u017enom \u0161lepe z Dunajplavby \u010d. 7004, ktor\u00fd sme svojpomocne prerobili na lodenicu, bolo v\u017edy \u010do robi\u0165. Sekali sme dobrotu, lebo Tibor si to s &#8220;extra klob\u00e1sami&#8221; vedel patri\u010dne vybavi\u0165. Bol pr\u00edsny, ale l\u00e1skav\u00fd. Postaral sa n\u00e1m nielen o \u0161portov\u00fd rast, ale doprial n\u00e1m aj spolo\u010densk\u00e9 vy\u017eitie. \u0160portom, vzdel\u00e1van\u00edm a pr\u00e1cou n\u00e1s takto o.i. nasmeroval aj na spr\u00e1vny sp\u00f4sob \u017eivota. Na ka\u017ed\u00e9ho, kto pre\u0161iel jeho &#8220;\u0161kolou&#8221; sa z jeho nad\u0161enia pre kanoistiku dos\u0165 &#8220;nalepilo&#8221;. R\u00e1d si spom\u00ednam tie\u017e na v\u0161etky \u010fal\u0161ie stretnutia s Tebou pri pretekoch a s\u00fastredeniach, ktor\u00e9 sme mali \u010di u\u017e pod jablo\u0148ami pri ohni alebo v Tvojej drevenici. Bavili sme sa o v\u0161eli\u010dom, o pretekoch, tr\u00e9ningoch, o rodin\u00e1ch, o zv\u00e4ze, ale jedna z Tvojich t\u00e9m v\u017edy bola, ako v Kub\u00edne zlep\u0161i\u0165 podmienky pre kanoistiku. A nielen, \u017ee si o nich hovoril, ale ve\u013ea si pre vec aj urobil. Viem, \u017ee v\u0161etko, \u010do sa tu deje, teraz zhora pozorne vn\u00edma\u0161. Posielam Ti 2 fotografie zo slalomovej trate v G\u00e4celi: jednu z minulosti a druh\u00fa zo s\u00fa\u010dasnosti. T\u00e1 druh\u00e1 nepotrebuje \u017eiaden koment\u00e1r. Jasne na nej vidie\u0165 v\u0161etko, \u010do Tvoji nasledovn\u00edci, ako pracovit\u00e9 v\u010deli\u010dky, dok\u00e1zali vytvori\u0165 za jeden jedin\u00fd rok. M\u00f4\u017ee\u0161 by\u0165 spokojn\u00fd, Tvoj sen sa aj po tejto str\u00e1nke nap\u013a\u0148a. V\u0161etko je tak ako m\u00e1 by\u0165. Tvoji synovia Ma\u0165o st. a Miro ml. s\u00fa na dobrej ceste. \u00daspe\u0161ne pracuj\u00fa pre na\u0161u Sekciu divok\u00fdch v\u00f4d SK, aj pre vlastn\u00fd klub. Podobne Tvoji vnuci Ma\u0165o ml. a Jakub, doned\u00e1vna reprezentanti SR s\u00fa tie\u017e mimoriadne akt\u00edvni a u\u017eito\u010dn\u00ed pre sekciu i klub \u0160KPDK. A Tvoja vnu\u010dka Soni\u010dka pod veden\u00edm Tvojho syna Pi\u0165a \u00faspe\u0161ne hviezdi ako 3v1. Reprezentuje SR v kateg\u00f3ri\u00e1ch C1, aj K1 a najnov\u0161ie aj v novej olympijskej discipl\u00edne kajak kros.\u00a0<\/p>\n<p>Aj minul\u00fd v\u00edkend v spomienkov\u00fdch pretekoch na Teba a Slovenskom poh\u00e1ri v slalome 4x vyhrala v\u0161etko, \u010do sa jej len vyhra\u0165 dalo, tak v kanoe, ako aj v kajaku.\u00a0<\/p>\n<p>Miro, m\u00e1lokto vie, \u017ee Ty si bol aj \u010dlenom \u010deskoslovensk\u00e9ho realiza\u010dn\u00e9ho t\u00edmu reprezenta\u010dn\u00e9ho dru\u017estva juniorov, kde si p\u00f4sobil ako tr\u00e9ner kajak\u00e1rov v sl\u00e1vnej \u00e9re \u00faspe\u0161n\u00fdch juniorov, medzi ktor\u00fdmi bol vtedy aj Tvoj syn Ma\u0165o (teraj\u0161\u00ed predseda sekcie divok\u00fdch v\u00f4d SK). Priviedol si k vode aj svoju najmlad\u0161iu dc\u00e9ru Katar\u00ednku, ktor\u00e1 bola akt\u00edvnou pretek\u00e1rkou Va\u0161ej b\u00fdvalej TJ Sl\u00e1via Doln\u00fd Kub\u00edn a to a\u017e do jej n\u00e1stupu na vysok\u00fa \u0161kolu. Vodn\u00fd slalom v\u0161ak aj potom ostal v jej srdci. V\u017edy sa rada vracala do lodenice na G\u00e4celi, aby sledovala preteky a v\u00fdkony Va\u0161ich vnukov Ma\u0165a ml., Jakuba, Soni\u010dky a Samuela. \u017dia\u013e po \u0165a\u017ekej chorobe V\u00e1s v lete roku 2022 nav\u017edy opustila.<\/p>\n<p>Bez zveli\u010dovania, Miro, Ty m\u00e1\u0161 najv\u00e4\u010d\u0161\u00ed podiel na tom, \u017ee v\u0161etci Tvoji potomkovia sa up\u00edsali kanoistike, \u017ee \u0148ou doslova \u017eij\u00fa. Som presved\u010den\u00fd, \u017ee raz aj Tvoji vnuci a vnu\u010dka bud\u00fa tak\u00fdm ist\u00fdm povzbuden\u00edm pre ich deti, aby sa aj tie rozhodli pokra\u010dova\u0165 v diele, ktor\u00e9 si Ty v Kub\u00edne za\u010dal a dlh\u00e9 roky v \u0148om napredoval.<\/p>\n<p>Tam hore je teraz u\u017e ve\u013emi siln\u00e1 zostava vod\u00e1kov, ktor\u00e1 by n\u00e1s mohla \u013eahko prehlasova\u0165, ak nebudeme seka\u0165 dobrotu. Nar\u00fdchlo spomeniem zo 20 mien: Lud\u011bk Bene\u0161, Ondrej a Vlado Cib\u00e1kovci, Ivan \u010cierny, Tonko Da\u0161tinsk\u00fd, Janko Doj\u010dan, man\u017eelia Harasztovci, Mari\u00e1n Havl\u00ed\u010dek, Emil Kada, Fredo Maurovi\u010d, Ivan Mikula, Pe\u0165o Nagy, Tonko Pajer, Janko Sla\u0161\u0165an, Tibor Smatu\u0161\u00edk, Miro Stanovsk\u00fd st., Jo\u017eko \u0160o\u0161ka, Peter Tandlich, Mil\u00e1n \u017d\u00e1k a mnoh\u00ed \u010fal\u0161\u00ed. Patr\u00ed medzi nich aj p\u00e1n Pupkaj, ktor\u00e9mu v\u0161etci v\u010fa\u010d\u00edme za kvalitn\u00e9 p\u00e1dla, ktor\u00e9 pre n\u00e1s vyr\u00e1bal. Bez nich by sme videli len pl\u00e1vaj\u00face triesky na trati a slab\u00e9 v\u00fdsledky. \u010casto sa zam\u00fd\u0161\u013eam nad t\u00fdm, \u017ee keby ste Vy v\u0161etci na\u0161i dobr\u00ed kamar\u00e1ti nemuseli od\u00eds\u0165, ak\u00ed by ste boli teraz v roliach tr\u00e9nerov, rozhodcov, \u010dinovn\u00edkov \u010di v riadiacich funkci\u00e1ch&#8230;<\/p>\n<p>Mil\u00fd Miro, s\u013eubujem Ti a tie\u017e v\u0161etk\u00fdm tam hore, \u017ee ako doteraz, budem v pr\u00edpade potreby aj na\u010falej pripom\u00edna\u0165 okoliu, aby sme sa tu nedelili na rovn\u00fdch a rovnej\u0161\u00edch, na siln\u00e9 a in\u00e9 kmene. To preto, lebo si mus\u00edme v\u00e1\u017ei\u0165 ka\u017ed\u00fa \u010dlenku a \u010dlena, ka\u017ed\u00fd klub bez oh\u013eadu na jeho ve\u013ekos\u0165, v\u00fdkonnos\u0165 a priority v na\u0161om hnut\u00ed.<\/p>\n<p>B\u00fdva trad\u00edciou, \u017ee Sekcia divok\u00fdch v\u00f4d Slovenskej kanoistiky si ka\u017edoro\u010dne na podujat\u00ed Kanoista roka uctieva v\u00fdznamn\u00e9 osobnosti hnutia ich uveden\u00edm do Siene sl\u00e1vy. Ty, Miro, si zanechal nezmazate\u013en\u00fa stopu a \u00faspe\u0161ne si sa tie\u017e zap\u00edsal do hist\u00f3rie slovenskej kanoistiky. Pre Tvoj obrovsk\u00fd podiel na rozvoji na\u0161ej kanoistiky si tak\u00fa pozornos\u0165 a poctu ur\u010dite aj Ty zasl\u00fa\u017ei\u0161.<\/p>\n<p>Odpo\u010d\u00edvaj na\u010falej v pokoji.<\/p>\n<p>Tvoj kamar\u00e1t Vojto Poto\u010dn\u00fd&#8221;<\/p>\n<p><em>Venovan\u00e9 Mirovi Stanovsk\u00e9mu st.<\/em><\/p>\n<p>\t\t\t\t\t\t\t\t\t\t\t\t\t<img loading=\"lazy\" decoding=\"async\" width=\"473\" height=\"1024\" src=\"http:\/\/hronvodackymaraton.sk\/wp-content\/uploads\/2024\/04\/image-14-473x1024.jpg\" alt=\"\" srcset=\"https:\/\/hronvodackymaraton.sk\/wp-content\/uploads\/2024\/04\/image-14-473x1024.jpg 473w, https:\/\/hronvodackymaraton.sk\/wp-content\/uploads\/2024\/04\/image-14-139x300.jpg 139w, https:\/\/hronvodackymaraton.sk\/wp-content\/uploads\/2024\/04\/image-14-709x1536.jpg 709w, https:\/\/hronvodackymaraton.sk\/wp-content\/uploads\/2024\/04\/image-14.jpg 739w\" sizes=\"auto, (max-width: 473px) 100vw, 473px\" \/><br \/>\n\t\t\t\t\t\t\t\t\t\t\t\t\t<img loading=\"lazy\" decoding=\"async\" width=\"640\" height=\"344\" src=\"http:\/\/hronvodackymaraton.sk\/wp-content\/uploads\/2024\/04\/unnamed.jpg\" alt=\"\" srcset=\"https:\/\/hronvodackymaraton.sk\/wp-content\/uploads\/2024\/04\/unnamed.jpg 1000w, https:\/\/hronvodackymaraton.sk\/wp-content\/uploads\/2024\/04\/unnamed-300x161.jpg 300w, https:\/\/hronvodackymaraton.sk\/wp-content\/uploads\/2024\/04\/unnamed-768x413.jpg 768w\" sizes=\"auto, (max-width: 640px) 100vw, 640px\" \/><br \/>\n\t\t\t\t\t\t\t\t\t\t\t\t\t<img loading=\"lazy\" decoding=\"async\" width=\"640\" height=\"427\" src=\"http:\/\/hronvodackymaraton.sk\/wp-content\/uploads\/2024\/04\/DSC_4208-1024x683.jpg\" alt=\"\" srcset=\"https:\/\/hronvodackymaraton.sk\/wp-content\/uploads\/2024\/04\/DSC_4208-1024x683.jpg 1024w, https:\/\/hronvodackymaraton.sk\/wp-content\/uploads\/2024\/04\/DSC_4208-300x200.jpg 300w, https:\/\/hronvodackymaraton.sk\/wp-content\/uploads\/2024\/04\/DSC_4208-768x512.jpg 768w, https:\/\/hronvodackymaraton.sk\/wp-content\/uploads\/2024\/04\/DSC_4208-1536x1025.jpg 1536w, https:\/\/hronvodackymaraton.sk\/wp-content\/uploads\/2024\/04\/DSC_4208-2048x1367.jpg 2048w\" sizes=\"auto, (max-width: 640px) 100vw, 640px\" \/><br \/>\n\t\t\t\t\t\t\t\t\t\t\t\t\t<img loading=\"lazy\" decoding=\"async\" width=\"640\" height=\"427\" src=\"http:\/\/hronvodackymaraton.sk\/wp-content\/uploads\/2024\/04\/DSC_4144-1024x683.jpg\" alt=\"\" srcset=\"https:\/\/hronvodackymaraton.sk\/wp-content\/uploads\/2024\/04\/DSC_4144-1024x683.jpg 1024w, https:\/\/hronvodackymaraton.sk\/wp-content\/uploads\/2024\/04\/DSC_4144-300x200.jpg 300w, https:\/\/hronvodackymaraton.sk\/wp-content\/uploads\/2024\/04\/DSC_4144-768x512.jpg 768w, https:\/\/hronvodackymaraton.sk\/wp-content\/uploads\/2024\/04\/DSC_4144-1536x1025.jpg 1536w, https:\/\/hronvodackymaraton.sk\/wp-content\/uploads\/2024\/04\/DSC_4144-2048x1367.jpg 2048w\" sizes=\"auto, (max-width: 640px) 100vw, 640px\" \/><\/p>\n","protected":false},"excerpt":{"rendered":"<p>&#8220;Ahoj, Miro, aj ke\u010f si sa pred 9 rokmi 11. apr\u00edla 2015 vo veku 70 rokov od svojich najbli\u017e\u0161\u00edch a od n\u00e1s kamar\u00e1tov &#8211;&#8230;<\/p>\n","protected":false},"author":3,"featured_media":996,"comment_status":"open","ping_status":"open","sticky":false,"template":"","format":"standard","meta":{"_eb_attr":"","_mi_skip_tracking":false,"footnotes":""},"categories":[1],"tags":[],"class_list":["post-987","post","type-post","status-publish","format-standard","has-post-thumbnail","hentry","category-nezaradene"],"yoast_head":"<!-- This site is optimized with the Yoast SEO plugin v21.0 - https:\/\/yoast.com\/wordpress\/plugins\/seo\/ -->\n<title>Zrekon\u0161truovan\u00fd vod\u00e1cky are\u00e1l na Orave v G\u00e4celi - hronmaraton.sk<\/title>\n<meta name=\"robots\" content=\"index, follow, max-snippet:-1, max-image-preview:large, max-video-preview:-1\" \/>\n<link rel=\"canonical\" href=\"https:\/\/hronvodackymaraton.sk\/987-2\/\" \/>\n<meta property=\"og:locale\" content=\"sk_SK\" \/>\n<meta property=\"og:type\" content=\"article\" \/>\n<meta property=\"og:title\" content=\"Zrekon\u0161truovan\u00fd vod\u00e1cky are\u00e1l na Orave v G\u00e4celi - hronmaraton.sk\" \/>\n<meta property=\"og:description\" content=\"&#8220;Ahoj, Miro, aj ke\u010f si sa pred 9 rokmi 11. apr\u00edla 2015 vo veku 70 rokov od svojich najbli\u017e\u0161\u00edch a od n\u00e1s kamar\u00e1tov &#8211;...\" \/>\n<meta property=\"og:url\" content=\"https:\/\/hronvodackymaraton.sk\/987-2\/\" \/>\n<meta property=\"og:site_name\" content=\"hronmaraton.sk\" \/>\n<meta property=\"article:published_time\" content=\"2024-04-19T04:10:55+00:00\" \/>\n<meta property=\"article:modified_time\" content=\"2024-04-25T19:12:50+00:00\" \/>\n<meta property=\"og:image\" content=\"https:\/\/hronvodackymaraton.sk\/wp-content\/uploads\/2024\/04\/unnamed-orez.jpg\" \/>\n\t<meta property=\"og:image:width\" content=\"1000\" \/>\n\t<meta property=\"og:image:height\" content=\"293\" \/>\n\t<meta property=\"og:image:type\" content=\"image\/jpeg\" \/>\n<meta name=\"author\" content=\"Snowski61\" \/>\n<meta name=\"twitter:card\" content=\"summary_large_image\" \/>\n<meta name=\"twitter:label1\" content=\"Autor\" \/>\n\t<meta name=\"twitter:data1\" content=\"Snowski61\" \/>\n\t<meta name=\"twitter:label2\" content=\"Predpokladan\u00fd \u010das \u010d\u00edtania\" \/>\n\t<meta name=\"twitter:data2\" content=\"6 min\u00fat\" \/>\n<script type=\"application\/ld+json\" class=\"yoast-schema-graph\">{\"@context\":\"https:\/\/schema.org\",\"@graph\":[{\"@type\":\"WebPage\",\"@id\":\"https:\/\/hronvodackymaraton.sk\/987-2\/\",\"url\":\"https:\/\/hronvodackymaraton.sk\/987-2\/\",\"name\":\"Zrekon\u0161truovan\u00fd vod\u00e1cky are\u00e1l na Orave v G\u00e4celi - hronmaraton.sk\",\"isPartOf\":{\"@id\":\"https:\/\/hronvodackymaraton.sk\/#website\"},\"datePublished\":\"2024-04-19T04:10:55+00:00\",\"dateModified\":\"2024-04-25T19:12:50+00:00\",\"author\":{\"@id\":\"https:\/\/hronvodackymaraton.sk\/#\/schema\/person\/c03a472907933352b2f30940e40b0f54\"},\"breadcrumb\":{\"@id\":\"https:\/\/hronvodackymaraton.sk\/987-2\/#breadcrumb\"},\"inLanguage\":\"sk-SK\",\"potentialAction\":[{\"@type\":\"ReadAction\",\"target\":[\"https:\/\/hronvodackymaraton.sk\/987-2\/\"]}]},{\"@type\":\"BreadcrumbList\",\"@id\":\"https:\/\/hronvodackymaraton.sk\/987-2\/#breadcrumb\",\"itemListElement\":[{\"@type\":\"ListItem\",\"position\":1,\"name\":\"Home\",\"item\":\"https:\/\/hronvodackymaraton.sk\/\"},{\"@type\":\"ListItem\",\"position\":2,\"name\":\"Zrekon\u0161truovan\u00fd vod\u00e1cky are\u00e1l na Orave v G\u00e4celi\"}]},{\"@type\":\"WebSite\",\"@id\":\"https:\/\/hronvodackymaraton.sk\/#website\",\"url\":\"https:\/\/hronvodackymaraton.sk\/\",\"name\":\"hronmaraton.sk\",\"description\":\"O cenu olympionika Mari\u00e1na Havl\u00ed\u010dka\",\"potentialAction\":[{\"@type\":\"SearchAction\",\"target\":{\"@type\":\"EntryPoint\",\"urlTemplate\":\"https:\/\/hronvodackymaraton.sk\/?s={search_term_string}\"},\"query-input\":\"required name=search_term_string\"}],\"inLanguage\":\"sk-SK\"},{\"@type\":\"Person\",\"@id\":\"https:\/\/hronvodackymaraton.sk\/#\/schema\/person\/c03a472907933352b2f30940e40b0f54\",\"name\":\"Snowski61\",\"url\":\"https:\/\/d.r4.wbsprt.com\/hronvodackymaraton.sk\/author\/snowski61\/\"}]}<\/script>\n<!-- \/ Yoast SEO plugin. -->","yoast_head_json":{"title":"Zrekon\u0161truovan\u00fd vod\u00e1cky are\u00e1l na Orave v G\u00e4celi - hronmaraton.sk","robots":{"index":"index","follow":"follow","max-snippet":"max-snippet:-1","max-image-preview":"max-image-preview:large","max-video-preview":"max-video-preview:-1"},"canonical":"https:\/\/hronvodackymaraton.sk\/987-2\/","og_locale":"sk_SK","og_type":"article","og_title":"Zrekon\u0161truovan\u00fd vod\u00e1cky are\u00e1l na Orave v G\u00e4celi - hronmaraton.sk","og_description":"&#8220;Ahoj, Miro, aj ke\u010f si sa pred 9 rokmi 11. apr\u00edla 2015 vo veku 70 rokov od svojich najbli\u017e\u0161\u00edch a od n\u00e1s kamar\u00e1tov &#8211;...","og_url":"https:\/\/hronvodackymaraton.sk\/987-2\/","og_site_name":"hronmaraton.sk","article_published_time":"2024-04-19T04:10:55+00:00","article_modified_time":"2024-04-25T19:12:50+00:00","og_image":[{"width":1000,"height":293,"url":"https:\/\/hronvodackymaraton.sk\/wp-content\/uploads\/2024\/04\/unnamed-orez.jpg","type":"image\/jpeg"}],"author":"Snowski61","twitter_card":"summary_large_image","twitter_misc":{"Autor":"Snowski61","Predpokladan\u00fd \u010das \u010d\u00edtania":"6 min\u00fat"},"schema":{"@context":"https:\/\/schema.org","@graph":[{"@type":"WebPage","@id":"https:\/\/hronvodackymaraton.sk\/987-2\/","url":"https:\/\/hronvodackymaraton.sk\/987-2\/","name":"Zrekon\u0161truovan\u00fd vod\u00e1cky are\u00e1l na Orave v G\u00e4celi - hronmaraton.sk","isPartOf":{"@id":"https:\/\/hronvodackymaraton.sk\/#website"},"datePublished":"2024-04-19T04:10:55+00:00","dateModified":"2024-04-25T19:12:50+00:00","author":{"@id":"https:\/\/hronvodackymaraton.sk\/#\/schema\/person\/c03a472907933352b2f30940e40b0f54"},"breadcrumb":{"@id":"https:\/\/hronvodackymaraton.sk\/987-2\/#breadcrumb"},"inLanguage":"sk-SK","potentialAction":[{"@type":"ReadAction","target":["https:\/\/hronvodackymaraton.sk\/987-2\/"]}]},{"@type":"BreadcrumbList","@id":"https:\/\/hronvodackymaraton.sk\/987-2\/#breadcrumb","itemListElement":[{"@type":"ListItem","position":1,"name":"Home","item":"https:\/\/hronvodackymaraton.sk\/"},{"@type":"ListItem","position":2,"name":"Zrekon\u0161truovan\u00fd vod\u00e1cky are\u00e1l na Orave v G\u00e4celi"}]},{"@type":"WebSite","@id":"https:\/\/hronvodackymaraton.sk\/#website","url":"https:\/\/hronvodackymaraton.sk\/","name":"hronmaraton.sk","description":"O cenu olympionika Mari\u00e1na Havl\u00ed\u010dka","potentialAction":[{"@type":"SearchAction","target":{"@type":"EntryPoint","urlTemplate":"https:\/\/hronvodackymaraton.sk\/?s={search_term_string}"},"query-input":"required name=search_term_string"}],"inLanguage":"sk-SK"},{"@type":"Person","@id":"https:\/\/hronvodackymaraton.sk\/#\/schema\/person\/c03a472907933352b2f30940e40b0f54","name":"Snowski61","url":"https:\/\/d.r4.wbsprt.com\/hronvodackymaraton.sk\/author\/snowski61\/"}]}},"_links":{"self":[{"href":"https:\/\/d.r4.wbsprt.com\/hronvodackymaraton.sk\/wp-json\/wp\/v2\/posts\/987","targetHints":{"allow":["GET"]}}],"collection":[{"href":"https:\/\/d.r4.wbsprt.com\/hronvodackymaraton.sk\/wp-json\/wp\/v2\/posts"}],"about":[{"href":"https:\/\/d.r4.wbsprt.com\/hronvodackymaraton.sk\/wp-json\/wp\/v2\/types\/post"}],"author":[{"embeddable":true,"href":"https:\/\/d.r4.wbsprt.com\/hronvodackymaraton.sk\/wp-json\/wp\/v2\/users\/3"}],"replies":[{"embeddable":true,"href":"https:\/\/d.r4.wbsprt.com\/hronvodackymaraton.sk\/wp-json\/wp\/v2\/comments?post=987"}],"version-history":[{"count":6,"href":"https:\/\/d.r4.wbsprt.com\/hronvodackymaraton.sk\/wp-json\/wp\/v2\/posts\/987\/revisions"}],"predecessor-version":[{"id":1109,"href":"https:\/\/d.r4.wbsprt.com\/hronvodackymaraton.sk\/wp-json\/wp\/v2\/posts\/987\/revisions\/1109"}],"wp:featuredmedia":[{"embeddable":true,"href":"https:\/\/d.r4.wbsprt.com\/hronvodackymaraton.sk\/wp-json\/wp\/v2\/media\/996"}],"wp:attachment":[{"href":"https:\/\/d.r4.wbsprt.com\/hronvodackymaraton.sk\/wp-json\/wp\/v2\/media?parent=987"}],"wp:term":[{"taxonomy":"category","embeddable":true,"href":"https:\/\/d.r4.wbsprt.com\/hronvodackymaraton.sk\/wp-json\/wp\/v2\/categories?post=987"},{"taxonomy":"post_tag","embeddable":true,"href":"https:\/\/d.r4.wbsprt.com\/hronvodackymaraton.sk\/wp-json\/wp\/v2\/tags?post=987"}],"curies":[{"name":"wp","href":"https:\/\/api.w.org\/{rel}","templated":true}]}}