{"id":1040,"date":"2025-10-30T17:55:00","date_gmt":"2025-10-30T16:55:00","guid":{"rendered":"https:\/\/d.r4.wbsprt.com\/janamozici.cz\/?p=1040"},"modified":"2026-06-17T17:55:58","modified_gmt":"2026-06-17T15:55:58","slug":"zivotni-situace-kdy-dava-smysl-prodat-nemovitost","status":"publish","type":"post","link":"https:\/\/d.r4.wbsprt.com\/janamozici.cz\/zivotni-situace-kdy-dava-smysl-prodat-nemovitost\/","title":{"rendered":"\u017divotn\u00ed situace, kdy d\u00e1v\u00e1 smysl prodat nemovitost"},"content":{"rendered":"\n<p class=\"wp-block-paragraph\">Zm\u011bny k&nbsp;\u017eivotu pat\u0159\u00ed a&nbsp;stejn\u011b tak i&nbsp;zm\u011bny v&nbsp;bydlen\u00ed. N\u011bkdy p\u0159ijde moment, kdy u\u017e nemovitost p\u0159estane odpov\u00eddat tomu, co od \u017eivota chceme nebo pot\u0159ebujeme. A&nbsp;tehdy nast\u00e1v\u00e1 ot\u00e1zka, zda nen\u00ed \u010das ud\u011blat krok vp\u0159ed a&nbsp;nemovitost prodat. Pod\u00edvejte se na p\u0159ehled nej\u010dast\u011bj\u0161\u00edch situac\u00ed, kdy d\u00e1v\u00e1 prodej smysl, a&nbsp;zjist\u011bte, \u017ee se nen\u00ed \u010deho b\u00e1t.<\/p>\n\n\n\n<p class=\"wp-block-paragraph\"><strong>\u017divot se m\u011bn\u00ed a&nbsp;s&nbsp;n\u00edm i&nbsp;na\u0161e bydlen\u00ed<\/strong><\/p>\n\n\n\n<p class=\"wp-block-paragraph\">Ka\u017ed\u00fd z&nbsp;n\u00e1s proch\u00e1z\u00ed v&nbsp;\u017eivot\u011b r\u016fzn\u00fdmi etapami a&nbsp;s&nbsp;nimi p\u0159ich\u00e1zej\u00ed nov\u00e9 pot\u0159eby, priority i&nbsp;mo\u017enosti. Co n\u00e1m d\u0159\u00edv vyhovovalo, m\u016f\u017ee najednou p\u0159estat d\u00e1vat smysl. A&nbsp;pr\u00e1v\u011b tehdy m\u016f\u017ee b\u00fdt prodej nemovitosti p\u0159irozen\u00fdm krokem. Nikoli nutnost\u00ed, ale volbou, kter\u00e1 otev\u00edr\u00e1 nov\u00e9 dve\u0159e.<\/p>\n\n\n\n<p class=\"wp-block-paragraph\">Jedn\u00edm z&nbsp;\u010dast\u00fdch d\u016fvod\u016f je st\u011bhov\u00e1n\u00ed kv\u016fli pr\u00e1ci nebo rodin\u011b. A\u0165 u\u017e jde o&nbsp;novou pracovn\u00ed p\u0159\u00edle\u017eitost v&nbsp;jin\u00e9m m\u011bst\u011b nebo t\u0159eba rozhodnut\u00ed spojit \u017eivot s&nbsp;partnerem \u010di partnerkou, b\u00fdv\u00e1 zm\u011bna bydlen\u00ed logick\u00fdm pokra\u010dov\u00e1n\u00edm. Podobn\u011b i&nbsp;rozchod nebo rozvod \u010dasto znamenaj\u00ed pot\u0159ebu za\u010d\u00edt znovu, samostatn\u011b a&nbsp;bez zbyte\u010dn\u00e9 z\u00e1t\u011b\u017ee.<\/p>\n\n\n\n<p class=\"wp-block-paragraph\">D\u011bdictv\u00ed je dal\u0161\u00ed situac\u00ed, kdy \u010dlov\u011bk n\u00e1hle vlastn\u00ed nemovitost, se kterou t\u0159eba v\u016fbec nepo\u010d\u00edtal. Pokud se nehod\u00ed pro vlastn\u00ed bydlen\u00ed nebo je zat\u00ed\u017eena n\u00e1klady, m\u016f\u017ee b\u00fdt prodej tou nejsnaz\u0161\u00ed cestou. \u010casto se s&nbsp;takovou situac\u00ed poj\u00ed i&nbsp;siln\u00e9 emoce, a&nbsp;pr\u00e1v\u011b proto je dobr\u00e9 m\u00edt po ruce n\u011bkoho, kdo v\u00e1s provede cel\u00fdm procesem s&nbsp;pochopen\u00edm a&nbsp;nadhledem.<\/p>\n\n\n\n<p class=\"wp-block-paragraph\">Pak tu m\u00e1me d\u011bti, kter\u00e9 vyrostly a&nbsp;osamostatnily se. D\u016fm, kter\u00fd kdysi \u017eil rodinn\u00fdm \u017eivotem, m\u016f\u017ee najednou p\u016fsobit pr\u00e1zdn\u011b a&nbsp;p\u0159ijde n\u00e1m zbyte\u010dn\u011b velk\u00fd. V&nbsp;tu chv\u00edli je na m\u00edst\u011b uva\u017eovat o&nbsp;prodeji a&nbsp;po\u0159\u00edzen\u00ed men\u0161\u00edho, \u00fatuln\u011bj\u0161\u00edho bydlen\u00ed, kter\u00e9 bude l\u00e9pe odpov\u00eddat na\u0161im aktu\u00e1ln\u00edm pot\u0159eb\u00e1m.<\/p>\n\n\n\n<p class=\"wp-block-paragraph\">\u017divotn\u00ed zm\u011bny jsou norm\u00e1ln\u00ed. A&nbsp;rozhodnut\u00ed prodat nemovitost by nikdy nem\u011blo b\u00fdt vn\u00edm\u00e1no jako rezignace. Naopak, \u010dasto je to za\u010d\u00e1tek nov\u00e9 a&nbsp;lep\u0161\u00ed kapitoly.<\/p>\n\n\n\n<p class=\"wp-block-paragraph\"><strong>Kdy\u017e nemovitost p\u0159estane d\u00e1vat smysl ekonomicky i&nbsp;prakticky<\/strong><\/p>\n\n\n\n<p class=\"wp-block-paragraph\">N\u011bkdy nemus\u00ed b\u00fdt d\u016fvod k&nbsp;prodeji spojen\u00fd s&nbsp;velkou \u017eivotn\u00ed zm\u011bnou. Sta\u010d\u00ed, \u017ee se nemovitost jednodu\u0161e p\u0159estane vypl\u00e1cet. A\u0165 u\u017e jde o&nbsp;vysok\u00e9 provozn\u00ed n\u00e1klady, n\u00e1ro\u010dnou \u00fadr\u017ebu nebo nevyu\u017eit\u00fd prostor, prodej m\u016f\u017ee b\u00fdt v&nbsp;tomto p\u0159\u00edpad\u011b racion\u00e1ln\u00edm a&nbsp;zodpov\u011bdn\u00fdm rozhodnut\u00edm.<\/p>\n\n\n\n<p class=\"wp-block-paragraph\">Typick\u00fdm p\u0159\u00edkladem je d\u016fm, kter\u00fd se \u010dasem stal p\u0159\u00edli\u0161 n\u00e1ro\u010dn\u00fdm, t\u0159eba energeticky nebo technicky. \u010c\u00edm star\u0161\u00ed nemovitost, t\u00edm v\u00edce \u010dasu, pen\u011bz a&nbsp;energie stoj\u00ed jej\u00ed \u00fadr\u017eba. Pokud u\u017e nem\u00e1me chu\u0165 ani s\u00edlu do dal\u0161\u00edch oprav, je naprosto v&nbsp;po\u0159\u00e1dku uva\u017eovat o&nbsp;zm\u011bn\u011b. A&nbsp;to klidn\u011b i&nbsp;v&nbsp;p\u0159\u00edpad\u011b, \u017ee jsme do domu kdysi investovali spoustu energie. Ob\u010das je nejlep\u0161\u00ed investic\u00ed pustit minulost a&nbsp;zam\u011b\u0159it se na budoucnost.<\/p>\n\n\n\n<p class=\"wp-block-paragraph\">U&nbsp;investi\u010dn\u00edch nemovitost\u00ed pak hraje roli v\u00fdnosnost. Pokud pron\u00e1jem p\u0159in\u00e1\u0161\u00ed \u010d\u00edm d\u00e1l men\u0161\u00ed zisk nebo se m\u011bn\u00ed situace na trhu, m\u016f\u017ee b\u00fdt vhodn\u00e9 vyu\u017e\u00edt dobr\u00e9ho momentu a&nbsp;nemovitost prodat. Stejn\u011b tak, kdy\u017e u\u017e \u010dlov\u011bk nem\u00e1 \u010das nebo kapacitu se o&nbsp;nemovitost aktivn\u011b starat, nen\u00ed ostuda p\u0159edat ji d\u00e1l n\u011bkomu, kdo ji l\u00e9pe vyu\u017eije.<\/p>\n\n\n\n<p class=\"wp-block-paragraph\">Dal\u0161\u00ed \u010dast\u00fd d\u016fvod je zm\u011bna pot\u0159eb. T\u0159\u00edpokojov\u00fd byt m\u016f\u017ee b\u00fdt zbyte\u010dn\u011b velk\u00fd pro jednoho \u010dlov\u011bka, stejn\u011b jako dvougarsonka nemus\u00ed sta\u010dit rostouc\u00ed rodin\u011b. N\u011bkdy u\u017e prost\u011b dispozice nebo lokalita neodpov\u00eddaj\u00ed tomu, co od \u017eivota o\u010dek\u00e1v\u00e1me. A&nbsp;i&nbsp;kdy\u017e jsme si domov kdysi zamilovali, m\u016f\u017eeme se s&nbsp;n\u00edm s&nbsp;klidem rozlou\u010dit, proto\u017ee v\u00edme, \u017ee n\u00e1s \u010dek\u00e1 n\u011bco nov\u00e9ho. Prodat nemovitost ve chv\u00edli, kdy p\u0159est\u00e1v\u00e1 b\u00fdt oporou a&nbsp;st\u00e1v\u00e1 se p\u0159\u00edt\u011b\u017e\u00ed, nen\u00ed slabost. Je to naopak s\u00edla, schopnost rozpoznat, co opravdu pot\u0159ebujeme, a&nbsp;odvaha si za t\u00edm j\u00edt.<\/p>\n\n\n\n<p class=\"wp-block-paragraph\">Rozhodnut\u00ed prodat nemovitost nen\u00ed v\u017edy jednoduch\u00e9, ale m\u016f\u017ee b\u00fdt osvobozuj\u00edc\u00ed. A\u0165 u\u017e v\u00e1s k&nbsp;tomu vedou emoce, zm\u011bna \u017eivotn\u00ed situace nebo \u010dist\u011b praktick\u00e9 d\u016fvody, nejste na to sami. Pokud se pr\u00e1v\u011b nach\u00e1z\u00edte v&nbsp;bod\u011b, kdy p\u0159em\u00fd\u0161l\u00edte nad t\u00edmto krokem, nev\u00e1hejte m\u011b kontaktovat prost\u0159ednictv\u00edm \u00fadaj\u016f na tomto webu. Spole\u010dn\u011b najdeme to nejlep\u0161\u00ed \u0159e\u0161en\u00ed, kter\u00e9 v\u00e1s posune d\u00e1l.<\/p>\n","protected":false},"excerpt":{"rendered":"<p>Zm\u011bny k&nbsp;\u017eivotu pat\u0159\u00ed a&nbsp;stejn\u011b tak i&nbsp;zm\u011bny v&nbsp;bydlen\u00ed. N\u011bkdy p\u0159ijde moment, kdy u\u017e nemovitost p\u0159estane odpov\u00eddat tomu, co od \u017eivota chceme nebo pot\u0159ebujeme. A&nbsp;tehdy nast\u00e1v\u00e1 ot\u00e1zka, zda nen\u00ed \u010das ud\u011blat krok vp\u0159ed a&nbsp;nemovitost prodat. Pod\u00edvejte se na p\u0159ehled nej\u010dast\u011bj\u0161\u00edch situac\u00ed, kdy d\u00e1v\u00e1 prodej smysl, a&nbsp;zjist\u011bte, \u017ee se nen\u00ed \u010deho b\u00e1t. \u017divot se m\u011bn\u00ed a&nbsp;s&nbsp;n\u00edm i&nbsp;na\u0161e bydlen\u00ed [&hellip;]<\/p>\n","protected":false},"author":1,"featured_media":1041,"comment_status":"closed","ping_status":"closed","sticky":false,"template":"","format":"standard","meta":{"_acf_changed":false,"pgc_sgb_lightbox_settings":"","footnotes":""},"categories":[13],"tags":[],"class_list":["post-1040","post","type-post","status-publish","format-standard","has-post-thumbnail","hentry","category-clanky"],"acf":[],"yoast_head":"<!-- This site is optimized with the Yoast SEO plugin v28.2 - https:\/\/yoast.com\/product\/yoast-seo-wordpress\/ -->\n<title>\u017divotn\u00ed situace, kdy d\u00e1v\u00e1 smysl prodat nemovitost - Jana Mozici - Realitni makl\u00e9\u0159ka<\/title>\n<meta name=\"robots\" content=\"index, follow, max-snippet:-1, max-image-preview:large, max-video-preview:-1\" \/>\n<link rel=\"canonical\" href=\"https:\/\/d.r4.wbsprt.com\/janamozici.cz\/zivotni-situace-kdy-dava-smysl-prodat-nemovitost\/\" \/>\n<meta property=\"og:locale\" content=\"cs_CZ\" \/>\n<meta property=\"og:type\" content=\"article\" \/>\n<meta property=\"og:title\" content=\"\u017divotn\u00ed situace, kdy d\u00e1v\u00e1 smysl prodat nemovitost - Jana Mozici - Realitni makl\u00e9\u0159ka\" \/>\n<meta property=\"og:description\" content=\"Zm\u011bny k&nbsp;\u017eivotu pat\u0159\u00ed a&nbsp;stejn\u011b tak i&nbsp;zm\u011bny v&nbsp;bydlen\u00ed. N\u011bkdy p\u0159ijde moment, kdy u\u017e nemovitost p\u0159estane odpov\u00eddat tomu, co od \u017eivota chceme nebo pot\u0159ebujeme. A&nbsp;tehdy nast\u00e1v\u00e1 ot\u00e1zka, zda nen\u00ed \u010das ud\u011blat krok vp\u0159ed a&nbsp;nemovitost prodat. Pod\u00edvejte se na p\u0159ehled nej\u010dast\u011bj\u0161\u00edch situac\u00ed, kdy d\u00e1v\u00e1 prodej smysl, a&nbsp;zjist\u011bte, \u017ee se nen\u00ed \u010deho b\u00e1t. \u017divot se m\u011bn\u00ed a&nbsp;s&nbsp;n\u00edm i&nbsp;na\u0161e bydlen\u00ed [&hellip;]\" \/>\n<meta property=\"og:url\" content=\"https:\/\/d.r4.wbsprt.com\/janamozici.cz\/zivotni-situace-kdy-dava-smysl-prodat-nemovitost\/\" \/>\n<meta property=\"og:site_name\" content=\"Jana Mozici - Realitni makl\u00e9\u0159ka\" \/>\n<meta property=\"article:published_time\" content=\"2025-10-30T16:55:00+00:00\" \/>\n<meta property=\"article:modified_time\" content=\"2026-06-17T15:55:58+00:00\" \/>\n<meta property=\"og:image\" content=\"https:\/\/d.r4.wbsprt.com\/janamozici.cz\/wp-content\/uploads\/2026\/06\/5370.jpg\" \/>\n\t<meta property=\"og:image:width\" content=\"996\" \/>\n\t<meta property=\"og:image:height\" content=\"796\" \/>\n\t<meta property=\"og:image:type\" content=\"image\/jpeg\" \/>\n<meta name=\"author\" content=\"pavelignacek\" \/>\n<meta name=\"twitter:card\" content=\"summary_large_image\" \/>\n<meta name=\"twitter:label1\" content=\"Napsal(a)\" \/>\n\t<meta name=\"twitter:data1\" content=\"pavelignacek\" \/>\n\t<meta name=\"twitter:label2\" content=\"Odhadovan\u00e1 doba \u010dten\u00ed\" \/>\n\t<meta name=\"twitter:data2\" content=\"4 minuty\" \/>\n<script type=\"application\/ld+json\" class=\"yoast-schema-graph\">{\"@context\":\"https:\\\/\\\/schema.org\",\"@graph\":[{\"@type\":\"Article\",\"@id\":\"https:\\\/\\\/d.r4.wbsprt.com\\\/janamozici.cz\\\/zivotni-situace-kdy-dava-smysl-prodat-nemovitost\\\/#article\",\"isPartOf\":{\"@id\":\"https:\\\/\\\/d.r4.wbsprt.com\\\/janamozici.cz\\\/zivotni-situace-kdy-dava-smysl-prodat-nemovitost\\\/\"},\"author\":{\"name\":\"pavelignacek\",\"@id\":\"https:\\\/\\\/janamozici.cz\\\/#\\\/schema\\\/person\\\/a0c8271995d3088e738ca636e0ae15e8\"},\"headline\":\"\u017divotn\u00ed situace, kdy d\u00e1v\u00e1 smysl prodat nemovitost\",\"datePublished\":\"2025-10-30T16:55:00+00:00\",\"dateModified\":\"2026-06-17T15:55:58+00:00\",\"mainEntityOfPage\":{\"@id\":\"https:\\\/\\\/d.r4.wbsprt.com\\\/janamozici.cz\\\/zivotni-situace-kdy-dava-smysl-prodat-nemovitost\\\/\"},\"wordCount\":884,\"publisher\":{\"@id\":\"https:\\\/\\\/janamozici.cz\\\/#organization\"},\"image\":{\"@id\":\"https:\\\/\\\/d.r4.wbsprt.com\\\/janamozici.cz\\\/zivotni-situace-kdy-dava-smysl-prodat-nemovitost\\\/#primaryimage\"},\"thumbnailUrl\":\"https:\\\/\\\/d.r4.wbsprt.com\\\/janamozici.cz\\\/wp-content\\\/uploads\\\/2026\\\/06\\\/5370.jpg\",\"articleSection\":[\"\u010cL\u00c1NKY\"],\"inLanguage\":\"cs\"},{\"@type\":\"WebPage\",\"@id\":\"https:\\\/\\\/d.r4.wbsprt.com\\\/janamozici.cz\\\/zivotni-situace-kdy-dava-smysl-prodat-nemovitost\\\/\",\"url\":\"https:\\\/\\\/d.r4.wbsprt.com\\\/janamozici.cz\\\/zivotni-situace-kdy-dava-smysl-prodat-nemovitost\\\/\",\"name\":\"\u017divotn\u00ed situace, kdy d\u00e1v\u00e1 smysl prodat nemovitost - Jana Mozici - Realitni makl\u00e9\u0159ka\",\"isPartOf\":{\"@id\":\"https:\\\/\\\/janamozici.cz\\\/#website\"},\"primaryImageOfPage\":{\"@id\":\"https:\\\/\\\/d.r4.wbsprt.com\\\/janamozici.cz\\\/zivotni-situace-kdy-dava-smysl-prodat-nemovitost\\\/#primaryimage\"},\"image\":{\"@id\":\"https:\\\/\\\/d.r4.wbsprt.com\\\/janamozici.cz\\\/zivotni-situace-kdy-dava-smysl-prodat-nemovitost\\\/#primaryimage\"},\"thumbnailUrl\":\"https:\\\/\\\/d.r4.wbsprt.com\\\/janamozici.cz\\\/wp-content\\\/uploads\\\/2026\\\/06\\\/5370.jpg\",\"datePublished\":\"2025-10-30T16:55:00+00:00\",\"dateModified\":\"2026-06-17T15:55:58+00:00\",\"breadcrumb\":{\"@id\":\"https:\\\/\\\/d.r4.wbsprt.com\\\/janamozici.cz\\\/zivotni-situace-kdy-dava-smysl-prodat-nemovitost\\\/#breadcrumb\"},\"inLanguage\":\"cs\",\"potentialAction\":[{\"@type\":\"ReadAction\",\"target\":[\"https:\\\/\\\/d.r4.wbsprt.com\\\/janamozici.cz\\\/zivotni-situace-kdy-dava-smysl-prodat-nemovitost\\\/\"]}]},{\"@type\":\"ImageObject\",\"inLanguage\":\"cs\",\"@id\":\"https:\\\/\\\/d.r4.wbsprt.com\\\/janamozici.cz\\\/zivotni-situace-kdy-dava-smysl-prodat-nemovitost\\\/#primaryimage\",\"url\":\"https:\\\/\\\/d.r4.wbsprt.com\\\/janamozici.cz\\\/wp-content\\\/uploads\\\/2026\\\/06\\\/5370.jpg\",\"contentUrl\":\"https:\\\/\\\/d.r4.wbsprt.com\\\/janamozici.cz\\\/wp-content\\\/uploads\\\/2026\\\/06\\\/5370.jpg\",\"width\":996,\"height\":796},{\"@type\":\"BreadcrumbList\",\"@id\":\"https:\\\/\\\/d.r4.wbsprt.com\\\/janamozici.cz\\\/zivotni-situace-kdy-dava-smysl-prodat-nemovitost\\\/#breadcrumb\",\"itemListElement\":[{\"@type\":\"ListItem\",\"position\":1,\"name\":\"Dom\u016f\",\"item\":\"https:\\\/\\\/janamozici.cz\\\/\"},{\"@type\":\"ListItem\",\"position\":2,\"name\":\"\u017divotn\u00ed situace, kdy d\u00e1v\u00e1 smysl prodat nemovitost\"}]},{\"@type\":\"WebSite\",\"@id\":\"https:\\\/\\\/janamozici.cz\\\/#website\",\"url\":\"https:\\\/\\\/janamozici.cz\\\/\",\"name\":\"Jana Mozici - Realitni makl\u00e9\u0159ka\",\"description\":\"Realitn\u00ed makl\u00e9\u0159ka pro Chomutovsk\u00fd kraj\",\"publisher\":{\"@id\":\"https:\\\/\\\/janamozici.cz\\\/#organization\"},\"potentialAction\":[{\"@type\":\"SearchAction\",\"target\":{\"@type\":\"EntryPoint\",\"urlTemplate\":\"https:\\\/\\\/janamozici.cz\\\/?s={search_term_string}\"},\"query-input\":{\"@type\":\"PropertyValueSpecification\",\"valueRequired\":true,\"valueName\":\"search_term_string\"}}],\"inLanguage\":\"cs\"},{\"@type\":\"Organization\",\"@id\":\"https:\\\/\\\/janamozici.cz\\\/#organization\",\"name\":\"Jana Mozici - Realitni makl\u00e9\u0159ka\",\"url\":\"https:\\\/\\\/janamozici.cz\\\/\",\"logo\":{\"@type\":\"ImageObject\",\"inLanguage\":\"cs\",\"@id\":\"https:\\\/\\\/janamozici.cz\\\/#\\\/schema\\\/logo\\\/image\\\/\",\"url\":\"https:\\\/\\\/d.r4.wbsprt.com\\\/janamozici.cz\\\/wp-content\\\/uploads\\\/2026\\\/07\\\/cropped-favicon.png\",\"contentUrl\":\"https:\\\/\\\/d.r4.wbsprt.com\\\/janamozici.cz\\\/wp-content\\\/uploads\\\/2026\\\/07\\\/cropped-favicon.png\",\"width\":300,\"height\":300,\"caption\":\"Jana Mozici - Realitni makl\u00e9\u0159ka\"},\"image\":{\"@id\":\"https:\\\/\\\/janamozici.cz\\\/#\\\/schema\\\/logo\\\/image\\\/\"}},{\"@type\":\"Person\",\"@id\":\"https:\\\/\\\/janamozici.cz\\\/#\\\/schema\\\/person\\\/a0c8271995d3088e738ca636e0ae15e8\",\"name\":\"pavelignacek\",\"image\":{\"@type\":\"ImageObject\",\"inLanguage\":\"cs\",\"@id\":\"https:\\\/\\\/secure.gravatar.com\\\/avatar\\\/f1277ae3877a04db460fe45d0c550807b61b14883332acd3d3665c45a540a0c7?s=96&d=mm&r=g\",\"url\":\"https:\\\/\\\/secure.gravatar.com\\\/avatar\\\/f1277ae3877a04db460fe45d0c550807b61b14883332acd3d3665c45a540a0c7?s=96&d=mm&r=g\",\"contentUrl\":\"https:\\\/\\\/secure.gravatar.com\\\/avatar\\\/f1277ae3877a04db460fe45d0c550807b61b14883332acd3d3665c45a540a0c7?s=96&d=mm&r=g\",\"caption\":\"pavelignacek\"},\"sameAs\":[\"https:\\\/\\\/janamozici.cz\"],\"url\":\"https:\\\/\\\/d.r4.wbsprt.com\\\/janamozici.cz\\\/author\\\/pavelignacek\\\/\"}]}<\/script>\n<!-- \/ Yoast SEO plugin. -->","yoast_head_json":{"title":"\u017divotn\u00ed situace, kdy d\u00e1v\u00e1 smysl prodat nemovitost - Jana Mozici - Realitni makl\u00e9\u0159ka","robots":{"index":"index","follow":"follow","max-snippet":"max-snippet:-1","max-image-preview":"max-image-preview:large","max-video-preview":"max-video-preview:-1"},"canonical":"https:\/\/d.r4.wbsprt.com\/janamozici.cz\/zivotni-situace-kdy-dava-smysl-prodat-nemovitost\/","og_locale":"cs_CZ","og_type":"article","og_title":"\u017divotn\u00ed situace, kdy d\u00e1v\u00e1 smysl prodat nemovitost - Jana Mozici - Realitni makl\u00e9\u0159ka","og_description":"Zm\u011bny k&nbsp;\u017eivotu pat\u0159\u00ed a&nbsp;stejn\u011b tak i&nbsp;zm\u011bny v&nbsp;bydlen\u00ed. N\u011bkdy p\u0159ijde moment, kdy u\u017e nemovitost p\u0159estane odpov\u00eddat tomu, co od \u017eivota chceme nebo pot\u0159ebujeme. A&nbsp;tehdy nast\u00e1v\u00e1 ot\u00e1zka, zda nen\u00ed \u010das ud\u011blat krok vp\u0159ed a&nbsp;nemovitost prodat. Pod\u00edvejte se na p\u0159ehled nej\u010dast\u011bj\u0161\u00edch situac\u00ed, kdy d\u00e1v\u00e1 prodej smysl, a&nbsp;zjist\u011bte, \u017ee se nen\u00ed \u010deho b\u00e1t. \u017divot se m\u011bn\u00ed a&nbsp;s&nbsp;n\u00edm i&nbsp;na\u0161e bydlen\u00ed [&hellip;]","og_url":"https:\/\/d.r4.wbsprt.com\/janamozici.cz\/zivotni-situace-kdy-dava-smysl-prodat-nemovitost\/","og_site_name":"Jana Mozici - Realitni makl\u00e9\u0159ka","article_published_time":"2025-10-30T16:55:00+00:00","article_modified_time":"2026-06-17T15:55:58+00:00","og_image":[{"width":996,"height":796,"url":"https:\/\/d.r4.wbsprt.com\/janamozici.cz\/wp-content\/uploads\/2026\/06\/5370.jpg","type":"image\/jpeg"}],"author":"pavelignacek","twitter_card":"summary_large_image","twitter_misc":{"Napsal(a)":"pavelignacek","Odhadovan\u00e1 doba \u010dten\u00ed":"4 minuty"},"schema":{"@context":"https:\/\/schema.org","@graph":[{"@type":"Article","@id":"https:\/\/d.r4.wbsprt.com\/janamozici.cz\/zivotni-situace-kdy-dava-smysl-prodat-nemovitost\/#article","isPartOf":{"@id":"https:\/\/d.r4.wbsprt.com\/janamozici.cz\/zivotni-situace-kdy-dava-smysl-prodat-nemovitost\/"},"author":{"name":"pavelignacek","@id":"https:\/\/janamozici.cz\/#\/schema\/person\/a0c8271995d3088e738ca636e0ae15e8"},"headline":"\u017divotn\u00ed situace, kdy d\u00e1v\u00e1 smysl prodat nemovitost","datePublished":"2025-10-30T16:55:00+00:00","dateModified":"2026-06-17T15:55:58+00:00","mainEntityOfPage":{"@id":"https:\/\/d.r4.wbsprt.com\/janamozici.cz\/zivotni-situace-kdy-dava-smysl-prodat-nemovitost\/"},"wordCount":884,"publisher":{"@id":"https:\/\/janamozici.cz\/#organization"},"image":{"@id":"https:\/\/d.r4.wbsprt.com\/janamozici.cz\/zivotni-situace-kdy-dava-smysl-prodat-nemovitost\/#primaryimage"},"thumbnailUrl":"https:\/\/d.r4.wbsprt.com\/janamozici.cz\/wp-content\/uploads\/2026\/06\/5370.jpg","articleSection":["\u010cL\u00c1NKY"],"inLanguage":"cs"},{"@type":"WebPage","@id":"https:\/\/d.r4.wbsprt.com\/janamozici.cz\/zivotni-situace-kdy-dava-smysl-prodat-nemovitost\/","url":"https:\/\/d.r4.wbsprt.com\/janamozici.cz\/zivotni-situace-kdy-dava-smysl-prodat-nemovitost\/","name":"\u017divotn\u00ed situace, kdy d\u00e1v\u00e1 smysl prodat nemovitost - Jana Mozici - Realitni makl\u00e9\u0159ka","isPartOf":{"@id":"https:\/\/janamozici.cz\/#website"},"primaryImageOfPage":{"@id":"https:\/\/d.r4.wbsprt.com\/janamozici.cz\/zivotni-situace-kdy-dava-smysl-prodat-nemovitost\/#primaryimage"},"image":{"@id":"https:\/\/d.r4.wbsprt.com\/janamozici.cz\/zivotni-situace-kdy-dava-smysl-prodat-nemovitost\/#primaryimage"},"thumbnailUrl":"https:\/\/d.r4.wbsprt.com\/janamozici.cz\/wp-content\/uploads\/2026\/06\/5370.jpg","datePublished":"2025-10-30T16:55:00+00:00","dateModified":"2026-06-17T15:55:58+00:00","breadcrumb":{"@id":"https:\/\/d.r4.wbsprt.com\/janamozici.cz\/zivotni-situace-kdy-dava-smysl-prodat-nemovitost\/#breadcrumb"},"inLanguage":"cs","potentialAction":[{"@type":"ReadAction","target":["https:\/\/d.r4.wbsprt.com\/janamozici.cz\/zivotni-situace-kdy-dava-smysl-prodat-nemovitost\/"]}]},{"@type":"ImageObject","inLanguage":"cs","@id":"https:\/\/d.r4.wbsprt.com\/janamozici.cz\/zivotni-situace-kdy-dava-smysl-prodat-nemovitost\/#primaryimage","url":"https:\/\/d.r4.wbsprt.com\/janamozici.cz\/wp-content\/uploads\/2026\/06\/5370.jpg","contentUrl":"https:\/\/d.r4.wbsprt.com\/janamozici.cz\/wp-content\/uploads\/2026\/06\/5370.jpg","width":996,"height":796},{"@type":"BreadcrumbList","@id":"https:\/\/d.r4.wbsprt.com\/janamozici.cz\/zivotni-situace-kdy-dava-smysl-prodat-nemovitost\/#breadcrumb","itemListElement":[{"@type":"ListItem","position":1,"name":"Dom\u016f","item":"https:\/\/janamozici.cz\/"},{"@type":"ListItem","position":2,"name":"\u017divotn\u00ed situace, kdy d\u00e1v\u00e1 smysl prodat nemovitost"}]},{"@type":"WebSite","@id":"https:\/\/janamozici.cz\/#website","url":"https:\/\/janamozici.cz\/","name":"Jana Mozici - Realitni makl\u00e9\u0159ka","description":"Realitn\u00ed makl\u00e9\u0159ka pro Chomutovsk\u00fd kraj","publisher":{"@id":"https:\/\/janamozici.cz\/#organization"},"potentialAction":[{"@type":"SearchAction","target":{"@type":"EntryPoint","urlTemplate":"https:\/\/janamozici.cz\/?s={search_term_string}"},"query-input":{"@type":"PropertyValueSpecification","valueRequired":true,"valueName":"search_term_string"}}],"inLanguage":"cs"},{"@type":"Organization","@id":"https:\/\/janamozici.cz\/#organization","name":"Jana Mozici - Realitni makl\u00e9\u0159ka","url":"https:\/\/janamozici.cz\/","logo":{"@type":"ImageObject","inLanguage":"cs","@id":"https:\/\/janamozici.cz\/#\/schema\/logo\/image\/","url":"https:\/\/d.r4.wbsprt.com\/janamozici.cz\/wp-content\/uploads\/2026\/07\/cropped-favicon.png","contentUrl":"https:\/\/d.r4.wbsprt.com\/janamozici.cz\/wp-content\/uploads\/2026\/07\/cropped-favicon.png","width":300,"height":300,"caption":"Jana Mozici - Realitni makl\u00e9\u0159ka"},"image":{"@id":"https:\/\/janamozici.cz\/#\/schema\/logo\/image\/"}},{"@type":"Person","@id":"https:\/\/janamozici.cz\/#\/schema\/person\/a0c8271995d3088e738ca636e0ae15e8","name":"pavelignacek","image":{"@type":"ImageObject","inLanguage":"cs","@id":"https:\/\/secure.gravatar.com\/avatar\/f1277ae3877a04db460fe45d0c550807b61b14883332acd3d3665c45a540a0c7?s=96&d=mm&r=g","url":"https:\/\/secure.gravatar.com\/avatar\/f1277ae3877a04db460fe45d0c550807b61b14883332acd3d3665c45a540a0c7?s=96&d=mm&r=g","contentUrl":"https:\/\/secure.gravatar.com\/avatar\/f1277ae3877a04db460fe45d0c550807b61b14883332acd3d3665c45a540a0c7?s=96&d=mm&r=g","caption":"pavelignacek"},"sameAs":["https:\/\/janamozici.cz"],"url":"https:\/\/d.r4.wbsprt.com\/janamozici.cz\/author\/pavelignacek\/"}]}},"_links":{"self":[{"href":"https:\/\/d.r4.wbsprt.com\/janamozici.cz\/wp-json\/wp\/v2\/posts\/1040","targetHints":{"allow":["GET"]}}],"collection":[{"href":"https:\/\/d.r4.wbsprt.com\/janamozici.cz\/wp-json\/wp\/v2\/posts"}],"about":[{"href":"https:\/\/d.r4.wbsprt.com\/janamozici.cz\/wp-json\/wp\/v2\/types\/post"}],"author":[{"embeddable":true,"href":"https:\/\/d.r4.wbsprt.com\/janamozici.cz\/wp-json\/wp\/v2\/users\/1"}],"replies":[{"embeddable":true,"href":"https:\/\/d.r4.wbsprt.com\/janamozici.cz\/wp-json\/wp\/v2\/comments?post=1040"}],"version-history":[{"count":1,"href":"https:\/\/d.r4.wbsprt.com\/janamozici.cz\/wp-json\/wp\/v2\/posts\/1040\/revisions"}],"predecessor-version":[{"id":1042,"href":"https:\/\/d.r4.wbsprt.com\/janamozici.cz\/wp-json\/wp\/v2\/posts\/1040\/revisions\/1042"}],"wp:featuredmedia":[{"embeddable":true,"href":"https:\/\/d.r4.wbsprt.com\/janamozici.cz\/wp-json\/wp\/v2\/media\/1041"}],"wp:attachment":[{"href":"https:\/\/d.r4.wbsprt.com\/janamozici.cz\/wp-json\/wp\/v2\/media?parent=1040"}],"wp:term":[{"taxonomy":"category","embeddable":true,"href":"https:\/\/d.r4.wbsprt.com\/janamozici.cz\/wp-json\/wp\/v2\/categories?post=1040"},{"taxonomy":"post_tag","embeddable":true,"href":"https:\/\/d.r4.wbsprt.com\/janamozici.cz\/wp-json\/wp\/v2\/tags?post=1040"}],"curies":[{"name":"wp","href":"https:\/\/api.w.org\/{rel}","templated":true}]}}