{"id":1055,"date":"2026-02-25T17:59:00","date_gmt":"2026-02-25T16:59:00","guid":{"rendered":"https:\/\/d.r4.wbsprt.com\/janamozici.cz\/?p=1055"},"modified":"2026-06-17T18:00:33","modified_gmt":"2026-06-17T16:00:33","slug":"jarni-restart-exterieru-jako-klic-k-uspesnemu-a-rychlemu-prodeji-domu","status":"publish","type":"post","link":"https:\/\/d.r4.wbsprt.com\/janamozici.cz\/jarni-restart-exterieru-jako-klic-k-uspesnemu-a-rychlemu-prodeji-domu\/","title":{"rendered":"Jarn\u00ed restart exteri\u00e9ru jako kl\u00ed\u010d k \u00fasp\u011b\u0161n\u00e9mu a rychl\u00e9mu prodeji domu"},"content":{"rendered":"\n<p class=\"wp-block-paragraph\">Prvn\u00ed jarn\u00ed paprsky probouzej\u00ed nejen p\u0159\u00edrodu, ale tak\u00e9 z\u00e1jemce o&nbsp;nov\u00e9 bydlen\u00ed. Pokud pl\u00e1nujete prodej sv\u00e9ho rodinn\u00e9ho domu, pr\u00e1v\u011b te\u010f nast\u00e1v\u00e1 ide\u00e1ln\u00ed \u010das na p\u0159\u00edpravu jeho venkovn\u00edch prostor. Upraven\u00e1 zahrada a&nbsp;\u010dist\u00fd vstup toti\u017e dok\u00e1\u017eou zv\u00fd\u0161it hodnotu nemovitosti i&nbsp;rychlost samotn\u00e9ho prodeje. P\u0159e\u010dt\u011bte si, jak po zim\u011b efektivn\u011b o\u017eivit exteri\u00e9r a&nbsp;ud\u011blat skv\u011bl\u00fd prvn\u00ed dojem.<\/p>\n\n\n\n<p class=\"wp-block-paragraph\"><strong>Prvn\u00ed dojem vznik\u00e1 hned u&nbsp;vstupu na zahradu<\/strong><\/p>\n\n\n\n<p class=\"wp-block-paragraph\">Kdy\u017e se potenci\u00e1ln\u00ed kupuj\u00edc\u00ed bl\u00ed\u017e\u00ed k&nbsp;va\u0161emu domu, podv\u011bdom\u011b si vytv\u00e1\u0159\u00ed n\u00e1zor je\u0161t\u011b d\u0159\u00edve, ne\u017e stiskne kliku u&nbsp;vchodov\u00fdch dve\u0159\u00ed. Cesta od branky ke vchodu je prvn\u00ed vizitkou, kter\u00e1 vypov\u00edd\u00e1 o&nbsp;tom, jak pe\u010dliv\u011b jste se o&nbsp;celou nemovitost starali. Po zim\u011b b\u00fdvaj\u00ed chodn\u00edky \u010dasto zne\u010di\u0161t\u011bn\u00e9 n\u00e1nosem soli, bl\u00e1tem nebo tlej\u00edc\u00edm list\u00edm. Sta\u010d\u00ed v\u0161ak trocha \u010dasu a&nbsp;p\u0159\u00edstupov\u00e1 cesta prokoukne k&nbsp;nepozn\u00e1n\u00ed. \u010cist\u00fd povrch bez mechu a&nbsp;plevele ve sp\u00e1r\u00e1ch vys\u00edl\u00e1 jasn\u00fd sign\u00e1l, \u017ee d\u016fm je v&nbsp;dobr\u00fdch rukou a&nbsp;nevy\u017eaduje okam\u017eit\u00e9 investice do \u00fadr\u017eby exteri\u00e9ru.<\/p>\n\n\n\n<p class=\"wp-block-paragraph\">V\u011bnujte pozornost tak\u00e9 detail\u016fm, kter\u00e9 se zdaj\u00ed b\u00fdt drobnostmi, ale maj\u00ed na z\u00e1jemce obrovsk\u00fd psychologick\u00fd dopad. Zkontrolujte, zda plot nepot\u0159ebuje opravu n\u00e1t\u011bru nebo zda domovn\u00ed \u010d\u00edslo a&nbsp;po\u0161tovn\u00ed schr\u00e1nka nejsou za\u0161l\u00e9 \u010di nak\u0159ivo. Pokud m\u00e1te u&nbsp;vstupu venkovn\u00ed osv\u011btlen\u00ed, ot\u0159ete z&nbsp;n\u011bj prach a&nbsp;pavu\u010diny a&nbsp;ujist\u011bte se, \u017ee opravdu sv\u00edt\u00ed. Pr\u00e1v\u011b tyto mali\u010dkosti tvo\u0159\u00ed harmonick\u00fd celek, kter\u00fd u&nbsp;z\u00e1jemce vzbud\u00ed pocit bezpe\u010d\u00ed a&nbsp;d\u016fv\u011bry. Kdy\u017e n\u00e1v\u0161t\u011bvn\u00edk vid\u00ed upraven\u00fd vstup, mnohem snadn\u011bji si p\u0159edstav\u00ed, \u017ee by se pr\u00e1v\u011b sem mohl ka\u017ed\u00fd den vracet dom\u016f.<\/p>\n\n\n\n<p class=\"wp-block-paragraph\"><strong>Probuzen\u00ed zahrady a&nbsp;terasy do jarn\u00ed kr\u00e1sy<\/strong><\/p>\n\n\n\n<p class=\"wp-block-paragraph\">Zahrada je v&nbsp;jarn\u00edch m\u011bs\u00edc\u00edch jedn\u00edm z&nbsp;nejsiln\u011bj\u0161\u00edch prodejn\u00edch argument\u016f, proto se vyplat\u00ed v\u011bnovat j\u00ed n\u00e1le\u017eitou p\u00e9\u010di hned s&nbsp;prvn\u00edmi teplej\u0161\u00edmi dny. Odstra\u0148te uschl\u00e9 zbytky rostlin, pro\u0159ezejte ke\u0159e a&nbsp;vyhrabte z&nbsp;tr\u00e1vn\u00edku zbytky v\u011btv\u00ed. I&nbsp;kdy\u017e tr\u00e1va v&nbsp;b\u0159eznu je\u0161t\u011b nemus\u00ed b\u00fdt syt\u011b zelen\u00e1, jej\u00ed \u010distota a&nbsp;provzdu\u0161n\u011bn\u00ed opticky zv\u011bt\u0161\u00ed cel\u00fd prostor. Pokud m\u00e1te na zahrad\u011b terasu nebo zpevn\u011bnou plochu pro posezen\u00ed, zbavte ji \u0161ed\u00e9ho zimn\u00edho povlaku. Kupuj\u00edc\u00ed nekupuj\u00ed pouze pozemek a&nbsp;stavbu, ale p\u0159edev\u0161\u00edm budouc\u00ed \u017eivotn\u00ed styl, a&nbsp;pr\u00e1v\u011b upraven\u00e1 relaxa\u010dn\u00ed z\u00f3na je m\u00edstem, kde se jejich sny o&nbsp;nov\u00e9m domov\u011b zhmot\u0148uj\u00ed.<\/p>\n\n\n\n<p class=\"wp-block-paragraph\">Emoce p\u0159i prohl\u00eddce m\u016f\u017eete podpo\u0159it jednoduch\u00fdm stagingem venkovn\u00edch prostor. Sta\u010d\u00ed na o\u010di\u0161t\u011bnou terasu um\u00edstit zahradn\u00ed n\u00e1bytek s&nbsp;n\u011bkolika \u010dist\u00fdmi pol\u0161t\u00e1\u0159i a&nbsp;ke vchodu postavit kv\u011btin\u00e1\u010d s&nbsp;prvn\u00edmi jarn\u00edmi kv\u011btinami, jako jsou petrkl\u00ed\u010de nebo narcisy. Tyto barevn\u00e9 akcenty vnesou do \u0161ediv\u00e9ho p\u0159edja\u0159\u00ed \u017eivot a&nbsp;energii, kterou si z\u00e1jemci s&nbsp;va\u0161\u00edm domem spoj\u00ed. Kdy\u017e uvid\u00ed p\u0159ipraven\u00e9 m\u00edsto pro k\u00e1vu, za\u010dnou si okam\u017eit\u011b projektovat vlastn\u00ed odpo\u010dinek na slunci. T\u00edmto p\u0159\u00edstupem se va\u0161e nab\u00eddka v&nbsp;jejich mysli v\u00fdrazn\u011b odd\u011bl\u00ed od ostatn\u00edch inzer\u00e1t\u016f, kter\u00e9 \u010dasto ukazuj\u00ed jen nehostinn\u00e9 a&nbsp;neuklizen\u00e9 pozemky.<\/p>\n\n\n\n<p class=\"wp-block-paragraph\">P\u0159\u00edprava zahrady a&nbsp;okol\u00ed domu je prvn\u00edm krokem k&nbsp;tomu, aby se do va\u0161\u00ed nemovitosti n\u011bkdo zamiloval na prvn\u00ed pohled. Vyu\u017eijte s\u00edlu p\u0159edja\u0159\u00ed a&nbsp;dop\u0159ejte sv\u00e9mu domovu tento osv\u011b\u017euj\u00edc\u00ed restart. Pokud si p\u0159ejete probrat detaily prodeje osobn\u011b, nev\u00e1hejte vyu\u017e\u00edt kontakty na tomto webu. Spole\u010dn\u011b pro v\u00e1\u0161 d\u016fm najdeme ty spr\u00e1vn\u00e9 nov\u00e9 majitele.<\/p>\n\n\n\n<p class=\"wp-block-paragraph\"><a target=\"_blank\" href=\"https:\/\/www.facebook.com\/sharer\/sharer.php?u=https:\/\/janamozici.cz\/clanek\/jarni-restart-exterieru-jako-klic-k-uspesnemu-a-rychlemu-prodeji-domu\" rel=\"noreferrer noopener\"><\/a>&nbsp;<\/p>\n","protected":false},"excerpt":{"rendered":"<p>Prvn\u00ed jarn\u00ed paprsky probouzej\u00ed nejen p\u0159\u00edrodu, ale tak\u00e9 z\u00e1jemce o&nbsp;nov\u00e9 bydlen\u00ed. Pokud pl\u00e1nujete prodej sv\u00e9ho rodinn\u00e9ho domu, pr\u00e1v\u011b te\u010f nast\u00e1v\u00e1 ide\u00e1ln\u00ed \u010das na p\u0159\u00edpravu jeho venkovn\u00edch prostor. Upraven\u00e1 zahrada a&nbsp;\u010dist\u00fd vstup toti\u017e dok\u00e1\u017eou zv\u00fd\u0161it hodnotu nemovitosti i&nbsp;rychlost samotn\u00e9ho prodeje. P\u0159e\u010dt\u011bte si, jak po zim\u011b efektivn\u011b o\u017eivit exteri\u00e9r a&nbsp;ud\u011blat skv\u011bl\u00fd prvn\u00ed dojem. Prvn\u00ed dojem vznik\u00e1 hned [&hellip;]<\/p>\n","protected":false},"author":1,"featured_media":1056,"comment_status":"closed","ping_status":"closed","sticky":false,"template":"","format":"standard","meta":{"_acf_changed":false,"pgc_sgb_lightbox_settings":"","footnotes":""},"categories":[13],"tags":[],"class_list":["post-1055","post","type-post","status-publish","format-standard","has-post-thumbnail","hentry","category-clanky"],"acf":[],"yoast_head":"<!-- This site is optimized with the Yoast SEO plugin v28.2 - https:\/\/yoast.com\/product\/yoast-seo-wordpress\/ -->\n<title>Jarn\u00ed restart exteri\u00e9ru jako kl\u00ed\u010d k \u00fasp\u011b\u0161n\u00e9mu a rychl\u00e9mu prodeji domu - Jana Mozici - Realitni makl\u00e9\u0159ka<\/title>\n<meta name=\"robots\" content=\"index, follow, max-snippet:-1, max-image-preview:large, max-video-preview:-1\" \/>\n<link rel=\"canonical\" href=\"https:\/\/d.r4.wbsprt.com\/janamozici.cz\/jarni-restart-exterieru-jako-klic-k-uspesnemu-a-rychlemu-prodeji-domu\/\" \/>\n<meta property=\"og:locale\" content=\"cs_CZ\" \/>\n<meta property=\"og:type\" content=\"article\" \/>\n<meta property=\"og:title\" content=\"Jarn\u00ed restart exteri\u00e9ru jako kl\u00ed\u010d k \u00fasp\u011b\u0161n\u00e9mu a rychl\u00e9mu prodeji domu - Jana Mozici - Realitni makl\u00e9\u0159ka\" \/>\n<meta property=\"og:description\" content=\"Prvn\u00ed jarn\u00ed paprsky probouzej\u00ed nejen p\u0159\u00edrodu, ale tak\u00e9 z\u00e1jemce o&nbsp;nov\u00e9 bydlen\u00ed. Pokud pl\u00e1nujete prodej sv\u00e9ho rodinn\u00e9ho domu, pr\u00e1v\u011b te\u010f nast\u00e1v\u00e1 ide\u00e1ln\u00ed \u010das na p\u0159\u00edpravu jeho venkovn\u00edch prostor. Upraven\u00e1 zahrada a&nbsp;\u010dist\u00fd vstup toti\u017e dok\u00e1\u017eou zv\u00fd\u0161it hodnotu nemovitosti i&nbsp;rychlost samotn\u00e9ho prodeje. P\u0159e\u010dt\u011bte si, jak po zim\u011b efektivn\u011b o\u017eivit exteri\u00e9r a&nbsp;ud\u011blat skv\u011bl\u00fd prvn\u00ed dojem. Prvn\u00ed dojem vznik\u00e1 hned [&hellip;]\" \/>\n<meta property=\"og:url\" content=\"https:\/\/d.r4.wbsprt.com\/janamozici.cz\/jarni-restart-exterieru-jako-klic-k-uspesnemu-a-rychlemu-prodeji-domu\/\" \/>\n<meta property=\"og:site_name\" content=\"Jana Mozici - Realitni makl\u00e9\u0159ka\" \/>\n<meta property=\"article:published_time\" content=\"2026-02-25T16:59:00+00:00\" \/>\n<meta property=\"article:modified_time\" content=\"2026-06-17T16:00:33+00:00\" \/>\n<meta property=\"og:image\" content=\"https:\/\/d.r4.wbsprt.com\/janamozici.cz\/wp-content\/uploads\/2026\/06\/5736.jpg\" \/>\n\t<meta property=\"og:image:width\" content=\"996\" \/>\n\t<meta property=\"og:image:height\" content=\"796\" \/>\n\t<meta property=\"og:image:type\" content=\"image\/jpeg\" \/>\n<meta name=\"author\" content=\"pavelignacek\" \/>\n<meta name=\"twitter:card\" content=\"summary_large_image\" \/>\n<meta name=\"twitter:label1\" content=\"Napsal(a)\" \/>\n\t<meta name=\"twitter:data1\" content=\"pavelignacek\" \/>\n\t<meta name=\"twitter:label2\" content=\"Odhadovan\u00e1 doba \u010dten\u00ed\" \/>\n\t<meta name=\"twitter:data2\" content=\"3 minuty\" \/>\n<script type=\"application\/ld+json\" class=\"yoast-schema-graph\">{\"@context\":\"https:\\\/\\\/schema.org\",\"@graph\":[{\"@type\":\"Article\",\"@id\":\"https:\\\/\\\/d.r4.wbsprt.com\\\/janamozici.cz\\\/jarni-restart-exterieru-jako-klic-k-uspesnemu-a-rychlemu-prodeji-domu\\\/#article\",\"isPartOf\":{\"@id\":\"https:\\\/\\\/d.r4.wbsprt.com\\\/janamozici.cz\\\/jarni-restart-exterieru-jako-klic-k-uspesnemu-a-rychlemu-prodeji-domu\\\/\"},\"author\":{\"name\":\"pavelignacek\",\"@id\":\"https:\\\/\\\/janamozici.cz\\\/#\\\/schema\\\/person\\\/a0c8271995d3088e738ca636e0ae15e8\"},\"headline\":\"Jarn\u00ed restart exteri\u00e9ru jako kl\u00ed\u010d k \u00fasp\u011b\u0161n\u00e9mu a rychl\u00e9mu prodeji domu\",\"datePublished\":\"2026-02-25T16:59:00+00:00\",\"dateModified\":\"2026-06-17T16:00:33+00:00\",\"mainEntityOfPage\":{\"@id\":\"https:\\\/\\\/d.r4.wbsprt.com\\\/janamozici.cz\\\/jarni-restart-exterieru-jako-klic-k-uspesnemu-a-rychlemu-prodeji-domu\\\/\"},\"wordCount\":709,\"publisher\":{\"@id\":\"https:\\\/\\\/janamozici.cz\\\/#organization\"},\"image\":{\"@id\":\"https:\\\/\\\/d.r4.wbsprt.com\\\/janamozici.cz\\\/jarni-restart-exterieru-jako-klic-k-uspesnemu-a-rychlemu-prodeji-domu\\\/#primaryimage\"},\"thumbnailUrl\":\"https:\\\/\\\/d.r4.wbsprt.com\\\/janamozici.cz\\\/wp-content\\\/uploads\\\/2026\\\/06\\\/5736.jpg\",\"articleSection\":[\"\u010cL\u00c1NKY\"],\"inLanguage\":\"cs\"},{\"@type\":\"WebPage\",\"@id\":\"https:\\\/\\\/d.r4.wbsprt.com\\\/janamozici.cz\\\/jarni-restart-exterieru-jako-klic-k-uspesnemu-a-rychlemu-prodeji-domu\\\/\",\"url\":\"https:\\\/\\\/d.r4.wbsprt.com\\\/janamozici.cz\\\/jarni-restart-exterieru-jako-klic-k-uspesnemu-a-rychlemu-prodeji-domu\\\/\",\"name\":\"Jarn\u00ed restart exteri\u00e9ru jako kl\u00ed\u010d k \u00fasp\u011b\u0161n\u00e9mu a rychl\u00e9mu prodeji domu - Jana Mozici - Realitni makl\u00e9\u0159ka\",\"isPartOf\":{\"@id\":\"https:\\\/\\\/janamozici.cz\\\/#website\"},\"primaryImageOfPage\":{\"@id\":\"https:\\\/\\\/d.r4.wbsprt.com\\\/janamozici.cz\\\/jarni-restart-exterieru-jako-klic-k-uspesnemu-a-rychlemu-prodeji-domu\\\/#primaryimage\"},\"image\":{\"@id\":\"https:\\\/\\\/d.r4.wbsprt.com\\\/janamozici.cz\\\/jarni-restart-exterieru-jako-klic-k-uspesnemu-a-rychlemu-prodeji-domu\\\/#primaryimage\"},\"thumbnailUrl\":\"https:\\\/\\\/d.r4.wbsprt.com\\\/janamozici.cz\\\/wp-content\\\/uploads\\\/2026\\\/06\\\/5736.jpg\",\"datePublished\":\"2026-02-25T16:59:00+00:00\",\"dateModified\":\"2026-06-17T16:00:33+00:00\",\"breadcrumb\":{\"@id\":\"https:\\\/\\\/d.r4.wbsprt.com\\\/janamozici.cz\\\/jarni-restart-exterieru-jako-klic-k-uspesnemu-a-rychlemu-prodeji-domu\\\/#breadcrumb\"},\"inLanguage\":\"cs\",\"potentialAction\":[{\"@type\":\"ReadAction\",\"target\":[\"https:\\\/\\\/d.r4.wbsprt.com\\\/janamozici.cz\\\/jarni-restart-exterieru-jako-klic-k-uspesnemu-a-rychlemu-prodeji-domu\\\/\"]}]},{\"@type\":\"ImageObject\",\"inLanguage\":\"cs\",\"@id\":\"https:\\\/\\\/d.r4.wbsprt.com\\\/janamozici.cz\\\/jarni-restart-exterieru-jako-klic-k-uspesnemu-a-rychlemu-prodeji-domu\\\/#primaryimage\",\"url\":\"https:\\\/\\\/d.r4.wbsprt.com\\\/janamozici.cz\\\/wp-content\\\/uploads\\\/2026\\\/06\\\/5736.jpg\",\"contentUrl\":\"https:\\\/\\\/d.r4.wbsprt.com\\\/janamozici.cz\\\/wp-content\\\/uploads\\\/2026\\\/06\\\/5736.jpg\",\"width\":996,\"height\":796},{\"@type\":\"BreadcrumbList\",\"@id\":\"https:\\\/\\\/d.r4.wbsprt.com\\\/janamozici.cz\\\/jarni-restart-exterieru-jako-klic-k-uspesnemu-a-rychlemu-prodeji-domu\\\/#breadcrumb\",\"itemListElement\":[{\"@type\":\"ListItem\",\"position\":1,\"name\":\"Dom\u016f\",\"item\":\"https:\\\/\\\/janamozici.cz\\\/\"},{\"@type\":\"ListItem\",\"position\":2,\"name\":\"Jarn\u00ed restart exteri\u00e9ru jako kl\u00ed\u010d k \u00fasp\u011b\u0161n\u00e9mu a rychl\u00e9mu prodeji domu\"}]},{\"@type\":\"WebSite\",\"@id\":\"https:\\\/\\\/janamozici.cz\\\/#website\",\"url\":\"https:\\\/\\\/janamozici.cz\\\/\",\"name\":\"Jana Mozici - Realitni makl\u00e9\u0159ka\",\"description\":\"Realitn\u00ed makl\u00e9\u0159ka pro Chomutovsk\u00fd kraj\",\"publisher\":{\"@id\":\"https:\\\/\\\/janamozici.cz\\\/#organization\"},\"potentialAction\":[{\"@type\":\"SearchAction\",\"target\":{\"@type\":\"EntryPoint\",\"urlTemplate\":\"https:\\\/\\\/janamozici.cz\\\/?s={search_term_string}\"},\"query-input\":{\"@type\":\"PropertyValueSpecification\",\"valueRequired\":true,\"valueName\":\"search_term_string\"}}],\"inLanguage\":\"cs\"},{\"@type\":\"Organization\",\"@id\":\"https:\\\/\\\/janamozici.cz\\\/#organization\",\"name\":\"Jana Mozici - Realitni makl\u00e9\u0159ka\",\"url\":\"https:\\\/\\\/janamozici.cz\\\/\",\"logo\":{\"@type\":\"ImageObject\",\"inLanguage\":\"cs\",\"@id\":\"https:\\\/\\\/janamozici.cz\\\/#\\\/schema\\\/logo\\\/image\\\/\",\"url\":\"https:\\\/\\\/d.r4.wbsprt.com\\\/janamozici.cz\\\/wp-content\\\/uploads\\\/2026\\\/07\\\/cropped-favicon.png\",\"contentUrl\":\"https:\\\/\\\/d.r4.wbsprt.com\\\/janamozici.cz\\\/wp-content\\\/uploads\\\/2026\\\/07\\\/cropped-favicon.png\",\"width\":300,\"height\":300,\"caption\":\"Jana Mozici - Realitni makl\u00e9\u0159ka\"},\"image\":{\"@id\":\"https:\\\/\\\/janamozici.cz\\\/#\\\/schema\\\/logo\\\/image\\\/\"}},{\"@type\":\"Person\",\"@id\":\"https:\\\/\\\/janamozici.cz\\\/#\\\/schema\\\/person\\\/a0c8271995d3088e738ca636e0ae15e8\",\"name\":\"pavelignacek\",\"image\":{\"@type\":\"ImageObject\",\"inLanguage\":\"cs\",\"@id\":\"https:\\\/\\\/secure.gravatar.com\\\/avatar\\\/f1277ae3877a04db460fe45d0c550807b61b14883332acd3d3665c45a540a0c7?s=96&d=mm&r=g\",\"url\":\"https:\\\/\\\/secure.gravatar.com\\\/avatar\\\/f1277ae3877a04db460fe45d0c550807b61b14883332acd3d3665c45a540a0c7?s=96&d=mm&r=g\",\"contentUrl\":\"https:\\\/\\\/secure.gravatar.com\\\/avatar\\\/f1277ae3877a04db460fe45d0c550807b61b14883332acd3d3665c45a540a0c7?s=96&d=mm&r=g\",\"caption\":\"pavelignacek\"},\"sameAs\":[\"https:\\\/\\\/janamozici.cz\"],\"url\":\"https:\\\/\\\/d.r4.wbsprt.com\\\/janamozici.cz\\\/author\\\/pavelignacek\\\/\"}]}<\/script>\n<!-- \/ Yoast SEO plugin. -->","yoast_head_json":{"title":"Jarn\u00ed restart exteri\u00e9ru jako kl\u00ed\u010d k \u00fasp\u011b\u0161n\u00e9mu a rychl\u00e9mu prodeji domu - Jana Mozici - Realitni makl\u00e9\u0159ka","robots":{"index":"index","follow":"follow","max-snippet":"max-snippet:-1","max-image-preview":"max-image-preview:large","max-video-preview":"max-video-preview:-1"},"canonical":"https:\/\/d.r4.wbsprt.com\/janamozici.cz\/jarni-restart-exterieru-jako-klic-k-uspesnemu-a-rychlemu-prodeji-domu\/","og_locale":"cs_CZ","og_type":"article","og_title":"Jarn\u00ed restart exteri\u00e9ru jako kl\u00ed\u010d k \u00fasp\u011b\u0161n\u00e9mu a rychl\u00e9mu prodeji domu - Jana Mozici - Realitni makl\u00e9\u0159ka","og_description":"Prvn\u00ed jarn\u00ed paprsky probouzej\u00ed nejen p\u0159\u00edrodu, ale tak\u00e9 z\u00e1jemce o&nbsp;nov\u00e9 bydlen\u00ed. Pokud pl\u00e1nujete prodej sv\u00e9ho rodinn\u00e9ho domu, pr\u00e1v\u011b te\u010f nast\u00e1v\u00e1 ide\u00e1ln\u00ed \u010das na p\u0159\u00edpravu jeho venkovn\u00edch prostor. Upraven\u00e1 zahrada a&nbsp;\u010dist\u00fd vstup toti\u017e dok\u00e1\u017eou zv\u00fd\u0161it hodnotu nemovitosti i&nbsp;rychlost samotn\u00e9ho prodeje. P\u0159e\u010dt\u011bte si, jak po zim\u011b efektivn\u011b o\u017eivit exteri\u00e9r a&nbsp;ud\u011blat skv\u011bl\u00fd prvn\u00ed dojem. Prvn\u00ed dojem vznik\u00e1 hned [&hellip;]","og_url":"https:\/\/d.r4.wbsprt.com\/janamozici.cz\/jarni-restart-exterieru-jako-klic-k-uspesnemu-a-rychlemu-prodeji-domu\/","og_site_name":"Jana Mozici - Realitni makl\u00e9\u0159ka","article_published_time":"2026-02-25T16:59:00+00:00","article_modified_time":"2026-06-17T16:00:33+00:00","og_image":[{"width":996,"height":796,"url":"https:\/\/d.r4.wbsprt.com\/janamozici.cz\/wp-content\/uploads\/2026\/06\/5736.jpg","type":"image\/jpeg"}],"author":"pavelignacek","twitter_card":"summary_large_image","twitter_misc":{"Napsal(a)":"pavelignacek","Odhadovan\u00e1 doba \u010dten\u00ed":"3 minuty"},"schema":{"@context":"https:\/\/schema.org","@graph":[{"@type":"Article","@id":"https:\/\/d.r4.wbsprt.com\/janamozici.cz\/jarni-restart-exterieru-jako-klic-k-uspesnemu-a-rychlemu-prodeji-domu\/#article","isPartOf":{"@id":"https:\/\/d.r4.wbsprt.com\/janamozici.cz\/jarni-restart-exterieru-jako-klic-k-uspesnemu-a-rychlemu-prodeji-domu\/"},"author":{"name":"pavelignacek","@id":"https:\/\/janamozici.cz\/#\/schema\/person\/a0c8271995d3088e738ca636e0ae15e8"},"headline":"Jarn\u00ed restart exteri\u00e9ru jako kl\u00ed\u010d k \u00fasp\u011b\u0161n\u00e9mu a rychl\u00e9mu prodeji domu","datePublished":"2026-02-25T16:59:00+00:00","dateModified":"2026-06-17T16:00:33+00:00","mainEntityOfPage":{"@id":"https:\/\/d.r4.wbsprt.com\/janamozici.cz\/jarni-restart-exterieru-jako-klic-k-uspesnemu-a-rychlemu-prodeji-domu\/"},"wordCount":709,"publisher":{"@id":"https:\/\/janamozici.cz\/#organization"},"image":{"@id":"https:\/\/d.r4.wbsprt.com\/janamozici.cz\/jarni-restart-exterieru-jako-klic-k-uspesnemu-a-rychlemu-prodeji-domu\/#primaryimage"},"thumbnailUrl":"https:\/\/d.r4.wbsprt.com\/janamozici.cz\/wp-content\/uploads\/2026\/06\/5736.jpg","articleSection":["\u010cL\u00c1NKY"],"inLanguage":"cs"},{"@type":"WebPage","@id":"https:\/\/d.r4.wbsprt.com\/janamozici.cz\/jarni-restart-exterieru-jako-klic-k-uspesnemu-a-rychlemu-prodeji-domu\/","url":"https:\/\/d.r4.wbsprt.com\/janamozici.cz\/jarni-restart-exterieru-jako-klic-k-uspesnemu-a-rychlemu-prodeji-domu\/","name":"Jarn\u00ed restart exteri\u00e9ru jako kl\u00ed\u010d k \u00fasp\u011b\u0161n\u00e9mu a rychl\u00e9mu prodeji domu - Jana Mozici - Realitni makl\u00e9\u0159ka","isPartOf":{"@id":"https:\/\/janamozici.cz\/#website"},"primaryImageOfPage":{"@id":"https:\/\/d.r4.wbsprt.com\/janamozici.cz\/jarni-restart-exterieru-jako-klic-k-uspesnemu-a-rychlemu-prodeji-domu\/#primaryimage"},"image":{"@id":"https:\/\/d.r4.wbsprt.com\/janamozici.cz\/jarni-restart-exterieru-jako-klic-k-uspesnemu-a-rychlemu-prodeji-domu\/#primaryimage"},"thumbnailUrl":"https:\/\/d.r4.wbsprt.com\/janamozici.cz\/wp-content\/uploads\/2026\/06\/5736.jpg","datePublished":"2026-02-25T16:59:00+00:00","dateModified":"2026-06-17T16:00:33+00:00","breadcrumb":{"@id":"https:\/\/d.r4.wbsprt.com\/janamozici.cz\/jarni-restart-exterieru-jako-klic-k-uspesnemu-a-rychlemu-prodeji-domu\/#breadcrumb"},"inLanguage":"cs","potentialAction":[{"@type":"ReadAction","target":["https:\/\/d.r4.wbsprt.com\/janamozici.cz\/jarni-restart-exterieru-jako-klic-k-uspesnemu-a-rychlemu-prodeji-domu\/"]}]},{"@type":"ImageObject","inLanguage":"cs","@id":"https:\/\/d.r4.wbsprt.com\/janamozici.cz\/jarni-restart-exterieru-jako-klic-k-uspesnemu-a-rychlemu-prodeji-domu\/#primaryimage","url":"https:\/\/d.r4.wbsprt.com\/janamozici.cz\/wp-content\/uploads\/2026\/06\/5736.jpg","contentUrl":"https:\/\/d.r4.wbsprt.com\/janamozici.cz\/wp-content\/uploads\/2026\/06\/5736.jpg","width":996,"height":796},{"@type":"BreadcrumbList","@id":"https:\/\/d.r4.wbsprt.com\/janamozici.cz\/jarni-restart-exterieru-jako-klic-k-uspesnemu-a-rychlemu-prodeji-domu\/#breadcrumb","itemListElement":[{"@type":"ListItem","position":1,"name":"Dom\u016f","item":"https:\/\/janamozici.cz\/"},{"@type":"ListItem","position":2,"name":"Jarn\u00ed restart exteri\u00e9ru jako kl\u00ed\u010d k \u00fasp\u011b\u0161n\u00e9mu a rychl\u00e9mu prodeji domu"}]},{"@type":"WebSite","@id":"https:\/\/janamozici.cz\/#website","url":"https:\/\/janamozici.cz\/","name":"Jana Mozici - Realitni makl\u00e9\u0159ka","description":"Realitn\u00ed makl\u00e9\u0159ka pro Chomutovsk\u00fd kraj","publisher":{"@id":"https:\/\/janamozici.cz\/#organization"},"potentialAction":[{"@type":"SearchAction","target":{"@type":"EntryPoint","urlTemplate":"https:\/\/janamozici.cz\/?s={search_term_string}"},"query-input":{"@type":"PropertyValueSpecification","valueRequired":true,"valueName":"search_term_string"}}],"inLanguage":"cs"},{"@type":"Organization","@id":"https:\/\/janamozici.cz\/#organization","name":"Jana Mozici - Realitni makl\u00e9\u0159ka","url":"https:\/\/janamozici.cz\/","logo":{"@type":"ImageObject","inLanguage":"cs","@id":"https:\/\/janamozici.cz\/#\/schema\/logo\/image\/","url":"https:\/\/d.r4.wbsprt.com\/janamozici.cz\/wp-content\/uploads\/2026\/07\/cropped-favicon.png","contentUrl":"https:\/\/d.r4.wbsprt.com\/janamozici.cz\/wp-content\/uploads\/2026\/07\/cropped-favicon.png","width":300,"height":300,"caption":"Jana Mozici - Realitni makl\u00e9\u0159ka"},"image":{"@id":"https:\/\/janamozici.cz\/#\/schema\/logo\/image\/"}},{"@type":"Person","@id":"https:\/\/janamozici.cz\/#\/schema\/person\/a0c8271995d3088e738ca636e0ae15e8","name":"pavelignacek","image":{"@type":"ImageObject","inLanguage":"cs","@id":"https:\/\/secure.gravatar.com\/avatar\/f1277ae3877a04db460fe45d0c550807b61b14883332acd3d3665c45a540a0c7?s=96&d=mm&r=g","url":"https:\/\/secure.gravatar.com\/avatar\/f1277ae3877a04db460fe45d0c550807b61b14883332acd3d3665c45a540a0c7?s=96&d=mm&r=g","contentUrl":"https:\/\/secure.gravatar.com\/avatar\/f1277ae3877a04db460fe45d0c550807b61b14883332acd3d3665c45a540a0c7?s=96&d=mm&r=g","caption":"pavelignacek"},"sameAs":["https:\/\/janamozici.cz"],"url":"https:\/\/d.r4.wbsprt.com\/janamozici.cz\/author\/pavelignacek\/"}]}},"_links":{"self":[{"href":"https:\/\/d.r4.wbsprt.com\/janamozici.cz\/wp-json\/wp\/v2\/posts\/1055","targetHints":{"allow":["GET"]}}],"collection":[{"href":"https:\/\/d.r4.wbsprt.com\/janamozici.cz\/wp-json\/wp\/v2\/posts"}],"about":[{"href":"https:\/\/d.r4.wbsprt.com\/janamozici.cz\/wp-json\/wp\/v2\/types\/post"}],"author":[{"embeddable":true,"href":"https:\/\/d.r4.wbsprt.com\/janamozici.cz\/wp-json\/wp\/v2\/users\/1"}],"replies":[{"embeddable":true,"href":"https:\/\/d.r4.wbsprt.com\/janamozici.cz\/wp-json\/wp\/v2\/comments?post=1055"}],"version-history":[{"count":1,"href":"https:\/\/d.r4.wbsprt.com\/janamozici.cz\/wp-json\/wp\/v2\/posts\/1055\/revisions"}],"predecessor-version":[{"id":1057,"href":"https:\/\/d.r4.wbsprt.com\/janamozici.cz\/wp-json\/wp\/v2\/posts\/1055\/revisions\/1057"}],"wp:featuredmedia":[{"embeddable":true,"href":"https:\/\/d.r4.wbsprt.com\/janamozici.cz\/wp-json\/wp\/v2\/media\/1056"}],"wp:attachment":[{"href":"https:\/\/d.r4.wbsprt.com\/janamozici.cz\/wp-json\/wp\/v2\/media?parent=1055"}],"wp:term":[{"taxonomy":"category","embeddable":true,"href":"https:\/\/d.r4.wbsprt.com\/janamozici.cz\/wp-json\/wp\/v2\/categories?post=1055"},{"taxonomy":"post_tag","embeddable":true,"href":"https:\/\/d.r4.wbsprt.com\/janamozici.cz\/wp-json\/wp\/v2\/tags?post=1055"}],"curies":[{"name":"wp","href":"https:\/\/api.w.org\/{rel}","templated":true}]}}