{"id":1061,"date":"2026-04-29T18:02:00","date_gmt":"2026-04-29T16:02:00","guid":{"rendered":"https:\/\/d.r4.wbsprt.com\/janamozici.cz\/?p=1061"},"modified":"2026-06-17T18:02:18","modified_gmt":"2026-06-17T16:02:18","slug":"kdyz-se-prodej-meni-v-zazitek-jak-pusobit-na-smysly-budoucich-majitelu","status":"publish","type":"post","link":"https:\/\/d.r4.wbsprt.com\/janamozici.cz\/kdyz-se-prodej-meni-v-zazitek-jak-pusobit-na-smysly-budoucich-majitelu\/","title":{"rendered":"Kdy\u017e se prodej m\u011bn\u00ed v\u00a0z\u00e1\u017eitek: Jak p\u016fsobit na smysly budouc\u00edch majitel\u016f"},"content":{"rendered":"\n<p class=\"wp-block-paragraph\">Prodej nemovitosti nen\u00ed jen o&nbsp;technick\u00fdch parametrech \u010di metrech \u010dtvere\u010dn\u00edch, ale sp\u00ed\u0161e o&nbsp;pocitech, kter\u00e9 si z\u00e1jemce z&nbsp;prohl\u00eddky odnese. Aby se lid\u00e9 do va\u0161eho domova skute\u010dn\u011b zamilovali, mus\u00ed na n\u011b prostor zap\u016fsobit v\u0161emi smysly. Zjist\u011bte, jak d\u00edky psychologii a&nbsp;atmosf\u00e9\u0159e prom\u011bnit prohl\u00eddku v&nbsp;z\u00e1\u017eitek a&nbsp;oslovit ty prav\u00e9 z\u00e1jemce o&nbsp;koupi.<\/p>\n\n\n\n<p class=\"wp-block-paragraph\"><strong>Prvn\u00ed dojem, kter\u00fd zapoj\u00ed v\u0161echny smysly<\/strong><\/p>\n\n\n\n<p class=\"wp-block-paragraph\">Prvn\u00ed vte\u0159iny po otev\u0159en\u00ed dve\u0159\u00ed jsou ty nejd\u016fle\u017eit\u011bj\u0161\u00ed. Z\u00e1jemce o&nbsp;nov\u00e9 bydlen\u00ed podv\u011bdom\u011b vyhodnocuje ka\u017ed\u00fd detail u\u017e p\u0159i vstupu do p\u0159eds\u00edn\u011b \u010di chodby. Nejde jen o&nbsp;to, aby bylo dokonale uklizeno, ale o&nbsp;celkov\u00e9 vyzn\u011bn\u00ed a&nbsp;energii dan\u00e9ho prostoru. Sv\u011btlo hraje naprosto kl\u00ed\u010dovou roli v&nbsp;tom, jak se \u010dlov\u011bk uvnit\u0159 c\u00edt\u00ed. Rozta\u017een\u00e9 z\u00e1v\u011bsy a&nbsp;\u010dist\u00e1 okna propust\u00ed p\u0159irozen\u00fd svit, kter\u00fd interi\u00e9r opticky zv\u011bt\u0161\u00ed a&nbsp;provzdu\u0161n\u00ed. Ve\u010der pak spr\u00e1vn\u011b zvolen\u00e9 a&nbsp;m\u011bkk\u00e9 osv\u011btlen\u00ed vytv\u00e1\u0159\u00ed pocit bezpe\u010d\u00ed a&nbsp;\u00fatulnosti. V\u0161e mus\u00ed p\u016fsobit sv\u011b\u017ee a&nbsp;p\u0159irozen\u011b, jako by d\u016fm u\u017e jen \u010dekal na sv\u00e9ho nov\u00e9ho obyvatele.<\/p>\n\n\n\n<p class=\"wp-block-paragraph\">Velmi siln\u00fdm faktorem je tak\u00e9 \u010dich, kter\u00fd je p\u0159\u00edmo propojen s&nbsp;na\u0161\u00edm emo\u010dn\u00edm centrem v&nbsp;mozku a&nbsp;v\u00fdrazn\u011b ovliv\u0148uje n\u00e1ladu. P\u0159i prezentaci nemovitosti se vyhn\u011bte levn\u00fdm nebo agresivn\u00edm osv\u011b\u017eova\u010d\u016fm vzduchu, kter\u00e9 mohou p\u016fsobit um\u011ble. M\u00edsto toho volte jemn\u00e9 a&nbsp;sofistikovan\u00e9 v\u016fn\u011b, kter\u00e9 decentn\u011b podtrhnou charakter domova. M\u016f\u017ee to b\u00fdt velmi lehk\u00fd n\u00e1dech \u010distoty, v\u016fn\u011b \u010derstv\u011b uva\u0159en\u00e9 k\u00e1vy nebo \u010derstv\u00fdch kv\u011btin ve v\u00e1ze na stole. Takov\u00e1 pozornost k&nbsp;detail\u016fm vys\u00edl\u00e1 jasn\u00fd sign\u00e1l, \u017ee o&nbsp;nemovitost bylo s&nbsp;l\u00e1skou pe\u010dov\u00e1no. Z\u00e1jemce se d\u00edky tomu c\u00edt\u00ed v\u00edtan\u00fd a&nbsp;okam\u017eit\u011b za\u010d\u00edn\u00e1 vn\u00edmat v\u00fdjime\u010dnost nab\u00edzen\u00e9ho m\u00edsta v&nbsp;ka\u017ed\u00e9m jeho koutu.<\/p>\n\n\n\n<p class=\"wp-block-paragraph\"><strong>Vytvo\u0159en\u00ed atmosf\u00e9ry, kter\u00e1 prod\u00e1v\u00e1 emoce<\/strong><\/p>\n\n\n\n<p class=\"wp-block-paragraph\">Ka\u017ed\u00e1 nemovitost m\u016f\u017ee na prvn\u00ed pohled p\u016fsobit hezky, ale pro \u00fasp\u011b\u0161n\u00fd prodej mus\u00ed vyvolat h\u0159ejiv\u00fd pocit domova. Teplota v&nbsp;interi\u00e9ru by m\u011bla b\u00fdt nastavena tak, aby se n\u00e1v\u0161t\u011bvn\u00edk c\u00edtil naprosto komfortn\u011b hned po vstupu. P\u0159\u00edli\u0161n\u00fd chlad nebo naopak p\u0159etopen\u00e9 m\u00edstnosti mohou zp\u016fsobit podv\u011bdom\u00fd neklid a&nbsp;necht\u011bnou touhu prohl\u00eddku co nejd\u0159\u00edve ukon\u010dit. Jemn\u00e1 a&nbsp;tich\u00e1 hudba v&nbsp;pozad\u00ed dok\u00e1\u017ee z\u00e1zraky, proto\u017ee p\u0159irozen\u011b vypln\u00ed ticho a&nbsp;dod\u00e1 prostoru p\u0159\u00edjemn\u00fd rytmus. Je vhodn\u00e9 volit neutr\u00e1ln\u00ed skladby, kter\u00e9 neodv\u00e1d\u011bj\u00ed pozornost od samotn\u00e9 nemovitosti, ale p\u0159\u00edjemn\u011b ji dopl\u0148uj\u00ed a&nbsp;uvol\u0148uj\u00ed p\u0159\u00edpadn\u00e9 nap\u011bt\u00ed z&nbsp;velk\u00e9ho \u017eivotn\u00edho rozhodnut\u00ed.<\/p>\n\n\n\n<p class=\"wp-block-paragraph\">D\u016fle\u017eit\u00e9 je tak\u00e9 pracovat s&nbsp;v\u00fdhledy a&nbsp;pr\u016fhledy, kter\u00e9 jsou \u010dasto siln\u00fdm prodejn\u00edm argumentem. Odstra\u0148te v\u0161echny drobn\u00e9 p\u0159ek\u00e1\u017eky, kter\u00e9 by mohly br\u00e1nit pohledu z&nbsp;oken do zelen\u011b nebo na ulici. Pokud prod\u00e1v\u00e1te d\u016fm s&nbsp;funk\u010dn\u00edm krbem, m\u016f\u017eete ho v&nbsp;chladn\u011bj\u0161\u00edch dnech vyu\u017e\u00edt a&nbsp;nechat ho vyniknout jako dominantu ob\u00fdvac\u00edho pokoje. Zvuk praskaj\u00edc\u00edho d\u0159eva a&nbsp;pohled do ohn\u011b probouzej\u00ed v&nbsp;lidech hlubok\u00e9 emoce a&nbsp;pocit rodinn\u00e9 pohody a&nbsp;stability. Kdy\u017e z\u00e1jemce usedne na pohovku a&nbsp;rozhl\u00e9dne se kolem sebe, m\u011bl by poc\u00edtit, \u017ee pr\u00e1v\u011b zde chce tr\u00e1vit sv\u00e9 voln\u00e9 chv\u00edle a&nbsp;tvo\u0159it si nov\u00e9 vzpom\u00ednky se sv\u00fdmi bl\u00edzk\u00fdmi.<\/p>\n\n\n\n<p class=\"wp-block-paragraph\"><strong>Harmonick\u00fd z\u00e1\u017eitek pod taktovkou zku\u0161en\u00e9ho profesion\u00e1la<\/strong><\/p>\n\n\n\n<p class=\"wp-block-paragraph\">Aby do sebe v\u0161echny tyto prvky spr\u00e1vn\u011b zapadly, je zapot\u0159eb\u00ed zku\u0161en\u00e9ho veden\u00ed cel\u00e9ho procesu. Profesion\u00e1ln\u00ed makl\u00e9\u0159 p\u0159esn\u011b v\u00ed, kdy m\u00e1 mluvit a&nbsp;kdy je naopak lep\u0161\u00ed nechat prostor tichu a&nbsp;vlastn\u00edm my\u0161lenk\u00e1m kupuj\u00edc\u00edho. Majitel\u00e9 b\u00fdvaj\u00ed k&nbsp;vlastn\u00edm domov\u016fm citov\u011b v\u00e1z\u00e1ni, co\u017e m\u016f\u017ee p\u0159i prohl\u00eddce necht\u011bn\u011b vytv\u00e1\u0159et ur\u010dit\u00e9 nap\u011bt\u00ed nebo tlak na z\u00e1jemce. Proto je pro ob\u011b strany mnohem v\u00fdhodn\u011bj\u0161\u00ed, kdy\u017e prezentaci vede nez\u00e1visl\u00fd profesion\u00e1l. Ten dok\u00e1\u017ee udr\u017eet objektivn\u00ed nadhled a&nbsp;v\u011bcn\u011b reagovat na dotazy, zat\u00edmco z\u00e1jemce si v&nbsp;klidu buduje sv\u016fj vlastn\u00ed vztah k&nbsp;nov\u00e9mu m\u00edstu bez pocitu, \u017ee n\u011bkoho omezuje.<\/p>\n\n\n\n<p class=\"wp-block-paragraph\">Makl\u00e9\u0159 se star\u00e1 o&nbsp;to, aby cel\u00e1 prohl\u00eddka m\u011bla logickou strukturu a&nbsp;pat\u0159i\u010dnou gradaci pro ten nejlep\u0161\u00ed v\u00fdsledn\u00fd dojem. N\u011bkdy je vhodn\u00e9 za\u010d\u00edt v&nbsp;nejp\u016fsobiv\u011bj\u0161\u00ed \u010d\u00e1sti nemovitosti, jindy si ji nechat jako z\u00e1v\u011bre\u010dn\u00fd vrchol. B\u011bhem cel\u00e9ho procesu je nutn\u00e9 sledovat reakce n\u00e1v\u0161t\u011bvn\u00edk\u016f a&nbsp;podle nich pru\u017en\u011b upravovat tempo i&nbsp;obsah sd\u011blen\u00ed. Takov\u00fd p\u0159\u00edstup zaru\u010duje, \u017ee se z&nbsp;prodeje stane profesion\u00e1ln\u011b zvl\u00e1dnut\u00e1 ud\u00e1lost, na kterou se nezapom\u00edn\u00e1. Kdy\u017e je cel\u00fd proces veden s&nbsp;lehkost\u00ed, buduje to obrovskou vz\u00e1jemnou d\u016fv\u011bru, kter\u00e1 je pro \u00fasp\u011b\u0161n\u00e9 dota\u017een\u00ed obchodu naprosto nezbytn\u00e1.<\/p>\n\n\n\n<p class=\"wp-block-paragraph\">Pokud zva\u017eujete prodej sv\u00e9 nemovitosti a&nbsp;p\u0159ejete si, aby byla prezentov\u00e1na s&nbsp;maxim\u00e1ln\u00ed profesion\u00e1ln\u00ed p\u00e9\u010d\u00ed, nev\u00e1hejte se na m\u011b obr\u00e1tit prost\u0159ednictv\u00edm uveden\u00fdch kontakt\u016f. Spole\u010dn\u011b p\u0159iprav\u00edme strategii, kter\u00e1 oslov\u00ed smysly t\u011bch spr\u00e1vn\u00fdch z\u00e1jemc\u016f a&nbsp;zajist\u00ed hladk\u00fd pr\u016fb\u011bh cel\u00e9ho obchodu.<\/p>\n\n\n\n<p class=\"wp-block-paragraph\"><a target=\"_blank\" href=\"https:\/\/www.facebook.com\/sharer\/sharer.php?u=https:\/\/janamozici.cz\/clanek\/kdyz-se-prodej-meni-v-zazitek-jak-pusobit-na-smysly-budoucich-majitelu\" rel=\"noreferrer noopener\"><\/a>&nbsp;<\/p>\n\n\n\n<p class=\"wp-block-paragraph\"><\/p>\n","protected":false},"excerpt":{"rendered":"<p>Prodej nemovitosti nen\u00ed jen o&nbsp;technick\u00fdch parametrech \u010di metrech \u010dtvere\u010dn\u00edch, ale sp\u00ed\u0161e o&nbsp;pocitech, kter\u00e9 si z\u00e1jemce z&nbsp;prohl\u00eddky odnese. Aby se lid\u00e9 do va\u0161eho domova skute\u010dn\u011b zamilovali, mus\u00ed na n\u011b prostor zap\u016fsobit v\u0161emi smysly. Zjist\u011bte, jak d\u00edky psychologii a&nbsp;atmosf\u00e9\u0159e prom\u011bnit prohl\u00eddku v&nbsp;z\u00e1\u017eitek a&nbsp;oslovit ty prav\u00e9 z\u00e1jemce o&nbsp;koupi. Prvn\u00ed dojem, kter\u00fd zapoj\u00ed v\u0161echny smysly Prvn\u00ed vte\u0159iny po otev\u0159en\u00ed [&hellip;]<\/p>\n","protected":false},"author":1,"featured_media":1062,"comment_status":"closed","ping_status":"closed","sticky":false,"template":"","format":"standard","meta":{"_acf_changed":false,"pgc_sgb_lightbox_settings":"","footnotes":""},"categories":[13],"tags":[],"class_list":["post-1061","post","type-post","status-publish","format-standard","has-post-thumbnail","hentry","category-clanky"],"acf":[],"yoast_head":"<!-- This site is optimized with the Yoast SEO plugin v28.2 - https:\/\/yoast.com\/product\/yoast-seo-wordpress\/ -->\n<title>Kdy\u017e se prodej m\u011bn\u00ed v\u00a0z\u00e1\u017eitek: Jak p\u016fsobit na smysly budouc\u00edch majitel\u016f - Jana Mozici - Realitni makl\u00e9\u0159ka<\/title>\n<meta name=\"robots\" content=\"index, follow, max-snippet:-1, max-image-preview:large, max-video-preview:-1\" \/>\n<link rel=\"canonical\" href=\"https:\/\/d.r4.wbsprt.com\/janamozici.cz\/kdyz-se-prodej-meni-v-zazitek-jak-pusobit-na-smysly-budoucich-majitelu\/\" \/>\n<meta property=\"og:locale\" content=\"cs_CZ\" \/>\n<meta property=\"og:type\" content=\"article\" \/>\n<meta property=\"og:title\" content=\"Kdy\u017e se prodej m\u011bn\u00ed v\u00a0z\u00e1\u017eitek: Jak p\u016fsobit na smysly budouc\u00edch majitel\u016f - Jana Mozici - Realitni makl\u00e9\u0159ka\" \/>\n<meta property=\"og:description\" content=\"Prodej nemovitosti nen\u00ed jen o&nbsp;technick\u00fdch parametrech \u010di metrech \u010dtvere\u010dn\u00edch, ale sp\u00ed\u0161e o&nbsp;pocitech, kter\u00e9 si z\u00e1jemce z&nbsp;prohl\u00eddky odnese. Aby se lid\u00e9 do va\u0161eho domova skute\u010dn\u011b zamilovali, mus\u00ed na n\u011b prostor zap\u016fsobit v\u0161emi smysly. Zjist\u011bte, jak d\u00edky psychologii a&nbsp;atmosf\u00e9\u0159e prom\u011bnit prohl\u00eddku v&nbsp;z\u00e1\u017eitek a&nbsp;oslovit ty prav\u00e9 z\u00e1jemce o&nbsp;koupi. Prvn\u00ed dojem, kter\u00fd zapoj\u00ed v\u0161echny smysly Prvn\u00ed vte\u0159iny po otev\u0159en\u00ed [&hellip;]\" \/>\n<meta property=\"og:url\" content=\"https:\/\/d.r4.wbsprt.com\/janamozici.cz\/kdyz-se-prodej-meni-v-zazitek-jak-pusobit-na-smysly-budoucich-majitelu\/\" \/>\n<meta property=\"og:site_name\" content=\"Jana Mozici - Realitni makl\u00e9\u0159ka\" \/>\n<meta property=\"article:published_time\" content=\"2026-04-29T16:02:00+00:00\" \/>\n<meta property=\"article:modified_time\" content=\"2026-06-17T16:02:18+00:00\" \/>\n<meta property=\"og:image\" content=\"https:\/\/d.r4.wbsprt.com\/janamozici.cz\/wp-content\/uploads\/2026\/06\/5907.jpg\" \/>\n\t<meta property=\"og:image:width\" content=\"996\" \/>\n\t<meta property=\"og:image:height\" content=\"796\" \/>\n\t<meta property=\"og:image:type\" content=\"image\/jpeg\" \/>\n<meta name=\"author\" content=\"pavelignacek\" \/>\n<meta name=\"twitter:card\" content=\"summary_large_image\" \/>\n<meta name=\"twitter:label1\" content=\"Napsal(a)\" \/>\n\t<meta name=\"twitter:data1\" content=\"pavelignacek\" \/>\n\t<meta name=\"twitter:label2\" content=\"Odhadovan\u00e1 doba \u010dten\u00ed\" \/>\n\t<meta name=\"twitter:data2\" content=\"5 minut\" \/>\n<script type=\"application\/ld+json\" class=\"yoast-schema-graph\">{\"@context\":\"https:\\\/\\\/schema.org\",\"@graph\":[{\"@type\":\"Article\",\"@id\":\"https:\\\/\\\/d.r4.wbsprt.com\\\/janamozici.cz\\\/kdyz-se-prodej-meni-v-zazitek-jak-pusobit-na-smysly-budoucich-majitelu\\\/#article\",\"isPartOf\":{\"@id\":\"https:\\\/\\\/d.r4.wbsprt.com\\\/janamozici.cz\\\/kdyz-se-prodej-meni-v-zazitek-jak-pusobit-na-smysly-budoucich-majitelu\\\/\"},\"author\":{\"name\":\"pavelignacek\",\"@id\":\"https:\\\/\\\/janamozici.cz\\\/#\\\/schema\\\/person\\\/a0c8271995d3088e738ca636e0ae15e8\"},\"headline\":\"Kdy\u017e se prodej m\u011bn\u00ed v\u00a0z\u00e1\u017eitek: Jak p\u016fsobit na smysly budouc\u00edch majitel\u016f\",\"datePublished\":\"2026-04-29T16:02:00+00:00\",\"dateModified\":\"2026-06-17T16:02:18+00:00\",\"mainEntityOfPage\":{\"@id\":\"https:\\\/\\\/d.r4.wbsprt.com\\\/janamozici.cz\\\/kdyz-se-prodej-meni-v-zazitek-jak-pusobit-na-smysly-budoucich-majitelu\\\/\"},\"wordCount\":1010,\"publisher\":{\"@id\":\"https:\\\/\\\/janamozici.cz\\\/#organization\"},\"image\":{\"@id\":\"https:\\\/\\\/d.r4.wbsprt.com\\\/janamozici.cz\\\/kdyz-se-prodej-meni-v-zazitek-jak-pusobit-na-smysly-budoucich-majitelu\\\/#primaryimage\"},\"thumbnailUrl\":\"https:\\\/\\\/d.r4.wbsprt.com\\\/janamozici.cz\\\/wp-content\\\/uploads\\\/2026\\\/06\\\/5907.jpg\",\"articleSection\":[\"\u010cL\u00c1NKY\"],\"inLanguage\":\"cs\"},{\"@type\":\"WebPage\",\"@id\":\"https:\\\/\\\/d.r4.wbsprt.com\\\/janamozici.cz\\\/kdyz-se-prodej-meni-v-zazitek-jak-pusobit-na-smysly-budoucich-majitelu\\\/\",\"url\":\"https:\\\/\\\/d.r4.wbsprt.com\\\/janamozici.cz\\\/kdyz-se-prodej-meni-v-zazitek-jak-pusobit-na-smysly-budoucich-majitelu\\\/\",\"name\":\"Kdy\u017e se prodej m\u011bn\u00ed v\u00a0z\u00e1\u017eitek: Jak p\u016fsobit na smysly budouc\u00edch majitel\u016f - Jana Mozici - Realitni makl\u00e9\u0159ka\",\"isPartOf\":{\"@id\":\"https:\\\/\\\/janamozici.cz\\\/#website\"},\"primaryImageOfPage\":{\"@id\":\"https:\\\/\\\/d.r4.wbsprt.com\\\/janamozici.cz\\\/kdyz-se-prodej-meni-v-zazitek-jak-pusobit-na-smysly-budoucich-majitelu\\\/#primaryimage\"},\"image\":{\"@id\":\"https:\\\/\\\/d.r4.wbsprt.com\\\/janamozici.cz\\\/kdyz-se-prodej-meni-v-zazitek-jak-pusobit-na-smysly-budoucich-majitelu\\\/#primaryimage\"},\"thumbnailUrl\":\"https:\\\/\\\/d.r4.wbsprt.com\\\/janamozici.cz\\\/wp-content\\\/uploads\\\/2026\\\/06\\\/5907.jpg\",\"datePublished\":\"2026-04-29T16:02:00+00:00\",\"dateModified\":\"2026-06-17T16:02:18+00:00\",\"breadcrumb\":{\"@id\":\"https:\\\/\\\/d.r4.wbsprt.com\\\/janamozici.cz\\\/kdyz-se-prodej-meni-v-zazitek-jak-pusobit-na-smysly-budoucich-majitelu\\\/#breadcrumb\"},\"inLanguage\":\"cs\",\"potentialAction\":[{\"@type\":\"ReadAction\",\"target\":[\"https:\\\/\\\/d.r4.wbsprt.com\\\/janamozici.cz\\\/kdyz-se-prodej-meni-v-zazitek-jak-pusobit-na-smysly-budoucich-majitelu\\\/\"]}]},{\"@type\":\"ImageObject\",\"inLanguage\":\"cs\",\"@id\":\"https:\\\/\\\/d.r4.wbsprt.com\\\/janamozici.cz\\\/kdyz-se-prodej-meni-v-zazitek-jak-pusobit-na-smysly-budoucich-majitelu\\\/#primaryimage\",\"url\":\"https:\\\/\\\/d.r4.wbsprt.com\\\/janamozici.cz\\\/wp-content\\\/uploads\\\/2026\\\/06\\\/5907.jpg\",\"contentUrl\":\"https:\\\/\\\/d.r4.wbsprt.com\\\/janamozici.cz\\\/wp-content\\\/uploads\\\/2026\\\/06\\\/5907.jpg\",\"width\":996,\"height\":796},{\"@type\":\"BreadcrumbList\",\"@id\":\"https:\\\/\\\/d.r4.wbsprt.com\\\/janamozici.cz\\\/kdyz-se-prodej-meni-v-zazitek-jak-pusobit-na-smysly-budoucich-majitelu\\\/#breadcrumb\",\"itemListElement\":[{\"@type\":\"ListItem\",\"position\":1,\"name\":\"Dom\u016f\",\"item\":\"https:\\\/\\\/janamozici.cz\\\/\"},{\"@type\":\"ListItem\",\"position\":2,\"name\":\"Kdy\u017e se prodej m\u011bn\u00ed v\u00a0z\u00e1\u017eitek: Jak p\u016fsobit na smysly budouc\u00edch majitel\u016f\"}]},{\"@type\":\"WebSite\",\"@id\":\"https:\\\/\\\/janamozici.cz\\\/#website\",\"url\":\"https:\\\/\\\/janamozici.cz\\\/\",\"name\":\"Jana Mozici - Realitni makl\u00e9\u0159ka\",\"description\":\"Realitn\u00ed makl\u00e9\u0159ka pro Chomutovsk\u00fd kraj\",\"publisher\":{\"@id\":\"https:\\\/\\\/janamozici.cz\\\/#organization\"},\"potentialAction\":[{\"@type\":\"SearchAction\",\"target\":{\"@type\":\"EntryPoint\",\"urlTemplate\":\"https:\\\/\\\/janamozici.cz\\\/?s={search_term_string}\"},\"query-input\":{\"@type\":\"PropertyValueSpecification\",\"valueRequired\":true,\"valueName\":\"search_term_string\"}}],\"inLanguage\":\"cs\"},{\"@type\":\"Organization\",\"@id\":\"https:\\\/\\\/janamozici.cz\\\/#organization\",\"name\":\"Jana Mozici - Realitni makl\u00e9\u0159ka\",\"url\":\"https:\\\/\\\/janamozici.cz\\\/\",\"logo\":{\"@type\":\"ImageObject\",\"inLanguage\":\"cs\",\"@id\":\"https:\\\/\\\/janamozici.cz\\\/#\\\/schema\\\/logo\\\/image\\\/\",\"url\":\"https:\\\/\\\/d.r4.wbsprt.com\\\/janamozici.cz\\\/wp-content\\\/uploads\\\/2026\\\/07\\\/cropped-favicon.png\",\"contentUrl\":\"https:\\\/\\\/d.r4.wbsprt.com\\\/janamozici.cz\\\/wp-content\\\/uploads\\\/2026\\\/07\\\/cropped-favicon.png\",\"width\":300,\"height\":300,\"caption\":\"Jana Mozici - Realitni makl\u00e9\u0159ka\"},\"image\":{\"@id\":\"https:\\\/\\\/janamozici.cz\\\/#\\\/schema\\\/logo\\\/image\\\/\"}},{\"@type\":\"Person\",\"@id\":\"https:\\\/\\\/janamozici.cz\\\/#\\\/schema\\\/person\\\/a0c8271995d3088e738ca636e0ae15e8\",\"name\":\"pavelignacek\",\"image\":{\"@type\":\"ImageObject\",\"inLanguage\":\"cs\",\"@id\":\"https:\\\/\\\/secure.gravatar.com\\\/avatar\\\/f1277ae3877a04db460fe45d0c550807b61b14883332acd3d3665c45a540a0c7?s=96&d=mm&r=g\",\"url\":\"https:\\\/\\\/secure.gravatar.com\\\/avatar\\\/f1277ae3877a04db460fe45d0c550807b61b14883332acd3d3665c45a540a0c7?s=96&d=mm&r=g\",\"contentUrl\":\"https:\\\/\\\/secure.gravatar.com\\\/avatar\\\/f1277ae3877a04db460fe45d0c550807b61b14883332acd3d3665c45a540a0c7?s=96&d=mm&r=g\",\"caption\":\"pavelignacek\"},\"sameAs\":[\"https:\\\/\\\/janamozici.cz\"],\"url\":\"https:\\\/\\\/d.r4.wbsprt.com\\\/janamozici.cz\\\/author\\\/pavelignacek\\\/\"}]}<\/script>\n<!-- \/ Yoast SEO plugin. -->","yoast_head_json":{"title":"Kdy\u017e se prodej m\u011bn\u00ed v\u00a0z\u00e1\u017eitek: Jak p\u016fsobit na smysly budouc\u00edch majitel\u016f - Jana Mozici - Realitni makl\u00e9\u0159ka","robots":{"index":"index","follow":"follow","max-snippet":"max-snippet:-1","max-image-preview":"max-image-preview:large","max-video-preview":"max-video-preview:-1"},"canonical":"https:\/\/d.r4.wbsprt.com\/janamozici.cz\/kdyz-se-prodej-meni-v-zazitek-jak-pusobit-na-smysly-budoucich-majitelu\/","og_locale":"cs_CZ","og_type":"article","og_title":"Kdy\u017e se prodej m\u011bn\u00ed v\u00a0z\u00e1\u017eitek: Jak p\u016fsobit na smysly budouc\u00edch majitel\u016f - Jana Mozici - Realitni makl\u00e9\u0159ka","og_description":"Prodej nemovitosti nen\u00ed jen o&nbsp;technick\u00fdch parametrech \u010di metrech \u010dtvere\u010dn\u00edch, ale sp\u00ed\u0161e o&nbsp;pocitech, kter\u00e9 si z\u00e1jemce z&nbsp;prohl\u00eddky odnese. Aby se lid\u00e9 do va\u0161eho domova skute\u010dn\u011b zamilovali, mus\u00ed na n\u011b prostor zap\u016fsobit v\u0161emi smysly. Zjist\u011bte, jak d\u00edky psychologii a&nbsp;atmosf\u00e9\u0159e prom\u011bnit prohl\u00eddku v&nbsp;z\u00e1\u017eitek a&nbsp;oslovit ty prav\u00e9 z\u00e1jemce o&nbsp;koupi. Prvn\u00ed dojem, kter\u00fd zapoj\u00ed v\u0161echny smysly Prvn\u00ed vte\u0159iny po otev\u0159en\u00ed [&hellip;]","og_url":"https:\/\/d.r4.wbsprt.com\/janamozici.cz\/kdyz-se-prodej-meni-v-zazitek-jak-pusobit-na-smysly-budoucich-majitelu\/","og_site_name":"Jana Mozici - Realitni makl\u00e9\u0159ka","article_published_time":"2026-04-29T16:02:00+00:00","article_modified_time":"2026-06-17T16:02:18+00:00","og_image":[{"width":996,"height":796,"url":"https:\/\/d.r4.wbsprt.com\/janamozici.cz\/wp-content\/uploads\/2026\/06\/5907.jpg","type":"image\/jpeg"}],"author":"pavelignacek","twitter_card":"summary_large_image","twitter_misc":{"Napsal(a)":"pavelignacek","Odhadovan\u00e1 doba \u010dten\u00ed":"5 minut"},"schema":{"@context":"https:\/\/schema.org","@graph":[{"@type":"Article","@id":"https:\/\/d.r4.wbsprt.com\/janamozici.cz\/kdyz-se-prodej-meni-v-zazitek-jak-pusobit-na-smysly-budoucich-majitelu\/#article","isPartOf":{"@id":"https:\/\/d.r4.wbsprt.com\/janamozici.cz\/kdyz-se-prodej-meni-v-zazitek-jak-pusobit-na-smysly-budoucich-majitelu\/"},"author":{"name":"pavelignacek","@id":"https:\/\/janamozici.cz\/#\/schema\/person\/a0c8271995d3088e738ca636e0ae15e8"},"headline":"Kdy\u017e se prodej m\u011bn\u00ed v\u00a0z\u00e1\u017eitek: Jak p\u016fsobit na smysly budouc\u00edch majitel\u016f","datePublished":"2026-04-29T16:02:00+00:00","dateModified":"2026-06-17T16:02:18+00:00","mainEntityOfPage":{"@id":"https:\/\/d.r4.wbsprt.com\/janamozici.cz\/kdyz-se-prodej-meni-v-zazitek-jak-pusobit-na-smysly-budoucich-majitelu\/"},"wordCount":1010,"publisher":{"@id":"https:\/\/janamozici.cz\/#organization"},"image":{"@id":"https:\/\/d.r4.wbsprt.com\/janamozici.cz\/kdyz-se-prodej-meni-v-zazitek-jak-pusobit-na-smysly-budoucich-majitelu\/#primaryimage"},"thumbnailUrl":"https:\/\/d.r4.wbsprt.com\/janamozici.cz\/wp-content\/uploads\/2026\/06\/5907.jpg","articleSection":["\u010cL\u00c1NKY"],"inLanguage":"cs"},{"@type":"WebPage","@id":"https:\/\/d.r4.wbsprt.com\/janamozici.cz\/kdyz-se-prodej-meni-v-zazitek-jak-pusobit-na-smysly-budoucich-majitelu\/","url":"https:\/\/d.r4.wbsprt.com\/janamozici.cz\/kdyz-se-prodej-meni-v-zazitek-jak-pusobit-na-smysly-budoucich-majitelu\/","name":"Kdy\u017e se prodej m\u011bn\u00ed v\u00a0z\u00e1\u017eitek: Jak p\u016fsobit na smysly budouc\u00edch majitel\u016f - Jana Mozici - Realitni makl\u00e9\u0159ka","isPartOf":{"@id":"https:\/\/janamozici.cz\/#website"},"primaryImageOfPage":{"@id":"https:\/\/d.r4.wbsprt.com\/janamozici.cz\/kdyz-se-prodej-meni-v-zazitek-jak-pusobit-na-smysly-budoucich-majitelu\/#primaryimage"},"image":{"@id":"https:\/\/d.r4.wbsprt.com\/janamozici.cz\/kdyz-se-prodej-meni-v-zazitek-jak-pusobit-na-smysly-budoucich-majitelu\/#primaryimage"},"thumbnailUrl":"https:\/\/d.r4.wbsprt.com\/janamozici.cz\/wp-content\/uploads\/2026\/06\/5907.jpg","datePublished":"2026-04-29T16:02:00+00:00","dateModified":"2026-06-17T16:02:18+00:00","breadcrumb":{"@id":"https:\/\/d.r4.wbsprt.com\/janamozici.cz\/kdyz-se-prodej-meni-v-zazitek-jak-pusobit-na-smysly-budoucich-majitelu\/#breadcrumb"},"inLanguage":"cs","potentialAction":[{"@type":"ReadAction","target":["https:\/\/d.r4.wbsprt.com\/janamozici.cz\/kdyz-se-prodej-meni-v-zazitek-jak-pusobit-na-smysly-budoucich-majitelu\/"]}]},{"@type":"ImageObject","inLanguage":"cs","@id":"https:\/\/d.r4.wbsprt.com\/janamozici.cz\/kdyz-se-prodej-meni-v-zazitek-jak-pusobit-na-smysly-budoucich-majitelu\/#primaryimage","url":"https:\/\/d.r4.wbsprt.com\/janamozici.cz\/wp-content\/uploads\/2026\/06\/5907.jpg","contentUrl":"https:\/\/d.r4.wbsprt.com\/janamozici.cz\/wp-content\/uploads\/2026\/06\/5907.jpg","width":996,"height":796},{"@type":"BreadcrumbList","@id":"https:\/\/d.r4.wbsprt.com\/janamozici.cz\/kdyz-se-prodej-meni-v-zazitek-jak-pusobit-na-smysly-budoucich-majitelu\/#breadcrumb","itemListElement":[{"@type":"ListItem","position":1,"name":"Dom\u016f","item":"https:\/\/janamozici.cz\/"},{"@type":"ListItem","position":2,"name":"Kdy\u017e se prodej m\u011bn\u00ed v\u00a0z\u00e1\u017eitek: Jak p\u016fsobit na smysly budouc\u00edch majitel\u016f"}]},{"@type":"WebSite","@id":"https:\/\/janamozici.cz\/#website","url":"https:\/\/janamozici.cz\/","name":"Jana Mozici - Realitni makl\u00e9\u0159ka","description":"Realitn\u00ed makl\u00e9\u0159ka pro Chomutovsk\u00fd kraj","publisher":{"@id":"https:\/\/janamozici.cz\/#organization"},"potentialAction":[{"@type":"SearchAction","target":{"@type":"EntryPoint","urlTemplate":"https:\/\/janamozici.cz\/?s={search_term_string}"},"query-input":{"@type":"PropertyValueSpecification","valueRequired":true,"valueName":"search_term_string"}}],"inLanguage":"cs"},{"@type":"Organization","@id":"https:\/\/janamozici.cz\/#organization","name":"Jana Mozici - Realitni makl\u00e9\u0159ka","url":"https:\/\/janamozici.cz\/","logo":{"@type":"ImageObject","inLanguage":"cs","@id":"https:\/\/janamozici.cz\/#\/schema\/logo\/image\/","url":"https:\/\/d.r4.wbsprt.com\/janamozici.cz\/wp-content\/uploads\/2026\/07\/cropped-favicon.png","contentUrl":"https:\/\/d.r4.wbsprt.com\/janamozici.cz\/wp-content\/uploads\/2026\/07\/cropped-favicon.png","width":300,"height":300,"caption":"Jana Mozici - Realitni makl\u00e9\u0159ka"},"image":{"@id":"https:\/\/janamozici.cz\/#\/schema\/logo\/image\/"}},{"@type":"Person","@id":"https:\/\/janamozici.cz\/#\/schema\/person\/a0c8271995d3088e738ca636e0ae15e8","name":"pavelignacek","image":{"@type":"ImageObject","inLanguage":"cs","@id":"https:\/\/secure.gravatar.com\/avatar\/f1277ae3877a04db460fe45d0c550807b61b14883332acd3d3665c45a540a0c7?s=96&d=mm&r=g","url":"https:\/\/secure.gravatar.com\/avatar\/f1277ae3877a04db460fe45d0c550807b61b14883332acd3d3665c45a540a0c7?s=96&d=mm&r=g","contentUrl":"https:\/\/secure.gravatar.com\/avatar\/f1277ae3877a04db460fe45d0c550807b61b14883332acd3d3665c45a540a0c7?s=96&d=mm&r=g","caption":"pavelignacek"},"sameAs":["https:\/\/janamozici.cz"],"url":"https:\/\/d.r4.wbsprt.com\/janamozici.cz\/author\/pavelignacek\/"}]}},"_links":{"self":[{"href":"https:\/\/d.r4.wbsprt.com\/janamozici.cz\/wp-json\/wp\/v2\/posts\/1061","targetHints":{"allow":["GET"]}}],"collection":[{"href":"https:\/\/d.r4.wbsprt.com\/janamozici.cz\/wp-json\/wp\/v2\/posts"}],"about":[{"href":"https:\/\/d.r4.wbsprt.com\/janamozici.cz\/wp-json\/wp\/v2\/types\/post"}],"author":[{"embeddable":true,"href":"https:\/\/d.r4.wbsprt.com\/janamozici.cz\/wp-json\/wp\/v2\/users\/1"}],"replies":[{"embeddable":true,"href":"https:\/\/d.r4.wbsprt.com\/janamozici.cz\/wp-json\/wp\/v2\/comments?post=1061"}],"version-history":[{"count":1,"href":"https:\/\/d.r4.wbsprt.com\/janamozici.cz\/wp-json\/wp\/v2\/posts\/1061\/revisions"}],"predecessor-version":[{"id":1063,"href":"https:\/\/d.r4.wbsprt.com\/janamozici.cz\/wp-json\/wp\/v2\/posts\/1061\/revisions\/1063"}],"wp:featuredmedia":[{"embeddable":true,"href":"https:\/\/d.r4.wbsprt.com\/janamozici.cz\/wp-json\/wp\/v2\/media\/1062"}],"wp:attachment":[{"href":"https:\/\/d.r4.wbsprt.com\/janamozici.cz\/wp-json\/wp\/v2\/media?parent=1061"}],"wp:term":[{"taxonomy":"category","embeddable":true,"href":"https:\/\/d.r4.wbsprt.com\/janamozici.cz\/wp-json\/wp\/v2\/categories?post=1061"},{"taxonomy":"post_tag","embeddable":true,"href":"https:\/\/d.r4.wbsprt.com\/janamozici.cz\/wp-json\/wp\/v2\/tags?post=1061"}],"curies":[{"name":"wp","href":"https:\/\/api.w.org\/{rel}","templated":true}]}}