{"id":1064,"date":"2026-05-28T18:02:00","date_gmt":"2026-05-28T16:02:00","guid":{"rendered":"https:\/\/d.r4.wbsprt.com\/janamozici.cz\/?p=1064"},"modified":"2026-06-17T18:03:10","modified_gmt":"2026-06-17T16:03:10","slug":"prodej-bytu-s-najemcem-jako-skvela-vyhoda-pro-obe-strany","status":"publish","type":"post","link":"https:\/\/d.r4.wbsprt.com\/janamozici.cz\/prodej-bytu-s-najemcem-jako-skvela-vyhoda-pro-obe-strany\/","title":{"rendered":"Prodej bytu s n\u00e1jemcem jako skv\u011bl\u00e1 v\u00fdhoda pro ob\u011b strany"},"content":{"rendered":"\n<p class=\"wp-block-paragraph\">Uva\u017eujete o&nbsp;prodeji sv\u00e9ho investi\u010dn\u00edho bytu, ale m\u00e1te obavy z&nbsp;komplikac\u00ed kv\u016fli st\u00e1vaj\u00edc\u00edmu n\u00e1jemn\u00edkovi? Nemus\u00edte m\u00edt strach. Prodej nemovitosti s&nbsp;plat\u00edc\u00edm n\u00e1jemcem m\u016f\u017ee b\u00fdt ve skute\u010dnosti obrovskou v\u00fdhodou. Pro \u0159adu kupuj\u00edc\u00edch to toti\u017e p\u0159edstavuje hotovou investici s&nbsp;okam\u017eit\u00fdm v\u00fdnosem. P\u0159e\u010dt\u011bte si, jak cel\u00fd proces zvl\u00e1dnout v&nbsp;klidu, v&nbsp;souladu s&nbsp;platn\u00fdmi z\u00e1kony a&nbsp;ke spokojenosti v\u0161ech z\u00fa\u010dastn\u011bn\u00fdch stran.<\/p>\n\n\n\n<p class=\"wp-block-paragraph\"><strong>Pr\u00e1vn\u00ed jistota jako z\u00e1klad klidn\u00e9ho prodeje<\/strong><\/p>\n\n\n\n<p class=\"wp-block-paragraph\">Mnoho vlastn\u00edk\u016f se domn\u00edv\u00e1, \u017ee p\u0159ed prodejem bytu mus\u00ed n\u00e1jemn\u00ed vztah bezpodm\u00edne\u010dn\u011b ukon\u010dit. To je v\u0161ak \u010dast\u00fd omyl, kter\u00fd m\u016f\u017ee cel\u00fd proces zbyte\u010dn\u011b zkomplikovat. Podle \u010desk\u00e9ho ob\u010dansk\u00e9ho z\u00e1kon\u00edku toti\u017e zm\u011bna vlastnictv\u00ed bytu, ve kter\u00e9m n\u00e1jemce bydl\u00ed, nen\u00ed sama o&nbsp;sob\u011b d\u016fvodem k&nbsp;v\u00fdpov\u011bdi z&nbsp;n\u00e1jmu. Pr\u00e1va a&nbsp;povinnosti z&nbsp;n\u00e1jmu automaticky p\u0159ech\u00e1zej\u00ed na nov\u00e9ho vlastn\u00edka.<\/p>\n\n\n\n<p class=\"wp-block-paragraph\">Pro v\u00e1s jako sou\u010dasn\u00e9ho prod\u00e1vaj\u00edc\u00edho to znamen\u00e1 velkou \u00falevu a&nbsp;p\u0159edev\u0161\u00edm v\u00edtanou pr\u00e1vn\u00ed jistotu. Nemus\u00edte toti\u017e narychlo \u0159e\u0161it v\u00fdpov\u011bdn\u00ed lh\u016fty ani slo\u017eit\u011b hledat z\u00e1konn\u00e9 d\u016fvody pro ukon\u010den\u00ed st\u00e1vaj\u00edc\u00ed smlouvy. Cel\u00fd p\u0159evod pr\u00e1v i&nbsp;povinnost\u00ed prob\u00edh\u00e1 automaticky ze z\u00e1kona a&nbsp;naprosto bezpe\u010dn\u011b. Nov\u00fd kupuj\u00edc\u00ed jednodu\u0161e nastoup\u00ed na va\u0161e m\u00edsto a&nbsp;plynule pokra\u010duje v&nbsp;ji\u017e d\u0159\u00edve nastaven\u00fdch pravidlech. Tento jasn\u00fd a&nbsp;p\u0159ehledn\u00fd legislativn\u00ed r\u00e1mec \u00fa\u010dinn\u011b chr\u00e1n\u00ed v\u0161echny z\u00fa\u010dastn\u011bn\u00e9 strany. Z\u00e1rove\u0148 d\u00e1v\u00e1 cel\u00e9mu realitn\u00edmu obchodu velmi pevn\u00fd a&nbsp;stabiln\u00ed z\u00e1klad.<\/p>\n\n\n\n<p class=\"wp-block-paragraph\"><strong>Spolehliv\u00fd n\u00e1jemn\u00edk jako \u017e\u00e1dan\u00fd bonus pro investory<\/strong><\/p>\n\n\n\n<p class=\"wp-block-paragraph\">Mo\u017en\u00e1 v\u00e1s p\u0159ekvap\u00ed, \u017ee byt s&nbsp;\u0159\u00e1dn\u011b plat\u00edc\u00edm n\u00e1jemn\u00edkem je na realitn\u00edm trhu velmi cen\u011bn\u00fdm zbo\u017e\u00edm. Pro velkou skupinu kupuj\u00edc\u00edch, kter\u00e9 ozna\u010dujeme jako investory, p\u0159edstavuje takov\u00e1 nemovitost ide\u00e1ln\u00ed p\u0159\u00edle\u017eitost. Tito lid\u00e9 toti\u017e nehledaj\u00ed bydlen\u00ed pro sebe. Jejich hlavn\u00edm c\u00edlem je bezpe\u010dn\u00e9 ulo\u017een\u00ed pen\u011bz a&nbsp;pravideln\u00fd finan\u010dn\u00ed v\u00fdnos. Pokud jim nab\u00eddnete byt, kde ji\u017e bydl\u00ed prov\u011b\u0159en\u00fd a&nbsp;spolehliv\u00fd \u010dlov\u011bk, u\u0161et\u0159\u00edte jim obrovsk\u00e9 mno\u017estv\u00ed drahocenn\u00e9ho \u010dasu i&nbsp;starost\u00ed.<\/p>\n\n\n\n<p class=\"wp-block-paragraph\">Nov\u00fd majitel toti\u017e nemus\u00ed hned po koupi organizovat n\u00e1ro\u010dn\u00e9 prohl\u00eddky a&nbsp;slo\u017eit\u011b hledat vhodn\u00e9 n\u00e1jemce. Investice mu za\u010d\u00edn\u00e1 vyd\u011bl\u00e1vat pen\u00edze od prvn\u00edho dne, kdy se stane vlastn\u00edkem. Nemovitost nav\u00edc nez\u016fst\u00e1v\u00e1 ani na chv\u00edli pr\u00e1zdn\u00e1, tak\u017ee nevznikaj\u00ed \u017e\u00e1dn\u00e9 zbyte\u010dn\u00e9 ztr\u00e1ty. P\u0159\u00edtomnost bezprobl\u00e9mov\u00e9ho n\u00e1jemce je proto skv\u011bl\u00fdm prodejn\u00edm argumentem. M\u016f\u017ee v\u00e1m pomoci naj\u00edt v\u00e1\u017en\u00e9ho z\u00e1jemce mnohem rychleji a&nbsp;za velmi v\u00fdhodn\u00fdch podm\u00ednek.<\/p>\n\n\n\n<p class=\"wp-block-paragraph\"><strong>Otev\u0159en\u00e1 komunikace zajist\u00ed hladk\u00fd pr\u016fb\u011bh prohl\u00eddek<\/strong><\/p>\n\n\n\n<p class=\"wp-block-paragraph\">\u00dasp\u011bch cel\u00e9ho prodeje z\u00e1vis\u00ed do velk\u00e9 m\u00edry na tom, jak budete se sv\u00fdm n\u00e1jemn\u00edkem jednat. O&nbsp;sv\u00e9m z\u00e1m\u011bru prodat byt ho informujte co nejd\u0159\u00edve a&nbsp;ide\u00e1ln\u011b osobn\u011b. Vysv\u011btlete mu, \u017ee se pro n\u011bj nic z\u00e1sadn\u00edho nem\u011bn\u00ed a&nbsp;jeho smlouva plat\u00ed d\u00e1l. Kdy\u017e pomine n\u00e1jemn\u00edk\u016fv po\u010d\u00e1te\u010dn\u00ed strach ze ztr\u00e1ty domova, bude mnohem ochotn\u011bj\u0161\u00ed s&nbsp;v\u00e1mi spolupracovat. Dobr\u00e9 vztahy jsou toti\u017e t\u00edm nejlep\u0161\u00edm l\u00e9kem na p\u0159\u00edpadn\u00e9 obavy nebo zbyte\u010dn\u00e9 nap\u011bt\u00ed.<\/p>\n\n\n\n<p class=\"wp-block-paragraph\">Spole\u010dn\u011b si pak dop\u0159edu domluvte jasn\u00e1 pravidla pro po\u0159\u00e1d\u00e1n\u00ed prohl\u00eddek s&nbsp;potenci\u00e1ln\u00edmi z\u00e1jemci. V\u017edy pln\u011b respektujte soukrom\u00ed a&nbsp;\u010dasov\u00e9 mo\u017enosti \u010dlov\u011bka, kter\u00fd v&nbsp;byt\u011b aktu\u00e1ln\u011b bydl\u00ed. Term\u00edny sch\u016fzek pl\u00e1nujte s&nbsp;dostate\u010dn\u00fdm p\u0159edstihem a&nbsp;nikdy do bytu nevstupujte bez p\u0159edchoz\u00edho ohl\u00e1\u0161en\u00ed a&nbsp;v\u00fdslovn\u00e9ho souhlasu. Pokud n\u00e1jemn\u00edk uvid\u00ed v\u00e1\u0161 ohledupln\u00fd p\u0159\u00edstup, r\u00e1d v\u00e1m vyjde vst\u0159\u00edc a&nbsp;pom\u016f\u017ee udr\u017eet byt v&nbsp;reprezentativn\u00edm stavu.<\/p>\n\n\n\n<p class=\"wp-block-paragraph\">Prodej bytu s&nbsp;n\u00e1jemn\u00edkem m\u016f\u017ee b\u00fdt velmi hladk\u00fd a&nbsp;bezpe\u010dn\u00fd proces, pokud se op\u00edr\u00e1 o&nbsp;spr\u00e1vn\u00e9 informace a&nbsp;profesion\u00e1ln\u00ed p\u0159\u00edstup. Pl\u00e1nujete takov\u00fd krok a&nbsp;chcete m\u00edt jistotu, \u017ee v\u0161e prob\u011bhne bez zbyte\u010dn\u00fdch starost\u00ed a&nbsp;pr\u00e1vn\u00edch komplikac\u00ed? Nev\u00e1hejte se na mne obr\u00e1tit prost\u0159ednictv\u00edm kontakt\u016f uveden\u00fdch na tomto webu. Spole\u010dn\u011b najdeme optim\u00e1ln\u00ed \u0159e\u0161en\u00ed pro va\u0161i situaci.<\/p>\n","protected":false},"excerpt":{"rendered":"<p>Uva\u017eujete o&nbsp;prodeji sv\u00e9ho investi\u010dn\u00edho bytu, ale m\u00e1te obavy z&nbsp;komplikac\u00ed kv\u016fli st\u00e1vaj\u00edc\u00edmu n\u00e1jemn\u00edkovi? Nemus\u00edte m\u00edt strach. Prodej nemovitosti s&nbsp;plat\u00edc\u00edm n\u00e1jemcem m\u016f\u017ee b\u00fdt ve skute\u010dnosti obrovskou v\u00fdhodou. Pro \u0159adu kupuj\u00edc\u00edch to toti\u017e p\u0159edstavuje hotovou investici s&nbsp;okam\u017eit\u00fdm v\u00fdnosem. P\u0159e\u010dt\u011bte si, jak cel\u00fd proces zvl\u00e1dnout v&nbsp;klidu, v&nbsp;souladu s&nbsp;platn\u00fdmi z\u00e1kony a&nbsp;ke spokojenosti v\u0161ech z\u00fa\u010dastn\u011bn\u00fdch stran. Pr\u00e1vn\u00ed jistota jako z\u00e1klad klidn\u00e9ho [&hellip;]<\/p>\n","protected":false},"author":1,"featured_media":1065,"comment_status":"closed","ping_status":"closed","sticky":false,"template":"","format":"standard","meta":{"_acf_changed":false,"pgc_sgb_lightbox_settings":"","footnotes":""},"categories":[13],"tags":[],"class_list":["post-1064","post","type-post","status-publish","format-standard","has-post-thumbnail","hentry","category-clanky"],"acf":[],"yoast_head":"<!-- This site is optimized with the Yoast SEO plugin v28.2 - https:\/\/yoast.com\/product\/yoast-seo-wordpress\/ -->\n<title>Prodej bytu s n\u00e1jemcem jako skv\u011bl\u00e1 v\u00fdhoda pro ob\u011b strany - Jana Mozici - Realitni makl\u00e9\u0159ka<\/title>\n<meta name=\"robots\" content=\"index, follow, max-snippet:-1, max-image-preview:large, max-video-preview:-1\" \/>\n<link rel=\"canonical\" href=\"https:\/\/d.r4.wbsprt.com\/janamozici.cz\/prodej-bytu-s-najemcem-jako-skvela-vyhoda-pro-obe-strany\/\" \/>\n<meta property=\"og:locale\" content=\"cs_CZ\" \/>\n<meta property=\"og:type\" content=\"article\" \/>\n<meta property=\"og:title\" content=\"Prodej bytu s n\u00e1jemcem jako skv\u011bl\u00e1 v\u00fdhoda pro ob\u011b strany - Jana Mozici - Realitni makl\u00e9\u0159ka\" \/>\n<meta property=\"og:description\" content=\"Uva\u017eujete o&nbsp;prodeji sv\u00e9ho investi\u010dn\u00edho bytu, ale m\u00e1te obavy z&nbsp;komplikac\u00ed kv\u016fli st\u00e1vaj\u00edc\u00edmu n\u00e1jemn\u00edkovi? Nemus\u00edte m\u00edt strach. Prodej nemovitosti s&nbsp;plat\u00edc\u00edm n\u00e1jemcem m\u016f\u017ee b\u00fdt ve skute\u010dnosti obrovskou v\u00fdhodou. Pro \u0159adu kupuj\u00edc\u00edch to toti\u017e p\u0159edstavuje hotovou investici s&nbsp;okam\u017eit\u00fdm v\u00fdnosem. P\u0159e\u010dt\u011bte si, jak cel\u00fd proces zvl\u00e1dnout v&nbsp;klidu, v&nbsp;souladu s&nbsp;platn\u00fdmi z\u00e1kony a&nbsp;ke spokojenosti v\u0161ech z\u00fa\u010dastn\u011bn\u00fdch stran. Pr\u00e1vn\u00ed jistota jako z\u00e1klad klidn\u00e9ho [&hellip;]\" \/>\n<meta property=\"og:url\" content=\"https:\/\/d.r4.wbsprt.com\/janamozici.cz\/prodej-bytu-s-najemcem-jako-skvela-vyhoda-pro-obe-strany\/\" \/>\n<meta property=\"og:site_name\" content=\"Jana Mozici - Realitni makl\u00e9\u0159ka\" \/>\n<meta property=\"article:published_time\" content=\"2026-05-28T16:02:00+00:00\" \/>\n<meta property=\"article:modified_time\" content=\"2026-06-17T16:03:10+00:00\" \/>\n<meta property=\"og:image\" content=\"https:\/\/d.r4.wbsprt.com\/janamozici.cz\/wp-content\/uploads\/2026\/06\/5977.jpg\" \/>\n\t<meta property=\"og:image:width\" content=\"996\" \/>\n\t<meta property=\"og:image:height\" content=\"796\" \/>\n\t<meta property=\"og:image:type\" content=\"image\/jpeg\" \/>\n<meta name=\"author\" content=\"pavelignacek\" \/>\n<meta name=\"twitter:card\" content=\"summary_large_image\" \/>\n<meta name=\"twitter:label1\" content=\"Napsal(a)\" \/>\n\t<meta name=\"twitter:data1\" content=\"pavelignacek\" \/>\n\t<meta name=\"twitter:label2\" content=\"Odhadovan\u00e1 doba \u010dten\u00ed\" \/>\n\t<meta name=\"twitter:data2\" content=\"4 minuty\" \/>\n<script type=\"application\/ld+json\" class=\"yoast-schema-graph\">{\"@context\":\"https:\\\/\\\/schema.org\",\"@graph\":[{\"@type\":\"Article\",\"@id\":\"https:\\\/\\\/d.r4.wbsprt.com\\\/janamozici.cz\\\/prodej-bytu-s-najemcem-jako-skvela-vyhoda-pro-obe-strany\\\/#article\",\"isPartOf\":{\"@id\":\"https:\\\/\\\/d.r4.wbsprt.com\\\/janamozici.cz\\\/prodej-bytu-s-najemcem-jako-skvela-vyhoda-pro-obe-strany\\\/\"},\"author\":{\"name\":\"pavelignacek\",\"@id\":\"https:\\\/\\\/janamozici.cz\\\/#\\\/schema\\\/person\\\/a0c8271995d3088e738ca636e0ae15e8\"},\"headline\":\"Prodej bytu s n\u00e1jemcem jako skv\u011bl\u00e1 v\u00fdhoda pro ob\u011b strany\",\"datePublished\":\"2026-05-28T16:02:00+00:00\",\"dateModified\":\"2026-06-17T16:03:10+00:00\",\"mainEntityOfPage\":{\"@id\":\"https:\\\/\\\/d.r4.wbsprt.com\\\/janamozici.cz\\\/prodej-bytu-s-najemcem-jako-skvela-vyhoda-pro-obe-strany\\\/\"},\"wordCount\":848,\"publisher\":{\"@id\":\"https:\\\/\\\/janamozici.cz\\\/#organization\"},\"image\":{\"@id\":\"https:\\\/\\\/d.r4.wbsprt.com\\\/janamozici.cz\\\/prodej-bytu-s-najemcem-jako-skvela-vyhoda-pro-obe-strany\\\/#primaryimage\"},\"thumbnailUrl\":\"https:\\\/\\\/d.r4.wbsprt.com\\\/janamozici.cz\\\/wp-content\\\/uploads\\\/2026\\\/06\\\/5977.jpg\",\"articleSection\":[\"\u010cL\u00c1NKY\"],\"inLanguage\":\"cs\"},{\"@type\":\"WebPage\",\"@id\":\"https:\\\/\\\/d.r4.wbsprt.com\\\/janamozici.cz\\\/prodej-bytu-s-najemcem-jako-skvela-vyhoda-pro-obe-strany\\\/\",\"url\":\"https:\\\/\\\/d.r4.wbsprt.com\\\/janamozici.cz\\\/prodej-bytu-s-najemcem-jako-skvela-vyhoda-pro-obe-strany\\\/\",\"name\":\"Prodej bytu s n\u00e1jemcem jako skv\u011bl\u00e1 v\u00fdhoda pro ob\u011b strany - Jana Mozici - Realitni makl\u00e9\u0159ka\",\"isPartOf\":{\"@id\":\"https:\\\/\\\/janamozici.cz\\\/#website\"},\"primaryImageOfPage\":{\"@id\":\"https:\\\/\\\/d.r4.wbsprt.com\\\/janamozici.cz\\\/prodej-bytu-s-najemcem-jako-skvela-vyhoda-pro-obe-strany\\\/#primaryimage\"},\"image\":{\"@id\":\"https:\\\/\\\/d.r4.wbsprt.com\\\/janamozici.cz\\\/prodej-bytu-s-najemcem-jako-skvela-vyhoda-pro-obe-strany\\\/#primaryimage\"},\"thumbnailUrl\":\"https:\\\/\\\/d.r4.wbsprt.com\\\/janamozici.cz\\\/wp-content\\\/uploads\\\/2026\\\/06\\\/5977.jpg\",\"datePublished\":\"2026-05-28T16:02:00+00:00\",\"dateModified\":\"2026-06-17T16:03:10+00:00\",\"breadcrumb\":{\"@id\":\"https:\\\/\\\/d.r4.wbsprt.com\\\/janamozici.cz\\\/prodej-bytu-s-najemcem-jako-skvela-vyhoda-pro-obe-strany\\\/#breadcrumb\"},\"inLanguage\":\"cs\",\"potentialAction\":[{\"@type\":\"ReadAction\",\"target\":[\"https:\\\/\\\/d.r4.wbsprt.com\\\/janamozici.cz\\\/prodej-bytu-s-najemcem-jako-skvela-vyhoda-pro-obe-strany\\\/\"]}]},{\"@type\":\"ImageObject\",\"inLanguage\":\"cs\",\"@id\":\"https:\\\/\\\/d.r4.wbsprt.com\\\/janamozici.cz\\\/prodej-bytu-s-najemcem-jako-skvela-vyhoda-pro-obe-strany\\\/#primaryimage\",\"url\":\"https:\\\/\\\/d.r4.wbsprt.com\\\/janamozici.cz\\\/wp-content\\\/uploads\\\/2026\\\/06\\\/5977.jpg\",\"contentUrl\":\"https:\\\/\\\/d.r4.wbsprt.com\\\/janamozici.cz\\\/wp-content\\\/uploads\\\/2026\\\/06\\\/5977.jpg\",\"width\":996,\"height\":796},{\"@type\":\"BreadcrumbList\",\"@id\":\"https:\\\/\\\/d.r4.wbsprt.com\\\/janamozici.cz\\\/prodej-bytu-s-najemcem-jako-skvela-vyhoda-pro-obe-strany\\\/#breadcrumb\",\"itemListElement\":[{\"@type\":\"ListItem\",\"position\":1,\"name\":\"Dom\u016f\",\"item\":\"https:\\\/\\\/janamozici.cz\\\/\"},{\"@type\":\"ListItem\",\"position\":2,\"name\":\"Prodej bytu s n\u00e1jemcem jako skv\u011bl\u00e1 v\u00fdhoda pro ob\u011b strany\"}]},{\"@type\":\"WebSite\",\"@id\":\"https:\\\/\\\/janamozici.cz\\\/#website\",\"url\":\"https:\\\/\\\/janamozici.cz\\\/\",\"name\":\"Jana Mozici - Realitni makl\u00e9\u0159ka\",\"description\":\"Realitn\u00ed makl\u00e9\u0159ka pro Chomutovsk\u00fd kraj\",\"publisher\":{\"@id\":\"https:\\\/\\\/janamozici.cz\\\/#organization\"},\"potentialAction\":[{\"@type\":\"SearchAction\",\"target\":{\"@type\":\"EntryPoint\",\"urlTemplate\":\"https:\\\/\\\/janamozici.cz\\\/?s={search_term_string}\"},\"query-input\":{\"@type\":\"PropertyValueSpecification\",\"valueRequired\":true,\"valueName\":\"search_term_string\"}}],\"inLanguage\":\"cs\"},{\"@type\":\"Organization\",\"@id\":\"https:\\\/\\\/janamozici.cz\\\/#organization\",\"name\":\"Jana Mozici - Realitni makl\u00e9\u0159ka\",\"url\":\"https:\\\/\\\/janamozici.cz\\\/\",\"logo\":{\"@type\":\"ImageObject\",\"inLanguage\":\"cs\",\"@id\":\"https:\\\/\\\/janamozici.cz\\\/#\\\/schema\\\/logo\\\/image\\\/\",\"url\":\"https:\\\/\\\/d.r4.wbsprt.com\\\/janamozici.cz\\\/wp-content\\\/uploads\\\/2026\\\/07\\\/cropped-favicon.png\",\"contentUrl\":\"https:\\\/\\\/d.r4.wbsprt.com\\\/janamozici.cz\\\/wp-content\\\/uploads\\\/2026\\\/07\\\/cropped-favicon.png\",\"width\":300,\"height\":300,\"caption\":\"Jana Mozici - Realitni makl\u00e9\u0159ka\"},\"image\":{\"@id\":\"https:\\\/\\\/janamozici.cz\\\/#\\\/schema\\\/logo\\\/image\\\/\"}},{\"@type\":\"Person\",\"@id\":\"https:\\\/\\\/janamozici.cz\\\/#\\\/schema\\\/person\\\/a0c8271995d3088e738ca636e0ae15e8\",\"name\":\"pavelignacek\",\"image\":{\"@type\":\"ImageObject\",\"inLanguage\":\"cs\",\"@id\":\"https:\\\/\\\/secure.gravatar.com\\\/avatar\\\/f1277ae3877a04db460fe45d0c550807b61b14883332acd3d3665c45a540a0c7?s=96&d=mm&r=g\",\"url\":\"https:\\\/\\\/secure.gravatar.com\\\/avatar\\\/f1277ae3877a04db460fe45d0c550807b61b14883332acd3d3665c45a540a0c7?s=96&d=mm&r=g\",\"contentUrl\":\"https:\\\/\\\/secure.gravatar.com\\\/avatar\\\/f1277ae3877a04db460fe45d0c550807b61b14883332acd3d3665c45a540a0c7?s=96&d=mm&r=g\",\"caption\":\"pavelignacek\"},\"sameAs\":[\"https:\\\/\\\/janamozici.cz\"],\"url\":\"https:\\\/\\\/d.r4.wbsprt.com\\\/janamozici.cz\\\/author\\\/pavelignacek\\\/\"}]}<\/script>\n<!-- \/ Yoast SEO plugin. -->","yoast_head_json":{"title":"Prodej bytu s n\u00e1jemcem jako skv\u011bl\u00e1 v\u00fdhoda pro ob\u011b strany - Jana Mozici - Realitni makl\u00e9\u0159ka","robots":{"index":"index","follow":"follow","max-snippet":"max-snippet:-1","max-image-preview":"max-image-preview:large","max-video-preview":"max-video-preview:-1"},"canonical":"https:\/\/d.r4.wbsprt.com\/janamozici.cz\/prodej-bytu-s-najemcem-jako-skvela-vyhoda-pro-obe-strany\/","og_locale":"cs_CZ","og_type":"article","og_title":"Prodej bytu s n\u00e1jemcem jako skv\u011bl\u00e1 v\u00fdhoda pro ob\u011b strany - Jana Mozici - Realitni makl\u00e9\u0159ka","og_description":"Uva\u017eujete o&nbsp;prodeji sv\u00e9ho investi\u010dn\u00edho bytu, ale m\u00e1te obavy z&nbsp;komplikac\u00ed kv\u016fli st\u00e1vaj\u00edc\u00edmu n\u00e1jemn\u00edkovi? Nemus\u00edte m\u00edt strach. Prodej nemovitosti s&nbsp;plat\u00edc\u00edm n\u00e1jemcem m\u016f\u017ee b\u00fdt ve skute\u010dnosti obrovskou v\u00fdhodou. Pro \u0159adu kupuj\u00edc\u00edch to toti\u017e p\u0159edstavuje hotovou investici s&nbsp;okam\u017eit\u00fdm v\u00fdnosem. P\u0159e\u010dt\u011bte si, jak cel\u00fd proces zvl\u00e1dnout v&nbsp;klidu, v&nbsp;souladu s&nbsp;platn\u00fdmi z\u00e1kony a&nbsp;ke spokojenosti v\u0161ech z\u00fa\u010dastn\u011bn\u00fdch stran. Pr\u00e1vn\u00ed jistota jako z\u00e1klad klidn\u00e9ho [&hellip;]","og_url":"https:\/\/d.r4.wbsprt.com\/janamozici.cz\/prodej-bytu-s-najemcem-jako-skvela-vyhoda-pro-obe-strany\/","og_site_name":"Jana Mozici - Realitni makl\u00e9\u0159ka","article_published_time":"2026-05-28T16:02:00+00:00","article_modified_time":"2026-06-17T16:03:10+00:00","og_image":[{"width":996,"height":796,"url":"https:\/\/d.r4.wbsprt.com\/janamozici.cz\/wp-content\/uploads\/2026\/06\/5977.jpg","type":"image\/jpeg"}],"author":"pavelignacek","twitter_card":"summary_large_image","twitter_misc":{"Napsal(a)":"pavelignacek","Odhadovan\u00e1 doba \u010dten\u00ed":"4 minuty"},"schema":{"@context":"https:\/\/schema.org","@graph":[{"@type":"Article","@id":"https:\/\/d.r4.wbsprt.com\/janamozici.cz\/prodej-bytu-s-najemcem-jako-skvela-vyhoda-pro-obe-strany\/#article","isPartOf":{"@id":"https:\/\/d.r4.wbsprt.com\/janamozici.cz\/prodej-bytu-s-najemcem-jako-skvela-vyhoda-pro-obe-strany\/"},"author":{"name":"pavelignacek","@id":"https:\/\/janamozici.cz\/#\/schema\/person\/a0c8271995d3088e738ca636e0ae15e8"},"headline":"Prodej bytu s n\u00e1jemcem jako skv\u011bl\u00e1 v\u00fdhoda pro ob\u011b strany","datePublished":"2026-05-28T16:02:00+00:00","dateModified":"2026-06-17T16:03:10+00:00","mainEntityOfPage":{"@id":"https:\/\/d.r4.wbsprt.com\/janamozici.cz\/prodej-bytu-s-najemcem-jako-skvela-vyhoda-pro-obe-strany\/"},"wordCount":848,"publisher":{"@id":"https:\/\/janamozici.cz\/#organization"},"image":{"@id":"https:\/\/d.r4.wbsprt.com\/janamozici.cz\/prodej-bytu-s-najemcem-jako-skvela-vyhoda-pro-obe-strany\/#primaryimage"},"thumbnailUrl":"https:\/\/d.r4.wbsprt.com\/janamozici.cz\/wp-content\/uploads\/2026\/06\/5977.jpg","articleSection":["\u010cL\u00c1NKY"],"inLanguage":"cs"},{"@type":"WebPage","@id":"https:\/\/d.r4.wbsprt.com\/janamozici.cz\/prodej-bytu-s-najemcem-jako-skvela-vyhoda-pro-obe-strany\/","url":"https:\/\/d.r4.wbsprt.com\/janamozici.cz\/prodej-bytu-s-najemcem-jako-skvela-vyhoda-pro-obe-strany\/","name":"Prodej bytu s n\u00e1jemcem jako skv\u011bl\u00e1 v\u00fdhoda pro ob\u011b strany - Jana Mozici - Realitni makl\u00e9\u0159ka","isPartOf":{"@id":"https:\/\/janamozici.cz\/#website"},"primaryImageOfPage":{"@id":"https:\/\/d.r4.wbsprt.com\/janamozici.cz\/prodej-bytu-s-najemcem-jako-skvela-vyhoda-pro-obe-strany\/#primaryimage"},"image":{"@id":"https:\/\/d.r4.wbsprt.com\/janamozici.cz\/prodej-bytu-s-najemcem-jako-skvela-vyhoda-pro-obe-strany\/#primaryimage"},"thumbnailUrl":"https:\/\/d.r4.wbsprt.com\/janamozici.cz\/wp-content\/uploads\/2026\/06\/5977.jpg","datePublished":"2026-05-28T16:02:00+00:00","dateModified":"2026-06-17T16:03:10+00:00","breadcrumb":{"@id":"https:\/\/d.r4.wbsprt.com\/janamozici.cz\/prodej-bytu-s-najemcem-jako-skvela-vyhoda-pro-obe-strany\/#breadcrumb"},"inLanguage":"cs","potentialAction":[{"@type":"ReadAction","target":["https:\/\/d.r4.wbsprt.com\/janamozici.cz\/prodej-bytu-s-najemcem-jako-skvela-vyhoda-pro-obe-strany\/"]}]},{"@type":"ImageObject","inLanguage":"cs","@id":"https:\/\/d.r4.wbsprt.com\/janamozici.cz\/prodej-bytu-s-najemcem-jako-skvela-vyhoda-pro-obe-strany\/#primaryimage","url":"https:\/\/d.r4.wbsprt.com\/janamozici.cz\/wp-content\/uploads\/2026\/06\/5977.jpg","contentUrl":"https:\/\/d.r4.wbsprt.com\/janamozici.cz\/wp-content\/uploads\/2026\/06\/5977.jpg","width":996,"height":796},{"@type":"BreadcrumbList","@id":"https:\/\/d.r4.wbsprt.com\/janamozici.cz\/prodej-bytu-s-najemcem-jako-skvela-vyhoda-pro-obe-strany\/#breadcrumb","itemListElement":[{"@type":"ListItem","position":1,"name":"Dom\u016f","item":"https:\/\/janamozici.cz\/"},{"@type":"ListItem","position":2,"name":"Prodej bytu s n\u00e1jemcem jako skv\u011bl\u00e1 v\u00fdhoda pro ob\u011b strany"}]},{"@type":"WebSite","@id":"https:\/\/janamozici.cz\/#website","url":"https:\/\/janamozici.cz\/","name":"Jana Mozici - Realitni makl\u00e9\u0159ka","description":"Realitn\u00ed makl\u00e9\u0159ka pro Chomutovsk\u00fd kraj","publisher":{"@id":"https:\/\/janamozici.cz\/#organization"},"potentialAction":[{"@type":"SearchAction","target":{"@type":"EntryPoint","urlTemplate":"https:\/\/janamozici.cz\/?s={search_term_string}"},"query-input":{"@type":"PropertyValueSpecification","valueRequired":true,"valueName":"search_term_string"}}],"inLanguage":"cs"},{"@type":"Organization","@id":"https:\/\/janamozici.cz\/#organization","name":"Jana Mozici - Realitni makl\u00e9\u0159ka","url":"https:\/\/janamozici.cz\/","logo":{"@type":"ImageObject","inLanguage":"cs","@id":"https:\/\/janamozici.cz\/#\/schema\/logo\/image\/","url":"https:\/\/d.r4.wbsprt.com\/janamozici.cz\/wp-content\/uploads\/2026\/07\/cropped-favicon.png","contentUrl":"https:\/\/d.r4.wbsprt.com\/janamozici.cz\/wp-content\/uploads\/2026\/07\/cropped-favicon.png","width":300,"height":300,"caption":"Jana Mozici - Realitni makl\u00e9\u0159ka"},"image":{"@id":"https:\/\/janamozici.cz\/#\/schema\/logo\/image\/"}},{"@type":"Person","@id":"https:\/\/janamozici.cz\/#\/schema\/person\/a0c8271995d3088e738ca636e0ae15e8","name":"pavelignacek","image":{"@type":"ImageObject","inLanguage":"cs","@id":"https:\/\/secure.gravatar.com\/avatar\/f1277ae3877a04db460fe45d0c550807b61b14883332acd3d3665c45a540a0c7?s=96&d=mm&r=g","url":"https:\/\/secure.gravatar.com\/avatar\/f1277ae3877a04db460fe45d0c550807b61b14883332acd3d3665c45a540a0c7?s=96&d=mm&r=g","contentUrl":"https:\/\/secure.gravatar.com\/avatar\/f1277ae3877a04db460fe45d0c550807b61b14883332acd3d3665c45a540a0c7?s=96&d=mm&r=g","caption":"pavelignacek"},"sameAs":["https:\/\/janamozici.cz"],"url":"https:\/\/d.r4.wbsprt.com\/janamozici.cz\/author\/pavelignacek\/"}]}},"_links":{"self":[{"href":"https:\/\/d.r4.wbsprt.com\/janamozici.cz\/wp-json\/wp\/v2\/posts\/1064","targetHints":{"allow":["GET"]}}],"collection":[{"href":"https:\/\/d.r4.wbsprt.com\/janamozici.cz\/wp-json\/wp\/v2\/posts"}],"about":[{"href":"https:\/\/d.r4.wbsprt.com\/janamozici.cz\/wp-json\/wp\/v2\/types\/post"}],"author":[{"embeddable":true,"href":"https:\/\/d.r4.wbsprt.com\/janamozici.cz\/wp-json\/wp\/v2\/users\/1"}],"replies":[{"embeddable":true,"href":"https:\/\/d.r4.wbsprt.com\/janamozici.cz\/wp-json\/wp\/v2\/comments?post=1064"}],"version-history":[{"count":1,"href":"https:\/\/d.r4.wbsprt.com\/janamozici.cz\/wp-json\/wp\/v2\/posts\/1064\/revisions"}],"predecessor-version":[{"id":1066,"href":"https:\/\/d.r4.wbsprt.com\/janamozici.cz\/wp-json\/wp\/v2\/posts\/1064\/revisions\/1066"}],"wp:featuredmedia":[{"embeddable":true,"href":"https:\/\/d.r4.wbsprt.com\/janamozici.cz\/wp-json\/wp\/v2\/media\/1065"}],"wp:attachment":[{"href":"https:\/\/d.r4.wbsprt.com\/janamozici.cz\/wp-json\/wp\/v2\/media?parent=1064"}],"wp:term":[{"taxonomy":"category","embeddable":true,"href":"https:\/\/d.r4.wbsprt.com\/janamozici.cz\/wp-json\/wp\/v2\/categories?post=1064"},{"taxonomy":"post_tag","embeddable":true,"href":"https:\/\/d.r4.wbsprt.com\/janamozici.cz\/wp-json\/wp\/v2\/tags?post=1064"}],"curies":[{"name":"wp","href":"https:\/\/api.w.org\/{rel}","templated":true}]}}