{"id":1408,"date":"2026-06-18T15:47:30","date_gmt":"2026-06-18T13:47:30","guid":{"rendered":"https:\/\/d.r4.wbsprt.com\/janamozici.cz\/?p=1408"},"modified":"2026-07-16T09:23:41","modified_gmt":"2026-07-16T07:23:41","slug":"prodej-zahrady-tusimice","status":"publish","type":"post","link":"https:\/\/d.r4.wbsprt.com\/janamozici.cz\/prodej-zahrady-tusimice\/","title":{"rendered":"Prodej zahrady Tu\u0161imice"},"content":{"rendered":"\n<p class=\"wp-block-paragraph\">Nab\u00edz\u00edme k prodeji kr\u00e1snou zahradu o v\u00fdm\u011b\u0159e 783 m<sup>2<\/sup>&nbsp;v malebn\u00e9 obci Tu\u0161imice, kter\u00e1 se nach\u00e1z\u00ed nedaleko historick\u00e9ho m\u011bsta Kada\u0148. Toto kr\u00e1lovsk\u00e9 m\u011bsto je zn\u00e1m\u00e9 svou bohatou ob\u010danskou vybavenost\u00ed, v\u010detn\u011b \u0161irok\u00e9 \u0161k\u00e1ly restaurac\u00ed, kav\u00e1ren, obchod\u016f a l\u00e9ka\u0159sk\u00fdch slu\u017eeb, co\u017e zaji\u0161\u0165uje pohodln\u00fd \u017eivotn\u00ed styl pro v\u0161echny obyvatele.<\/p>\n\n\n\n<p class=\"wp-block-paragraph\">Zahrada se py\u0161n\u00ed p\u0159\u00edjemn\u00fdm a klidn\u00fdm prost\u0159ed\u00edm, ide\u00e1ln\u00edm pro relaxaci a \u00fanik od ka\u017edodenn\u00edho shonu. Jej\u00ed um\u00edst\u011bn\u00ed je v\u00fdhodn\u00e9, nebo\u0165 se nach\u00e1z\u00ed v bl\u00edzkosti dal\u0161\u00edch obc\u00ed, co\u017e zaru\u010duje snadnou dostupnost v\u0161ech pot\u0159ebn\u00fdch slu\u017eeb a aktivit. Tento pozemek je skute\u010dn\u00fdm r\u00e1jem pro zahr\u00e1dk\u00e1\u0159e, kte\u0159\u00ed ocen\u00ed mo\u017enost p\u011bstov\u00e1n\u00ed vlastn\u00edho ovoce a zeleniny v malebn\u00e9 p\u0159\u00edrod\u011b.<\/p>\n\n\n\n<p class=\"wp-block-paragraph\">Nav\u00edc, pro milovn\u00edky ryba\u0159en\u00ed je zahrada ide\u00e1ln\u011b situov\u00e1na nedaleko Nechranick\u00e9 p\u0159ehrady a \u0159eky Oh\u0159e, co\u017e nab\u00edz\u00ed skv\u011bl\u00e9 p\u0159\u00edle\u017eitosti pro aktivn\u00ed tr\u00e1ven\u00ed voln\u00e9ho \u010dasu. A\u0165 u\u017e hled\u00e1te m\u00edsto pro odpo\u010dinek, nebo prostor pro rozvoj sv\u00fdch zahr\u00e1dk\u00e1\u0159sk\u00fdch dovednost\u00ed, tato zahrada spln\u00ed v\u0161echna va\u0161e o\u010dek\u00e1v\u00e1n\u00ed. Nezme\u0161kejte tuto jedine\u010dnou p\u0159\u00edle\u017eitost a sta\u0148te se majitelem tohoto kr\u00e1sn\u00e9ho pozemku v srdci p\u0159\u00edrody.<\/p>\n\n\n\n<p class=\"wp-block-paragraph\">U\u017eitn\u00e1 voda je v dosahu, na pitnou vodu se lze p\u0159ipojit. Po zakoupen\u00ed pozemku je ide\u00e1ln\u00ed dohoda s dal\u0161\u00edmi majiteli zahrad v okol\u00ed pro p\u0159ipojen\u00ed elekt\u0159iny hromadn\u011b.<\/p>\n\n\n\n<p class=\"wp-block-paragraph\">K zahrad\u011b je nutno dokoupit si pod\u00edl na p\u0159\u00edjezdov\u00e9 cest\u011b. Pro v\u00edce informac\u00ed mne nev\u00e1hejte kontaktovat.<\/p>\n\n\n\n<p class=\"has-text-color has-link-color has-large-font-size wp-elements-1 wp-block-paragraph\" style=\"color:#900019\">FOTOGALERIE<\/p>\n\n\n\n<figure class=\"wp-block-gallery has-nested-images columns-5 is-cropped wp-block-gallery-1 is-layout-flex wp-block-gallery-is-layout-flex\">\n<figure class=\"wp-block-image size-large\"><a href=\"https:\/\/janamozici.cz\/wp-content\/uploads\/2026\/06\/1-4.jpg\"><img fetchpriority=\"high\" decoding=\"async\" width=\"1024\" height=\"683\" data-id=\"1412\" src=\"https:\/\/d.r4.wbsprt.com\/janamozici.cz\/wp-content\/uploads\/2026\/06\/1-4-1024x683.jpg\" alt=\"\" class=\"wp-image-1412\" srcset=\"https:\/\/d.r4.wbsprt.com\/janamozici.cz\/wp-content\/uploads\/2026\/06\/1-4-1024x683.jpg 1024w, https:\/\/d.r4.wbsprt.com\/janamozici.cz\/wp-content\/uploads\/2026\/06\/1-4-300x200.jpg 300w, https:\/\/d.r4.wbsprt.com\/janamozici.cz\/wp-content\/uploads\/2026\/06\/1-4-768x512.jpg 768w, https:\/\/d.r4.wbsprt.com\/janamozici.cz\/wp-content\/uploads\/2026\/06\/1-4-1536x1024.jpg 1536w, https:\/\/d.r4.wbsprt.com\/janamozici.cz\/wp-content\/uploads\/2026\/06\/1-4.jpg 1920w\" sizes=\"(max-width: 1024px) 100vw, 1024px\" \/><\/a><\/figure>\n\n\n\n<figure class=\"wp-block-image size-large\"><a href=\"https:\/\/janamozici.cz\/wp-content\/uploads\/2026\/06\/2-4.jpg\"><img decoding=\"async\" width=\"1024\" height=\"683\" data-id=\"1419\" src=\"https:\/\/d.r4.wbsprt.com\/janamozici.cz\/wp-content\/uploads\/2026\/06\/2-4-1024x683.jpg\" alt=\"\" class=\"wp-image-1419\" srcset=\"https:\/\/d.r4.wbsprt.com\/janamozici.cz\/wp-content\/uploads\/2026\/06\/2-4-1024x683.jpg 1024w, https:\/\/d.r4.wbsprt.com\/janamozici.cz\/wp-content\/uploads\/2026\/06\/2-4-300x200.jpg 300w, https:\/\/d.r4.wbsprt.com\/janamozici.cz\/wp-content\/uploads\/2026\/06\/2-4-768x512.jpg 768w, https:\/\/d.r4.wbsprt.com\/janamozici.cz\/wp-content\/uploads\/2026\/06\/2-4-1536x1024.jpg 1536w, https:\/\/d.r4.wbsprt.com\/janamozici.cz\/wp-content\/uploads\/2026\/06\/2-4.jpg 1920w\" sizes=\"(max-width: 1024px) 100vw, 1024px\" \/><\/a><\/figure>\n\n\n\n<figure class=\"wp-block-image size-large\"><a href=\"https:\/\/janamozici.cz\/wp-content\/uploads\/2026\/06\/3-7.jpg\"><img decoding=\"async\" width=\"1024\" height=\"683\" data-id=\"1416\" src=\"https:\/\/d.r4.wbsprt.com\/janamozici.cz\/wp-content\/uploads\/2026\/06\/3-7-1024x683.jpg\" alt=\"\" class=\"wp-image-1416\" srcset=\"https:\/\/d.r4.wbsprt.com\/janamozici.cz\/wp-content\/uploads\/2026\/06\/3-7-1024x683.jpg 1024w, https:\/\/d.r4.wbsprt.com\/janamozici.cz\/wp-content\/uploads\/2026\/06\/3-7-300x200.jpg 300w, https:\/\/d.r4.wbsprt.com\/janamozici.cz\/wp-content\/uploads\/2026\/06\/3-7-768x512.jpg 768w, https:\/\/d.r4.wbsprt.com\/janamozici.cz\/wp-content\/uploads\/2026\/06\/3-7-1536x1024.jpg 1536w, https:\/\/d.r4.wbsprt.com\/janamozici.cz\/wp-content\/uploads\/2026\/06\/3-7.jpg 1920w\" sizes=\"(max-width: 1024px) 100vw, 1024px\" \/><\/a><\/figure>\n\n\n\n<figure class=\"wp-block-image size-large\"><a href=\"https:\/\/janamozici.cz\/wp-content\/uploads\/2026\/06\/4-6.jpg\"><img loading=\"lazy\" decoding=\"async\" width=\"1024\" height=\"683\" data-id=\"1422\" src=\"https:\/\/d.r4.wbsprt.com\/janamozici.cz\/wp-content\/uploads\/2026\/06\/4-6-1024x683.jpg\" alt=\"\" class=\"wp-image-1422\" srcset=\"https:\/\/d.r4.wbsprt.com\/janamozici.cz\/wp-content\/uploads\/2026\/06\/4-6-1024x683.jpg 1024w, https:\/\/d.r4.wbsprt.com\/janamozici.cz\/wp-content\/uploads\/2026\/06\/4-6-300x200.jpg 300w, https:\/\/d.r4.wbsprt.com\/janamozici.cz\/wp-content\/uploads\/2026\/06\/4-6-768x512.jpg 768w, https:\/\/d.r4.wbsprt.com\/janamozici.cz\/wp-content\/uploads\/2026\/06\/4-6-1536x1024.jpg 1536w, https:\/\/d.r4.wbsprt.com\/janamozici.cz\/wp-content\/uploads\/2026\/06\/4-6.jpg 1920w\" sizes=\"(max-width: 1024px) 100vw, 1024px\" \/><\/a><\/figure>\n\n\n\n<figure class=\"wp-block-image size-large\"><a href=\"https:\/\/janamozici.cz\/wp-content\/uploads\/2026\/06\/5-7.jpg\"><img loading=\"lazy\" decoding=\"async\" width=\"1024\" height=\"683\" data-id=\"1411\" src=\"https:\/\/d.r4.wbsprt.com\/janamozici.cz\/wp-content\/uploads\/2026\/06\/5-7-1024x683.jpg\" alt=\"\" class=\"wp-image-1411\" srcset=\"https:\/\/d.r4.wbsprt.com\/janamozici.cz\/wp-content\/uploads\/2026\/06\/5-7-1024x683.jpg 1024w, https:\/\/d.r4.wbsprt.com\/janamozici.cz\/wp-content\/uploads\/2026\/06\/5-7-300x200.jpg 300w, https:\/\/d.r4.wbsprt.com\/janamozici.cz\/wp-content\/uploads\/2026\/06\/5-7-768x512.jpg 768w, https:\/\/d.r4.wbsprt.com\/janamozici.cz\/wp-content\/uploads\/2026\/06\/5-7-1536x1024.jpg 1536w, https:\/\/d.r4.wbsprt.com\/janamozici.cz\/wp-content\/uploads\/2026\/06\/5-7.jpg 1920w\" sizes=\"(max-width: 1024px) 100vw, 1024px\" \/><\/a><\/figure>\n\n\n\n<figure class=\"wp-block-image size-large\"><a href=\"https:\/\/janamozici.cz\/wp-content\/uploads\/2026\/06\/6-8.jpg\"><img loading=\"lazy\" decoding=\"async\" width=\"1024\" height=\"683\" data-id=\"1413\" src=\"https:\/\/d.r4.wbsprt.com\/janamozici.cz\/wp-content\/uploads\/2026\/06\/6-8-1024x683.jpg\" alt=\"\" class=\"wp-image-1413\" srcset=\"https:\/\/d.r4.wbsprt.com\/janamozici.cz\/wp-content\/uploads\/2026\/06\/6-8-1024x683.jpg 1024w, https:\/\/d.r4.wbsprt.com\/janamozici.cz\/wp-content\/uploads\/2026\/06\/6-8-300x200.jpg 300w, https:\/\/d.r4.wbsprt.com\/janamozici.cz\/wp-content\/uploads\/2026\/06\/6-8-768x512.jpg 768w, https:\/\/d.r4.wbsprt.com\/janamozici.cz\/wp-content\/uploads\/2026\/06\/6-8-1536x1024.jpg 1536w, https:\/\/d.r4.wbsprt.com\/janamozici.cz\/wp-content\/uploads\/2026\/06\/6-8.jpg 1920w\" sizes=\"(max-width: 1024px) 100vw, 1024px\" \/><\/a><\/figure>\n\n\n\n<figure class=\"wp-block-image size-large\"><a href=\"https:\/\/janamozici.cz\/wp-content\/uploads\/2026\/06\/7-8.jpg\"><img loading=\"lazy\" decoding=\"async\" width=\"1024\" height=\"683\" data-id=\"1420\" src=\"https:\/\/d.r4.wbsprt.com\/janamozici.cz\/wp-content\/uploads\/2026\/06\/7-8-1024x683.jpg\" alt=\"\" class=\"wp-image-1420\" srcset=\"https:\/\/d.r4.wbsprt.com\/janamozici.cz\/wp-content\/uploads\/2026\/06\/7-8-1024x683.jpg 1024w, https:\/\/d.r4.wbsprt.com\/janamozici.cz\/wp-content\/uploads\/2026\/06\/7-8-300x200.jpg 300w, https:\/\/d.r4.wbsprt.com\/janamozici.cz\/wp-content\/uploads\/2026\/06\/7-8-768x512.jpg 768w, https:\/\/d.r4.wbsprt.com\/janamozici.cz\/wp-content\/uploads\/2026\/06\/7-8-1536x1024.jpg 1536w, https:\/\/d.r4.wbsprt.com\/janamozici.cz\/wp-content\/uploads\/2026\/06\/7-8.jpg 1920w\" sizes=\"(max-width: 1024px) 100vw, 1024px\" \/><\/a><\/figure>\n\n\n\n<figure class=\"wp-block-image size-large\"><a href=\"https:\/\/janamozici.cz\/wp-content\/uploads\/2026\/06\/8-7.jpg\"><img loading=\"lazy\" decoding=\"async\" width=\"1024\" height=\"683\" data-id=\"1414\" src=\"https:\/\/d.r4.wbsprt.com\/janamozici.cz\/wp-content\/uploads\/2026\/06\/8-7-1024x683.jpg\" alt=\"\" class=\"wp-image-1414\" srcset=\"https:\/\/d.r4.wbsprt.com\/janamozici.cz\/wp-content\/uploads\/2026\/06\/8-7-1024x683.jpg 1024w, https:\/\/d.r4.wbsprt.com\/janamozici.cz\/wp-content\/uploads\/2026\/06\/8-7-300x200.jpg 300w, https:\/\/d.r4.wbsprt.com\/janamozici.cz\/wp-content\/uploads\/2026\/06\/8-7-768x512.jpg 768w, https:\/\/d.r4.wbsprt.com\/janamozici.cz\/wp-content\/uploads\/2026\/06\/8-7-1536x1024.jpg 1536w, https:\/\/d.r4.wbsprt.com\/janamozici.cz\/wp-content\/uploads\/2026\/06\/8-7.jpg 1920w\" sizes=\"(max-width: 1024px) 100vw, 1024px\" \/><\/a><\/figure>\n\n\n\n<figure class=\"wp-block-image size-large\"><a href=\"https:\/\/janamozici.cz\/wp-content\/uploads\/2026\/06\/9-8.jpg\"><img loading=\"lazy\" decoding=\"async\" width=\"1024\" height=\"683\" data-id=\"1423\" src=\"https:\/\/d.r4.wbsprt.com\/janamozici.cz\/wp-content\/uploads\/2026\/06\/9-8-1024x683.jpg\" alt=\"\" class=\"wp-image-1423\" srcset=\"https:\/\/d.r4.wbsprt.com\/janamozici.cz\/wp-content\/uploads\/2026\/06\/9-8-1024x683.jpg 1024w, https:\/\/d.r4.wbsprt.com\/janamozici.cz\/wp-content\/uploads\/2026\/06\/9-8-300x200.jpg 300w, https:\/\/d.r4.wbsprt.com\/janamozici.cz\/wp-content\/uploads\/2026\/06\/9-8-768x512.jpg 768w, https:\/\/d.r4.wbsprt.com\/janamozici.cz\/wp-content\/uploads\/2026\/06\/9-8-1536x1024.jpg 1536w, https:\/\/d.r4.wbsprt.com\/janamozici.cz\/wp-content\/uploads\/2026\/06\/9-8.jpg 1920w\" sizes=\"(max-width: 1024px) 100vw, 1024px\" \/><\/a><\/figure>\n\n\n\n<figure class=\"wp-block-image size-large\"><a href=\"https:\/\/janamozici.cz\/wp-content\/uploads\/2026\/06\/IMG_4503.jpg\"><img loading=\"lazy\" decoding=\"async\" width=\"1024\" height=\"683\" data-id=\"1417\" src=\"https:\/\/d.r4.wbsprt.com\/janamozici.cz\/wp-content\/uploads\/2026\/06\/IMG_4503-1024x683.jpg\" alt=\"\" class=\"wp-image-1417\" srcset=\"https:\/\/d.r4.wbsprt.com\/janamozici.cz\/wp-content\/uploads\/2026\/06\/IMG_4503-1024x683.jpg 1024w, https:\/\/d.r4.wbsprt.com\/janamozici.cz\/wp-content\/uploads\/2026\/06\/IMG_4503-300x200.jpg 300w, https:\/\/d.r4.wbsprt.com\/janamozici.cz\/wp-content\/uploads\/2026\/06\/IMG_4503-768x512.jpg 768w, https:\/\/d.r4.wbsprt.com\/janamozici.cz\/wp-content\/uploads\/2026\/06\/IMG_4503-1536x1024.jpg 1536w, https:\/\/d.r4.wbsprt.com\/janamozici.cz\/wp-content\/uploads\/2026\/06\/IMG_4503.jpg 1920w\" sizes=\"(max-width: 1024px) 100vw, 1024px\" \/><\/a><\/figure>\n\n\n\n<figure class=\"wp-block-image size-large\"><a href=\"https:\/\/janamozici.cz\/wp-content\/uploads\/2026\/06\/IMG_4505.jpg\"><img loading=\"lazy\" decoding=\"async\" width=\"1024\" height=\"683\" data-id=\"1418\" src=\"https:\/\/d.r4.wbsprt.com\/janamozici.cz\/wp-content\/uploads\/2026\/06\/IMG_4505-1024x683.jpg\" alt=\"\" class=\"wp-image-1418\" srcset=\"https:\/\/d.r4.wbsprt.com\/janamozici.cz\/wp-content\/uploads\/2026\/06\/IMG_4505-1024x683.jpg 1024w, https:\/\/d.r4.wbsprt.com\/janamozici.cz\/wp-content\/uploads\/2026\/06\/IMG_4505-300x200.jpg 300w, https:\/\/d.r4.wbsprt.com\/janamozici.cz\/wp-content\/uploads\/2026\/06\/IMG_4505-768x512.jpg 768w, https:\/\/d.r4.wbsprt.com\/janamozici.cz\/wp-content\/uploads\/2026\/06\/IMG_4505-1536x1024.jpg 1536w, https:\/\/d.r4.wbsprt.com\/janamozici.cz\/wp-content\/uploads\/2026\/06\/IMG_4505.jpg 1920w\" sizes=\"(max-width: 1024px) 100vw, 1024px\" \/><\/a><\/figure>\n\n\n\n<figure class=\"wp-block-image size-large\"><a href=\"https:\/\/janamozici.cz\/wp-content\/uploads\/2026\/06\/IMG_4506.jpg\"><img loading=\"lazy\" decoding=\"async\" width=\"1024\" height=\"683\" data-id=\"1415\" src=\"https:\/\/d.r4.wbsprt.com\/janamozici.cz\/wp-content\/uploads\/2026\/06\/IMG_4506-1024x683.jpg\" alt=\"\" class=\"wp-image-1415\" srcset=\"https:\/\/d.r4.wbsprt.com\/janamozici.cz\/wp-content\/uploads\/2026\/06\/IMG_4506-1024x683.jpg 1024w, https:\/\/d.r4.wbsprt.com\/janamozici.cz\/wp-content\/uploads\/2026\/06\/IMG_4506-300x200.jpg 300w, https:\/\/d.r4.wbsprt.com\/janamozici.cz\/wp-content\/uploads\/2026\/06\/IMG_4506-768x512.jpg 768w, https:\/\/d.r4.wbsprt.com\/janamozici.cz\/wp-content\/uploads\/2026\/06\/IMG_4506-1536x1024.jpg 1536w, https:\/\/d.r4.wbsprt.com\/janamozici.cz\/wp-content\/uploads\/2026\/06\/IMG_4506.jpg 1920w\" sizes=\"(max-width: 1024px) 100vw, 1024px\" \/><\/a><\/figure>\n\n\n\n<figure class=\"wp-block-image size-large\"><a href=\"https:\/\/janamozici.cz\/wp-content\/uploads\/2026\/06\/IMG_4508.jpg\"><img loading=\"lazy\" decoding=\"async\" width=\"1024\" height=\"683\" data-id=\"1421\" src=\"https:\/\/d.r4.wbsprt.com\/janamozici.cz\/wp-content\/uploads\/2026\/06\/IMG_4508-1024x683.jpg\" alt=\"\" class=\"wp-image-1421\" srcset=\"https:\/\/d.r4.wbsprt.com\/janamozici.cz\/wp-content\/uploads\/2026\/06\/IMG_4508-1024x683.jpg 1024w, https:\/\/d.r4.wbsprt.com\/janamozici.cz\/wp-content\/uploads\/2026\/06\/IMG_4508-300x200.jpg 300w, https:\/\/d.r4.wbsprt.com\/janamozici.cz\/wp-content\/uploads\/2026\/06\/IMG_4508-768x512.jpg 768w, https:\/\/d.r4.wbsprt.com\/janamozici.cz\/wp-content\/uploads\/2026\/06\/IMG_4508-1536x1024.jpg 1536w, https:\/\/d.r4.wbsprt.com\/janamozici.cz\/wp-content\/uploads\/2026\/06\/IMG_4508.jpg 1920w\" sizes=\"(max-width: 1024px) 100vw, 1024px\" \/><\/a><\/figure>\n<\/figure>\n\n\n\n<p class=\"wp-block-paragraph\"><\/p>\n","protected":false},"excerpt":{"rendered":"<p>Nab\u00edz\u00edme k prodeji kr\u00e1snou zahradu o v\u00fdm\u011b\u0159e 783 m2&nbsp;v malebn\u00e9 obci Tu\u0161imice, kter\u00e1 se nach\u00e1z\u00ed nedaleko historick\u00e9ho m\u011bsta Kada\u0148. Toto kr\u00e1lovsk\u00e9 m\u011bsto je zn\u00e1m\u00e9 svou bohatou ob\u010danskou vybavenost\u00ed, v\u010detn\u011b \u0161irok\u00e9 \u0161k\u00e1ly restaurac\u00ed, kav\u00e1ren, obchod\u016f a l\u00e9ka\u0159sk\u00fdch slu\u017eeb, co\u017e zaji\u0161\u0165uje pohodln\u00fd \u017eivotn\u00ed styl pro v\u0161echny obyvatele. Zahrada se py\u0161n\u00ed p\u0159\u00edjemn\u00fdm a klidn\u00fdm prost\u0159ed\u00edm, ide\u00e1ln\u00edm pro relaxaci [&hellip;]<\/p>\n","protected":false},"author":1,"featured_media":1411,"comment_status":"closed","ping_status":"closed","sticky":false,"template":"","format":"standard","meta":{"_acf_changed":false,"pgc_sgb_lightbox_settings":"","footnotes":""},"categories":[1],"tags":[],"class_list":["post-1408","post","type-post","status-publish","format-standard","has-post-thumbnail","hentry","category-prodej"],"acf":[],"yoast_head":"<!-- This site is optimized with the Yoast SEO plugin v28.2 - https:\/\/yoast.com\/product\/yoast-seo-wordpress\/ -->\n<title>Prodej zahrady Tu\u0161imice - Jana Mozici - Realitni makl\u00e9\u0159ka<\/title>\n<meta name=\"robots\" content=\"index, follow, max-snippet:-1, max-image-preview:large, max-video-preview:-1\" \/>\n<link rel=\"canonical\" href=\"https:\/\/janamozici.cz\/prodej-zahrady-tusimice\/\" \/>\n<meta property=\"og:locale\" content=\"cs_CZ\" \/>\n<meta property=\"og:type\" content=\"article\" \/>\n<meta property=\"og:title\" content=\"Prodej zahrady Tu\u0161imice - Jana Mozici - Realitni makl\u00e9\u0159ka\" \/>\n<meta property=\"og:description\" content=\"Nab\u00edz\u00edme k prodeji kr\u00e1snou zahradu o v\u00fdm\u011b\u0159e 783 m2&nbsp;v malebn\u00e9 obci Tu\u0161imice, kter\u00e1 se nach\u00e1z\u00ed nedaleko historick\u00e9ho m\u011bsta Kada\u0148. Toto kr\u00e1lovsk\u00e9 m\u011bsto je zn\u00e1m\u00e9 svou bohatou ob\u010danskou vybavenost\u00ed, v\u010detn\u011b \u0161irok\u00e9 \u0161k\u00e1ly restaurac\u00ed, kav\u00e1ren, obchod\u016f a l\u00e9ka\u0159sk\u00fdch slu\u017eeb, co\u017e zaji\u0161\u0165uje pohodln\u00fd \u017eivotn\u00ed styl pro v\u0161echny obyvatele. Zahrada se py\u0161n\u00ed p\u0159\u00edjemn\u00fdm a klidn\u00fdm prost\u0159ed\u00edm, ide\u00e1ln\u00edm pro relaxaci [&hellip;]\" \/>\n<meta property=\"og:url\" content=\"https:\/\/janamozici.cz\/prodej-zahrady-tusimice\/\" \/>\n<meta property=\"og:site_name\" content=\"Jana Mozici - Realitni makl\u00e9\u0159ka\" \/>\n<meta property=\"article:published_time\" content=\"2026-06-18T13:47:30+00:00\" \/>\n<meta property=\"article:modified_time\" content=\"2026-07-16T07:23:41+00:00\" \/>\n<meta property=\"og:image\" content=\"https:\/\/janamozici.cz\/wp-content\/uploads\/2026\/06\/5-7.jpg\" \/>\n\t<meta property=\"og:image:width\" content=\"1920\" \/>\n\t<meta property=\"og:image:height\" content=\"1280\" \/>\n\t<meta property=\"og:image:type\" content=\"image\/jpeg\" \/>\n<meta name=\"author\" content=\"pavelignacek\" \/>\n<meta name=\"twitter:card\" content=\"summary_large_image\" \/>\n<meta name=\"twitter:label1\" content=\"Napsal(a)\" \/>\n\t<meta name=\"twitter:data1\" content=\"pavelignacek\" \/>\n\t<meta name=\"twitter:label2\" content=\"Odhadovan\u00e1 doba \u010dten\u00ed\" \/>\n\t<meta name=\"twitter:data2\" content=\"1 minuta\" \/>\n<script type=\"application\/ld+json\" class=\"yoast-schema-graph\">{\"@context\":\"https:\\\/\\\/schema.org\",\"@graph\":[{\"@type\":\"Article\",\"@id\":\"https:\\\/\\\/janamozici.cz\\\/prodej-zahrady-tusimice\\\/#article\",\"isPartOf\":{\"@id\":\"https:\\\/\\\/janamozici.cz\\\/prodej-zahrady-tusimice\\\/\"},\"author\":{\"name\":\"pavelignacek\",\"@id\":\"https:\\\/\\\/janamozici.cz\\\/#\\\/schema\\\/person\\\/a0c8271995d3088e738ca636e0ae15e8\"},\"headline\":\"Prodej zahrady Tu\u0161imice\",\"datePublished\":\"2026-06-18T13:47:30+00:00\",\"dateModified\":\"2026-07-16T07:23:41+00:00\",\"mainEntityOfPage\":{\"@id\":\"https:\\\/\\\/janamozici.cz\\\/prodej-zahrady-tusimice\\\/\"},\"wordCount\":299,\"publisher\":{\"@id\":\"https:\\\/\\\/janamozici.cz\\\/#organization\"},\"image\":{\"@id\":\"https:\\\/\\\/janamozici.cz\\\/prodej-zahrady-tusimice\\\/#primaryimage\"},\"thumbnailUrl\":\"https:\\\/\\\/d.r4.wbsprt.com\\\/janamozici.cz\\\/wp-content\\\/uploads\\\/2026\\\/06\\\/5-7.jpg\",\"articleSection\":[\"PRODEJ\"],\"inLanguage\":\"cs\"},{\"@type\":\"WebPage\",\"@id\":\"https:\\\/\\\/janamozici.cz\\\/prodej-zahrady-tusimice\\\/\",\"url\":\"https:\\\/\\\/janamozici.cz\\\/prodej-zahrady-tusimice\\\/\",\"name\":\"Prodej zahrady Tu\u0161imice - Jana Mozici - Realitni makl\u00e9\u0159ka\",\"isPartOf\":{\"@id\":\"https:\\\/\\\/janamozici.cz\\\/#website\"},\"primaryImageOfPage\":{\"@id\":\"https:\\\/\\\/janamozici.cz\\\/prodej-zahrady-tusimice\\\/#primaryimage\"},\"image\":{\"@id\":\"https:\\\/\\\/janamozici.cz\\\/prodej-zahrady-tusimice\\\/#primaryimage\"},\"thumbnailUrl\":\"https:\\\/\\\/d.r4.wbsprt.com\\\/janamozici.cz\\\/wp-content\\\/uploads\\\/2026\\\/06\\\/5-7.jpg\",\"datePublished\":\"2026-06-18T13:47:30+00:00\",\"dateModified\":\"2026-07-16T07:23:41+00:00\",\"breadcrumb\":{\"@id\":\"https:\\\/\\\/janamozici.cz\\\/prodej-zahrady-tusimice\\\/#breadcrumb\"},\"inLanguage\":\"cs\",\"potentialAction\":[{\"@type\":\"ReadAction\",\"target\":[\"https:\\\/\\\/janamozici.cz\\\/prodej-zahrady-tusimice\\\/\"]}]},{\"@type\":\"ImageObject\",\"inLanguage\":\"cs\",\"@id\":\"https:\\\/\\\/janamozici.cz\\\/prodej-zahrady-tusimice\\\/#primaryimage\",\"url\":\"https:\\\/\\\/d.r4.wbsprt.com\\\/janamozici.cz\\\/wp-content\\\/uploads\\\/2026\\\/06\\\/5-7.jpg\",\"contentUrl\":\"https:\\\/\\\/d.r4.wbsprt.com\\\/janamozici.cz\\\/wp-content\\\/uploads\\\/2026\\\/06\\\/5-7.jpg\",\"width\":1920,\"height\":1280},{\"@type\":\"BreadcrumbList\",\"@id\":\"https:\\\/\\\/janamozici.cz\\\/prodej-zahrady-tusimice\\\/#breadcrumb\",\"itemListElement\":[{\"@type\":\"ListItem\",\"position\":1,\"name\":\"Dom\u016f\",\"item\":\"https:\\\/\\\/janamozici.cz\\\/\"},{\"@type\":\"ListItem\",\"position\":2,\"name\":\"Prodej zahrady Tu\u0161imice\"}]},{\"@type\":\"WebSite\",\"@id\":\"https:\\\/\\\/janamozici.cz\\\/#website\",\"url\":\"https:\\\/\\\/janamozici.cz\\\/\",\"name\":\"Jana Mozici - Realitni makl\u00e9\u0159ka\",\"description\":\"Realitn\u00ed makl\u00e9\u0159ka pro Chomutovsk\u00fd kraj\",\"publisher\":{\"@id\":\"https:\\\/\\\/janamozici.cz\\\/#organization\"},\"potentialAction\":[{\"@type\":\"SearchAction\",\"target\":{\"@type\":\"EntryPoint\",\"urlTemplate\":\"https:\\\/\\\/janamozici.cz\\\/?s={search_term_string}\"},\"query-input\":{\"@type\":\"PropertyValueSpecification\",\"valueRequired\":true,\"valueName\":\"search_term_string\"}}],\"inLanguage\":\"cs\"},{\"@type\":\"Organization\",\"@id\":\"https:\\\/\\\/janamozici.cz\\\/#organization\",\"name\":\"Jana Mozici - Realitni makl\u00e9\u0159ka\",\"url\":\"https:\\\/\\\/janamozici.cz\\\/\",\"logo\":{\"@type\":\"ImageObject\",\"inLanguage\":\"cs\",\"@id\":\"https:\\\/\\\/janamozici.cz\\\/#\\\/schema\\\/logo\\\/image\\\/\",\"url\":\"https:\\\/\\\/d.r4.wbsprt.com\\\/janamozici.cz\\\/wp-content\\\/uploads\\\/2026\\\/07\\\/cropped-favicon.png\",\"contentUrl\":\"https:\\\/\\\/d.r4.wbsprt.com\\\/janamozici.cz\\\/wp-content\\\/uploads\\\/2026\\\/07\\\/cropped-favicon.png\",\"width\":300,\"height\":300,\"caption\":\"Jana Mozici - Realitni makl\u00e9\u0159ka\"},\"image\":{\"@id\":\"https:\\\/\\\/janamozici.cz\\\/#\\\/schema\\\/logo\\\/image\\\/\"}},{\"@type\":\"Person\",\"@id\":\"https:\\\/\\\/janamozici.cz\\\/#\\\/schema\\\/person\\\/a0c8271995d3088e738ca636e0ae15e8\",\"name\":\"pavelignacek\",\"image\":{\"@type\":\"ImageObject\",\"inLanguage\":\"cs\",\"@id\":\"https:\\\/\\\/secure.gravatar.com\\\/avatar\\\/f1277ae3877a04db460fe45d0c550807b61b14883332acd3d3665c45a540a0c7?s=96&d=mm&r=g\",\"url\":\"https:\\\/\\\/secure.gravatar.com\\\/avatar\\\/f1277ae3877a04db460fe45d0c550807b61b14883332acd3d3665c45a540a0c7?s=96&d=mm&r=g\",\"contentUrl\":\"https:\\\/\\\/secure.gravatar.com\\\/avatar\\\/f1277ae3877a04db460fe45d0c550807b61b14883332acd3d3665c45a540a0c7?s=96&d=mm&r=g\",\"caption\":\"pavelignacek\"},\"sameAs\":[\"https:\\\/\\\/janamozici.cz\"],\"url\":\"https:\\\/\\\/d.r4.wbsprt.com\\\/janamozici.cz\\\/author\\\/pavelignacek\\\/\"}]}<\/script>\n<!-- \/ Yoast SEO plugin. -->","yoast_head_json":{"title":"Prodej zahrady Tu\u0161imice - Jana Mozici - Realitni makl\u00e9\u0159ka","robots":{"index":"index","follow":"follow","max-snippet":"max-snippet:-1","max-image-preview":"max-image-preview:large","max-video-preview":"max-video-preview:-1"},"canonical":"https:\/\/janamozici.cz\/prodej-zahrady-tusimice\/","og_locale":"cs_CZ","og_type":"article","og_title":"Prodej zahrady Tu\u0161imice - Jana Mozici - Realitni makl\u00e9\u0159ka","og_description":"Nab\u00edz\u00edme k prodeji kr\u00e1snou zahradu o v\u00fdm\u011b\u0159e 783 m2&nbsp;v malebn\u00e9 obci Tu\u0161imice, kter\u00e1 se nach\u00e1z\u00ed nedaleko historick\u00e9ho m\u011bsta Kada\u0148. Toto kr\u00e1lovsk\u00e9 m\u011bsto je zn\u00e1m\u00e9 svou bohatou ob\u010danskou vybavenost\u00ed, v\u010detn\u011b \u0161irok\u00e9 \u0161k\u00e1ly restaurac\u00ed, kav\u00e1ren, obchod\u016f a l\u00e9ka\u0159sk\u00fdch slu\u017eeb, co\u017e zaji\u0161\u0165uje pohodln\u00fd \u017eivotn\u00ed styl pro v\u0161echny obyvatele. Zahrada se py\u0161n\u00ed p\u0159\u00edjemn\u00fdm a klidn\u00fdm prost\u0159ed\u00edm, ide\u00e1ln\u00edm pro relaxaci [&hellip;]","og_url":"https:\/\/janamozici.cz\/prodej-zahrady-tusimice\/","og_site_name":"Jana Mozici - Realitni makl\u00e9\u0159ka","article_published_time":"2026-06-18T13:47:30+00:00","article_modified_time":"2026-07-16T07:23:41+00:00","og_image":[{"width":1920,"height":1280,"url":"https:\/\/janamozici.cz\/wp-content\/uploads\/2026\/06\/5-7.jpg","type":"image\/jpeg"}],"author":"pavelignacek","twitter_card":"summary_large_image","twitter_misc":{"Napsal(a)":"pavelignacek","Odhadovan\u00e1 doba \u010dten\u00ed":"1 minuta"},"schema":{"@context":"https:\/\/schema.org","@graph":[{"@type":"Article","@id":"https:\/\/janamozici.cz\/prodej-zahrady-tusimice\/#article","isPartOf":{"@id":"https:\/\/janamozici.cz\/prodej-zahrady-tusimice\/"},"author":{"name":"pavelignacek","@id":"https:\/\/janamozici.cz\/#\/schema\/person\/a0c8271995d3088e738ca636e0ae15e8"},"headline":"Prodej zahrady Tu\u0161imice","datePublished":"2026-06-18T13:47:30+00:00","dateModified":"2026-07-16T07:23:41+00:00","mainEntityOfPage":{"@id":"https:\/\/janamozici.cz\/prodej-zahrady-tusimice\/"},"wordCount":299,"publisher":{"@id":"https:\/\/janamozici.cz\/#organization"},"image":{"@id":"https:\/\/janamozici.cz\/prodej-zahrady-tusimice\/#primaryimage"},"thumbnailUrl":"https:\/\/d.r4.wbsprt.com\/janamozici.cz\/wp-content\/uploads\/2026\/06\/5-7.jpg","articleSection":["PRODEJ"],"inLanguage":"cs"},{"@type":"WebPage","@id":"https:\/\/janamozici.cz\/prodej-zahrady-tusimice\/","url":"https:\/\/janamozici.cz\/prodej-zahrady-tusimice\/","name":"Prodej zahrady Tu\u0161imice - Jana Mozici - Realitni makl\u00e9\u0159ka","isPartOf":{"@id":"https:\/\/janamozici.cz\/#website"},"primaryImageOfPage":{"@id":"https:\/\/janamozici.cz\/prodej-zahrady-tusimice\/#primaryimage"},"image":{"@id":"https:\/\/janamozici.cz\/prodej-zahrady-tusimice\/#primaryimage"},"thumbnailUrl":"https:\/\/d.r4.wbsprt.com\/janamozici.cz\/wp-content\/uploads\/2026\/06\/5-7.jpg","datePublished":"2026-06-18T13:47:30+00:00","dateModified":"2026-07-16T07:23:41+00:00","breadcrumb":{"@id":"https:\/\/janamozici.cz\/prodej-zahrady-tusimice\/#breadcrumb"},"inLanguage":"cs","potentialAction":[{"@type":"ReadAction","target":["https:\/\/janamozici.cz\/prodej-zahrady-tusimice\/"]}]},{"@type":"ImageObject","inLanguage":"cs","@id":"https:\/\/janamozici.cz\/prodej-zahrady-tusimice\/#primaryimage","url":"https:\/\/d.r4.wbsprt.com\/janamozici.cz\/wp-content\/uploads\/2026\/06\/5-7.jpg","contentUrl":"https:\/\/d.r4.wbsprt.com\/janamozici.cz\/wp-content\/uploads\/2026\/06\/5-7.jpg","width":1920,"height":1280},{"@type":"BreadcrumbList","@id":"https:\/\/janamozici.cz\/prodej-zahrady-tusimice\/#breadcrumb","itemListElement":[{"@type":"ListItem","position":1,"name":"Dom\u016f","item":"https:\/\/janamozici.cz\/"},{"@type":"ListItem","position":2,"name":"Prodej zahrady Tu\u0161imice"}]},{"@type":"WebSite","@id":"https:\/\/janamozici.cz\/#website","url":"https:\/\/janamozici.cz\/","name":"Jana Mozici - Realitni makl\u00e9\u0159ka","description":"Realitn\u00ed makl\u00e9\u0159ka pro Chomutovsk\u00fd kraj","publisher":{"@id":"https:\/\/janamozici.cz\/#organization"},"potentialAction":[{"@type":"SearchAction","target":{"@type":"EntryPoint","urlTemplate":"https:\/\/janamozici.cz\/?s={search_term_string}"},"query-input":{"@type":"PropertyValueSpecification","valueRequired":true,"valueName":"search_term_string"}}],"inLanguage":"cs"},{"@type":"Organization","@id":"https:\/\/janamozici.cz\/#organization","name":"Jana Mozici - Realitni makl\u00e9\u0159ka","url":"https:\/\/janamozici.cz\/","logo":{"@type":"ImageObject","inLanguage":"cs","@id":"https:\/\/janamozici.cz\/#\/schema\/logo\/image\/","url":"https:\/\/d.r4.wbsprt.com\/janamozici.cz\/wp-content\/uploads\/2026\/07\/cropped-favicon.png","contentUrl":"https:\/\/d.r4.wbsprt.com\/janamozici.cz\/wp-content\/uploads\/2026\/07\/cropped-favicon.png","width":300,"height":300,"caption":"Jana Mozici - Realitni makl\u00e9\u0159ka"},"image":{"@id":"https:\/\/janamozici.cz\/#\/schema\/logo\/image\/"}},{"@type":"Person","@id":"https:\/\/janamozici.cz\/#\/schema\/person\/a0c8271995d3088e738ca636e0ae15e8","name":"pavelignacek","image":{"@type":"ImageObject","inLanguage":"cs","@id":"https:\/\/secure.gravatar.com\/avatar\/f1277ae3877a04db460fe45d0c550807b61b14883332acd3d3665c45a540a0c7?s=96&d=mm&r=g","url":"https:\/\/secure.gravatar.com\/avatar\/f1277ae3877a04db460fe45d0c550807b61b14883332acd3d3665c45a540a0c7?s=96&d=mm&r=g","contentUrl":"https:\/\/secure.gravatar.com\/avatar\/f1277ae3877a04db460fe45d0c550807b61b14883332acd3d3665c45a540a0c7?s=96&d=mm&r=g","caption":"pavelignacek"},"sameAs":["https:\/\/janamozici.cz"],"url":"https:\/\/d.r4.wbsprt.com\/janamozici.cz\/author\/pavelignacek\/"}]}},"_links":{"self":[{"href":"https:\/\/d.r4.wbsprt.com\/janamozici.cz\/wp-json\/wp\/v2\/posts\/1408","targetHints":{"allow":["GET"]}}],"collection":[{"href":"https:\/\/d.r4.wbsprt.com\/janamozici.cz\/wp-json\/wp\/v2\/posts"}],"about":[{"href":"https:\/\/d.r4.wbsprt.com\/janamozici.cz\/wp-json\/wp\/v2\/types\/post"}],"author":[{"embeddable":true,"href":"https:\/\/d.r4.wbsprt.com\/janamozici.cz\/wp-json\/wp\/v2\/users\/1"}],"replies":[{"embeddable":true,"href":"https:\/\/d.r4.wbsprt.com\/janamozici.cz\/wp-json\/wp\/v2\/comments?post=1408"}],"version-history":[{"count":9,"href":"https:\/\/d.r4.wbsprt.com\/janamozici.cz\/wp-json\/wp\/v2\/posts\/1408\/revisions"}],"predecessor-version":[{"id":2489,"href":"https:\/\/d.r4.wbsprt.com\/janamozici.cz\/wp-json\/wp\/v2\/posts\/1408\/revisions\/2489"}],"wp:featuredmedia":[{"embeddable":true,"href":"https:\/\/d.r4.wbsprt.com\/janamozici.cz\/wp-json\/wp\/v2\/media\/1411"}],"wp:attachment":[{"href":"https:\/\/d.r4.wbsprt.com\/janamozici.cz\/wp-json\/wp\/v2\/media?parent=1408"}],"wp:term":[{"taxonomy":"category","embeddable":true,"href":"https:\/\/d.r4.wbsprt.com\/janamozici.cz\/wp-json\/wp\/v2\/categories?post=1408"},{"taxonomy":"post_tag","embeddable":true,"href":"https:\/\/d.r4.wbsprt.com\/janamozici.cz\/wp-json\/wp\/v2\/tags?post=1408"}],"curies":[{"name":"wp","href":"https:\/\/api.w.org\/{rel}","templated":true}]}}