{"id":2942,"date":"2026-08-21T18:09:17","date_gmt":"2026-08-21T16:09:17","guid":{"rendered":"https:\/\/janamozici.cz\/?p=2942"},"modified":"2026-08-22T12:20:51","modified_gmt":"2026-08-22T10:20:51","slug":"pronajem-zrekonstruovaneho-bytu-2kk-v-kadani-ulice-klasterecka","status":"publish","type":"post","link":"https:\/\/d.r4.wbsprt.com\/janamozici.cz\/pronajem-zrekonstruovaneho-bytu-2kk-v-kadani-ulice-klasterecka\/","title":{"rendered":"Pron\u00e1jem zrekonstruovan\u00e9ho bytu 2+kk v Kadani, ulice Kl\u00e1\u0161tereck\u00e1"},"content":{"rendered":"\n<p class=\"wp-block-paragraph\">R\u00e1di bychom V\u00e1m p\u0159edstavili tento byt k pron\u00e1jmu v centru m\u011bsta Kada\u0148.<\/p>\n\n\n\n<p class=\"wp-block-paragraph\">Jedn\u00e1 se o byt s dispozic\u00ed 2+kk, kter\u00fd je sou\u010d\u00e1st\u00ed panelov\u00e9 stavby po rekonstrukci.<\/p>\n\n\n\n<p class=\"wp-block-paragraph\">Byt o celkov\u00e9 u\u017eitn\u00e9 plo\u0161e 53 m\u00b2 se nach\u00e1z\u00ed v prvn\u00edm pat\u0159e \u010dty\u0159podla\u017en\u00edho domu.<\/p>\n\n\n\n<p class=\"wp-block-paragraph\">V dom\u011b nen\u00ed k dispozici v\u00fdtah ani bezbari\u00e9rov\u00fd p\u0159\u00edstup, co\u017e je v\u0161ak kompenzov\u00e1no v\u00fdhodn\u00fdm um\u00edst\u011bn\u00edm v centru obce a bl\u00edzkost\u00ed ve\u0161ker\u00e9 ob\u010dansk\u00e9 vybavenosti.<\/p>\n\n\n\n<p class=\"wp-block-paragraph\">Byt je situov\u00e1n v klidn\u00e9 z\u00e1stavb\u011b s dostupnost\u00ed v\u0161ech druh\u016f dopravy, v\u010detn\u011b vlaku, silnice, MHD a p\u0159\u00edm\u011bstsk\u00e9ho autobusu.<\/p>\n\n\n\n<p class=\"wp-block-paragraph\">Byt byl ned\u00e1vno zrekonstruov\u00e1n, co\u017e zaji\u0161\u0165uje pohodl\u00ed a modern\u00ed bydlen\u00ed. K bytu n\u00e1le\u017e\u00ed i sklep, co\u017e p\u0159in\u00e1\u0161\u00ed dal\u0161\u00ed \u00falo\u017en\u00fd prostor.<\/p>\n\n\n\n<p class=\"wp-block-paragraph\">Z\u00e1jemci o pron\u00e1jem mus\u00ed po\u010d\u00edtat s vratnou kauc\u00ed ve v\u00fd\u0161i 20 000 K\u010d a proviz\u00ed ve v\u00fd\u0161i 15 000 K\u010d.<\/p>\n\n\n\n<p class=\"wp-block-paragraph\">N\u00e1jemn\u00e9 je 12 000 K\u010d, slu\u017eby na 1 osobu 2 224 K\u010d, ka\u017ed\u00e1 dal\u0161\u00ed osoba + 518 K\u010d. Elekt\u0159inu, internet, popelnice, tv a dal\u0161\u00ed slu\u017eby si hrad\u00ed n\u00e1jemce s\u00e1m.<\/p>\n\n\n\n<p class=\"wp-block-paragraph\">Byt je k nast\u011bhov\u00e1n\u00ed po domluv\u011b, nejd\u0159\u00edve v\u0161ak 1.10.2026.<\/p>\n\n\n\n<p class=\"wp-block-paragraph\">Prohl\u00eddky jsou mo\u017en\u00e9 po p\u0159edchoz\u00ed domluv\u011b. Pro v\u00edce informac\u00ed o t\u00e9to nemovitosti nebo sjedn\u00e1n\u00ed prohl\u00eddky n\u00e1s pros\u00edm kontaktujte nebo vypl\u0148te n\u00ed\u017ee uveden\u00fd formul\u00e1\u0159, r\u00e1di V\u00e1m pom\u016f\u017eeme.<\/p>\n\n\n\n<p class=\"has-text-color has-link-color has-large-font-size wp-elements-1 wp-block-paragraph\" style=\"color:#900019\">FOTOGALERIE<\/p>\n\n\n\n<figure class=\"wp-block-gallery has-nested-images columns-4 is-cropped wp-block-gallery-1 is-layout-flex wp-block-gallery-is-layout-flex\">\n<figure class=\"wp-block-image size-large\"><img fetchpriority=\"high\" decoding=\"async\" width=\"1024\" height=\"683\" data-id=\"2947\" src=\"https:\/\/janamozici.cz\/wp-content\/uploads\/2026\/08\/1-6-1024x683.jpg\" alt=\"\" class=\"wp-image-2947\" srcset=\"https:\/\/d.r4.wbsprt.com\/janamozici.cz\/wp-content\/uploads\/2026\/08\/1-6-1024x683.jpg 1024w, https:\/\/d.r4.wbsprt.com\/janamozici.cz\/wp-content\/uploads\/2026\/08\/1-6-300x200.jpg 300w, https:\/\/d.r4.wbsprt.com\/janamozici.cz\/wp-content\/uploads\/2026\/08\/1-6-768x512.jpg 768w, https:\/\/d.r4.wbsprt.com\/janamozici.cz\/wp-content\/uploads\/2026\/08\/1-6-1536x1024.jpg 1536w, https:\/\/d.r4.wbsprt.com\/janamozici.cz\/wp-content\/uploads\/2026\/08\/1-6-2048x1365.jpg 2048w\" sizes=\"(max-width: 1024px) 100vw, 1024px\" \/><\/figure>\n\n\n\n<figure class=\"wp-block-image size-large\"><img decoding=\"async\" width=\"1024\" height=\"683\" data-id=\"2945\" src=\"https:\/\/janamozici.cz\/wp-content\/uploads\/2026\/08\/2-5-1024x683.jpg\" alt=\"\" class=\"wp-image-2945\" srcset=\"https:\/\/d.r4.wbsprt.com\/janamozici.cz\/wp-content\/uploads\/2026\/08\/2-5-1024x683.jpg 1024w, https:\/\/d.r4.wbsprt.com\/janamozici.cz\/wp-content\/uploads\/2026\/08\/2-5-300x200.jpg 300w, https:\/\/d.r4.wbsprt.com\/janamozici.cz\/wp-content\/uploads\/2026\/08\/2-5-768x512.jpg 768w, https:\/\/d.r4.wbsprt.com\/janamozici.cz\/wp-content\/uploads\/2026\/08\/2-5-1536x1024.jpg 1536w, https:\/\/d.r4.wbsprt.com\/janamozici.cz\/wp-content\/uploads\/2026\/08\/2-5-2048x1365.jpg 2048w\" sizes=\"(max-width: 1024px) 100vw, 1024px\" \/><\/figure>\n\n\n\n<figure class=\"wp-block-image size-large\"><img decoding=\"async\" width=\"1024\" height=\"683\" data-id=\"2943\" src=\"https:\/\/janamozici.cz\/wp-content\/uploads\/2026\/08\/3-5-1024x683.jpg\" alt=\"\" class=\"wp-image-2943\" srcset=\"https:\/\/d.r4.wbsprt.com\/janamozici.cz\/wp-content\/uploads\/2026\/08\/3-5-1024x683.jpg 1024w, https:\/\/d.r4.wbsprt.com\/janamozici.cz\/wp-content\/uploads\/2026\/08\/3-5-300x200.jpg 300w, https:\/\/d.r4.wbsprt.com\/janamozici.cz\/wp-content\/uploads\/2026\/08\/3-5-768x512.jpg 768w, https:\/\/d.r4.wbsprt.com\/janamozici.cz\/wp-content\/uploads\/2026\/08\/3-5-1536x1024.jpg 1536w, https:\/\/d.r4.wbsprt.com\/janamozici.cz\/wp-content\/uploads\/2026\/08\/3-5-2048x1365.jpg 2048w\" sizes=\"(max-width: 1024px) 100vw, 1024px\" \/><\/figure>\n\n\n\n<figure class=\"wp-block-image size-large\"><img loading=\"lazy\" decoding=\"async\" width=\"1024\" height=\"683\" data-id=\"2946\" src=\"https:\/\/janamozici.cz\/wp-content\/uploads\/2026\/08\/4-5-1024x683.jpg\" alt=\"\" class=\"wp-image-2946\" srcset=\"https:\/\/d.r4.wbsprt.com\/janamozici.cz\/wp-content\/uploads\/2026\/08\/4-5-1024x683.jpg 1024w, https:\/\/d.r4.wbsprt.com\/janamozici.cz\/wp-content\/uploads\/2026\/08\/4-5-300x200.jpg 300w, https:\/\/d.r4.wbsprt.com\/janamozici.cz\/wp-content\/uploads\/2026\/08\/4-5-768x512.jpg 768w, https:\/\/d.r4.wbsprt.com\/janamozici.cz\/wp-content\/uploads\/2026\/08\/4-5-1536x1024.jpg 1536w, https:\/\/d.r4.wbsprt.com\/janamozici.cz\/wp-content\/uploads\/2026\/08\/4-5-2048x1365.jpg 2048w\" sizes=\"(max-width: 1024px) 100vw, 1024px\" \/><\/figure>\n\n\n\n<figure class=\"wp-block-image size-large\"><img loading=\"lazy\" decoding=\"async\" width=\"1024\" height=\"683\" data-id=\"2944\" src=\"https:\/\/janamozici.cz\/wp-content\/uploads\/2026\/08\/5-5-1024x683.jpg\" alt=\"\" class=\"wp-image-2944\" srcset=\"https:\/\/d.r4.wbsprt.com\/janamozici.cz\/wp-content\/uploads\/2026\/08\/5-5-1024x683.jpg 1024w, https:\/\/d.r4.wbsprt.com\/janamozici.cz\/wp-content\/uploads\/2026\/08\/5-5-300x200.jpg 300w, https:\/\/d.r4.wbsprt.com\/janamozici.cz\/wp-content\/uploads\/2026\/08\/5-5-768x512.jpg 768w, https:\/\/d.r4.wbsprt.com\/janamozici.cz\/wp-content\/uploads\/2026\/08\/5-5-1536x1024.jpg 1536w, https:\/\/d.r4.wbsprt.com\/janamozici.cz\/wp-content\/uploads\/2026\/08\/5-5-2048x1365.jpg 2048w\" sizes=\"(max-width: 1024px) 100vw, 1024px\" \/><\/figure>\n\n\n\n<figure class=\"wp-block-image size-large\"><img loading=\"lazy\" decoding=\"async\" width=\"1024\" height=\"683\" data-id=\"2948\" src=\"https:\/\/janamozici.cz\/wp-content\/uploads\/2026\/08\/6-5-1024x683.jpg\" alt=\"\" class=\"wp-image-2948\" srcset=\"https:\/\/d.r4.wbsprt.com\/janamozici.cz\/wp-content\/uploads\/2026\/08\/6-5-1024x683.jpg 1024w, https:\/\/d.r4.wbsprt.com\/janamozici.cz\/wp-content\/uploads\/2026\/08\/6-5-300x200.jpg 300w, https:\/\/d.r4.wbsprt.com\/janamozici.cz\/wp-content\/uploads\/2026\/08\/6-5-768x512.jpg 768w, https:\/\/d.r4.wbsprt.com\/janamozici.cz\/wp-content\/uploads\/2026\/08\/6-5-1536x1024.jpg 1536w, https:\/\/d.r4.wbsprt.com\/janamozici.cz\/wp-content\/uploads\/2026\/08\/6-5-2048x1365.jpg 2048w\" sizes=\"(max-width: 1024px) 100vw, 1024px\" \/><\/figure>\n\n\n\n<figure class=\"wp-block-image size-large\"><img loading=\"lazy\" decoding=\"async\" width=\"1024\" height=\"683\" data-id=\"2952\" src=\"https:\/\/janamozici.cz\/wp-content\/uploads\/2026\/08\/7-5-1024x683.jpg\" alt=\"\" class=\"wp-image-2952\" srcset=\"https:\/\/d.r4.wbsprt.com\/janamozici.cz\/wp-content\/uploads\/2026\/08\/7-5-1024x683.jpg 1024w, https:\/\/d.r4.wbsprt.com\/janamozici.cz\/wp-content\/uploads\/2026\/08\/7-5-768x512.jpg 768w, https:\/\/d.r4.wbsprt.com\/janamozici.cz\/wp-content\/uploads\/2026\/08\/7-5-300x200.jpg 300w, https:\/\/d.r4.wbsprt.com\/janamozici.cz\/wp-content\/uploads\/2026\/08\/7-5-1536x1024.jpg 1536w, https:\/\/d.r4.wbsprt.com\/janamozici.cz\/wp-content\/uploads\/2026\/08\/7-5-2048x1365.jpg 2048w\" sizes=\"(max-width: 1024px) 100vw, 1024px\" \/><\/figure>\n\n\n\n<figure class=\"wp-block-image size-large\"><img loading=\"lazy\" decoding=\"async\" width=\"1024\" height=\"683\" data-id=\"2950\" src=\"https:\/\/janamozici.cz\/wp-content\/uploads\/2026\/08\/8-5-1024x683.jpg\" alt=\"\" class=\"wp-image-2950\" srcset=\"https:\/\/d.r4.wbsprt.com\/janamozici.cz\/wp-content\/uploads\/2026\/08\/8-5-1024x683.jpg 1024w, https:\/\/d.r4.wbsprt.com\/janamozici.cz\/wp-content\/uploads\/2026\/08\/8-5-300x200.jpg 300w, https:\/\/d.r4.wbsprt.com\/janamozici.cz\/wp-content\/uploads\/2026\/08\/8-5-768x512.jpg 768w, https:\/\/d.r4.wbsprt.com\/janamozici.cz\/wp-content\/uploads\/2026\/08\/8-5-1536x1024.jpg 1536w, https:\/\/d.r4.wbsprt.com\/janamozici.cz\/wp-content\/uploads\/2026\/08\/8-5-2048x1365.jpg 2048w\" sizes=\"(max-width: 1024px) 100vw, 1024px\" \/><\/figure>\n\n\n\n<figure class=\"wp-block-image size-large\"><img loading=\"lazy\" decoding=\"async\" width=\"1024\" height=\"683\" data-id=\"2949\" src=\"https:\/\/janamozici.cz\/wp-content\/uploads\/2026\/08\/9-5-1024x683.jpg\" alt=\"\" class=\"wp-image-2949\" srcset=\"https:\/\/d.r4.wbsprt.com\/janamozici.cz\/wp-content\/uploads\/2026\/08\/9-5-1024x683.jpg 1024w, https:\/\/d.r4.wbsprt.com\/janamozici.cz\/wp-content\/uploads\/2026\/08\/9-5-300x200.jpg 300w, https:\/\/d.r4.wbsprt.com\/janamozici.cz\/wp-content\/uploads\/2026\/08\/9-5-768x512.jpg 768w, https:\/\/d.r4.wbsprt.com\/janamozici.cz\/wp-content\/uploads\/2026\/08\/9-5-1536x1024.jpg 1536w, https:\/\/d.r4.wbsprt.com\/janamozici.cz\/wp-content\/uploads\/2026\/08\/9-5-2048x1365.jpg 2048w\" sizes=\"(max-width: 1024px) 100vw, 1024px\" \/><\/figure>\n\n\n\n<figure class=\"wp-block-image size-large\"><img loading=\"lazy\" decoding=\"async\" width=\"1024\" height=\"683\" data-id=\"2951\" src=\"https:\/\/janamozici.cz\/wp-content\/uploads\/2026\/08\/10-5-1024x683.jpg\" alt=\"\" class=\"wp-image-2951\" srcset=\"https:\/\/d.r4.wbsprt.com\/janamozici.cz\/wp-content\/uploads\/2026\/08\/10-5-1024x683.jpg 1024w, https:\/\/d.r4.wbsprt.com\/janamozici.cz\/wp-content\/uploads\/2026\/08\/10-5-300x200.jpg 300w, https:\/\/d.r4.wbsprt.com\/janamozici.cz\/wp-content\/uploads\/2026\/08\/10-5-768x512.jpg 768w, https:\/\/d.r4.wbsprt.com\/janamozici.cz\/wp-content\/uploads\/2026\/08\/10-5-1536x1024.jpg 1536w, https:\/\/d.r4.wbsprt.com\/janamozici.cz\/wp-content\/uploads\/2026\/08\/10-5-2048x1365.jpg 2048w\" sizes=\"(max-width: 1024px) 100vw, 1024px\" \/><\/figure>\n\n\n\n<figure class=\"wp-block-image size-large\"><img loading=\"lazy\" decoding=\"async\" width=\"1024\" height=\"683\" data-id=\"2953\" src=\"https:\/\/janamozici.cz\/wp-content\/uploads\/2026\/08\/11-5-1024x683.jpg\" alt=\"\" class=\"wp-image-2953\" srcset=\"https:\/\/d.r4.wbsprt.com\/janamozici.cz\/wp-content\/uploads\/2026\/08\/11-5-1024x683.jpg 1024w, https:\/\/d.r4.wbsprt.com\/janamozici.cz\/wp-content\/uploads\/2026\/08\/11-5-300x200.jpg 300w, https:\/\/d.r4.wbsprt.com\/janamozici.cz\/wp-content\/uploads\/2026\/08\/11-5-768x512.jpg 768w, https:\/\/d.r4.wbsprt.com\/janamozici.cz\/wp-content\/uploads\/2026\/08\/11-5-1536x1024.jpg 1536w, https:\/\/d.r4.wbsprt.com\/janamozici.cz\/wp-content\/uploads\/2026\/08\/11-5-2048x1365.jpg 2048w\" sizes=\"(max-width: 1024px) 100vw, 1024px\" \/><\/figure>\n\n\n\n<figure class=\"wp-block-image size-large\"><img loading=\"lazy\" decoding=\"async\" width=\"1024\" height=\"683\" data-id=\"2954\" src=\"https:\/\/janamozici.cz\/wp-content\/uploads\/2026\/08\/12-5-1024x683.jpg\" alt=\"\" class=\"wp-image-2954\" srcset=\"https:\/\/d.r4.wbsprt.com\/janamozici.cz\/wp-content\/uploads\/2026\/08\/12-5-1024x683.jpg 1024w, https:\/\/d.r4.wbsprt.com\/janamozici.cz\/wp-content\/uploads\/2026\/08\/12-5-300x200.jpg 300w, https:\/\/d.r4.wbsprt.com\/janamozici.cz\/wp-content\/uploads\/2026\/08\/12-5-768x512.jpg 768w, https:\/\/d.r4.wbsprt.com\/janamozici.cz\/wp-content\/uploads\/2026\/08\/12-5-1536x1024.jpg 1536w, https:\/\/d.r4.wbsprt.com\/janamozici.cz\/wp-content\/uploads\/2026\/08\/12-5-2048x1365.jpg 2048w\" sizes=\"(max-width: 1024px) 100vw, 1024px\" \/><\/figure>\n\n\n\n<figure class=\"wp-block-image size-large\"><img loading=\"lazy\" decoding=\"async\" width=\"1024\" height=\"683\" data-id=\"2955\" src=\"https:\/\/janamozici.cz\/wp-content\/uploads\/2026\/08\/13-5-1024x683.jpg\" alt=\"\" class=\"wp-image-2955\" srcset=\"https:\/\/d.r4.wbsprt.com\/janamozici.cz\/wp-content\/uploads\/2026\/08\/13-5-1024x683.jpg 1024w, https:\/\/d.r4.wbsprt.com\/janamozici.cz\/wp-content\/uploads\/2026\/08\/13-5-300x200.jpg 300w, https:\/\/d.r4.wbsprt.com\/janamozici.cz\/wp-content\/uploads\/2026\/08\/13-5-768x512.jpg 768w, https:\/\/d.r4.wbsprt.com\/janamozici.cz\/wp-content\/uploads\/2026\/08\/13-5-1536x1024.jpg 1536w, https:\/\/d.r4.wbsprt.com\/janamozici.cz\/wp-content\/uploads\/2026\/08\/13-5-2048x1365.jpg 2048w\" sizes=\"(max-width: 1024px) 100vw, 1024px\" \/><\/figure>\n\n\n\n<figure class=\"wp-block-image size-large\"><img loading=\"lazy\" decoding=\"async\" width=\"1024\" height=\"683\" data-id=\"2956\" src=\"https:\/\/janamozici.cz\/wp-content\/uploads\/2026\/08\/14-5-1024x683.jpg\" alt=\"\" class=\"wp-image-2956\" srcset=\"https:\/\/d.r4.wbsprt.com\/janamozici.cz\/wp-content\/uploads\/2026\/08\/14-5-1024x683.jpg 1024w, https:\/\/d.r4.wbsprt.com\/janamozici.cz\/wp-content\/uploads\/2026\/08\/14-5-300x200.jpg 300w, https:\/\/d.r4.wbsprt.com\/janamozici.cz\/wp-content\/uploads\/2026\/08\/14-5-768x512.jpg 768w, https:\/\/d.r4.wbsprt.com\/janamozici.cz\/wp-content\/uploads\/2026\/08\/14-5-1536x1024.jpg 1536w, https:\/\/d.r4.wbsprt.com\/janamozici.cz\/wp-content\/uploads\/2026\/08\/14-5-2048x1365.jpg 2048w\" sizes=\"(max-width: 1024px) 100vw, 1024px\" \/><\/figure>\n\n\n\n<figure class=\"wp-block-image size-large\"><img loading=\"lazy\" decoding=\"async\" width=\"1024\" height=\"683\" data-id=\"2957\" src=\"https:\/\/janamozici.cz\/wp-content\/uploads\/2026\/08\/15-5-1024x683.jpg\" alt=\"\" class=\"wp-image-2957\" srcset=\"https:\/\/d.r4.wbsprt.com\/janamozici.cz\/wp-content\/uploads\/2026\/08\/15-5-1024x683.jpg 1024w, https:\/\/d.r4.wbsprt.com\/janamozici.cz\/wp-content\/uploads\/2026\/08\/15-5-300x200.jpg 300w, https:\/\/d.r4.wbsprt.com\/janamozici.cz\/wp-content\/uploads\/2026\/08\/15-5-768x512.jpg 768w, https:\/\/d.r4.wbsprt.com\/janamozici.cz\/wp-content\/uploads\/2026\/08\/15-5-1536x1024.jpg 1536w, https:\/\/d.r4.wbsprt.com\/janamozici.cz\/wp-content\/uploads\/2026\/08\/15-5-2048x1365.jpg 2048w\" sizes=\"(max-width: 1024px) 100vw, 1024px\" \/><\/figure>\n\n\n\n<figure class=\"wp-block-image size-large\"><img loading=\"lazy\" decoding=\"async\" width=\"1024\" height=\"683\" data-id=\"2958\" src=\"https:\/\/janamozici.cz\/wp-content\/uploads\/2026\/08\/16-5-1024x683.jpg\" alt=\"\" class=\"wp-image-2958\" srcset=\"https:\/\/d.r4.wbsprt.com\/janamozici.cz\/wp-content\/uploads\/2026\/08\/16-5-1024x683.jpg 1024w, https:\/\/d.r4.wbsprt.com\/janamozici.cz\/wp-content\/uploads\/2026\/08\/16-5-300x200.jpg 300w, https:\/\/d.r4.wbsprt.com\/janamozici.cz\/wp-content\/uploads\/2026\/08\/16-5-768x512.jpg 768w, https:\/\/d.r4.wbsprt.com\/janamozici.cz\/wp-content\/uploads\/2026\/08\/16-5-2048x1365.jpg 2048w, https:\/\/d.r4.wbsprt.com\/janamozici.cz\/wp-content\/uploads\/2026\/08\/16-5-1536x1024.jpg 1536w\" sizes=\"(max-width: 1024px) 100vw, 1024px\" \/><\/figure>\n\n\n\n<figure class=\"wp-block-image size-large\"><img loading=\"lazy\" decoding=\"async\" width=\"1024\" height=\"683\" data-id=\"2959\" src=\"https:\/\/janamozici.cz\/wp-content\/uploads\/2026\/08\/17-5-1024x683.jpg\" alt=\"\" class=\"wp-image-2959\" srcset=\"https:\/\/d.r4.wbsprt.com\/janamozici.cz\/wp-content\/uploads\/2026\/08\/17-5-1024x683.jpg 1024w, https:\/\/d.r4.wbsprt.com\/janamozici.cz\/wp-content\/uploads\/2026\/08\/17-5-300x200.jpg 300w, https:\/\/d.r4.wbsprt.com\/janamozici.cz\/wp-content\/uploads\/2026\/08\/17-5-768x512.jpg 768w, https:\/\/d.r4.wbsprt.com\/janamozici.cz\/wp-content\/uploads\/2026\/08\/17-5-1536x1024.jpg 1536w, https:\/\/d.r4.wbsprt.com\/janamozici.cz\/wp-content\/uploads\/2026\/08\/17-5-2048x1365.jpg 2048w\" sizes=\"(max-width: 1024px) 100vw, 1024px\" \/><\/figure>\n\n\n\n<figure class=\"wp-block-image size-large\"><img loading=\"lazy\" decoding=\"async\" width=\"1024\" height=\"768\" data-id=\"2960\" src=\"https:\/\/janamozici.cz\/wp-content\/uploads\/2026\/08\/18-5-1024x768.jpg\" alt=\"\" class=\"wp-image-2960\" srcset=\"https:\/\/d.r4.wbsprt.com\/janamozici.cz\/wp-content\/uploads\/2026\/08\/18-5-1024x768.jpg 1024w, https:\/\/d.r4.wbsprt.com\/janamozici.cz\/wp-content\/uploads\/2026\/08\/18-5-300x225.jpg 300w, https:\/\/d.r4.wbsprt.com\/janamozici.cz\/wp-content\/uploads\/2026\/08\/18-5-768x576.jpg 768w, https:\/\/d.r4.wbsprt.com\/janamozici.cz\/wp-content\/uploads\/2026\/08\/18-5-1536x1152.jpg 1536w, https:\/\/d.r4.wbsprt.com\/janamozici.cz\/wp-content\/uploads\/2026\/08\/18-5-2048x1536.jpg 2048w\" sizes=\"(max-width: 1024px) 100vw, 1024px\" \/><figcaption class=\"wp-element-caption\">default<\/figcaption><\/figure>\n\n\n\n<figure class=\"wp-block-image size-large\"><img loading=\"lazy\" decoding=\"async\" width=\"1024\" height=\"768\" data-id=\"2961\" src=\"https:\/\/janamozici.cz\/wp-content\/uploads\/2026\/08\/19-5-1024x768.jpg\" alt=\"\" class=\"wp-image-2961\" srcset=\"https:\/\/d.r4.wbsprt.com\/janamozici.cz\/wp-content\/uploads\/2026\/08\/19-5-1024x768.jpg 1024w, https:\/\/d.r4.wbsprt.com\/janamozici.cz\/wp-content\/uploads\/2026\/08\/19-5-300x225.jpg 300w, https:\/\/d.r4.wbsprt.com\/janamozici.cz\/wp-content\/uploads\/2026\/08\/19-5-768x576.jpg 768w, https:\/\/d.r4.wbsprt.com\/janamozici.cz\/wp-content\/uploads\/2026\/08\/19-5-1536x1152.jpg 1536w, https:\/\/d.r4.wbsprt.com\/janamozici.cz\/wp-content\/uploads\/2026\/08\/19-5-2048x1536.jpg 2048w\" sizes=\"(max-width: 1024px) 100vw, 1024px\" \/><\/figure>\n\n\n\n<figure class=\"wp-block-image size-large\"><img loading=\"lazy\" decoding=\"async\" width=\"1024\" height=\"768\" data-id=\"2962\" src=\"https:\/\/janamozici.cz\/wp-content\/uploads\/2026\/08\/20-5-1024x768.jpg\" alt=\"\" class=\"wp-image-2962\" srcset=\"https:\/\/d.r4.wbsprt.com\/janamozici.cz\/wp-content\/uploads\/2026\/08\/20-5-1024x768.jpg 1024w, https:\/\/d.r4.wbsprt.com\/janamozici.cz\/wp-content\/uploads\/2026\/08\/20-5-300x225.jpg 300w, https:\/\/d.r4.wbsprt.com\/janamozici.cz\/wp-content\/uploads\/2026\/08\/20-5-768x576.jpg 768w, https:\/\/d.r4.wbsprt.com\/janamozici.cz\/wp-content\/uploads\/2026\/08\/20-5-1536x1152.jpg 1536w, https:\/\/d.r4.wbsprt.com\/janamozici.cz\/wp-content\/uploads\/2026\/08\/20-5-2048x1536.jpg 2048w\" sizes=\"(max-width: 1024px) 100vw, 1024px\" \/><\/figure>\n\n\n\n<figure class=\"wp-block-image size-large\"><img loading=\"lazy\" decoding=\"async\" width=\"1024\" height=\"768\" data-id=\"2963\" src=\"https:\/\/janamozici.cz\/wp-content\/uploads\/2026\/08\/21-5-1024x768.jpg\" alt=\"\" class=\"wp-image-2963\" srcset=\"https:\/\/d.r4.wbsprt.com\/janamozici.cz\/wp-content\/uploads\/2026\/08\/21-5-1024x768.jpg 1024w, https:\/\/d.r4.wbsprt.com\/janamozici.cz\/wp-content\/uploads\/2026\/08\/21-5-300x225.jpg 300w, https:\/\/d.r4.wbsprt.com\/janamozici.cz\/wp-content\/uploads\/2026\/08\/21-5-768x576.jpg 768w, https:\/\/d.r4.wbsprt.com\/janamozici.cz\/wp-content\/uploads\/2026\/08\/21-5-1536x1152.jpg 1536w, https:\/\/d.r4.wbsprt.com\/janamozici.cz\/wp-content\/uploads\/2026\/08\/21-5-2048x1536.jpg 2048w\" sizes=\"(max-width: 1024px) 100vw, 1024px\" \/><figcaption class=\"wp-element-caption\">default<\/figcaption><\/figure>\n\n\n\n<figure class=\"wp-block-image size-large\"><img loading=\"lazy\" decoding=\"async\" width=\"1024\" height=\"768\" data-id=\"2965\" src=\"https:\/\/janamozici.cz\/wp-content\/uploads\/2026\/08\/22-5-1024x768.jpg\" alt=\"\" class=\"wp-image-2965\" srcset=\"https:\/\/d.r4.wbsprt.com\/janamozici.cz\/wp-content\/uploads\/2026\/08\/22-5-1024x768.jpg 1024w, https:\/\/d.r4.wbsprt.com\/janamozici.cz\/wp-content\/uploads\/2026\/08\/22-5-300x225.jpg 300w, https:\/\/d.r4.wbsprt.com\/janamozici.cz\/wp-content\/uploads\/2026\/08\/22-5-768x576.jpg 768w, https:\/\/d.r4.wbsprt.com\/janamozici.cz\/wp-content\/uploads\/2026\/08\/22-5-1536x1152.jpg 1536w, https:\/\/d.r4.wbsprt.com\/janamozici.cz\/wp-content\/uploads\/2026\/08\/22-5-2048x1536.jpg 2048w\" sizes=\"(max-width: 1024px) 100vw, 1024px\" \/><figcaption class=\"wp-element-caption\">default<\/figcaption><\/figure>\n\n\n\n<figure class=\"wp-block-image size-large\"><img loading=\"lazy\" decoding=\"async\" width=\"1024\" height=\"768\" data-id=\"2964\" src=\"https:\/\/janamozici.cz\/wp-content\/uploads\/2026\/08\/23-5-1024x768.jpg\" alt=\"\" class=\"wp-image-2964\" srcset=\"https:\/\/d.r4.wbsprt.com\/janamozici.cz\/wp-content\/uploads\/2026\/08\/23-5-1024x768.jpg 1024w, https:\/\/d.r4.wbsprt.com\/janamozici.cz\/wp-content\/uploads\/2026\/08\/23-5-300x225.jpg 300w, https:\/\/d.r4.wbsprt.com\/janamozici.cz\/wp-content\/uploads\/2026\/08\/23-5-768x576.jpg 768w, https:\/\/d.r4.wbsprt.com\/janamozici.cz\/wp-content\/uploads\/2026\/08\/23-5-1536x1152.jpg 1536w, https:\/\/d.r4.wbsprt.com\/janamozici.cz\/wp-content\/uploads\/2026\/08\/23-5-2048x1536.jpg 2048w\" sizes=\"(max-width: 1024px) 100vw, 1024px\" \/><figcaption class=\"wp-element-caption\">default<\/figcaption><\/figure>\n<\/figure>\n\n\n\n<p class=\"wp-block-paragraph\"><\/p>\n","protected":false},"excerpt":{"rendered":"<p>R\u00e1di bychom V\u00e1m p\u0159edstavili tento byt k pron\u00e1jmu v centru m\u011bsta Kada\u0148. Jedn\u00e1 se o byt s dispozic\u00ed 2+kk, kter\u00fd je sou\u010d\u00e1st\u00ed panelov\u00e9 stavby po rekonstrukci. Byt o celkov\u00e9 u\u017eitn\u00e9 plo\u0161e 53 m\u00b2 se nach\u00e1z\u00ed v prvn\u00edm pat\u0159e \u010dty\u0159podla\u017en\u00edho domu. V dom\u011b nen\u00ed k dispozici v\u00fdtah ani bezbari\u00e9rov\u00fd p\u0159\u00edstup, co\u017e je v\u0161ak kompenzov\u00e1no v\u00fdhodn\u00fdm um\u00edst\u011bn\u00edm [&hellip;]<\/p>\n","protected":false},"author":2,"featured_media":2947,"comment_status":"closed","ping_status":"closed","sticky":false,"template":"","format":"standard","meta":{"_acf_changed":false,"pgc_sgb_lightbox_settings":"","footnotes":""},"categories":[9],"tags":[],"class_list":["post-2942","post","type-post","status-publish","format-standard","has-post-thumbnail","hentry","category-pronajem"],"acf":[],"yoast_head":"<!-- This site is optimized with the Yoast SEO plugin v28.2 - https:\/\/yoast.com\/product\/yoast-seo-wordpress\/ -->\n<title>Pron\u00e1jem zrekonstruovan\u00e9ho bytu 2+kk v Kadani, ulice Kl\u00e1\u0161tereck\u00e1 - Jana Mozici - Realitni makl\u00e9\u0159ka<\/title>\n<meta name=\"robots\" content=\"index, follow, max-snippet:-1, max-image-preview:large, max-video-preview:-1\" \/>\n<link rel=\"canonical\" href=\"https:\/\/janamozici.cz\/pronajem-zrekonstruovaneho-bytu-2kk-v-kadani-ulice-klasterecka\/\" \/>\n<meta property=\"og:locale\" content=\"cs_CZ\" \/>\n<meta property=\"og:type\" content=\"article\" \/>\n<meta property=\"og:title\" content=\"Pron\u00e1jem zrekonstruovan\u00e9ho bytu 2+kk v Kadani, ulice Kl\u00e1\u0161tereck\u00e1 - Jana Mozici - Realitni makl\u00e9\u0159ka\" \/>\n<meta property=\"og:description\" content=\"R\u00e1di bychom V\u00e1m p\u0159edstavili tento byt k pron\u00e1jmu v centru m\u011bsta Kada\u0148. Jedn\u00e1 se o byt s dispozic\u00ed 2+kk, kter\u00fd je sou\u010d\u00e1st\u00ed panelov\u00e9 stavby po rekonstrukci. Byt o celkov\u00e9 u\u017eitn\u00e9 plo\u0161e 53 m\u00b2 se nach\u00e1z\u00ed v prvn\u00edm pat\u0159e \u010dty\u0159podla\u017en\u00edho domu. V dom\u011b nen\u00ed k dispozici v\u00fdtah ani bezbari\u00e9rov\u00fd p\u0159\u00edstup, co\u017e je v\u0161ak kompenzov\u00e1no v\u00fdhodn\u00fdm um\u00edst\u011bn\u00edm [&hellip;]\" \/>\n<meta property=\"og:url\" content=\"https:\/\/janamozici.cz\/pronajem-zrekonstruovaneho-bytu-2kk-v-kadani-ulice-klasterecka\/\" \/>\n<meta property=\"og:site_name\" content=\"Jana Mozici - Realitni makl\u00e9\u0159ka\" \/>\n<meta property=\"article:published_time\" content=\"2026-08-21T16:09:17+00:00\" \/>\n<meta property=\"article:modified_time\" content=\"2026-08-22T10:20:51+00:00\" \/>\n<meta property=\"og:image\" content=\"https:\/\/janamozici.cz\/wp-content\/uploads\/2026\/08\/1-6-scaled.jpg\" \/>\n\t<meta property=\"og:image:width\" content=\"2560\" \/>\n\t<meta property=\"og:image:height\" content=\"1707\" \/>\n\t<meta property=\"og:image:type\" content=\"image\/jpeg\" \/>\n<meta name=\"author\" content=\"Jana Mozici\" \/>\n<meta name=\"twitter:card\" content=\"summary_large_image\" \/>\n<meta name=\"twitter:label1\" content=\"Napsal(a)\" \/>\n\t<meta name=\"twitter:data1\" content=\"Jana Mozici\" \/>\n\t<meta name=\"twitter:label2\" content=\"Odhadovan\u00e1 doba \u010dten\u00ed\" \/>\n\t<meta name=\"twitter:data2\" content=\"6 minut\" \/>\n<script type=\"application\/ld+json\" class=\"yoast-schema-graph\">{\"@context\":\"https:\\\/\\\/schema.org\",\"@graph\":[{\"@type\":\"Article\",\"@id\":\"https:\\\/\\\/janamozici.cz\\\/pronajem-zrekonstruovaneho-bytu-2kk-v-kadani-ulice-klasterecka\\\/#article\",\"isPartOf\":{\"@id\":\"https:\\\/\\\/janamozici.cz\\\/pronajem-zrekonstruovaneho-bytu-2kk-v-kadani-ulice-klasterecka\\\/\"},\"author\":{\"name\":\"Jana Mozici\",\"@id\":\"https:\\\/\\\/janamozici.cz\\\/#\\\/schema\\\/person\\\/0fd875cd50634ab68d91c2bfa38276b5\"},\"headline\":\"Pron\u00e1jem zrekonstruovan\u00e9ho bytu 2+kk v Kadani, ulice Kl\u00e1\u0161tereck\u00e1\",\"datePublished\":\"2026-08-21T16:09:17+00:00\",\"dateModified\":\"2026-08-22T10:20:51+00:00\",\"mainEntityOfPage\":{\"@id\":\"https:\\\/\\\/janamozici.cz\\\/pronajem-zrekonstruovaneho-bytu-2kk-v-kadani-ulice-klasterecka\\\/\"},\"wordCount\":258,\"publisher\":{\"@id\":\"https:\\\/\\\/janamozici.cz\\\/#organization\"},\"image\":{\"@id\":\"https:\\\/\\\/janamozici.cz\\\/pronajem-zrekonstruovaneho-bytu-2kk-v-kadani-ulice-klasterecka\\\/#primaryimage\"},\"thumbnailUrl\":\"https:\\\/\\\/d.r4.wbsprt.com\\\/janamozici.cz\\\/wp-content\\\/uploads\\\/2026\\\/08\\\/1-6-scaled.jpg\",\"articleSection\":[\"PRON\u00c1JEM\"],\"inLanguage\":\"cs\"},{\"@type\":\"WebPage\",\"@id\":\"https:\\\/\\\/janamozici.cz\\\/pronajem-zrekonstruovaneho-bytu-2kk-v-kadani-ulice-klasterecka\\\/\",\"url\":\"https:\\\/\\\/janamozici.cz\\\/pronajem-zrekonstruovaneho-bytu-2kk-v-kadani-ulice-klasterecka\\\/\",\"name\":\"Pron\u00e1jem zrekonstruovan\u00e9ho bytu 2+kk v Kadani, ulice Kl\u00e1\u0161tereck\u00e1 - Jana Mozici - Realitni makl\u00e9\u0159ka\",\"isPartOf\":{\"@id\":\"https:\\\/\\\/janamozici.cz\\\/#website\"},\"primaryImageOfPage\":{\"@id\":\"https:\\\/\\\/janamozici.cz\\\/pronajem-zrekonstruovaneho-bytu-2kk-v-kadani-ulice-klasterecka\\\/#primaryimage\"},\"image\":{\"@id\":\"https:\\\/\\\/janamozici.cz\\\/pronajem-zrekonstruovaneho-bytu-2kk-v-kadani-ulice-klasterecka\\\/#primaryimage\"},\"thumbnailUrl\":\"https:\\\/\\\/d.r4.wbsprt.com\\\/janamozici.cz\\\/wp-content\\\/uploads\\\/2026\\\/08\\\/1-6-scaled.jpg\",\"datePublished\":\"2026-08-21T16:09:17+00:00\",\"dateModified\":\"2026-08-22T10:20:51+00:00\",\"breadcrumb\":{\"@id\":\"https:\\\/\\\/janamozici.cz\\\/pronajem-zrekonstruovaneho-bytu-2kk-v-kadani-ulice-klasterecka\\\/#breadcrumb\"},\"inLanguage\":\"cs\",\"potentialAction\":[{\"@type\":\"ReadAction\",\"target\":[\"https:\\\/\\\/janamozici.cz\\\/pronajem-zrekonstruovaneho-bytu-2kk-v-kadani-ulice-klasterecka\\\/\"]}]},{\"@type\":\"ImageObject\",\"inLanguage\":\"cs\",\"@id\":\"https:\\\/\\\/janamozici.cz\\\/pronajem-zrekonstruovaneho-bytu-2kk-v-kadani-ulice-klasterecka\\\/#primaryimage\",\"url\":\"https:\\\/\\\/d.r4.wbsprt.com\\\/janamozici.cz\\\/wp-content\\\/uploads\\\/2026\\\/08\\\/1-6-scaled.jpg\",\"contentUrl\":\"https:\\\/\\\/d.r4.wbsprt.com\\\/janamozici.cz\\\/wp-content\\\/uploads\\\/2026\\\/08\\\/1-6-scaled.jpg\",\"width\":2560,\"height\":1707},{\"@type\":\"BreadcrumbList\",\"@id\":\"https:\\\/\\\/janamozici.cz\\\/pronajem-zrekonstruovaneho-bytu-2kk-v-kadani-ulice-klasterecka\\\/#breadcrumb\",\"itemListElement\":[{\"@type\":\"ListItem\",\"position\":1,\"name\":\"Dom\u016f\",\"item\":\"https:\\\/\\\/janamozici.cz\\\/\"},{\"@type\":\"ListItem\",\"position\":2,\"name\":\"Pron\u00e1jem zrekonstruovan\u00e9ho bytu 2+kk v Kadani, ulice Kl\u00e1\u0161tereck\u00e1\"}]},{\"@type\":\"WebSite\",\"@id\":\"https:\\\/\\\/janamozici.cz\\\/#website\",\"url\":\"https:\\\/\\\/janamozici.cz\\\/\",\"name\":\"Jana Mozici - Realitni makl\u00e9\u0159ka\",\"description\":\"Realitn\u00ed makl\u00e9\u0159ka pro Chomutovsk\u00fd kraj\",\"publisher\":{\"@id\":\"https:\\\/\\\/janamozici.cz\\\/#organization\"},\"potentialAction\":[{\"@type\":\"SearchAction\",\"target\":{\"@type\":\"EntryPoint\",\"urlTemplate\":\"https:\\\/\\\/janamozici.cz\\\/?s={search_term_string}\"},\"query-input\":{\"@type\":\"PropertyValueSpecification\",\"valueRequired\":true,\"valueName\":\"search_term_string\"}}],\"inLanguage\":\"cs\"},{\"@type\":\"Organization\",\"@id\":\"https:\\\/\\\/janamozici.cz\\\/#organization\",\"name\":\"Jana Mozici - Realitni makl\u00e9\u0159ka\",\"url\":\"https:\\\/\\\/janamozici.cz\\\/\",\"logo\":{\"@type\":\"ImageObject\",\"inLanguage\":\"cs\",\"@id\":\"https:\\\/\\\/janamozici.cz\\\/#\\\/schema\\\/logo\\\/image\\\/\",\"url\":\"https:\\\/\\\/d.r4.wbsprt.com\\\/janamozici.cz\\\/wp-content\\\/uploads\\\/2026\\\/07\\\/cropped-favicon.png\",\"contentUrl\":\"https:\\\/\\\/d.r4.wbsprt.com\\\/janamozici.cz\\\/wp-content\\\/uploads\\\/2026\\\/07\\\/cropped-favicon.png\",\"width\":300,\"height\":300,\"caption\":\"Jana Mozici - Realitni makl\u00e9\u0159ka\"},\"image\":{\"@id\":\"https:\\\/\\\/janamozici.cz\\\/#\\\/schema\\\/logo\\\/image\\\/\"}},{\"@type\":\"Person\",\"@id\":\"https:\\\/\\\/janamozici.cz\\\/#\\\/schema\\\/person\\\/0fd875cd50634ab68d91c2bfa38276b5\",\"name\":\"Jana Mozici\",\"image\":{\"@type\":\"ImageObject\",\"inLanguage\":\"cs\",\"@id\":\"https:\\\/\\\/secure.gravatar.com\\\/avatar\\\/2c89c0b2b9b78707c2d256268d3b8e4ddcf2539d59e20c2c7932d1c2e9016aad?s=96&d=mm&r=g\",\"url\":\"https:\\\/\\\/secure.gravatar.com\\\/avatar\\\/2c89c0b2b9b78707c2d256268d3b8e4ddcf2539d59e20c2c7932d1c2e9016aad?s=96&d=mm&r=g\",\"contentUrl\":\"https:\\\/\\\/secure.gravatar.com\\\/avatar\\\/2c89c0b2b9b78707c2d256268d3b8e4ddcf2539d59e20c2c7932d1c2e9016aad?s=96&d=mm&r=g\",\"caption\":\"Jana Mozici\"},\"url\":\"https:\\\/\\\/d.r4.wbsprt.com\\\/janamozici.cz\\\/author\\\/janamozici\\\/\"}]}<\/script>\n<!-- \/ Yoast SEO plugin. -->","yoast_head_json":{"title":"Pron\u00e1jem zrekonstruovan\u00e9ho bytu 2+kk v Kadani, ulice Kl\u00e1\u0161tereck\u00e1 - Jana Mozici - Realitni makl\u00e9\u0159ka","robots":{"index":"index","follow":"follow","max-snippet":"max-snippet:-1","max-image-preview":"max-image-preview:large","max-video-preview":"max-video-preview:-1"},"canonical":"https:\/\/janamozici.cz\/pronajem-zrekonstruovaneho-bytu-2kk-v-kadani-ulice-klasterecka\/","og_locale":"cs_CZ","og_type":"article","og_title":"Pron\u00e1jem zrekonstruovan\u00e9ho bytu 2+kk v Kadani, ulice Kl\u00e1\u0161tereck\u00e1 - Jana Mozici - Realitni makl\u00e9\u0159ka","og_description":"R\u00e1di bychom V\u00e1m p\u0159edstavili tento byt k pron\u00e1jmu v centru m\u011bsta Kada\u0148. Jedn\u00e1 se o byt s dispozic\u00ed 2+kk, kter\u00fd je sou\u010d\u00e1st\u00ed panelov\u00e9 stavby po rekonstrukci. Byt o celkov\u00e9 u\u017eitn\u00e9 plo\u0161e 53 m\u00b2 se nach\u00e1z\u00ed v prvn\u00edm pat\u0159e \u010dty\u0159podla\u017en\u00edho domu. V dom\u011b nen\u00ed k dispozici v\u00fdtah ani bezbari\u00e9rov\u00fd p\u0159\u00edstup, co\u017e je v\u0161ak kompenzov\u00e1no v\u00fdhodn\u00fdm um\u00edst\u011bn\u00edm [&hellip;]","og_url":"https:\/\/janamozici.cz\/pronajem-zrekonstruovaneho-bytu-2kk-v-kadani-ulice-klasterecka\/","og_site_name":"Jana Mozici - Realitni makl\u00e9\u0159ka","article_published_time":"2026-08-21T16:09:17+00:00","article_modified_time":"2026-08-22T10:20:51+00:00","og_image":[{"width":2560,"height":1707,"url":"https:\/\/janamozici.cz\/wp-content\/uploads\/2026\/08\/1-6-scaled.jpg","type":"image\/jpeg"}],"author":"Jana Mozici","twitter_card":"summary_large_image","twitter_misc":{"Napsal(a)":"Jana Mozici","Odhadovan\u00e1 doba \u010dten\u00ed":"6 minut"},"schema":{"@context":"https:\/\/schema.org","@graph":[{"@type":"Article","@id":"https:\/\/janamozici.cz\/pronajem-zrekonstruovaneho-bytu-2kk-v-kadani-ulice-klasterecka\/#article","isPartOf":{"@id":"https:\/\/janamozici.cz\/pronajem-zrekonstruovaneho-bytu-2kk-v-kadani-ulice-klasterecka\/"},"author":{"name":"Jana Mozici","@id":"https:\/\/janamozici.cz\/#\/schema\/person\/0fd875cd50634ab68d91c2bfa38276b5"},"headline":"Pron\u00e1jem zrekonstruovan\u00e9ho bytu 2+kk v Kadani, ulice Kl\u00e1\u0161tereck\u00e1","datePublished":"2026-08-21T16:09:17+00:00","dateModified":"2026-08-22T10:20:51+00:00","mainEntityOfPage":{"@id":"https:\/\/janamozici.cz\/pronajem-zrekonstruovaneho-bytu-2kk-v-kadani-ulice-klasterecka\/"},"wordCount":258,"publisher":{"@id":"https:\/\/janamozici.cz\/#organization"},"image":{"@id":"https:\/\/janamozici.cz\/pronajem-zrekonstruovaneho-bytu-2kk-v-kadani-ulice-klasterecka\/#primaryimage"},"thumbnailUrl":"https:\/\/d.r4.wbsprt.com\/janamozici.cz\/wp-content\/uploads\/2026\/08\/1-6-scaled.jpg","articleSection":["PRON\u00c1JEM"],"inLanguage":"cs"},{"@type":"WebPage","@id":"https:\/\/janamozici.cz\/pronajem-zrekonstruovaneho-bytu-2kk-v-kadani-ulice-klasterecka\/","url":"https:\/\/janamozici.cz\/pronajem-zrekonstruovaneho-bytu-2kk-v-kadani-ulice-klasterecka\/","name":"Pron\u00e1jem zrekonstruovan\u00e9ho bytu 2+kk v Kadani, ulice Kl\u00e1\u0161tereck\u00e1 - Jana Mozici - Realitni makl\u00e9\u0159ka","isPartOf":{"@id":"https:\/\/janamozici.cz\/#website"},"primaryImageOfPage":{"@id":"https:\/\/janamozici.cz\/pronajem-zrekonstruovaneho-bytu-2kk-v-kadani-ulice-klasterecka\/#primaryimage"},"image":{"@id":"https:\/\/janamozici.cz\/pronajem-zrekonstruovaneho-bytu-2kk-v-kadani-ulice-klasterecka\/#primaryimage"},"thumbnailUrl":"https:\/\/d.r4.wbsprt.com\/janamozici.cz\/wp-content\/uploads\/2026\/08\/1-6-scaled.jpg","datePublished":"2026-08-21T16:09:17+00:00","dateModified":"2026-08-22T10:20:51+00:00","breadcrumb":{"@id":"https:\/\/janamozici.cz\/pronajem-zrekonstruovaneho-bytu-2kk-v-kadani-ulice-klasterecka\/#breadcrumb"},"inLanguage":"cs","potentialAction":[{"@type":"ReadAction","target":["https:\/\/janamozici.cz\/pronajem-zrekonstruovaneho-bytu-2kk-v-kadani-ulice-klasterecka\/"]}]},{"@type":"ImageObject","inLanguage":"cs","@id":"https:\/\/janamozici.cz\/pronajem-zrekonstruovaneho-bytu-2kk-v-kadani-ulice-klasterecka\/#primaryimage","url":"https:\/\/d.r4.wbsprt.com\/janamozici.cz\/wp-content\/uploads\/2026\/08\/1-6-scaled.jpg","contentUrl":"https:\/\/d.r4.wbsprt.com\/janamozici.cz\/wp-content\/uploads\/2026\/08\/1-6-scaled.jpg","width":2560,"height":1707},{"@type":"BreadcrumbList","@id":"https:\/\/janamozici.cz\/pronajem-zrekonstruovaneho-bytu-2kk-v-kadani-ulice-klasterecka\/#breadcrumb","itemListElement":[{"@type":"ListItem","position":1,"name":"Dom\u016f","item":"https:\/\/janamozici.cz\/"},{"@type":"ListItem","position":2,"name":"Pron\u00e1jem zrekonstruovan\u00e9ho bytu 2+kk v Kadani, ulice Kl\u00e1\u0161tereck\u00e1"}]},{"@type":"WebSite","@id":"https:\/\/janamozici.cz\/#website","url":"https:\/\/janamozici.cz\/","name":"Jana Mozici - Realitni makl\u00e9\u0159ka","description":"Realitn\u00ed makl\u00e9\u0159ka pro Chomutovsk\u00fd kraj","publisher":{"@id":"https:\/\/janamozici.cz\/#organization"},"potentialAction":[{"@type":"SearchAction","target":{"@type":"EntryPoint","urlTemplate":"https:\/\/janamozici.cz\/?s={search_term_string}"},"query-input":{"@type":"PropertyValueSpecification","valueRequired":true,"valueName":"search_term_string"}}],"inLanguage":"cs"},{"@type":"Organization","@id":"https:\/\/janamozici.cz\/#organization","name":"Jana Mozici - Realitni makl\u00e9\u0159ka","url":"https:\/\/janamozici.cz\/","logo":{"@type":"ImageObject","inLanguage":"cs","@id":"https:\/\/janamozici.cz\/#\/schema\/logo\/image\/","url":"https:\/\/d.r4.wbsprt.com\/janamozici.cz\/wp-content\/uploads\/2026\/07\/cropped-favicon.png","contentUrl":"https:\/\/d.r4.wbsprt.com\/janamozici.cz\/wp-content\/uploads\/2026\/07\/cropped-favicon.png","width":300,"height":300,"caption":"Jana Mozici - Realitni makl\u00e9\u0159ka"},"image":{"@id":"https:\/\/janamozici.cz\/#\/schema\/logo\/image\/"}},{"@type":"Person","@id":"https:\/\/janamozici.cz\/#\/schema\/person\/0fd875cd50634ab68d91c2bfa38276b5","name":"Jana Mozici","image":{"@type":"ImageObject","inLanguage":"cs","@id":"https:\/\/secure.gravatar.com\/avatar\/2c89c0b2b9b78707c2d256268d3b8e4ddcf2539d59e20c2c7932d1c2e9016aad?s=96&d=mm&r=g","url":"https:\/\/secure.gravatar.com\/avatar\/2c89c0b2b9b78707c2d256268d3b8e4ddcf2539d59e20c2c7932d1c2e9016aad?s=96&d=mm&r=g","contentUrl":"https:\/\/secure.gravatar.com\/avatar\/2c89c0b2b9b78707c2d256268d3b8e4ddcf2539d59e20c2c7932d1c2e9016aad?s=96&d=mm&r=g","caption":"Jana Mozici"},"url":"https:\/\/d.r4.wbsprt.com\/janamozici.cz\/author\/janamozici\/"}]}},"_links":{"self":[{"href":"https:\/\/d.r4.wbsprt.com\/janamozici.cz\/wp-json\/wp\/v2\/posts\/2942","targetHints":{"allow":["GET"]}}],"collection":[{"href":"https:\/\/d.r4.wbsprt.com\/janamozici.cz\/wp-json\/wp\/v2\/posts"}],"about":[{"href":"https:\/\/d.r4.wbsprt.com\/janamozici.cz\/wp-json\/wp\/v2\/types\/post"}],"author":[{"embeddable":true,"href":"https:\/\/d.r4.wbsprt.com\/janamozici.cz\/wp-json\/wp\/v2\/users\/2"}],"replies":[{"embeddable":true,"href":"https:\/\/d.r4.wbsprt.com\/janamozici.cz\/wp-json\/wp\/v2\/comments?post=2942"}],"version-history":[{"count":1,"href":"https:\/\/d.r4.wbsprt.com\/janamozici.cz\/wp-json\/wp\/v2\/posts\/2942\/revisions"}],"predecessor-version":[{"id":2966,"href":"https:\/\/d.r4.wbsprt.com\/janamozici.cz\/wp-json\/wp\/v2\/posts\/2942\/revisions\/2966"}],"wp:featuredmedia":[{"embeddable":true,"href":"https:\/\/d.r4.wbsprt.com\/janamozici.cz\/wp-json\/wp\/v2\/media\/2947"}],"wp:attachment":[{"href":"https:\/\/d.r4.wbsprt.com\/janamozici.cz\/wp-json\/wp\/v2\/media?parent=2942"}],"wp:term":[{"taxonomy":"category","embeddable":true,"href":"https:\/\/d.r4.wbsprt.com\/janamozici.cz\/wp-json\/wp\/v2\/categories?post=2942"},{"taxonomy":"post_tag","embeddable":true,"href":"https:\/\/d.r4.wbsprt.com\/janamozici.cz\/wp-json\/wp\/v2\/tags?post=2942"}],"curies":[{"name":"wp","href":"https:\/\/api.w.org\/{rel}","templated":true}]}}