{"id":858,"date":"2020-10-28T16:33:00","date_gmt":"2020-10-28T15:33:00","guid":{"rendered":"https:\/\/d.r4.wbsprt.com\/janamozici.cz\/?p=858"},"modified":"2026-06-17T16:33:38","modified_gmt":"2026-06-17T14:33:38","slug":"koronavirus-a-trh-nemovitosti","status":"publish","type":"post","link":"https:\/\/d.r4.wbsprt.com\/janamozici.cz\/koronavirus-a-trh-nemovitosti\/","title":{"rendered":"Koronavirus a trh nemovitost\u00ed"},"content":{"rendered":"\n<p class=\"wp-block-paragraph\">Stoj\u00edte p\u0159ed prodejem bytu nebo domu? Chyst\u00e1te se sjednat hypote\u010dn\u00ed \u00fav\u011br a vybrat prvn\u00ed nemovitost? Pak v\u00e1s jist\u011b zaj\u00edm\u00e1, jak realitn\u00ed trh prom\u011bn\u00ed mimo\u0159\u00e1dn\u00e1 opat\u0159en\u00ed v&nbsp;souvislosti s&nbsp;n\u00e1kazou koronavirem.<\/p>\n\n\n\n<h5 class=\"wp-block-heading\">Nejistota na dlouh\u00e9 t\u00fddny<\/h5>\n\n\n\n<p class=\"wp-block-paragraph\">V&nbsp;sou\u010dasn\u00e9 chv\u00edli je nejv\u011bt\u0161\u00edm probl\u00e9mem nejistota. Odborn\u00edci nejsou jednotn\u00ed v&nbsp;tom, kdy se poda\u0159\u00ed \u0161\u00ed\u0159en\u00ed viru zastavit nebo v&nbsp;tom, zda se budou p\u0159ijat\u00e1 opat\u0159en\u00ed nad\u00e1le zp\u0159\u00eds\u0148ovat nebo uvol\u0148ovat. Z&nbsp;tohoto d\u016fvodu nen\u00ed mo\u017en\u00e9 p\u0159istoupit k&nbsp;predikc\u00edm v\u00fdvoje trhu. Realitn\u00ed trh, akciov\u00fd trh i trh kryptom\u011bn zareaguje a\u017e ve chv\u00edli, kdy bude \u0161\u00ed\u0159en\u00ed viru pod kontrolou, a podniky budou moci se\u010d\u00edst ztr\u00e1ty. \u0158ada z&nbsp;nich zanikne a objev\u00ed se propou\u0161t\u011bn\u00ed zam\u011bstnanc\u016f. Dopad \u00fatlumu v\u00fdroby a oslaben\u00ed ekonomick\u00e9ho r\u016fstu mohou zm\u00edrnit jen opat\u0159en\u00ed vl\u00e1dy. Podpora podnik\u00e1n\u00ed ale p\u016fjde ruku v&nbsp;ruce s&nbsp;n\u00e1r\u016fstem st\u00e1tn\u00edho dluhu.<\/p>\n\n\n\n<p class=\"wp-block-paragraph\">Tis\u00edce podnik\u016f m\u00e1 rezervy na udr\u017een\u00ed zam\u011bstnanc\u016f jen na n\u011bkolik t\u00fddn\u016f (ne na m\u011bs\u00edce). Pokud se nepoda\u0159\u00ed obnovit v\u00fdrobu nebo poskytov\u00e1n\u00ed slu\u017eeb, spole\u010dn\u011b se zahrani\u010dn\u00edm obchodem, m\u016f\u017eeme o\u010dek\u00e1vat dramatick\u00fd propad r\u016fstu HDP a n\u00e1r\u016fst nezam\u011bstnanosti.<\/p>\n\n\n\n<h5 class=\"wp-block-heading\">Propad v&nbsp;p\u0159\u00edjmech a ni\u017e\u0161\u00ed z\u00e1jem o n\u00e1kup<\/h5>\n\n\n\n<p class=\"wp-block-paragraph\">V&nbsp;sou\u010dasn\u00e9 chv\u00edli se \u0159ada n\u00e1kup\u016f nemovitost\u00ed pozastavila, jeliko\u017e se lid\u00e9 ob\u00e1vaj\u00ed o budoucnost. Nemaj\u00ed jistotu, \u017ee nep\u0159ijdou o zam\u011bstn\u00e1n\u00ed nebo \u017ee jim nepoklesnou p\u0159\u00edjmy. Obavy o budoucnost, a\u010dkoliv zat\u00edm nejsou ni\u010d\u00edm potvrzen\u00e9, zp\u016fsob\u00ed pokles popt\u00e1vky. Z\u00edsk\u00e1n\u00ed d\u016fv\u011bry bude vy\u017eadovat ur\u010dit\u00fd \u010das. Po tento \u010das mohou lid\u00e9 po\u0159\u00edzen\u00ed nemovitosti odlo\u017eit. Na sn\u00ed\u017eenou popt\u00e1vku bude reagovat realitn\u00ed trh poklesem cen.<\/p>\n\n\n\n<h5 class=\"wp-block-heading\">Vy\u0161\u0161\u00ed nab\u00eddka nemovitost\u00ed<\/h5>\n\n\n\n<p class=\"wp-block-paragraph\">P\u0159edev\u0161\u00edm ve velk\u00fdch m\u011bstech byly nemovitosti nakoupeny za \u00fa\u010delem jejich dal\u0161\u00edho pron\u00e1jmu. Po\u0159\u00edzen\u00ed \u010dasto prob\u00edhalo na hypote\u010dn\u00ed \u00fav\u011br. I o pron\u00e1jem nemovitost\u00ed m\u016f\u017ee b\u00fdt ni\u017e\u0161\u00ed z\u00e1jem. Ceny pron\u00e1jmu budou klesat, majitel\u00e9 se mohou rozhodnout pro prodej nemovitost\u00ed a umo\u0159en\u00ed hypote\u010dn\u00edho \u00fav\u011bru, kter\u00fd p\u0159edstavuje vysokou z\u00e1t\u011b\u017e. T\u00edm pravd\u011bpodobn\u011b poroste nab\u00eddka na realitn\u00edm trhu.<\/p>\n\n\n\n<h5 class=\"wp-block-heading\">O\u010dek\u00e1van\u00e9 sn\u00ed\u017een\u00ed sazeb u hypot\u00e9k<\/h5>\n\n\n\n<p class=\"wp-block-paragraph\">Jedn\u00edm z&nbsp;krok\u016f, jak podpo\u0159it ekonomick\u00fd r\u016fst, je i sn\u00ed\u017een\u00ed \u00farokov\u00fdch sazeb u nejr\u016fzn\u011bj\u0161\u00edch \u00fav\u011br\u016f. Sn\u00ed\u017een\u00ed sazeb u hypote\u010dn\u00edch \u00fav\u011br\u016f by znamenalo r\u016fst popt\u00e1vky po nemovitostech. Tento r\u016fst popt\u00e1vky by mohl sn\u00ed\u017eit dopady zp\u016fsoben\u00e9 nejistotou a obavami o budoucnost.&nbsp;<\/p>\n\n\n\n<h5 class=\"wp-block-heading\">T\u00fddny nebo m\u011bs\u00edce?<\/h5>\n\n\n\n<p class=\"wp-block-paragraph\">Zastaven\u00ed produkce v&nbsp;rozsahu dvou t\u00fddn\u016f je mo\u017en\u00e9 p\u0159e\u010dkat bez v\u011bt\u0161\u00edch dopad\u016f na ekonomickou situaci v&nbsp;zemi. Pokud v\u0161ak omezen\u00ed potrv\u00e1 d\u00e9le ne\u017e m\u011bs\u00edc, pro \u0159adu podnik\u016f u\u017e z\u00e1chrana nebude mo\u017en\u00e1 a to ani v&nbsp;p\u0159\u00edpad\u011b vl\u00e1dn\u00edch pob\u00eddek.<\/p>\n\n\n\n<p class=\"wp-block-paragraph\">Jakmile dojde k&nbsp;otev\u0159en\u00ed provozoven a podnik\u016f, budeme moci \u0159\u00edci, jak vysok\u00e9 ekonomick\u00e9 \u0161kody koronavirus nap\u00e1chal.&nbsp;<\/p>\n","protected":false},"excerpt":{"rendered":"<p>Stoj\u00edte p\u0159ed prodejem bytu nebo domu? Chyst\u00e1te se sjednat hypote\u010dn\u00ed \u00fav\u011br a vybrat prvn\u00ed nemovitost? Pak v\u00e1s jist\u011b zaj\u00edm\u00e1, jak realitn\u00ed trh prom\u011bn\u00ed mimo\u0159\u00e1dn\u00e1 opat\u0159en\u00ed v&nbsp;souvislosti s&nbsp;n\u00e1kazou koronavirem. Nejistota na dlouh\u00e9 t\u00fddny V&nbsp;sou\u010dasn\u00e9 chv\u00edli je nejv\u011bt\u0161\u00edm probl\u00e9mem nejistota. Odborn\u00edci nejsou jednotn\u00ed v&nbsp;tom, kdy se poda\u0159\u00ed \u0161\u00ed\u0159en\u00ed viru zastavit nebo v&nbsp;tom, zda se budou p\u0159ijat\u00e1 opat\u0159en\u00ed [&hellip;]<\/p>\n","protected":false},"author":1,"featured_media":859,"comment_status":"closed","ping_status":"closed","sticky":false,"template":"","format":"standard","meta":{"_acf_changed":false,"pgc_sgb_lightbox_settings":"","footnotes":""},"categories":[13],"tags":[],"class_list":["post-858","post","type-post","status-publish","format-standard","has-post-thumbnail","hentry","category-clanky"],"acf":[],"yoast_head":"<!-- This site is optimized with the Yoast SEO plugin v28.2 - https:\/\/yoast.com\/product\/yoast-seo-wordpress\/ -->\n<title>Koronavirus a trh nemovitost\u00ed - Jana Mozici - Realitni makl\u00e9\u0159ka<\/title>\n<meta name=\"robots\" content=\"index, follow, max-snippet:-1, max-image-preview:large, max-video-preview:-1\" \/>\n<link rel=\"canonical\" href=\"https:\/\/d.r4.wbsprt.com\/janamozici.cz\/koronavirus-a-trh-nemovitosti\/\" \/>\n<meta property=\"og:locale\" content=\"cs_CZ\" \/>\n<meta property=\"og:type\" content=\"article\" \/>\n<meta property=\"og:title\" content=\"Koronavirus a trh nemovitost\u00ed - Jana Mozici - Realitni makl\u00e9\u0159ka\" \/>\n<meta property=\"og:description\" content=\"Stoj\u00edte p\u0159ed prodejem bytu nebo domu? Chyst\u00e1te se sjednat hypote\u010dn\u00ed \u00fav\u011br a vybrat prvn\u00ed nemovitost? Pak v\u00e1s jist\u011b zaj\u00edm\u00e1, jak realitn\u00ed trh prom\u011bn\u00ed mimo\u0159\u00e1dn\u00e1 opat\u0159en\u00ed v&nbsp;souvislosti s&nbsp;n\u00e1kazou koronavirem. Nejistota na dlouh\u00e9 t\u00fddny V&nbsp;sou\u010dasn\u00e9 chv\u00edli je nejv\u011bt\u0161\u00edm probl\u00e9mem nejistota. Odborn\u00edci nejsou jednotn\u00ed v&nbsp;tom, kdy se poda\u0159\u00ed \u0161\u00ed\u0159en\u00ed viru zastavit nebo v&nbsp;tom, zda se budou p\u0159ijat\u00e1 opat\u0159en\u00ed [&hellip;]\" \/>\n<meta property=\"og:url\" content=\"https:\/\/d.r4.wbsprt.com\/janamozici.cz\/koronavirus-a-trh-nemovitosti\/\" \/>\n<meta property=\"og:site_name\" content=\"Jana Mozici - Realitni makl\u00e9\u0159ka\" \/>\n<meta property=\"article:published_time\" content=\"2020-10-28T15:33:00+00:00\" \/>\n<meta property=\"article:modified_time\" content=\"2026-06-17T14:33:38+00:00\" \/>\n<meta property=\"og:image\" content=\"https:\/\/d.r4.wbsprt.com\/janamozici.cz\/wp-content\/uploads\/2026\/06\/1091.jpg\" \/>\n\t<meta property=\"og:image:width\" content=\"995\" \/>\n\t<meta property=\"og:image:height\" content=\"795\" \/>\n\t<meta property=\"og:image:type\" content=\"image\/jpeg\" \/>\n<meta name=\"author\" content=\"pavelignacek\" \/>\n<meta name=\"twitter:card\" content=\"summary_large_image\" \/>\n<meta name=\"twitter:label1\" content=\"Napsal(a)\" \/>\n\t<meta name=\"twitter:data1\" content=\"pavelignacek\" \/>\n\t<meta name=\"twitter:label2\" content=\"Odhadovan\u00e1 doba \u010dten\u00ed\" \/>\n\t<meta name=\"twitter:data2\" content=\"3 minuty\" \/>\n<script type=\"application\/ld+json\" class=\"yoast-schema-graph\">{\"@context\":\"https:\\\/\\\/schema.org\",\"@graph\":[{\"@type\":\"Article\",\"@id\":\"https:\\\/\\\/d.r4.wbsprt.com\\\/janamozici.cz\\\/koronavirus-a-trh-nemovitosti\\\/#article\",\"isPartOf\":{\"@id\":\"https:\\\/\\\/d.r4.wbsprt.com\\\/janamozici.cz\\\/koronavirus-a-trh-nemovitosti\\\/\"},\"author\":{\"name\":\"pavelignacek\",\"@id\":\"https:\\\/\\\/janamozici.cz\\\/#\\\/schema\\\/person\\\/a0c8271995d3088e738ca636e0ae15e8\"},\"headline\":\"Koronavirus a trh nemovitost\u00ed\",\"datePublished\":\"2020-10-28T15:33:00+00:00\",\"dateModified\":\"2026-06-17T14:33:38+00:00\",\"mainEntityOfPage\":{\"@id\":\"https:\\\/\\\/d.r4.wbsprt.com\\\/janamozici.cz\\\/koronavirus-a-trh-nemovitosti\\\/\"},\"wordCount\":574,\"publisher\":{\"@id\":\"https:\\\/\\\/janamozici.cz\\\/#organization\"},\"image\":{\"@id\":\"https:\\\/\\\/d.r4.wbsprt.com\\\/janamozici.cz\\\/koronavirus-a-trh-nemovitosti\\\/#primaryimage\"},\"thumbnailUrl\":\"https:\\\/\\\/d.r4.wbsprt.com\\\/janamozici.cz\\\/wp-content\\\/uploads\\\/2026\\\/06\\\/1091.jpg\",\"articleSection\":[\"\u010cL\u00c1NKY\"],\"inLanguage\":\"cs\"},{\"@type\":\"WebPage\",\"@id\":\"https:\\\/\\\/d.r4.wbsprt.com\\\/janamozici.cz\\\/koronavirus-a-trh-nemovitosti\\\/\",\"url\":\"https:\\\/\\\/d.r4.wbsprt.com\\\/janamozici.cz\\\/koronavirus-a-trh-nemovitosti\\\/\",\"name\":\"Koronavirus a trh nemovitost\u00ed - Jana Mozici - Realitni makl\u00e9\u0159ka\",\"isPartOf\":{\"@id\":\"https:\\\/\\\/janamozici.cz\\\/#website\"},\"primaryImageOfPage\":{\"@id\":\"https:\\\/\\\/d.r4.wbsprt.com\\\/janamozici.cz\\\/koronavirus-a-trh-nemovitosti\\\/#primaryimage\"},\"image\":{\"@id\":\"https:\\\/\\\/d.r4.wbsprt.com\\\/janamozici.cz\\\/koronavirus-a-trh-nemovitosti\\\/#primaryimage\"},\"thumbnailUrl\":\"https:\\\/\\\/d.r4.wbsprt.com\\\/janamozici.cz\\\/wp-content\\\/uploads\\\/2026\\\/06\\\/1091.jpg\",\"datePublished\":\"2020-10-28T15:33:00+00:00\",\"dateModified\":\"2026-06-17T14:33:38+00:00\",\"breadcrumb\":{\"@id\":\"https:\\\/\\\/d.r4.wbsprt.com\\\/janamozici.cz\\\/koronavirus-a-trh-nemovitosti\\\/#breadcrumb\"},\"inLanguage\":\"cs\",\"potentialAction\":[{\"@type\":\"ReadAction\",\"target\":[\"https:\\\/\\\/d.r4.wbsprt.com\\\/janamozici.cz\\\/koronavirus-a-trh-nemovitosti\\\/\"]}]},{\"@type\":\"ImageObject\",\"inLanguage\":\"cs\",\"@id\":\"https:\\\/\\\/d.r4.wbsprt.com\\\/janamozici.cz\\\/koronavirus-a-trh-nemovitosti\\\/#primaryimage\",\"url\":\"https:\\\/\\\/d.r4.wbsprt.com\\\/janamozici.cz\\\/wp-content\\\/uploads\\\/2026\\\/06\\\/1091.jpg\",\"contentUrl\":\"https:\\\/\\\/d.r4.wbsprt.com\\\/janamozici.cz\\\/wp-content\\\/uploads\\\/2026\\\/06\\\/1091.jpg\",\"width\":995,\"height\":795},{\"@type\":\"BreadcrumbList\",\"@id\":\"https:\\\/\\\/d.r4.wbsprt.com\\\/janamozici.cz\\\/koronavirus-a-trh-nemovitosti\\\/#breadcrumb\",\"itemListElement\":[{\"@type\":\"ListItem\",\"position\":1,\"name\":\"Dom\u016f\",\"item\":\"https:\\\/\\\/janamozici.cz\\\/\"},{\"@type\":\"ListItem\",\"position\":2,\"name\":\"Koronavirus a trh nemovitost\u00ed\"}]},{\"@type\":\"WebSite\",\"@id\":\"https:\\\/\\\/janamozici.cz\\\/#website\",\"url\":\"https:\\\/\\\/janamozici.cz\\\/\",\"name\":\"Jana Mozici - Realitni makl\u00e9\u0159ka\",\"description\":\"Realitn\u00ed makl\u00e9\u0159ka pro Chomutovsk\u00fd kraj\",\"publisher\":{\"@id\":\"https:\\\/\\\/janamozici.cz\\\/#organization\"},\"potentialAction\":[{\"@type\":\"SearchAction\",\"target\":{\"@type\":\"EntryPoint\",\"urlTemplate\":\"https:\\\/\\\/janamozici.cz\\\/?s={search_term_string}\"},\"query-input\":{\"@type\":\"PropertyValueSpecification\",\"valueRequired\":true,\"valueName\":\"search_term_string\"}}],\"inLanguage\":\"cs\"},{\"@type\":\"Organization\",\"@id\":\"https:\\\/\\\/janamozici.cz\\\/#organization\",\"name\":\"Jana Mozici - Realitni makl\u00e9\u0159ka\",\"url\":\"https:\\\/\\\/janamozici.cz\\\/\",\"logo\":{\"@type\":\"ImageObject\",\"inLanguage\":\"cs\",\"@id\":\"https:\\\/\\\/janamozici.cz\\\/#\\\/schema\\\/logo\\\/image\\\/\",\"url\":\"https:\\\/\\\/d.r4.wbsprt.com\\\/janamozici.cz\\\/wp-content\\\/uploads\\\/2026\\\/07\\\/cropped-favicon.png\",\"contentUrl\":\"https:\\\/\\\/d.r4.wbsprt.com\\\/janamozici.cz\\\/wp-content\\\/uploads\\\/2026\\\/07\\\/cropped-favicon.png\",\"width\":300,\"height\":300,\"caption\":\"Jana Mozici - Realitni makl\u00e9\u0159ka\"},\"image\":{\"@id\":\"https:\\\/\\\/janamozici.cz\\\/#\\\/schema\\\/logo\\\/image\\\/\"}},{\"@type\":\"Person\",\"@id\":\"https:\\\/\\\/janamozici.cz\\\/#\\\/schema\\\/person\\\/a0c8271995d3088e738ca636e0ae15e8\",\"name\":\"pavelignacek\",\"image\":{\"@type\":\"ImageObject\",\"inLanguage\":\"cs\",\"@id\":\"https:\\\/\\\/secure.gravatar.com\\\/avatar\\\/f1277ae3877a04db460fe45d0c550807b61b14883332acd3d3665c45a540a0c7?s=96&d=mm&r=g\",\"url\":\"https:\\\/\\\/secure.gravatar.com\\\/avatar\\\/f1277ae3877a04db460fe45d0c550807b61b14883332acd3d3665c45a540a0c7?s=96&d=mm&r=g\",\"contentUrl\":\"https:\\\/\\\/secure.gravatar.com\\\/avatar\\\/f1277ae3877a04db460fe45d0c550807b61b14883332acd3d3665c45a540a0c7?s=96&d=mm&r=g\",\"caption\":\"pavelignacek\"},\"sameAs\":[\"https:\\\/\\\/janamozici.cz\"],\"url\":\"https:\\\/\\\/d.r4.wbsprt.com\\\/janamozici.cz\\\/author\\\/pavelignacek\\\/\"}]}<\/script>\n<!-- \/ Yoast SEO plugin. -->","yoast_head_json":{"title":"Koronavirus a trh nemovitost\u00ed - Jana Mozici - Realitni makl\u00e9\u0159ka","robots":{"index":"index","follow":"follow","max-snippet":"max-snippet:-1","max-image-preview":"max-image-preview:large","max-video-preview":"max-video-preview:-1"},"canonical":"https:\/\/d.r4.wbsprt.com\/janamozici.cz\/koronavirus-a-trh-nemovitosti\/","og_locale":"cs_CZ","og_type":"article","og_title":"Koronavirus a trh nemovitost\u00ed - Jana Mozici - Realitni makl\u00e9\u0159ka","og_description":"Stoj\u00edte p\u0159ed prodejem bytu nebo domu? Chyst\u00e1te se sjednat hypote\u010dn\u00ed \u00fav\u011br a vybrat prvn\u00ed nemovitost? Pak v\u00e1s jist\u011b zaj\u00edm\u00e1, jak realitn\u00ed trh prom\u011bn\u00ed mimo\u0159\u00e1dn\u00e1 opat\u0159en\u00ed v&nbsp;souvislosti s&nbsp;n\u00e1kazou koronavirem. Nejistota na dlouh\u00e9 t\u00fddny V&nbsp;sou\u010dasn\u00e9 chv\u00edli je nejv\u011bt\u0161\u00edm probl\u00e9mem nejistota. Odborn\u00edci nejsou jednotn\u00ed v&nbsp;tom, kdy se poda\u0159\u00ed \u0161\u00ed\u0159en\u00ed viru zastavit nebo v&nbsp;tom, zda se budou p\u0159ijat\u00e1 opat\u0159en\u00ed [&hellip;]","og_url":"https:\/\/d.r4.wbsprt.com\/janamozici.cz\/koronavirus-a-trh-nemovitosti\/","og_site_name":"Jana Mozici - Realitni makl\u00e9\u0159ka","article_published_time":"2020-10-28T15:33:00+00:00","article_modified_time":"2026-06-17T14:33:38+00:00","og_image":[{"width":995,"height":795,"url":"https:\/\/d.r4.wbsprt.com\/janamozici.cz\/wp-content\/uploads\/2026\/06\/1091.jpg","type":"image\/jpeg"}],"author":"pavelignacek","twitter_card":"summary_large_image","twitter_misc":{"Napsal(a)":"pavelignacek","Odhadovan\u00e1 doba \u010dten\u00ed":"3 minuty"},"schema":{"@context":"https:\/\/schema.org","@graph":[{"@type":"Article","@id":"https:\/\/d.r4.wbsprt.com\/janamozici.cz\/koronavirus-a-trh-nemovitosti\/#article","isPartOf":{"@id":"https:\/\/d.r4.wbsprt.com\/janamozici.cz\/koronavirus-a-trh-nemovitosti\/"},"author":{"name":"pavelignacek","@id":"https:\/\/janamozici.cz\/#\/schema\/person\/a0c8271995d3088e738ca636e0ae15e8"},"headline":"Koronavirus a trh nemovitost\u00ed","datePublished":"2020-10-28T15:33:00+00:00","dateModified":"2026-06-17T14:33:38+00:00","mainEntityOfPage":{"@id":"https:\/\/d.r4.wbsprt.com\/janamozici.cz\/koronavirus-a-trh-nemovitosti\/"},"wordCount":574,"publisher":{"@id":"https:\/\/janamozici.cz\/#organization"},"image":{"@id":"https:\/\/d.r4.wbsprt.com\/janamozici.cz\/koronavirus-a-trh-nemovitosti\/#primaryimage"},"thumbnailUrl":"https:\/\/d.r4.wbsprt.com\/janamozici.cz\/wp-content\/uploads\/2026\/06\/1091.jpg","articleSection":["\u010cL\u00c1NKY"],"inLanguage":"cs"},{"@type":"WebPage","@id":"https:\/\/d.r4.wbsprt.com\/janamozici.cz\/koronavirus-a-trh-nemovitosti\/","url":"https:\/\/d.r4.wbsprt.com\/janamozici.cz\/koronavirus-a-trh-nemovitosti\/","name":"Koronavirus a trh nemovitost\u00ed - Jana Mozici - Realitni makl\u00e9\u0159ka","isPartOf":{"@id":"https:\/\/janamozici.cz\/#website"},"primaryImageOfPage":{"@id":"https:\/\/d.r4.wbsprt.com\/janamozici.cz\/koronavirus-a-trh-nemovitosti\/#primaryimage"},"image":{"@id":"https:\/\/d.r4.wbsprt.com\/janamozici.cz\/koronavirus-a-trh-nemovitosti\/#primaryimage"},"thumbnailUrl":"https:\/\/d.r4.wbsprt.com\/janamozici.cz\/wp-content\/uploads\/2026\/06\/1091.jpg","datePublished":"2020-10-28T15:33:00+00:00","dateModified":"2026-06-17T14:33:38+00:00","breadcrumb":{"@id":"https:\/\/d.r4.wbsprt.com\/janamozici.cz\/koronavirus-a-trh-nemovitosti\/#breadcrumb"},"inLanguage":"cs","potentialAction":[{"@type":"ReadAction","target":["https:\/\/d.r4.wbsprt.com\/janamozici.cz\/koronavirus-a-trh-nemovitosti\/"]}]},{"@type":"ImageObject","inLanguage":"cs","@id":"https:\/\/d.r4.wbsprt.com\/janamozici.cz\/koronavirus-a-trh-nemovitosti\/#primaryimage","url":"https:\/\/d.r4.wbsprt.com\/janamozici.cz\/wp-content\/uploads\/2026\/06\/1091.jpg","contentUrl":"https:\/\/d.r4.wbsprt.com\/janamozici.cz\/wp-content\/uploads\/2026\/06\/1091.jpg","width":995,"height":795},{"@type":"BreadcrumbList","@id":"https:\/\/d.r4.wbsprt.com\/janamozici.cz\/koronavirus-a-trh-nemovitosti\/#breadcrumb","itemListElement":[{"@type":"ListItem","position":1,"name":"Dom\u016f","item":"https:\/\/janamozici.cz\/"},{"@type":"ListItem","position":2,"name":"Koronavirus a trh nemovitost\u00ed"}]},{"@type":"WebSite","@id":"https:\/\/janamozici.cz\/#website","url":"https:\/\/janamozici.cz\/","name":"Jana Mozici - Realitni makl\u00e9\u0159ka","description":"Realitn\u00ed makl\u00e9\u0159ka pro Chomutovsk\u00fd kraj","publisher":{"@id":"https:\/\/janamozici.cz\/#organization"},"potentialAction":[{"@type":"SearchAction","target":{"@type":"EntryPoint","urlTemplate":"https:\/\/janamozici.cz\/?s={search_term_string}"},"query-input":{"@type":"PropertyValueSpecification","valueRequired":true,"valueName":"search_term_string"}}],"inLanguage":"cs"},{"@type":"Organization","@id":"https:\/\/janamozici.cz\/#organization","name":"Jana Mozici - Realitni makl\u00e9\u0159ka","url":"https:\/\/janamozici.cz\/","logo":{"@type":"ImageObject","inLanguage":"cs","@id":"https:\/\/janamozici.cz\/#\/schema\/logo\/image\/","url":"https:\/\/d.r4.wbsprt.com\/janamozici.cz\/wp-content\/uploads\/2026\/07\/cropped-favicon.png","contentUrl":"https:\/\/d.r4.wbsprt.com\/janamozici.cz\/wp-content\/uploads\/2026\/07\/cropped-favicon.png","width":300,"height":300,"caption":"Jana Mozici - Realitni makl\u00e9\u0159ka"},"image":{"@id":"https:\/\/janamozici.cz\/#\/schema\/logo\/image\/"}},{"@type":"Person","@id":"https:\/\/janamozici.cz\/#\/schema\/person\/a0c8271995d3088e738ca636e0ae15e8","name":"pavelignacek","image":{"@type":"ImageObject","inLanguage":"cs","@id":"https:\/\/secure.gravatar.com\/avatar\/f1277ae3877a04db460fe45d0c550807b61b14883332acd3d3665c45a540a0c7?s=96&d=mm&r=g","url":"https:\/\/secure.gravatar.com\/avatar\/f1277ae3877a04db460fe45d0c550807b61b14883332acd3d3665c45a540a0c7?s=96&d=mm&r=g","contentUrl":"https:\/\/secure.gravatar.com\/avatar\/f1277ae3877a04db460fe45d0c550807b61b14883332acd3d3665c45a540a0c7?s=96&d=mm&r=g","caption":"pavelignacek"},"sameAs":["https:\/\/janamozici.cz"],"url":"https:\/\/d.r4.wbsprt.com\/janamozici.cz\/author\/pavelignacek\/"}]}},"_links":{"self":[{"href":"https:\/\/d.r4.wbsprt.com\/janamozici.cz\/wp-json\/wp\/v2\/posts\/858","targetHints":{"allow":["GET"]}}],"collection":[{"href":"https:\/\/d.r4.wbsprt.com\/janamozici.cz\/wp-json\/wp\/v2\/posts"}],"about":[{"href":"https:\/\/d.r4.wbsprt.com\/janamozici.cz\/wp-json\/wp\/v2\/types\/post"}],"author":[{"embeddable":true,"href":"https:\/\/d.r4.wbsprt.com\/janamozici.cz\/wp-json\/wp\/v2\/users\/1"}],"replies":[{"embeddable":true,"href":"https:\/\/d.r4.wbsprt.com\/janamozici.cz\/wp-json\/wp\/v2\/comments?post=858"}],"version-history":[{"count":1,"href":"https:\/\/d.r4.wbsprt.com\/janamozici.cz\/wp-json\/wp\/v2\/posts\/858\/revisions"}],"predecessor-version":[{"id":860,"href":"https:\/\/d.r4.wbsprt.com\/janamozici.cz\/wp-json\/wp\/v2\/posts\/858\/revisions\/860"}],"wp:featuredmedia":[{"embeddable":true,"href":"https:\/\/d.r4.wbsprt.com\/janamozici.cz\/wp-json\/wp\/v2\/media\/859"}],"wp:attachment":[{"href":"https:\/\/d.r4.wbsprt.com\/janamozici.cz\/wp-json\/wp\/v2\/media?parent=858"}],"wp:term":[{"taxonomy":"category","embeddable":true,"href":"https:\/\/d.r4.wbsprt.com\/janamozici.cz\/wp-json\/wp\/v2\/categories?post=858"},{"taxonomy":"post_tag","embeddable":true,"href":"https:\/\/d.r4.wbsprt.com\/janamozici.cz\/wp-json\/wp\/v2\/tags?post=858"}],"curies":[{"name":"wp","href":"https:\/\/api.w.org\/{rel}","templated":true}]}}