{"id":864,"date":"2020-12-30T16:34:00","date_gmt":"2020-12-30T15:34:00","guid":{"rendered":"https:\/\/d.r4.wbsprt.com\/janamozici.cz\/?p=864"},"modified":"2026-06-17T16:35:38","modified_gmt":"2026-06-17T14:35:38","slug":"necekejte-jednejte-nabidnete-nemovitost-k-prodeji-co-nejdrive","status":"publish","type":"post","link":"https:\/\/d.r4.wbsprt.com\/janamozici.cz\/necekejte-jednejte-nabidnete-nemovitost-k-prodeji-co-nejdrive\/","title":{"rendered":"Ne\u010dekejte, jednejte. Nab\u00eddn\u011bte nemovitost k prodeji co nejd\u0159\u00edve"},"content":{"rendered":"\n<p class=\"wp-block-paragraph\">U n\u011bkter\u00fdch majitel\u016f nemovitost\u00ed je vid\u011bt v\u00e1h\u00e1n\u00ed, zda nab\u00eddnout nemovitost k&nbsp;prodeji pr\u00e1v\u011b te\u010f. Ano! Existuje riziko, \u017ee se ceny nemovitost\u00ed budou sni\u017eovat. Je t\u0159eba vyu\u017e\u00edt aktu\u00e1ln\u00ed zv\u00fd\u0161en\u00e9 popt\u00e1vky po n\u00e1kupu nemovitost\u00ed.<\/p>\n\n\n\n<h5 class=\"wp-block-heading\">Ob\u00e1van\u00e9 sni\u017eov\u00e1n\u00ed cen nemovitost\u00ed<\/h5>\n\n\n\n<p class=\"wp-block-paragraph\">Od za\u010d\u00e1tku pandemie se objevuj\u00ed nejr\u016fzn\u011bj\u0161\u00ed sign\u00e1ly budouc\u00ed ekonomick\u00e9 krize. Ta se samoz\u0159ejm\u011b prom\u00edtne i do realitn\u00edho trhu.<\/p>\n\n\n\n<p class=\"wp-block-paragraph\">Po ekonomick\u00e9 krizi v&nbsp;roce 2008 do\u0161lo k&nbsp;poklesu cen nemovitost\u00ed se zpo\u017ed\u011bn\u00edm n\u011bkolika m\u011bs\u00edc\u016f a pr\u016fm\u011brn\u011b se jednalo o pokles 25 % z&nbsp;ceny nemovitost\u00ed.<\/p>\n\n\n\n<p class=\"wp-block-paragraph\">A\u010dkoliv u\u017e pandemie n\u011bkolik m\u011bs\u00edc\u016f trv\u00e1, dosud jsme pokles cen nemovitost\u00ed nezaznamenali. D\u016fvod\u016f je n\u011bkolik.<\/p>\n\n\n\n<h5 class=\"wp-block-heading\">Rostouc\u00ed popt\u00e1vka<\/h5>\n\n\n\n<p class=\"wp-block-paragraph\">Hrozba nadch\u00e1zej\u00edc\u00ed krize vyvolala u investor\u016f (i dom\u00e1cnost\u00ed) zv\u00fd\u0161en\u00fd z\u00e1jem o bezpe\u010dn\u00e9 ulo\u017een\u00ed pen\u011bz. Bezpe\u010dn\u00fdm p\u0159\u00edstavem pro ulo\u017een\u00ed hotovosti p\u0159ed hrozbou rostouc\u00ed inflace jsou jist\u011b nemovitosti. Z&nbsp;d\u016fvodu zv\u00fd\u0161en\u00e9 popt\u00e1vky nem\u011bli prod\u00e1vaj\u00edc\u00ed d\u016fvod nab\u00edzen\u00e9 nemovitosti zlev\u0148ovat.<\/p>\n\n\n\n<p class=\"wp-block-paragraph\">Dal\u0161\u00ed skute\u010dnost\u00ed je sni\u017eov\u00e1n\u00ed \u00farokov\u00fdch sazeb u hypote\u010dn\u00edch \u00fav\u011br\u016f a \u010d\u00e1ste\u010dn\u00e9 rozvoln\u011bn\u00ed pravidel pro poskytov\u00e1n\u00ed \u00fav\u011br\u016f. Pen\u00edze na n\u00e1kup nemovitost\u00ed jsou levn\u00e9 a z\u00edsk\u00e1n\u00ed hypot\u00e9ky je jednodu\u0161\u0161\u00ed ne\u017e p\u0159ed n\u011bkolika m\u011bs\u00edci.<\/p>\n\n\n\n<p class=\"wp-block-paragraph\">Do \u00favahy je t\u0159eba vz\u00edt i skute\u010dnost, \u017ee aktu\u00e1ln\u011b prob\u00edhaj\u00ed vl\u00e1dn\u00ed programy na podporu ekonomiky, kter\u00e9 dr\u017e\u00ed zam\u011bstnanost a dotuj\u00ed provoz tis\u00edc\u016f firem. Jakmile tato podpora skon\u010d\u00ed, teprve se za\u010dnou dopady krize projevovat.<\/p>\n\n\n\n<h5 class=\"wp-block-heading\">S&nbsp;prodejem ne\u010dekejte<\/h5>\n\n\n\n<p class=\"wp-block-paragraph\">Je z\u0159ejm\u00e9, \u017ee k&nbsp;poklesu cen nemovitost\u00ed bude doch\u00e1zet. Tento pokles v\u0161ak nebude okam\u017eit\u011b a nebude se t\u00fdkat v\u0161ech nemovitost\u00ed stejn\u011b. Ur\u010dit\u011b nem\u016f\u017eeme o\u010dek\u00e1vat v\u00fdrazn\u00fd pokles cen nemovitost\u00ed novostaveb ve velk\u00fdch m\u011bstech. Ty jsou \u010dasto investi\u010dn\u00edmi nemovitostmi a slou\u017e\u00ed k&nbsp;dal\u0161\u00edmu pron\u00e1jmu.<\/p>\n\n\n\n<p class=\"wp-block-paragraph\">Pokud uva\u017eujete o prodeji nemovitosti, za\u010dn\u011bte jednat. Vyu\u017eijte zv\u00fd\u0161enou popt\u00e1vku kupuj\u00edc\u00edch, kte\u0159\u00ed hledaj\u00ed bezpe\u010dnou investici a maj\u00ed mo\u017enost financovat n\u00e1kup levn\u00fdm hypote\u010dn\u00edm \u00fav\u011brem.<\/p>\n\n\n\n<p class=\"wp-block-paragraph\">Jakmile se za\u010dne ekonomika pot\u00fdkat s&nbsp;n\u00e1sledky pandemie, bude se objevovat mnohem v\u00edce t\u011bch, kte\u0159\u00ed p\u0159ijdou o zam\u011bstn\u00e1n\u00ed, sn\u00ed\u017e\u00ed se jim p\u0159\u00edjmy nebo budou m\u00edt obavy z&nbsp;dlouhodob\u00e9ho z\u00e1vazku. Prod\u00e1vat se bude mnohem h\u016f\u0159e a za ni\u017e\u0161\u00ed ceny.<\/p>\n","protected":false},"excerpt":{"rendered":"<p>U n\u011bkter\u00fdch majitel\u016f nemovitost\u00ed je vid\u011bt v\u00e1h\u00e1n\u00ed, zda nab\u00eddnout nemovitost k&nbsp;prodeji pr\u00e1v\u011b te\u010f. Ano! Existuje riziko, \u017ee se ceny nemovitost\u00ed budou sni\u017eovat. Je t\u0159eba vyu\u017e\u00edt aktu\u00e1ln\u00ed zv\u00fd\u0161en\u00e9 popt\u00e1vky po n\u00e1kupu nemovitost\u00ed. Ob\u00e1van\u00e9 sni\u017eov\u00e1n\u00ed cen nemovitost\u00ed Od za\u010d\u00e1tku pandemie se objevuj\u00ed nejr\u016fzn\u011bj\u0161\u00ed sign\u00e1ly budouc\u00ed ekonomick\u00e9 krize. Ta se samoz\u0159ejm\u011b prom\u00edtne i do realitn\u00edho trhu. Po ekonomick\u00e9 [&hellip;]<\/p>\n","protected":false},"author":1,"featured_media":866,"comment_status":"closed","ping_status":"closed","sticky":false,"template":"","format":"standard","meta":{"_acf_changed":false,"pgc_sgb_lightbox_settings":"","footnotes":""},"categories":[13],"tags":[],"class_list":["post-864","post","type-post","status-publish","format-standard","has-post-thumbnail","hentry","category-clanky"],"acf":[],"yoast_head":"<!-- This site is optimized with the Yoast SEO plugin v28.2 - https:\/\/yoast.com\/product\/yoast-seo-wordpress\/ -->\n<title>Ne\u010dekejte, jednejte. Nab\u00eddn\u011bte nemovitost k prodeji co nejd\u0159\u00edve - Jana Mozici - Realitni makl\u00e9\u0159ka<\/title>\n<meta name=\"robots\" content=\"index, follow, max-snippet:-1, max-image-preview:large, max-video-preview:-1\" \/>\n<link rel=\"canonical\" href=\"https:\/\/janamozici.cz\/necekejte-jednejte-nabidnete-nemovitost-k-prodeji-co-nejdrive\/\" \/>\n<meta property=\"og:locale\" content=\"cs_CZ\" \/>\n<meta property=\"og:type\" content=\"article\" \/>\n<meta property=\"og:title\" content=\"Ne\u010dekejte, jednejte. Nab\u00eddn\u011bte nemovitost k prodeji co nejd\u0159\u00edve - Jana Mozici - Realitni makl\u00e9\u0159ka\" \/>\n<meta property=\"og:description\" content=\"U n\u011bkter\u00fdch majitel\u016f nemovitost\u00ed je vid\u011bt v\u00e1h\u00e1n\u00ed, zda nab\u00eddnout nemovitost k&nbsp;prodeji pr\u00e1v\u011b te\u010f. Ano! Existuje riziko, \u017ee se ceny nemovitost\u00ed budou sni\u017eovat. Je t\u0159eba vyu\u017e\u00edt aktu\u00e1ln\u00ed zv\u00fd\u0161en\u00e9 popt\u00e1vky po n\u00e1kupu nemovitost\u00ed. Ob\u00e1van\u00e9 sni\u017eov\u00e1n\u00ed cen nemovitost\u00ed Od za\u010d\u00e1tku pandemie se objevuj\u00ed nejr\u016fzn\u011bj\u0161\u00ed sign\u00e1ly budouc\u00ed ekonomick\u00e9 krize. Ta se samoz\u0159ejm\u011b prom\u00edtne i do realitn\u00edho trhu. Po ekonomick\u00e9 [&hellip;]\" \/>\n<meta property=\"og:url\" content=\"https:\/\/janamozici.cz\/necekejte-jednejte-nabidnete-nemovitost-k-prodeji-co-nejdrive\/\" \/>\n<meta property=\"og:site_name\" content=\"Jana Mozici - Realitni makl\u00e9\u0159ka\" \/>\n<meta property=\"article:published_time\" content=\"2020-12-30T15:34:00+00:00\" \/>\n<meta property=\"article:modified_time\" content=\"2026-06-17T14:35:38+00:00\" \/>\n<meta property=\"og:image\" content=\"https:\/\/janamozici.cz\/wp-content\/uploads\/2020\/12\/1169.jpg\" \/>\n\t<meta property=\"og:image:width\" content=\"995\" \/>\n\t<meta property=\"og:image:height\" content=\"795\" \/>\n\t<meta property=\"og:image:type\" content=\"image\/jpeg\" \/>\n<meta name=\"author\" content=\"pavelignacek\" \/>\n<meta name=\"twitter:card\" content=\"summary_large_image\" \/>\n<meta name=\"twitter:label1\" content=\"Napsal(a)\" \/>\n\t<meta name=\"twitter:data1\" content=\"pavelignacek\" \/>\n\t<meta name=\"twitter:label2\" content=\"Odhadovan\u00e1 doba \u010dten\u00ed\" \/>\n\t<meta name=\"twitter:data2\" content=\"2 minuty\" \/>\n<script type=\"application\/ld+json\" class=\"yoast-schema-graph\">{\"@context\":\"https:\\\/\\\/schema.org\",\"@graph\":[{\"@type\":\"Article\",\"@id\":\"https:\\\/\\\/janamozici.cz\\\/necekejte-jednejte-nabidnete-nemovitost-k-prodeji-co-nejdrive\\\/#article\",\"isPartOf\":{\"@id\":\"https:\\\/\\\/janamozici.cz\\\/necekejte-jednejte-nabidnete-nemovitost-k-prodeji-co-nejdrive\\\/\"},\"author\":{\"name\":\"pavelignacek\",\"@id\":\"https:\\\/\\\/janamozici.cz\\\/#\\\/schema\\\/person\\\/a0c8271995d3088e738ca636e0ae15e8\"},\"headline\":\"Ne\u010dekejte, jednejte. Nab\u00eddn\u011bte nemovitost k prodeji co nejd\u0159\u00edve\",\"datePublished\":\"2020-12-30T15:34:00+00:00\",\"dateModified\":\"2026-06-17T14:35:38+00:00\",\"mainEntityOfPage\":{\"@id\":\"https:\\\/\\\/janamozici.cz\\\/necekejte-jednejte-nabidnete-nemovitost-k-prodeji-co-nejdrive\\\/\"},\"wordCount\":460,\"publisher\":{\"@id\":\"https:\\\/\\\/janamozici.cz\\\/#organization\"},\"image\":{\"@id\":\"https:\\\/\\\/janamozici.cz\\\/necekejte-jednejte-nabidnete-nemovitost-k-prodeji-co-nejdrive\\\/#primaryimage\"},\"thumbnailUrl\":\"https:\\\/\\\/d.r4.wbsprt.com\\\/janamozici.cz\\\/wp-content\\\/uploads\\\/2020\\\/12\\\/1169.jpg\",\"articleSection\":[\"\u010cL\u00c1NKY\"],\"inLanguage\":\"cs\"},{\"@type\":\"WebPage\",\"@id\":\"https:\\\/\\\/janamozici.cz\\\/necekejte-jednejte-nabidnete-nemovitost-k-prodeji-co-nejdrive\\\/\",\"url\":\"https:\\\/\\\/janamozici.cz\\\/necekejte-jednejte-nabidnete-nemovitost-k-prodeji-co-nejdrive\\\/\",\"name\":\"Ne\u010dekejte, jednejte. Nab\u00eddn\u011bte nemovitost k prodeji co nejd\u0159\u00edve - Jana Mozici - Realitni makl\u00e9\u0159ka\",\"isPartOf\":{\"@id\":\"https:\\\/\\\/janamozici.cz\\\/#website\"},\"primaryImageOfPage\":{\"@id\":\"https:\\\/\\\/janamozici.cz\\\/necekejte-jednejte-nabidnete-nemovitost-k-prodeji-co-nejdrive\\\/#primaryimage\"},\"image\":{\"@id\":\"https:\\\/\\\/janamozici.cz\\\/necekejte-jednejte-nabidnete-nemovitost-k-prodeji-co-nejdrive\\\/#primaryimage\"},\"thumbnailUrl\":\"https:\\\/\\\/d.r4.wbsprt.com\\\/janamozici.cz\\\/wp-content\\\/uploads\\\/2020\\\/12\\\/1169.jpg\",\"datePublished\":\"2020-12-30T15:34:00+00:00\",\"dateModified\":\"2026-06-17T14:35:38+00:00\",\"breadcrumb\":{\"@id\":\"https:\\\/\\\/janamozici.cz\\\/necekejte-jednejte-nabidnete-nemovitost-k-prodeji-co-nejdrive\\\/#breadcrumb\"},\"inLanguage\":\"cs\",\"potentialAction\":[{\"@type\":\"ReadAction\",\"target\":[\"https:\\\/\\\/janamozici.cz\\\/necekejte-jednejte-nabidnete-nemovitost-k-prodeji-co-nejdrive\\\/\"]}]},{\"@type\":\"ImageObject\",\"inLanguage\":\"cs\",\"@id\":\"https:\\\/\\\/janamozici.cz\\\/necekejte-jednejte-nabidnete-nemovitost-k-prodeji-co-nejdrive\\\/#primaryimage\",\"url\":\"https:\\\/\\\/d.r4.wbsprt.com\\\/janamozici.cz\\\/wp-content\\\/uploads\\\/2020\\\/12\\\/1169.jpg\",\"contentUrl\":\"https:\\\/\\\/d.r4.wbsprt.com\\\/janamozici.cz\\\/wp-content\\\/uploads\\\/2020\\\/12\\\/1169.jpg\",\"width\":995,\"height\":795},{\"@type\":\"BreadcrumbList\",\"@id\":\"https:\\\/\\\/janamozici.cz\\\/necekejte-jednejte-nabidnete-nemovitost-k-prodeji-co-nejdrive\\\/#breadcrumb\",\"itemListElement\":[{\"@type\":\"ListItem\",\"position\":1,\"name\":\"Dom\u016f\",\"item\":\"https:\\\/\\\/janamozici.cz\\\/\"},{\"@type\":\"ListItem\",\"position\":2,\"name\":\"Ne\u010dekejte, jednejte. Nab\u00eddn\u011bte nemovitost k prodeji co nejd\u0159\u00edve\"}]},{\"@type\":\"WebSite\",\"@id\":\"https:\\\/\\\/janamozici.cz\\\/#website\",\"url\":\"https:\\\/\\\/janamozici.cz\\\/\",\"name\":\"Jana Mozici - Realitni makl\u00e9\u0159ka\",\"description\":\"Realitn\u00ed makl\u00e9\u0159ka pro Chomutovsk\u00fd kraj\",\"publisher\":{\"@id\":\"https:\\\/\\\/janamozici.cz\\\/#organization\"},\"potentialAction\":[{\"@type\":\"SearchAction\",\"target\":{\"@type\":\"EntryPoint\",\"urlTemplate\":\"https:\\\/\\\/janamozici.cz\\\/?s={search_term_string}\"},\"query-input\":{\"@type\":\"PropertyValueSpecification\",\"valueRequired\":true,\"valueName\":\"search_term_string\"}}],\"inLanguage\":\"cs\"},{\"@type\":\"Organization\",\"@id\":\"https:\\\/\\\/janamozici.cz\\\/#organization\",\"name\":\"Jana Mozici - Realitni makl\u00e9\u0159ka\",\"url\":\"https:\\\/\\\/janamozici.cz\\\/\",\"logo\":{\"@type\":\"ImageObject\",\"inLanguage\":\"cs\",\"@id\":\"https:\\\/\\\/janamozici.cz\\\/#\\\/schema\\\/logo\\\/image\\\/\",\"url\":\"https:\\\/\\\/d.r4.wbsprt.com\\\/janamozici.cz\\\/wp-content\\\/uploads\\\/2026\\\/07\\\/cropped-favicon.png\",\"contentUrl\":\"https:\\\/\\\/d.r4.wbsprt.com\\\/janamozici.cz\\\/wp-content\\\/uploads\\\/2026\\\/07\\\/cropped-favicon.png\",\"width\":300,\"height\":300,\"caption\":\"Jana Mozici - Realitni makl\u00e9\u0159ka\"},\"image\":{\"@id\":\"https:\\\/\\\/janamozici.cz\\\/#\\\/schema\\\/logo\\\/image\\\/\"}},{\"@type\":\"Person\",\"@id\":\"https:\\\/\\\/janamozici.cz\\\/#\\\/schema\\\/person\\\/a0c8271995d3088e738ca636e0ae15e8\",\"name\":\"pavelignacek\",\"image\":{\"@type\":\"ImageObject\",\"inLanguage\":\"cs\",\"@id\":\"https:\\\/\\\/secure.gravatar.com\\\/avatar\\\/f1277ae3877a04db460fe45d0c550807b61b14883332acd3d3665c45a540a0c7?s=96&d=mm&r=g\",\"url\":\"https:\\\/\\\/secure.gravatar.com\\\/avatar\\\/f1277ae3877a04db460fe45d0c550807b61b14883332acd3d3665c45a540a0c7?s=96&d=mm&r=g\",\"contentUrl\":\"https:\\\/\\\/secure.gravatar.com\\\/avatar\\\/f1277ae3877a04db460fe45d0c550807b61b14883332acd3d3665c45a540a0c7?s=96&d=mm&r=g\",\"caption\":\"pavelignacek\"},\"sameAs\":[\"https:\\\/\\\/janamozici.cz\"],\"url\":\"https:\\\/\\\/d.r4.wbsprt.com\\\/janamozici.cz\\\/author\\\/pavelignacek\\\/\"}]}<\/script>\n<!-- \/ Yoast SEO plugin. -->","yoast_head_json":{"title":"Ne\u010dekejte, jednejte. Nab\u00eddn\u011bte nemovitost k prodeji co nejd\u0159\u00edve - Jana Mozici - Realitni makl\u00e9\u0159ka","robots":{"index":"index","follow":"follow","max-snippet":"max-snippet:-1","max-image-preview":"max-image-preview:large","max-video-preview":"max-video-preview:-1"},"canonical":"https:\/\/janamozici.cz\/necekejte-jednejte-nabidnete-nemovitost-k-prodeji-co-nejdrive\/","og_locale":"cs_CZ","og_type":"article","og_title":"Ne\u010dekejte, jednejte. Nab\u00eddn\u011bte nemovitost k prodeji co nejd\u0159\u00edve - Jana Mozici - Realitni makl\u00e9\u0159ka","og_description":"U n\u011bkter\u00fdch majitel\u016f nemovitost\u00ed je vid\u011bt v\u00e1h\u00e1n\u00ed, zda nab\u00eddnout nemovitost k&nbsp;prodeji pr\u00e1v\u011b te\u010f. Ano! Existuje riziko, \u017ee se ceny nemovitost\u00ed budou sni\u017eovat. Je t\u0159eba vyu\u017e\u00edt aktu\u00e1ln\u00ed zv\u00fd\u0161en\u00e9 popt\u00e1vky po n\u00e1kupu nemovitost\u00ed. Ob\u00e1van\u00e9 sni\u017eov\u00e1n\u00ed cen nemovitost\u00ed Od za\u010d\u00e1tku pandemie se objevuj\u00ed nejr\u016fzn\u011bj\u0161\u00ed sign\u00e1ly budouc\u00ed ekonomick\u00e9 krize. Ta se samoz\u0159ejm\u011b prom\u00edtne i do realitn\u00edho trhu. Po ekonomick\u00e9 [&hellip;]","og_url":"https:\/\/janamozici.cz\/necekejte-jednejte-nabidnete-nemovitost-k-prodeji-co-nejdrive\/","og_site_name":"Jana Mozici - Realitni makl\u00e9\u0159ka","article_published_time":"2020-12-30T15:34:00+00:00","article_modified_time":"2026-06-17T14:35:38+00:00","og_image":[{"width":995,"height":795,"url":"https:\/\/janamozici.cz\/wp-content\/uploads\/2020\/12\/1169.jpg","type":"image\/jpeg"}],"author":"pavelignacek","twitter_card":"summary_large_image","twitter_misc":{"Napsal(a)":"pavelignacek","Odhadovan\u00e1 doba \u010dten\u00ed":"2 minuty"},"schema":{"@context":"https:\/\/schema.org","@graph":[{"@type":"Article","@id":"https:\/\/janamozici.cz\/necekejte-jednejte-nabidnete-nemovitost-k-prodeji-co-nejdrive\/#article","isPartOf":{"@id":"https:\/\/janamozici.cz\/necekejte-jednejte-nabidnete-nemovitost-k-prodeji-co-nejdrive\/"},"author":{"name":"pavelignacek","@id":"https:\/\/janamozici.cz\/#\/schema\/person\/a0c8271995d3088e738ca636e0ae15e8"},"headline":"Ne\u010dekejte, jednejte. Nab\u00eddn\u011bte nemovitost k prodeji co nejd\u0159\u00edve","datePublished":"2020-12-30T15:34:00+00:00","dateModified":"2026-06-17T14:35:38+00:00","mainEntityOfPage":{"@id":"https:\/\/janamozici.cz\/necekejte-jednejte-nabidnete-nemovitost-k-prodeji-co-nejdrive\/"},"wordCount":460,"publisher":{"@id":"https:\/\/janamozici.cz\/#organization"},"image":{"@id":"https:\/\/janamozici.cz\/necekejte-jednejte-nabidnete-nemovitost-k-prodeji-co-nejdrive\/#primaryimage"},"thumbnailUrl":"https:\/\/d.r4.wbsprt.com\/janamozici.cz\/wp-content\/uploads\/2020\/12\/1169.jpg","articleSection":["\u010cL\u00c1NKY"],"inLanguage":"cs"},{"@type":"WebPage","@id":"https:\/\/janamozici.cz\/necekejte-jednejte-nabidnete-nemovitost-k-prodeji-co-nejdrive\/","url":"https:\/\/janamozici.cz\/necekejte-jednejte-nabidnete-nemovitost-k-prodeji-co-nejdrive\/","name":"Ne\u010dekejte, jednejte. Nab\u00eddn\u011bte nemovitost k prodeji co nejd\u0159\u00edve - Jana Mozici - Realitni makl\u00e9\u0159ka","isPartOf":{"@id":"https:\/\/janamozici.cz\/#website"},"primaryImageOfPage":{"@id":"https:\/\/janamozici.cz\/necekejte-jednejte-nabidnete-nemovitost-k-prodeji-co-nejdrive\/#primaryimage"},"image":{"@id":"https:\/\/janamozici.cz\/necekejte-jednejte-nabidnete-nemovitost-k-prodeji-co-nejdrive\/#primaryimage"},"thumbnailUrl":"https:\/\/d.r4.wbsprt.com\/janamozici.cz\/wp-content\/uploads\/2020\/12\/1169.jpg","datePublished":"2020-12-30T15:34:00+00:00","dateModified":"2026-06-17T14:35:38+00:00","breadcrumb":{"@id":"https:\/\/janamozici.cz\/necekejte-jednejte-nabidnete-nemovitost-k-prodeji-co-nejdrive\/#breadcrumb"},"inLanguage":"cs","potentialAction":[{"@type":"ReadAction","target":["https:\/\/janamozici.cz\/necekejte-jednejte-nabidnete-nemovitost-k-prodeji-co-nejdrive\/"]}]},{"@type":"ImageObject","inLanguage":"cs","@id":"https:\/\/janamozici.cz\/necekejte-jednejte-nabidnete-nemovitost-k-prodeji-co-nejdrive\/#primaryimage","url":"https:\/\/d.r4.wbsprt.com\/janamozici.cz\/wp-content\/uploads\/2020\/12\/1169.jpg","contentUrl":"https:\/\/d.r4.wbsprt.com\/janamozici.cz\/wp-content\/uploads\/2020\/12\/1169.jpg","width":995,"height":795},{"@type":"BreadcrumbList","@id":"https:\/\/janamozici.cz\/necekejte-jednejte-nabidnete-nemovitost-k-prodeji-co-nejdrive\/#breadcrumb","itemListElement":[{"@type":"ListItem","position":1,"name":"Dom\u016f","item":"https:\/\/janamozici.cz\/"},{"@type":"ListItem","position":2,"name":"Ne\u010dekejte, jednejte. Nab\u00eddn\u011bte nemovitost k prodeji co nejd\u0159\u00edve"}]},{"@type":"WebSite","@id":"https:\/\/janamozici.cz\/#website","url":"https:\/\/janamozici.cz\/","name":"Jana Mozici - Realitni makl\u00e9\u0159ka","description":"Realitn\u00ed makl\u00e9\u0159ka pro Chomutovsk\u00fd kraj","publisher":{"@id":"https:\/\/janamozici.cz\/#organization"},"potentialAction":[{"@type":"SearchAction","target":{"@type":"EntryPoint","urlTemplate":"https:\/\/janamozici.cz\/?s={search_term_string}"},"query-input":{"@type":"PropertyValueSpecification","valueRequired":true,"valueName":"search_term_string"}}],"inLanguage":"cs"},{"@type":"Organization","@id":"https:\/\/janamozici.cz\/#organization","name":"Jana Mozici - Realitni makl\u00e9\u0159ka","url":"https:\/\/janamozici.cz\/","logo":{"@type":"ImageObject","inLanguage":"cs","@id":"https:\/\/janamozici.cz\/#\/schema\/logo\/image\/","url":"https:\/\/d.r4.wbsprt.com\/janamozici.cz\/wp-content\/uploads\/2026\/07\/cropped-favicon.png","contentUrl":"https:\/\/d.r4.wbsprt.com\/janamozici.cz\/wp-content\/uploads\/2026\/07\/cropped-favicon.png","width":300,"height":300,"caption":"Jana Mozici - Realitni makl\u00e9\u0159ka"},"image":{"@id":"https:\/\/janamozici.cz\/#\/schema\/logo\/image\/"}},{"@type":"Person","@id":"https:\/\/janamozici.cz\/#\/schema\/person\/a0c8271995d3088e738ca636e0ae15e8","name":"pavelignacek","image":{"@type":"ImageObject","inLanguage":"cs","@id":"https:\/\/secure.gravatar.com\/avatar\/f1277ae3877a04db460fe45d0c550807b61b14883332acd3d3665c45a540a0c7?s=96&d=mm&r=g","url":"https:\/\/secure.gravatar.com\/avatar\/f1277ae3877a04db460fe45d0c550807b61b14883332acd3d3665c45a540a0c7?s=96&d=mm&r=g","contentUrl":"https:\/\/secure.gravatar.com\/avatar\/f1277ae3877a04db460fe45d0c550807b61b14883332acd3d3665c45a540a0c7?s=96&d=mm&r=g","caption":"pavelignacek"},"sameAs":["https:\/\/janamozici.cz"],"url":"https:\/\/d.r4.wbsprt.com\/janamozici.cz\/author\/pavelignacek\/"}]}},"_links":{"self":[{"href":"https:\/\/d.r4.wbsprt.com\/janamozici.cz\/wp-json\/wp\/v2\/posts\/864","targetHints":{"allow":["GET"]}}],"collection":[{"href":"https:\/\/d.r4.wbsprt.com\/janamozici.cz\/wp-json\/wp\/v2\/posts"}],"about":[{"href":"https:\/\/d.r4.wbsprt.com\/janamozici.cz\/wp-json\/wp\/v2\/types\/post"}],"author":[{"embeddable":true,"href":"https:\/\/d.r4.wbsprt.com\/janamozici.cz\/wp-json\/wp\/v2\/users\/1"}],"replies":[{"embeddable":true,"href":"https:\/\/d.r4.wbsprt.com\/janamozici.cz\/wp-json\/wp\/v2\/comments?post=864"}],"version-history":[{"count":1,"href":"https:\/\/d.r4.wbsprt.com\/janamozici.cz\/wp-json\/wp\/v2\/posts\/864\/revisions"}],"predecessor-version":[{"id":865,"href":"https:\/\/d.r4.wbsprt.com\/janamozici.cz\/wp-json\/wp\/v2\/posts\/864\/revisions\/865"}],"wp:featuredmedia":[{"embeddable":true,"href":"https:\/\/d.r4.wbsprt.com\/janamozici.cz\/wp-json\/wp\/v2\/media\/866"}],"wp:attachment":[{"href":"https:\/\/d.r4.wbsprt.com\/janamozici.cz\/wp-json\/wp\/v2\/media?parent=864"}],"wp:term":[{"taxonomy":"category","embeddable":true,"href":"https:\/\/d.r4.wbsprt.com\/janamozici.cz\/wp-json\/wp\/v2\/categories?post=864"},{"taxonomy":"post_tag","embeddable":true,"href":"https:\/\/d.r4.wbsprt.com\/janamozici.cz\/wp-json\/wp\/v2\/tags?post=864"}],"curies":[{"name":"wp","href":"https:\/\/api.w.org\/{rel}","templated":true}]}}