{"id":867,"date":"2021-01-27T16:35:00","date_gmt":"2021-01-27T15:35:00","guid":{"rendered":"https:\/\/d.r4.wbsprt.com\/janamozici.cz\/?p=867"},"modified":"2026-06-17T16:36:40","modified_gmt":"2026-06-17T14:36:40","slug":"jak-se-zmeni-pronajem-nebytovych-prostor","status":"publish","type":"post","link":"https:\/\/d.r4.wbsprt.com\/janamozici.cz\/jak-se-zmeni-pronajem-nebytovych-prostor\/","title":{"rendered":"Jak se zm\u011bn\u00ed pron\u00e1jem nebytov\u00fdch prostor"},"content":{"rendered":"\n<p class=\"wp-block-paragraph\">A\u010dkoliv ceny nemovitost\u00ed neklesaj\u00ed, za\u017e\u00edv\u00e1 trh nemovitost\u00ed n\u011bkolik zm\u011bn. Jednou z&nbsp;nich je pokles z\u00e1jmu o pron\u00e1jem nebytov\u00fdch prostor a z\u00e1rove\u0148 pokles cen n\u00e1jemn\u00e9ho. Co m\u016f\u017eeme \u010dekat do budoucna?<\/p>\n\n\n\n<h4 class=\"wp-block-heading\">Fixn\u00ed platby rizikem<\/h4>\n\n\n\n<p class=\"wp-block-paragraph\">Pro \u0159adu firem to byla pr\u00e1v\u011b v\u00fd\u0161e n\u00e1jemn\u00e9ho, kter\u00e1 je donutila v&nbsp;obdob\u00ed pandemie pobo\u010dku uzav\u0159\u00edt. Vl\u00e1dn\u00ed pomoc se vypl\u00e1c\u00ed se zna\u010dn\u00fdm zpo\u017ed\u011bn\u00edm a trh ovl\u00e1d\u00e1 nejistota budouc\u00edho v\u00fdvoje. \u0158ada firem p\u0159istoupila k&nbsp;restrukturalizaci, ze\u0161t\u00edhlen\u00ed v\u00fdroby i nejr\u016fzn\u011bj\u0161\u00edm inovac\u00edm.<\/p>\n\n\n\n<p class=\"wp-block-paragraph\">Fixn\u00ed platba n\u00e1jemn\u00e9ho se stala rizikem, kter\u00e9 firmy necht\u011bj\u00ed podstoupit. P\u0159esouvaj\u00ed \u010dinnost do virtu\u00e1ln\u00edho prost\u0159ed\u00ed a urychlen\u011b p\u0159istupuj\u00ed k&nbsp;nov\u00e9mu zp\u016fsobu pr\u00e1ce.<\/p>\n\n\n\n<h4 class=\"wp-block-heading\">Sd\u00edlen\u00e1 pracovn\u00ed m\u00edsta i pr\u00e1ce z&nbsp;domu<\/h4>\n\n\n\n<p class=\"wp-block-paragraph\">Pandemie uk\u00e1zala firm\u00e1m, \u017ee nen\u00ed nutn\u00e9 m\u00edt pro ka\u017ed\u00e9ho zam\u011bstnance vlastn\u00ed kancel\u00e1\u0159. Argumenty, \u017ee zam\u011bstnanec bude doma m\u00e1lo efektivn\u00ed a firma nedostoj\u00ed z\u00e1vazk\u016fm jsou zcela lich\u00e9. Pro podniky to znamen\u00e1, \u017ee dok\u00e1\u017e\u00ed fungovat zcela bez kancel\u00e1\u0159\u00ed nebo v&nbsp;mnohem men\u0161\u00edm prostoru. Jakmile skon\u010d\u00ed vl\u00e1dn\u00ed dotace na n\u00e1jemn\u00e9, p\u0159istoup\u00ed firmy ke zm\u011bn\u00e1m a o\u010dek\u00e1v\u00e1 se mnohem ni\u017e\u0161\u00ed popt\u00e1vka po komer\u010dn\u00edch prostor\u00e1ch.<\/p>\n\n\n\n<p class=\"wp-block-paragraph\">Z\u00e1rove\u0148 je mo\u017en\u00e9 o\u010dek\u00e1vat tlak ze strany n\u00e1jemc\u016f na zm\u011bnu ve smlouv\u00e1ch o pron\u00e1jmu. Obez\u0159etnost povede k&nbsp;z\u00e1jmu uzav\u00edrat kr\u00e1tkodob\u00e9 smlouvy, k&nbsp;dohod\u00e1m o krat\u0161\u00ed v\u00fdpov\u011bdn\u00ed lh\u016ft\u011b, ni\u017e\u0161\u00edm kauc\u00edm nebo k&nbsp;dolo\u017ek\u00e1m upravuj\u00edc\u00edm v\u00fd\u0161i n\u00e1jemn\u00e9ho v&nbsp;mimo\u0159\u00e1dn\u00fdch situac\u00edch.<\/p>\n\n\n\n<h4 class=\"wp-block-heading\">Ni\u017e\u0161\u00ed n\u00e1jemn\u00e9, ni\u017e\u0161\u00ed ceny nemovitost\u00ed<\/h4>\n\n\n\n<p class=\"wp-block-paragraph\">Jakmile kles\u00e1 n\u00e1jemn\u00e9, reaguj\u00ed ceny prod\u00e1van\u00fdch nemovitost\u00ed. \u0158ada nemovitost\u00ed je toti\u017e prod\u00e1v\u00e1na jako investi\u010dn\u00ed nemovitost. V&nbsp;p\u0159\u00edpad\u011b, \u017ee budouc\u00ed (o\u010dek\u00e1van\u00e9) n\u00e1jemn\u00e9 bude o des\u00edtky procent ni\u017e\u0161\u00ed ne\u017e dnes, kupuj\u00edc\u00ed nebude ochoten za nemovitost zaplatit sou\u010dasnou cenu.&nbsp;<\/p>\n\n\n\n<h4 class=\"wp-block-heading\">Nemovitosti jsou nadhodnocen\u00e9<\/h4>\n\n\n\n<p class=\"wp-block-paragraph\">Dle vyj\u00e1d\u0159en\u00ed \u010cNB jsou nemovitosti v&nbsp;\u010cesk\u00e9 republice v&nbsp;sou\u010dasn\u00e9 chv\u00edli nadhodnocen\u00e9 a jejich ceny neodpov\u00eddaj\u00ed p\u0159\u00edjmov\u00e9 dostupnosti obyvatel. \u010cesk\u00e1 n\u00e1rodn\u00ed banka odhaduje nadhodnocen\u00ed okolo 17 %, ale uv\u00e1d\u00ed, \u017ee ve velk\u00fdch m\u011bstech s&nbsp;vysok\u00fdm pod\u00edlem investi\u010dn\u00edch byt\u016f mohou b\u00fdt ceny nadhodnoceny a\u017e o 25 %.<\/p>\n","protected":false},"excerpt":{"rendered":"<p>A\u010dkoliv ceny nemovitost\u00ed neklesaj\u00ed, za\u017e\u00edv\u00e1 trh nemovitost\u00ed n\u011bkolik zm\u011bn. Jednou z&nbsp;nich je pokles z\u00e1jmu o pron\u00e1jem nebytov\u00fdch prostor a z\u00e1rove\u0148 pokles cen n\u00e1jemn\u00e9ho. Co m\u016f\u017eeme \u010dekat do budoucna? Fixn\u00ed platby rizikem Pro \u0159adu firem to byla pr\u00e1v\u011b v\u00fd\u0161e n\u00e1jemn\u00e9ho, kter\u00e1 je donutila v&nbsp;obdob\u00ed pandemie pobo\u010dku uzav\u0159\u00edt. Vl\u00e1dn\u00ed pomoc se vypl\u00e1c\u00ed se zna\u010dn\u00fdm zpo\u017ed\u011bn\u00edm a trh [&hellip;]<\/p>\n","protected":false},"author":1,"featured_media":868,"comment_status":"closed","ping_status":"closed","sticky":false,"template":"","format":"standard","meta":{"_acf_changed":false,"pgc_sgb_lightbox_settings":"","footnotes":""},"categories":[13],"tags":[],"class_list":["post-867","post","type-post","status-publish","format-standard","has-post-thumbnail","hentry","category-clanky"],"acf":[],"yoast_head":"<!-- This site is optimized with the Yoast SEO plugin v28.2 - https:\/\/yoast.com\/product\/yoast-seo-wordpress\/ -->\n<title>Jak se zm\u011bn\u00ed pron\u00e1jem nebytov\u00fdch prostor - Jana Mozici - Realitni makl\u00e9\u0159ka<\/title>\n<meta name=\"robots\" content=\"index, follow, max-snippet:-1, max-image-preview:large, max-video-preview:-1\" \/>\n<link rel=\"canonical\" href=\"https:\/\/d.r4.wbsprt.com\/janamozici.cz\/jak-se-zmeni-pronajem-nebytovych-prostor\/\" \/>\n<meta property=\"og:locale\" content=\"cs_CZ\" \/>\n<meta property=\"og:type\" content=\"article\" \/>\n<meta property=\"og:title\" content=\"Jak se zm\u011bn\u00ed pron\u00e1jem nebytov\u00fdch prostor - Jana Mozici - Realitni makl\u00e9\u0159ka\" \/>\n<meta property=\"og:description\" content=\"A\u010dkoliv ceny nemovitost\u00ed neklesaj\u00ed, za\u017e\u00edv\u00e1 trh nemovitost\u00ed n\u011bkolik zm\u011bn. Jednou z&nbsp;nich je pokles z\u00e1jmu o pron\u00e1jem nebytov\u00fdch prostor a z\u00e1rove\u0148 pokles cen n\u00e1jemn\u00e9ho. Co m\u016f\u017eeme \u010dekat do budoucna? Fixn\u00ed platby rizikem Pro \u0159adu firem to byla pr\u00e1v\u011b v\u00fd\u0161e n\u00e1jemn\u00e9ho, kter\u00e1 je donutila v&nbsp;obdob\u00ed pandemie pobo\u010dku uzav\u0159\u00edt. Vl\u00e1dn\u00ed pomoc se vypl\u00e1c\u00ed se zna\u010dn\u00fdm zpo\u017ed\u011bn\u00edm a trh [&hellip;]\" \/>\n<meta property=\"og:url\" content=\"https:\/\/d.r4.wbsprt.com\/janamozici.cz\/jak-se-zmeni-pronajem-nebytovych-prostor\/\" \/>\n<meta property=\"og:site_name\" content=\"Jana Mozici - Realitni makl\u00e9\u0159ka\" \/>\n<meta property=\"article:published_time\" content=\"2021-01-27T15:35:00+00:00\" \/>\n<meta property=\"article:modified_time\" content=\"2026-06-17T14:36:40+00:00\" \/>\n<meta property=\"og:image\" content=\"https:\/\/d.r4.wbsprt.com\/janamozici.cz\/wp-content\/uploads\/2026\/06\/1215.jpg\" \/>\n\t<meta property=\"og:image:width\" content=\"995\" \/>\n\t<meta property=\"og:image:height\" content=\"795\" \/>\n\t<meta property=\"og:image:type\" content=\"image\/jpeg\" \/>\n<meta name=\"author\" content=\"pavelignacek\" \/>\n<meta name=\"twitter:card\" content=\"summary_large_image\" \/>\n<meta name=\"twitter:label1\" content=\"Napsal(a)\" \/>\n\t<meta name=\"twitter:data1\" content=\"pavelignacek\" \/>\n\t<meta name=\"twitter:label2\" content=\"Odhadovan\u00e1 doba \u010dten\u00ed\" \/>\n\t<meta name=\"twitter:data2\" content=\"2 minuty\" \/>\n<script type=\"application\/ld+json\" class=\"yoast-schema-graph\">{\"@context\":\"https:\\\/\\\/schema.org\",\"@graph\":[{\"@type\":\"Article\",\"@id\":\"https:\\\/\\\/d.r4.wbsprt.com\\\/janamozici.cz\\\/jak-se-zmeni-pronajem-nebytovych-prostor\\\/#article\",\"isPartOf\":{\"@id\":\"https:\\\/\\\/d.r4.wbsprt.com\\\/janamozici.cz\\\/jak-se-zmeni-pronajem-nebytovych-prostor\\\/\"},\"author\":{\"name\":\"pavelignacek\",\"@id\":\"https:\\\/\\\/janamozici.cz\\\/#\\\/schema\\\/person\\\/a0c8271995d3088e738ca636e0ae15e8\"},\"headline\":\"Jak se zm\u011bn\u00ed pron\u00e1jem nebytov\u00fdch prostor\",\"datePublished\":\"2021-01-27T15:35:00+00:00\",\"dateModified\":\"2026-06-17T14:36:40+00:00\",\"mainEntityOfPage\":{\"@id\":\"https:\\\/\\\/d.r4.wbsprt.com\\\/janamozici.cz\\\/jak-se-zmeni-pronajem-nebytovych-prostor\\\/\"},\"wordCount\":436,\"publisher\":{\"@id\":\"https:\\\/\\\/janamozici.cz\\\/#organization\"},\"image\":{\"@id\":\"https:\\\/\\\/d.r4.wbsprt.com\\\/janamozici.cz\\\/jak-se-zmeni-pronajem-nebytovych-prostor\\\/#primaryimage\"},\"thumbnailUrl\":\"https:\\\/\\\/d.r4.wbsprt.com\\\/janamozici.cz\\\/wp-content\\\/uploads\\\/2026\\\/06\\\/1215.jpg\",\"articleSection\":[\"\u010cL\u00c1NKY\"],\"inLanguage\":\"cs\"},{\"@type\":\"WebPage\",\"@id\":\"https:\\\/\\\/d.r4.wbsprt.com\\\/janamozici.cz\\\/jak-se-zmeni-pronajem-nebytovych-prostor\\\/\",\"url\":\"https:\\\/\\\/d.r4.wbsprt.com\\\/janamozici.cz\\\/jak-se-zmeni-pronajem-nebytovych-prostor\\\/\",\"name\":\"Jak se zm\u011bn\u00ed pron\u00e1jem nebytov\u00fdch prostor - Jana Mozici - Realitni makl\u00e9\u0159ka\",\"isPartOf\":{\"@id\":\"https:\\\/\\\/janamozici.cz\\\/#website\"},\"primaryImageOfPage\":{\"@id\":\"https:\\\/\\\/d.r4.wbsprt.com\\\/janamozici.cz\\\/jak-se-zmeni-pronajem-nebytovych-prostor\\\/#primaryimage\"},\"image\":{\"@id\":\"https:\\\/\\\/d.r4.wbsprt.com\\\/janamozici.cz\\\/jak-se-zmeni-pronajem-nebytovych-prostor\\\/#primaryimage\"},\"thumbnailUrl\":\"https:\\\/\\\/d.r4.wbsprt.com\\\/janamozici.cz\\\/wp-content\\\/uploads\\\/2026\\\/06\\\/1215.jpg\",\"datePublished\":\"2021-01-27T15:35:00+00:00\",\"dateModified\":\"2026-06-17T14:36:40+00:00\",\"breadcrumb\":{\"@id\":\"https:\\\/\\\/d.r4.wbsprt.com\\\/janamozici.cz\\\/jak-se-zmeni-pronajem-nebytovych-prostor\\\/#breadcrumb\"},\"inLanguage\":\"cs\",\"potentialAction\":[{\"@type\":\"ReadAction\",\"target\":[\"https:\\\/\\\/d.r4.wbsprt.com\\\/janamozici.cz\\\/jak-se-zmeni-pronajem-nebytovych-prostor\\\/\"]}]},{\"@type\":\"ImageObject\",\"inLanguage\":\"cs\",\"@id\":\"https:\\\/\\\/d.r4.wbsprt.com\\\/janamozici.cz\\\/jak-se-zmeni-pronajem-nebytovych-prostor\\\/#primaryimage\",\"url\":\"https:\\\/\\\/d.r4.wbsprt.com\\\/janamozici.cz\\\/wp-content\\\/uploads\\\/2026\\\/06\\\/1215.jpg\",\"contentUrl\":\"https:\\\/\\\/d.r4.wbsprt.com\\\/janamozici.cz\\\/wp-content\\\/uploads\\\/2026\\\/06\\\/1215.jpg\",\"width\":995,\"height\":795},{\"@type\":\"BreadcrumbList\",\"@id\":\"https:\\\/\\\/d.r4.wbsprt.com\\\/janamozici.cz\\\/jak-se-zmeni-pronajem-nebytovych-prostor\\\/#breadcrumb\",\"itemListElement\":[{\"@type\":\"ListItem\",\"position\":1,\"name\":\"Dom\u016f\",\"item\":\"https:\\\/\\\/janamozici.cz\\\/\"},{\"@type\":\"ListItem\",\"position\":2,\"name\":\"Jak se zm\u011bn\u00ed pron\u00e1jem nebytov\u00fdch prostor\"}]},{\"@type\":\"WebSite\",\"@id\":\"https:\\\/\\\/janamozici.cz\\\/#website\",\"url\":\"https:\\\/\\\/janamozici.cz\\\/\",\"name\":\"Jana Mozici - Realitni makl\u00e9\u0159ka\",\"description\":\"Realitn\u00ed makl\u00e9\u0159ka pro Chomutovsk\u00fd kraj\",\"publisher\":{\"@id\":\"https:\\\/\\\/janamozici.cz\\\/#organization\"},\"potentialAction\":[{\"@type\":\"SearchAction\",\"target\":{\"@type\":\"EntryPoint\",\"urlTemplate\":\"https:\\\/\\\/janamozici.cz\\\/?s={search_term_string}\"},\"query-input\":{\"@type\":\"PropertyValueSpecification\",\"valueRequired\":true,\"valueName\":\"search_term_string\"}}],\"inLanguage\":\"cs\"},{\"@type\":\"Organization\",\"@id\":\"https:\\\/\\\/janamozici.cz\\\/#organization\",\"name\":\"Jana Mozici - Realitni makl\u00e9\u0159ka\",\"url\":\"https:\\\/\\\/janamozici.cz\\\/\",\"logo\":{\"@type\":\"ImageObject\",\"inLanguage\":\"cs\",\"@id\":\"https:\\\/\\\/janamozici.cz\\\/#\\\/schema\\\/logo\\\/image\\\/\",\"url\":\"https:\\\/\\\/d.r4.wbsprt.com\\\/janamozici.cz\\\/wp-content\\\/uploads\\\/2026\\\/07\\\/cropped-favicon.png\",\"contentUrl\":\"https:\\\/\\\/d.r4.wbsprt.com\\\/janamozici.cz\\\/wp-content\\\/uploads\\\/2026\\\/07\\\/cropped-favicon.png\",\"width\":300,\"height\":300,\"caption\":\"Jana Mozici - Realitni makl\u00e9\u0159ka\"},\"image\":{\"@id\":\"https:\\\/\\\/janamozici.cz\\\/#\\\/schema\\\/logo\\\/image\\\/\"}},{\"@type\":\"Person\",\"@id\":\"https:\\\/\\\/janamozici.cz\\\/#\\\/schema\\\/person\\\/a0c8271995d3088e738ca636e0ae15e8\",\"name\":\"pavelignacek\",\"image\":{\"@type\":\"ImageObject\",\"inLanguage\":\"cs\",\"@id\":\"https:\\\/\\\/secure.gravatar.com\\\/avatar\\\/f1277ae3877a04db460fe45d0c550807b61b14883332acd3d3665c45a540a0c7?s=96&d=mm&r=g\",\"url\":\"https:\\\/\\\/secure.gravatar.com\\\/avatar\\\/f1277ae3877a04db460fe45d0c550807b61b14883332acd3d3665c45a540a0c7?s=96&d=mm&r=g\",\"contentUrl\":\"https:\\\/\\\/secure.gravatar.com\\\/avatar\\\/f1277ae3877a04db460fe45d0c550807b61b14883332acd3d3665c45a540a0c7?s=96&d=mm&r=g\",\"caption\":\"pavelignacek\"},\"sameAs\":[\"https:\\\/\\\/janamozici.cz\"],\"url\":\"https:\\\/\\\/d.r4.wbsprt.com\\\/janamozici.cz\\\/author\\\/pavelignacek\\\/\"}]}<\/script>\n<!-- \/ Yoast SEO plugin. -->","yoast_head_json":{"title":"Jak se zm\u011bn\u00ed pron\u00e1jem nebytov\u00fdch prostor - Jana Mozici - Realitni makl\u00e9\u0159ka","robots":{"index":"index","follow":"follow","max-snippet":"max-snippet:-1","max-image-preview":"max-image-preview:large","max-video-preview":"max-video-preview:-1"},"canonical":"https:\/\/d.r4.wbsprt.com\/janamozici.cz\/jak-se-zmeni-pronajem-nebytovych-prostor\/","og_locale":"cs_CZ","og_type":"article","og_title":"Jak se zm\u011bn\u00ed pron\u00e1jem nebytov\u00fdch prostor - Jana Mozici - Realitni makl\u00e9\u0159ka","og_description":"A\u010dkoliv ceny nemovitost\u00ed neklesaj\u00ed, za\u017e\u00edv\u00e1 trh nemovitost\u00ed n\u011bkolik zm\u011bn. Jednou z&nbsp;nich je pokles z\u00e1jmu o pron\u00e1jem nebytov\u00fdch prostor a z\u00e1rove\u0148 pokles cen n\u00e1jemn\u00e9ho. Co m\u016f\u017eeme \u010dekat do budoucna? Fixn\u00ed platby rizikem Pro \u0159adu firem to byla pr\u00e1v\u011b v\u00fd\u0161e n\u00e1jemn\u00e9ho, kter\u00e1 je donutila v&nbsp;obdob\u00ed pandemie pobo\u010dku uzav\u0159\u00edt. Vl\u00e1dn\u00ed pomoc se vypl\u00e1c\u00ed se zna\u010dn\u00fdm zpo\u017ed\u011bn\u00edm a trh [&hellip;]","og_url":"https:\/\/d.r4.wbsprt.com\/janamozici.cz\/jak-se-zmeni-pronajem-nebytovych-prostor\/","og_site_name":"Jana Mozici - Realitni makl\u00e9\u0159ka","article_published_time":"2021-01-27T15:35:00+00:00","article_modified_time":"2026-06-17T14:36:40+00:00","og_image":[{"width":995,"height":795,"url":"https:\/\/d.r4.wbsprt.com\/janamozici.cz\/wp-content\/uploads\/2026\/06\/1215.jpg","type":"image\/jpeg"}],"author":"pavelignacek","twitter_card":"summary_large_image","twitter_misc":{"Napsal(a)":"pavelignacek","Odhadovan\u00e1 doba \u010dten\u00ed":"2 minuty"},"schema":{"@context":"https:\/\/schema.org","@graph":[{"@type":"Article","@id":"https:\/\/d.r4.wbsprt.com\/janamozici.cz\/jak-se-zmeni-pronajem-nebytovych-prostor\/#article","isPartOf":{"@id":"https:\/\/d.r4.wbsprt.com\/janamozici.cz\/jak-se-zmeni-pronajem-nebytovych-prostor\/"},"author":{"name":"pavelignacek","@id":"https:\/\/janamozici.cz\/#\/schema\/person\/a0c8271995d3088e738ca636e0ae15e8"},"headline":"Jak se zm\u011bn\u00ed pron\u00e1jem nebytov\u00fdch prostor","datePublished":"2021-01-27T15:35:00+00:00","dateModified":"2026-06-17T14:36:40+00:00","mainEntityOfPage":{"@id":"https:\/\/d.r4.wbsprt.com\/janamozici.cz\/jak-se-zmeni-pronajem-nebytovych-prostor\/"},"wordCount":436,"publisher":{"@id":"https:\/\/janamozici.cz\/#organization"},"image":{"@id":"https:\/\/d.r4.wbsprt.com\/janamozici.cz\/jak-se-zmeni-pronajem-nebytovych-prostor\/#primaryimage"},"thumbnailUrl":"https:\/\/d.r4.wbsprt.com\/janamozici.cz\/wp-content\/uploads\/2026\/06\/1215.jpg","articleSection":["\u010cL\u00c1NKY"],"inLanguage":"cs"},{"@type":"WebPage","@id":"https:\/\/d.r4.wbsprt.com\/janamozici.cz\/jak-se-zmeni-pronajem-nebytovych-prostor\/","url":"https:\/\/d.r4.wbsprt.com\/janamozici.cz\/jak-se-zmeni-pronajem-nebytovych-prostor\/","name":"Jak se zm\u011bn\u00ed pron\u00e1jem nebytov\u00fdch prostor - Jana Mozici - Realitni makl\u00e9\u0159ka","isPartOf":{"@id":"https:\/\/janamozici.cz\/#website"},"primaryImageOfPage":{"@id":"https:\/\/d.r4.wbsprt.com\/janamozici.cz\/jak-se-zmeni-pronajem-nebytovych-prostor\/#primaryimage"},"image":{"@id":"https:\/\/d.r4.wbsprt.com\/janamozici.cz\/jak-se-zmeni-pronajem-nebytovych-prostor\/#primaryimage"},"thumbnailUrl":"https:\/\/d.r4.wbsprt.com\/janamozici.cz\/wp-content\/uploads\/2026\/06\/1215.jpg","datePublished":"2021-01-27T15:35:00+00:00","dateModified":"2026-06-17T14:36:40+00:00","breadcrumb":{"@id":"https:\/\/d.r4.wbsprt.com\/janamozici.cz\/jak-se-zmeni-pronajem-nebytovych-prostor\/#breadcrumb"},"inLanguage":"cs","potentialAction":[{"@type":"ReadAction","target":["https:\/\/d.r4.wbsprt.com\/janamozici.cz\/jak-se-zmeni-pronajem-nebytovych-prostor\/"]}]},{"@type":"ImageObject","inLanguage":"cs","@id":"https:\/\/d.r4.wbsprt.com\/janamozici.cz\/jak-se-zmeni-pronajem-nebytovych-prostor\/#primaryimage","url":"https:\/\/d.r4.wbsprt.com\/janamozici.cz\/wp-content\/uploads\/2026\/06\/1215.jpg","contentUrl":"https:\/\/d.r4.wbsprt.com\/janamozici.cz\/wp-content\/uploads\/2026\/06\/1215.jpg","width":995,"height":795},{"@type":"BreadcrumbList","@id":"https:\/\/d.r4.wbsprt.com\/janamozici.cz\/jak-se-zmeni-pronajem-nebytovych-prostor\/#breadcrumb","itemListElement":[{"@type":"ListItem","position":1,"name":"Dom\u016f","item":"https:\/\/janamozici.cz\/"},{"@type":"ListItem","position":2,"name":"Jak se zm\u011bn\u00ed pron\u00e1jem nebytov\u00fdch prostor"}]},{"@type":"WebSite","@id":"https:\/\/janamozici.cz\/#website","url":"https:\/\/janamozici.cz\/","name":"Jana Mozici - Realitni makl\u00e9\u0159ka","description":"Realitn\u00ed makl\u00e9\u0159ka pro Chomutovsk\u00fd kraj","publisher":{"@id":"https:\/\/janamozici.cz\/#organization"},"potentialAction":[{"@type":"SearchAction","target":{"@type":"EntryPoint","urlTemplate":"https:\/\/janamozici.cz\/?s={search_term_string}"},"query-input":{"@type":"PropertyValueSpecification","valueRequired":true,"valueName":"search_term_string"}}],"inLanguage":"cs"},{"@type":"Organization","@id":"https:\/\/janamozici.cz\/#organization","name":"Jana Mozici - Realitni makl\u00e9\u0159ka","url":"https:\/\/janamozici.cz\/","logo":{"@type":"ImageObject","inLanguage":"cs","@id":"https:\/\/janamozici.cz\/#\/schema\/logo\/image\/","url":"https:\/\/d.r4.wbsprt.com\/janamozici.cz\/wp-content\/uploads\/2026\/07\/cropped-favicon.png","contentUrl":"https:\/\/d.r4.wbsprt.com\/janamozici.cz\/wp-content\/uploads\/2026\/07\/cropped-favicon.png","width":300,"height":300,"caption":"Jana Mozici - Realitni makl\u00e9\u0159ka"},"image":{"@id":"https:\/\/janamozici.cz\/#\/schema\/logo\/image\/"}},{"@type":"Person","@id":"https:\/\/janamozici.cz\/#\/schema\/person\/a0c8271995d3088e738ca636e0ae15e8","name":"pavelignacek","image":{"@type":"ImageObject","inLanguage":"cs","@id":"https:\/\/secure.gravatar.com\/avatar\/f1277ae3877a04db460fe45d0c550807b61b14883332acd3d3665c45a540a0c7?s=96&d=mm&r=g","url":"https:\/\/secure.gravatar.com\/avatar\/f1277ae3877a04db460fe45d0c550807b61b14883332acd3d3665c45a540a0c7?s=96&d=mm&r=g","contentUrl":"https:\/\/secure.gravatar.com\/avatar\/f1277ae3877a04db460fe45d0c550807b61b14883332acd3d3665c45a540a0c7?s=96&d=mm&r=g","caption":"pavelignacek"},"sameAs":["https:\/\/janamozici.cz"],"url":"https:\/\/d.r4.wbsprt.com\/janamozici.cz\/author\/pavelignacek\/"}]}},"_links":{"self":[{"href":"https:\/\/d.r4.wbsprt.com\/janamozici.cz\/wp-json\/wp\/v2\/posts\/867","targetHints":{"allow":["GET"]}}],"collection":[{"href":"https:\/\/d.r4.wbsprt.com\/janamozici.cz\/wp-json\/wp\/v2\/posts"}],"about":[{"href":"https:\/\/d.r4.wbsprt.com\/janamozici.cz\/wp-json\/wp\/v2\/types\/post"}],"author":[{"embeddable":true,"href":"https:\/\/d.r4.wbsprt.com\/janamozici.cz\/wp-json\/wp\/v2\/users\/1"}],"replies":[{"embeddable":true,"href":"https:\/\/d.r4.wbsprt.com\/janamozici.cz\/wp-json\/wp\/v2\/comments?post=867"}],"version-history":[{"count":1,"href":"https:\/\/d.r4.wbsprt.com\/janamozici.cz\/wp-json\/wp\/v2\/posts\/867\/revisions"}],"predecessor-version":[{"id":869,"href":"https:\/\/d.r4.wbsprt.com\/janamozici.cz\/wp-json\/wp\/v2\/posts\/867\/revisions\/869"}],"wp:featuredmedia":[{"embeddable":true,"href":"https:\/\/d.r4.wbsprt.com\/janamozici.cz\/wp-json\/wp\/v2\/media\/868"}],"wp:attachment":[{"href":"https:\/\/d.r4.wbsprt.com\/janamozici.cz\/wp-json\/wp\/v2\/media?parent=867"}],"wp:term":[{"taxonomy":"category","embeddable":true,"href":"https:\/\/d.r4.wbsprt.com\/janamozici.cz\/wp-json\/wp\/v2\/categories?post=867"},{"taxonomy":"post_tag","embeddable":true,"href":"https:\/\/d.r4.wbsprt.com\/janamozici.cz\/wp-json\/wp\/v2\/tags?post=867"}],"curies":[{"name":"wp","href":"https:\/\/api.w.org\/{rel}","templated":true}]}}