{"id":876,"date":"2021-04-29T16:39:00","date_gmt":"2021-04-29T14:39:00","guid":{"rendered":"https:\/\/d.r4.wbsprt.com\/janamozici.cz\/?p=876"},"modified":"2026-06-17T16:40:03","modified_gmt":"2026-06-17T14:40:03","slug":"co-byste-meli-vedet-nez-se-pustite-do-stavby-zahradniho-domku","status":"publish","type":"post","link":"https:\/\/d.r4.wbsprt.com\/janamozici.cz\/co-byste-meli-vedet-nez-se-pustite-do-stavby-zahradniho-domku\/","title":{"rendered":"Co byste m\u011bli v\u011bd\u011bt, ne\u017e se pust\u00edte do stavby zahradn\u00edho domku."},"content":{"rendered":"\n<h4 class=\"wp-block-heading\">Pro zahradn\u00ed domky do 25m2 zastav\u011bn\u00e9&nbsp;plochy<\/h4>\n\n\n\n<p class=\"wp-block-paragraph\">Zahradn\u00ed domek do 25m2 zastav\u011bn\u00e9&nbsp;plochy dle \u00a7 103 odst. 1) a stavebn\u00edho z\u00e1kona 183\/2006 Sb. nevy\u017eaduje stavebn\u00ed povolen\u00ed ani ohl\u00e1\u0161en\u00ed. Takov\u00e9&nbsp;stavby se povoluj\u00ed v re\u017eimu \u00fazemn\u00edho souhlasu dle \u00a796 odst.<\/p>\n\n\n\n<h4 class=\"wp-block-heading\">Pro zahradn\u00ed domky nad 25m2 zastav\u011bn\u00e9&nbsp;plochy&nbsp;<\/h4>\n\n\n\n<p class=\"wp-block-paragraph\">Pokud se rozhodnete, \u017ee chcete postavit zahradn\u00ed domek se zastav\u011bnou plochou nad 25m2, je nutn\u00e9&nbsp;zajistit dle \u00a7 103 odst. 1) a stavebn\u00edho z\u00e1kona 183\/2006 Sb. rozhodnut\u00ed&nbsp;o um\u00edst\u011bn\u00ed stavby neboli \u00fazemn\u00ed rozhodnut\u00ed a stavebn\u00ed povolen\u00ed.<\/p>\n\n\n\n<p class=\"wp-block-paragraph\">Rozsah projektov\u00e9&nbsp;dokumentace pro stavebn\u00ed povolen\u00ed je podrobn\u011b uveden v p\u0159\u00edloze&nbsp;\u010d. 1 k vyhl\u00e1\u0161ce \u010d. 499\/2006Sb. Jestli\u017ee m\u00e1 m\u00edt pl\u00e1novan\u00fd zahradn\u00ed domek v\u00edce ne\u017e 25 m<sup>2<\/sup>, je nutn\u00e9&nbsp;nechat vypracovat projektovou dokumentaci v rozsahu dle vyhl\u00e1\u0161ky v\u010detn\u011b situace jej\u00edho um\u00edst\u011bn\u00ed. To je ji\u017e pr\u00e1ce pro projektanta, abyste z\u00edskali stavebn\u00ed povolen\u00ed.&nbsp;<\/p>\n\n\n\n<h4 class=\"wp-block-heading\">Jak p\u0159ipravit z\u00e1kladovou desku pod zahradn\u00ed&nbsp;domek&nbsp;<\/h4>\n\n\n\n<p class=\"wp-block-paragraph\">Potom, co se rozhodnete, jak bude v\u00e1\u0161 zahradn\u00ed domek velk\u00fd a k \u010demu bude slo\u017eit, kde bude st\u00e1t, p\u0159ich\u00e1z\u00ed na \u0159adu vy\u0159e\u0161en\u00ed z\u00e1klad\u016f. Podkladov\u00e1 plocha by m\u011bla b\u00fdt v ka\u017ed\u00e9m p\u0159\u00edpad\u011b kvalitn\u011b proveden\u00e1, rovn\u00e1 a ve v\u00fd\u0161ce zhruba 5-10 cm na okoln\u00edm ter\u00e9nem.<\/p>\n\n\n\n<h4 class=\"wp-block-heading\">Betonov\u00e1&nbsp;deska<\/h4>\n\n\n\n<p class=\"wp-block-paragraph\">Nejvhodn\u011bj\u0161\u00edm z\u00e1kladem pro stavbu je betonov\u00e1 deska, na \u0161t\u011brkov\u00e9m podkladu s vnit\u0159n\u00ed nejl\u00e9pe ocelovou v\u00fdztuhou, ulo\u017een\u00e1 se z\u00e1kladovou sp\u00e1rou v&nbsp;hloubce, kter\u00e1 nezamrz\u00e1. V\u00fd\u0161ka desky by m\u011bla b\u00fdt 10-25 cm podle p\u0159edpokl\u00e1dan\u00e9ho zat\u00ed\u017een\u00ed. Zamyslet byste se m\u011bli i nad vhodnou hydroizolac\u00ed. Je to v\u011bt\u0161\u00ed a trval\u00fd z\u00e1sah do ter\u00e9nu a pokud budete cht\u00edt desku za p\u00e1r let odstranit, bude to obt\u00ed\u017en\u011bj\u0161\u00ed. V\u017edy si tedy dob\u0159e promyslete um\u00edst\u011bn\u00ed.<\/p>\n\n\n\n<h4 class=\"wp-block-heading\">Z\u00e1mkov\u00e1 dla\u017eba nebo betonov\u00e9&nbsp;dla\u017edice<\/h4>\n\n\n\n<p class=\"wp-block-paragraph\">Druh\u00e1 mo\u017en\u00e1 varianta je pou\u017eit\u00ed z\u00e1mkov\u00e9&nbsp;dla\u017eby nebo betonov\u00fdch dla\u017edic. P\u0159\u00edprava je o n\u011bco jednodu\u0161\u0161\u00ed ne\u017e u klasick\u00e9&nbsp;betonov\u00e9&nbsp;desky. Rozhodn\u011b ale pod t\u00edmto povrchem mus\u00ed b\u00fdt tak\u00e9&nbsp;zhutn\u011bl\u00e9&nbsp;podlo\u017e\u00ed, nejl\u00e9pe \u0161t\u011brk. Zapomenout byste u t\u00e9to mo\u017enosti nem\u011bli na betonov\u00e9&nbsp;kotv\u00edc\u00ed body.<\/p>\n\n\n\n<h4 class=\"wp-block-heading\">Zemn\u00ed vruty a samonosn\u00fd podlahov\u00fd r\u00e1m<\/h4>\n\n\n\n<p class=\"wp-block-paragraph\">V\u00fdhodou tohoto \u0159e\u0161en\u00ed je rychl\u00e1&nbsp;mont\u00e1\u017e, z\u00e1klady lze okam\u017eit\u011b zat\u00ed\u017eit a odpad\u00e1 pracn\u00e1&nbsp;beton\u00e1\u017e. Nebudete muset \u0159e\u0161it ani \u017e\u00e1dn\u00e9&nbsp;kop\u00e1n\u00ed a odvoz hl\u00edny. Vruty lze v\u00fd\u0161kov\u011b nastavit a tak kompenzovat nerovnost ter\u00e9nu. V\u00fdhodou vyu\u017eit\u00ed vrut\u016f je, \u017ee je lze tak\u00e9&nbsp;kdykoli odstranit nebo p\u0159em\u00edstit jinam. D\u00edky t\u00e9to technologii m\u016f\u017ee pod zahradn\u00edm domkem proudit vzduch a zespodu nevlhne. Samonosn\u00fd r\u00e1m m\u016f\u017eete tak\u00e9&nbsp;tepeln\u011b izolovat. Nev\u00fdhodou ale z\u016fst\u00e1v\u00e1, \u017ee nejsou vyu\u017eiteln\u00e9&nbsp;v\u0161ude. Vhodn\u00fd ter\u00e9n mus\u00ed m\u00edt dobr\u00e9&nbsp;podlo\u017e\u00ed, mus\u00ed b\u00fdt stabiln\u00ed, dob\u0159e prostupn\u00fd&nbsp;a to minim\u00e1ln\u011b do hloubky 60 cm. Pokud nem\u00e1te vhodn\u00e9&nbsp;podla\u017e\u00ed a nechcete betonovat celou plochu, zabetonujte si pouze jednotliv\u00e9&nbsp;patky na ukotven\u00ed samonosn\u00e9ho r\u00e1mu.<\/p>\n","protected":false},"excerpt":{"rendered":"<p>Pro zahradn\u00ed domky do 25m2 zastav\u011bn\u00e9&nbsp;plochy Zahradn\u00ed domek do 25m2 zastav\u011bn\u00e9&nbsp;plochy dle \u00a7 103 odst. 1) a stavebn\u00edho z\u00e1kona 183\/2006 Sb. nevy\u017eaduje stavebn\u00ed povolen\u00ed ani ohl\u00e1\u0161en\u00ed. Takov\u00e9&nbsp;stavby se povoluj\u00ed v re\u017eimu \u00fazemn\u00edho souhlasu dle \u00a796 odst. Pro zahradn\u00ed domky nad 25m2 zastav\u011bn\u00e9&nbsp;plochy&nbsp; Pokud se rozhodnete, \u017ee chcete postavit zahradn\u00ed domek se zastav\u011bnou plochou nad 25m2, [&hellip;]<\/p>\n","protected":false},"author":1,"featured_media":877,"comment_status":"closed","ping_status":"closed","sticky":false,"template":"","format":"standard","meta":{"_acf_changed":false,"pgc_sgb_lightbox_settings":"","footnotes":""},"categories":[13],"tags":[],"class_list":["post-876","post","type-post","status-publish","format-standard","has-post-thumbnail","hentry","category-clanky"],"acf":[],"yoast_head":"<!-- This site is optimized with the Yoast SEO plugin v28.2 - https:\/\/yoast.com\/product\/yoast-seo-wordpress\/ -->\n<title>Co byste m\u011bli v\u011bd\u011bt, ne\u017e se pust\u00edte do stavby zahradn\u00edho domku. - Jana Mozici - Realitni makl\u00e9\u0159ka<\/title>\n<meta name=\"robots\" content=\"index, follow, max-snippet:-1, max-image-preview:large, max-video-preview:-1\" \/>\n<link rel=\"canonical\" href=\"https:\/\/d.r4.wbsprt.com\/janamozici.cz\/co-byste-meli-vedet-nez-se-pustite-do-stavby-zahradniho-domku\/\" \/>\n<meta property=\"og:locale\" content=\"cs_CZ\" \/>\n<meta property=\"og:type\" content=\"article\" \/>\n<meta property=\"og:title\" content=\"Co byste m\u011bli v\u011bd\u011bt, ne\u017e se pust\u00edte do stavby zahradn\u00edho domku. - Jana Mozici - Realitni makl\u00e9\u0159ka\" \/>\n<meta property=\"og:description\" content=\"Pro zahradn\u00ed domky do 25m2 zastav\u011bn\u00e9&nbsp;plochy Zahradn\u00ed domek do 25m2 zastav\u011bn\u00e9&nbsp;plochy dle \u00a7 103 odst. 1) a stavebn\u00edho z\u00e1kona 183\/2006 Sb. nevy\u017eaduje stavebn\u00ed povolen\u00ed ani ohl\u00e1\u0161en\u00ed. Takov\u00e9&nbsp;stavby se povoluj\u00ed v re\u017eimu \u00fazemn\u00edho souhlasu dle \u00a796 odst. Pro zahradn\u00ed domky nad 25m2 zastav\u011bn\u00e9&nbsp;plochy&nbsp; Pokud se rozhodnete, \u017ee chcete postavit zahradn\u00ed domek se zastav\u011bnou plochou nad 25m2, [&hellip;]\" \/>\n<meta property=\"og:url\" content=\"https:\/\/d.r4.wbsprt.com\/janamozici.cz\/co-byste-meli-vedet-nez-se-pustite-do-stavby-zahradniho-domku\/\" \/>\n<meta property=\"og:site_name\" content=\"Jana Mozici - Realitni makl\u00e9\u0159ka\" \/>\n<meta property=\"article:published_time\" content=\"2021-04-29T14:39:00+00:00\" \/>\n<meta property=\"article:modified_time\" content=\"2026-06-17T14:40:03+00:00\" \/>\n<meta property=\"og:image\" content=\"https:\/\/d.r4.wbsprt.com\/janamozici.cz\/wp-content\/uploads\/2026\/06\/1375.jpg\" \/>\n\t<meta property=\"og:image:width\" content=\"996\" \/>\n\t<meta property=\"og:image:height\" content=\"796\" \/>\n\t<meta property=\"og:image:type\" content=\"image\/jpeg\" \/>\n<meta name=\"author\" content=\"pavelignacek\" \/>\n<meta name=\"twitter:card\" content=\"summary_large_image\" \/>\n<meta name=\"twitter:label1\" content=\"Napsal(a)\" \/>\n\t<meta name=\"twitter:data1\" content=\"pavelignacek\" \/>\n\t<meta name=\"twitter:label2\" content=\"Odhadovan\u00e1 doba \u010dten\u00ed\" \/>\n\t<meta name=\"twitter:data2\" content=\"3 minuty\" \/>\n<script type=\"application\/ld+json\" class=\"yoast-schema-graph\">{\"@context\":\"https:\\\/\\\/schema.org\",\"@graph\":[{\"@type\":\"Article\",\"@id\":\"https:\\\/\\\/d.r4.wbsprt.com\\\/janamozici.cz\\\/co-byste-meli-vedet-nez-se-pustite-do-stavby-zahradniho-domku\\\/#article\",\"isPartOf\":{\"@id\":\"https:\\\/\\\/d.r4.wbsprt.com\\\/janamozici.cz\\\/co-byste-meli-vedet-nez-se-pustite-do-stavby-zahradniho-domku\\\/\"},\"author\":{\"name\":\"pavelignacek\",\"@id\":\"https:\\\/\\\/janamozici.cz\\\/#\\\/schema\\\/person\\\/a0c8271995d3088e738ca636e0ae15e8\"},\"headline\":\"Co byste m\u011bli v\u011bd\u011bt, ne\u017e se pust\u00edte do stavby zahradn\u00edho domku.\",\"datePublished\":\"2021-04-29T14:39:00+00:00\",\"dateModified\":\"2026-06-17T14:40:03+00:00\",\"mainEntityOfPage\":{\"@id\":\"https:\\\/\\\/d.r4.wbsprt.com\\\/janamozici.cz\\\/co-byste-meli-vedet-nez-se-pustite-do-stavby-zahradniho-domku\\\/\"},\"wordCount\":573,\"publisher\":{\"@id\":\"https:\\\/\\\/janamozici.cz\\\/#organization\"},\"image\":{\"@id\":\"https:\\\/\\\/d.r4.wbsprt.com\\\/janamozici.cz\\\/co-byste-meli-vedet-nez-se-pustite-do-stavby-zahradniho-domku\\\/#primaryimage\"},\"thumbnailUrl\":\"https:\\\/\\\/d.r4.wbsprt.com\\\/janamozici.cz\\\/wp-content\\\/uploads\\\/2026\\\/06\\\/1375.jpg\",\"articleSection\":[\"\u010cL\u00c1NKY\"],\"inLanguage\":\"cs\"},{\"@type\":\"WebPage\",\"@id\":\"https:\\\/\\\/d.r4.wbsprt.com\\\/janamozici.cz\\\/co-byste-meli-vedet-nez-se-pustite-do-stavby-zahradniho-domku\\\/\",\"url\":\"https:\\\/\\\/d.r4.wbsprt.com\\\/janamozici.cz\\\/co-byste-meli-vedet-nez-se-pustite-do-stavby-zahradniho-domku\\\/\",\"name\":\"Co byste m\u011bli v\u011bd\u011bt, ne\u017e se pust\u00edte do stavby zahradn\u00edho domku. - Jana Mozici - Realitni makl\u00e9\u0159ka\",\"isPartOf\":{\"@id\":\"https:\\\/\\\/janamozici.cz\\\/#website\"},\"primaryImageOfPage\":{\"@id\":\"https:\\\/\\\/d.r4.wbsprt.com\\\/janamozici.cz\\\/co-byste-meli-vedet-nez-se-pustite-do-stavby-zahradniho-domku\\\/#primaryimage\"},\"image\":{\"@id\":\"https:\\\/\\\/d.r4.wbsprt.com\\\/janamozici.cz\\\/co-byste-meli-vedet-nez-se-pustite-do-stavby-zahradniho-domku\\\/#primaryimage\"},\"thumbnailUrl\":\"https:\\\/\\\/d.r4.wbsprt.com\\\/janamozici.cz\\\/wp-content\\\/uploads\\\/2026\\\/06\\\/1375.jpg\",\"datePublished\":\"2021-04-29T14:39:00+00:00\",\"dateModified\":\"2026-06-17T14:40:03+00:00\",\"breadcrumb\":{\"@id\":\"https:\\\/\\\/d.r4.wbsprt.com\\\/janamozici.cz\\\/co-byste-meli-vedet-nez-se-pustite-do-stavby-zahradniho-domku\\\/#breadcrumb\"},\"inLanguage\":\"cs\",\"potentialAction\":[{\"@type\":\"ReadAction\",\"target\":[\"https:\\\/\\\/d.r4.wbsprt.com\\\/janamozici.cz\\\/co-byste-meli-vedet-nez-se-pustite-do-stavby-zahradniho-domku\\\/\"]}]},{\"@type\":\"ImageObject\",\"inLanguage\":\"cs\",\"@id\":\"https:\\\/\\\/d.r4.wbsprt.com\\\/janamozici.cz\\\/co-byste-meli-vedet-nez-se-pustite-do-stavby-zahradniho-domku\\\/#primaryimage\",\"url\":\"https:\\\/\\\/d.r4.wbsprt.com\\\/janamozici.cz\\\/wp-content\\\/uploads\\\/2026\\\/06\\\/1375.jpg\",\"contentUrl\":\"https:\\\/\\\/d.r4.wbsprt.com\\\/janamozici.cz\\\/wp-content\\\/uploads\\\/2026\\\/06\\\/1375.jpg\",\"width\":996,\"height\":796},{\"@type\":\"BreadcrumbList\",\"@id\":\"https:\\\/\\\/d.r4.wbsprt.com\\\/janamozici.cz\\\/co-byste-meli-vedet-nez-se-pustite-do-stavby-zahradniho-domku\\\/#breadcrumb\",\"itemListElement\":[{\"@type\":\"ListItem\",\"position\":1,\"name\":\"Dom\u016f\",\"item\":\"https:\\\/\\\/janamozici.cz\\\/\"},{\"@type\":\"ListItem\",\"position\":2,\"name\":\"Co byste m\u011bli v\u011bd\u011bt, ne\u017e se pust\u00edte do stavby zahradn\u00edho domku.\"}]},{\"@type\":\"WebSite\",\"@id\":\"https:\\\/\\\/janamozici.cz\\\/#website\",\"url\":\"https:\\\/\\\/janamozici.cz\\\/\",\"name\":\"Jana Mozici - Realitni makl\u00e9\u0159ka\",\"description\":\"Realitn\u00ed makl\u00e9\u0159ka pro Chomutovsk\u00fd kraj\",\"publisher\":{\"@id\":\"https:\\\/\\\/janamozici.cz\\\/#organization\"},\"potentialAction\":[{\"@type\":\"SearchAction\",\"target\":{\"@type\":\"EntryPoint\",\"urlTemplate\":\"https:\\\/\\\/janamozici.cz\\\/?s={search_term_string}\"},\"query-input\":{\"@type\":\"PropertyValueSpecification\",\"valueRequired\":true,\"valueName\":\"search_term_string\"}}],\"inLanguage\":\"cs\"},{\"@type\":\"Organization\",\"@id\":\"https:\\\/\\\/janamozici.cz\\\/#organization\",\"name\":\"Jana Mozici - Realitni makl\u00e9\u0159ka\",\"url\":\"https:\\\/\\\/janamozici.cz\\\/\",\"logo\":{\"@type\":\"ImageObject\",\"inLanguage\":\"cs\",\"@id\":\"https:\\\/\\\/janamozici.cz\\\/#\\\/schema\\\/logo\\\/image\\\/\",\"url\":\"https:\\\/\\\/d.r4.wbsprt.com\\\/janamozici.cz\\\/wp-content\\\/uploads\\\/2026\\\/07\\\/cropped-favicon.png\",\"contentUrl\":\"https:\\\/\\\/d.r4.wbsprt.com\\\/janamozici.cz\\\/wp-content\\\/uploads\\\/2026\\\/07\\\/cropped-favicon.png\",\"width\":300,\"height\":300,\"caption\":\"Jana Mozici - Realitni makl\u00e9\u0159ka\"},\"image\":{\"@id\":\"https:\\\/\\\/janamozici.cz\\\/#\\\/schema\\\/logo\\\/image\\\/\"}},{\"@type\":\"Person\",\"@id\":\"https:\\\/\\\/janamozici.cz\\\/#\\\/schema\\\/person\\\/a0c8271995d3088e738ca636e0ae15e8\",\"name\":\"pavelignacek\",\"image\":{\"@type\":\"ImageObject\",\"inLanguage\":\"cs\",\"@id\":\"https:\\\/\\\/secure.gravatar.com\\\/avatar\\\/f1277ae3877a04db460fe45d0c550807b61b14883332acd3d3665c45a540a0c7?s=96&d=mm&r=g\",\"url\":\"https:\\\/\\\/secure.gravatar.com\\\/avatar\\\/f1277ae3877a04db460fe45d0c550807b61b14883332acd3d3665c45a540a0c7?s=96&d=mm&r=g\",\"contentUrl\":\"https:\\\/\\\/secure.gravatar.com\\\/avatar\\\/f1277ae3877a04db460fe45d0c550807b61b14883332acd3d3665c45a540a0c7?s=96&d=mm&r=g\",\"caption\":\"pavelignacek\"},\"sameAs\":[\"https:\\\/\\\/janamozici.cz\"],\"url\":\"https:\\\/\\\/d.r4.wbsprt.com\\\/janamozici.cz\\\/author\\\/pavelignacek\\\/\"}]}<\/script>\n<!-- \/ Yoast SEO plugin. -->","yoast_head_json":{"title":"Co byste m\u011bli v\u011bd\u011bt, ne\u017e se pust\u00edte do stavby zahradn\u00edho domku. - Jana Mozici - Realitni makl\u00e9\u0159ka","robots":{"index":"index","follow":"follow","max-snippet":"max-snippet:-1","max-image-preview":"max-image-preview:large","max-video-preview":"max-video-preview:-1"},"canonical":"https:\/\/d.r4.wbsprt.com\/janamozici.cz\/co-byste-meli-vedet-nez-se-pustite-do-stavby-zahradniho-domku\/","og_locale":"cs_CZ","og_type":"article","og_title":"Co byste m\u011bli v\u011bd\u011bt, ne\u017e se pust\u00edte do stavby zahradn\u00edho domku. - Jana Mozici - Realitni makl\u00e9\u0159ka","og_description":"Pro zahradn\u00ed domky do 25m2 zastav\u011bn\u00e9&nbsp;plochy Zahradn\u00ed domek do 25m2 zastav\u011bn\u00e9&nbsp;plochy dle \u00a7 103 odst. 1) a stavebn\u00edho z\u00e1kona 183\/2006 Sb. nevy\u017eaduje stavebn\u00ed povolen\u00ed ani ohl\u00e1\u0161en\u00ed. Takov\u00e9&nbsp;stavby se povoluj\u00ed v re\u017eimu \u00fazemn\u00edho souhlasu dle \u00a796 odst. Pro zahradn\u00ed domky nad 25m2 zastav\u011bn\u00e9&nbsp;plochy&nbsp; Pokud se rozhodnete, \u017ee chcete postavit zahradn\u00ed domek se zastav\u011bnou plochou nad 25m2, [&hellip;]","og_url":"https:\/\/d.r4.wbsprt.com\/janamozici.cz\/co-byste-meli-vedet-nez-se-pustite-do-stavby-zahradniho-domku\/","og_site_name":"Jana Mozici - Realitni makl\u00e9\u0159ka","article_published_time":"2021-04-29T14:39:00+00:00","article_modified_time":"2026-06-17T14:40:03+00:00","og_image":[{"width":996,"height":796,"url":"https:\/\/d.r4.wbsprt.com\/janamozici.cz\/wp-content\/uploads\/2026\/06\/1375.jpg","type":"image\/jpeg"}],"author":"pavelignacek","twitter_card":"summary_large_image","twitter_misc":{"Napsal(a)":"pavelignacek","Odhadovan\u00e1 doba \u010dten\u00ed":"3 minuty"},"schema":{"@context":"https:\/\/schema.org","@graph":[{"@type":"Article","@id":"https:\/\/d.r4.wbsprt.com\/janamozici.cz\/co-byste-meli-vedet-nez-se-pustite-do-stavby-zahradniho-domku\/#article","isPartOf":{"@id":"https:\/\/d.r4.wbsprt.com\/janamozici.cz\/co-byste-meli-vedet-nez-se-pustite-do-stavby-zahradniho-domku\/"},"author":{"name":"pavelignacek","@id":"https:\/\/janamozici.cz\/#\/schema\/person\/a0c8271995d3088e738ca636e0ae15e8"},"headline":"Co byste m\u011bli v\u011bd\u011bt, ne\u017e se pust\u00edte do stavby zahradn\u00edho domku.","datePublished":"2021-04-29T14:39:00+00:00","dateModified":"2026-06-17T14:40:03+00:00","mainEntityOfPage":{"@id":"https:\/\/d.r4.wbsprt.com\/janamozici.cz\/co-byste-meli-vedet-nez-se-pustite-do-stavby-zahradniho-domku\/"},"wordCount":573,"publisher":{"@id":"https:\/\/janamozici.cz\/#organization"},"image":{"@id":"https:\/\/d.r4.wbsprt.com\/janamozici.cz\/co-byste-meli-vedet-nez-se-pustite-do-stavby-zahradniho-domku\/#primaryimage"},"thumbnailUrl":"https:\/\/d.r4.wbsprt.com\/janamozici.cz\/wp-content\/uploads\/2026\/06\/1375.jpg","articleSection":["\u010cL\u00c1NKY"],"inLanguage":"cs"},{"@type":"WebPage","@id":"https:\/\/d.r4.wbsprt.com\/janamozici.cz\/co-byste-meli-vedet-nez-se-pustite-do-stavby-zahradniho-domku\/","url":"https:\/\/d.r4.wbsprt.com\/janamozici.cz\/co-byste-meli-vedet-nez-se-pustite-do-stavby-zahradniho-domku\/","name":"Co byste m\u011bli v\u011bd\u011bt, ne\u017e se pust\u00edte do stavby zahradn\u00edho domku. - Jana Mozici - Realitni makl\u00e9\u0159ka","isPartOf":{"@id":"https:\/\/janamozici.cz\/#website"},"primaryImageOfPage":{"@id":"https:\/\/d.r4.wbsprt.com\/janamozici.cz\/co-byste-meli-vedet-nez-se-pustite-do-stavby-zahradniho-domku\/#primaryimage"},"image":{"@id":"https:\/\/d.r4.wbsprt.com\/janamozici.cz\/co-byste-meli-vedet-nez-se-pustite-do-stavby-zahradniho-domku\/#primaryimage"},"thumbnailUrl":"https:\/\/d.r4.wbsprt.com\/janamozici.cz\/wp-content\/uploads\/2026\/06\/1375.jpg","datePublished":"2021-04-29T14:39:00+00:00","dateModified":"2026-06-17T14:40:03+00:00","breadcrumb":{"@id":"https:\/\/d.r4.wbsprt.com\/janamozici.cz\/co-byste-meli-vedet-nez-se-pustite-do-stavby-zahradniho-domku\/#breadcrumb"},"inLanguage":"cs","potentialAction":[{"@type":"ReadAction","target":["https:\/\/d.r4.wbsprt.com\/janamozici.cz\/co-byste-meli-vedet-nez-se-pustite-do-stavby-zahradniho-domku\/"]}]},{"@type":"ImageObject","inLanguage":"cs","@id":"https:\/\/d.r4.wbsprt.com\/janamozici.cz\/co-byste-meli-vedet-nez-se-pustite-do-stavby-zahradniho-domku\/#primaryimage","url":"https:\/\/d.r4.wbsprt.com\/janamozici.cz\/wp-content\/uploads\/2026\/06\/1375.jpg","contentUrl":"https:\/\/d.r4.wbsprt.com\/janamozici.cz\/wp-content\/uploads\/2026\/06\/1375.jpg","width":996,"height":796},{"@type":"BreadcrumbList","@id":"https:\/\/d.r4.wbsprt.com\/janamozici.cz\/co-byste-meli-vedet-nez-se-pustite-do-stavby-zahradniho-domku\/#breadcrumb","itemListElement":[{"@type":"ListItem","position":1,"name":"Dom\u016f","item":"https:\/\/janamozici.cz\/"},{"@type":"ListItem","position":2,"name":"Co byste m\u011bli v\u011bd\u011bt, ne\u017e se pust\u00edte do stavby zahradn\u00edho domku."}]},{"@type":"WebSite","@id":"https:\/\/janamozici.cz\/#website","url":"https:\/\/janamozici.cz\/","name":"Jana Mozici - Realitni makl\u00e9\u0159ka","description":"Realitn\u00ed makl\u00e9\u0159ka pro Chomutovsk\u00fd kraj","publisher":{"@id":"https:\/\/janamozici.cz\/#organization"},"potentialAction":[{"@type":"SearchAction","target":{"@type":"EntryPoint","urlTemplate":"https:\/\/janamozici.cz\/?s={search_term_string}"},"query-input":{"@type":"PropertyValueSpecification","valueRequired":true,"valueName":"search_term_string"}}],"inLanguage":"cs"},{"@type":"Organization","@id":"https:\/\/janamozici.cz\/#organization","name":"Jana Mozici - Realitni makl\u00e9\u0159ka","url":"https:\/\/janamozici.cz\/","logo":{"@type":"ImageObject","inLanguage":"cs","@id":"https:\/\/janamozici.cz\/#\/schema\/logo\/image\/","url":"https:\/\/d.r4.wbsprt.com\/janamozici.cz\/wp-content\/uploads\/2026\/07\/cropped-favicon.png","contentUrl":"https:\/\/d.r4.wbsprt.com\/janamozici.cz\/wp-content\/uploads\/2026\/07\/cropped-favicon.png","width":300,"height":300,"caption":"Jana Mozici - Realitni makl\u00e9\u0159ka"},"image":{"@id":"https:\/\/janamozici.cz\/#\/schema\/logo\/image\/"}},{"@type":"Person","@id":"https:\/\/janamozici.cz\/#\/schema\/person\/a0c8271995d3088e738ca636e0ae15e8","name":"pavelignacek","image":{"@type":"ImageObject","inLanguage":"cs","@id":"https:\/\/secure.gravatar.com\/avatar\/f1277ae3877a04db460fe45d0c550807b61b14883332acd3d3665c45a540a0c7?s=96&d=mm&r=g","url":"https:\/\/secure.gravatar.com\/avatar\/f1277ae3877a04db460fe45d0c550807b61b14883332acd3d3665c45a540a0c7?s=96&d=mm&r=g","contentUrl":"https:\/\/secure.gravatar.com\/avatar\/f1277ae3877a04db460fe45d0c550807b61b14883332acd3d3665c45a540a0c7?s=96&d=mm&r=g","caption":"pavelignacek"},"sameAs":["https:\/\/janamozici.cz"],"url":"https:\/\/d.r4.wbsprt.com\/janamozici.cz\/author\/pavelignacek\/"}]}},"_links":{"self":[{"href":"https:\/\/d.r4.wbsprt.com\/janamozici.cz\/wp-json\/wp\/v2\/posts\/876","targetHints":{"allow":["GET"]}}],"collection":[{"href":"https:\/\/d.r4.wbsprt.com\/janamozici.cz\/wp-json\/wp\/v2\/posts"}],"about":[{"href":"https:\/\/d.r4.wbsprt.com\/janamozici.cz\/wp-json\/wp\/v2\/types\/post"}],"author":[{"embeddable":true,"href":"https:\/\/d.r4.wbsprt.com\/janamozici.cz\/wp-json\/wp\/v2\/users\/1"}],"replies":[{"embeddable":true,"href":"https:\/\/d.r4.wbsprt.com\/janamozici.cz\/wp-json\/wp\/v2\/comments?post=876"}],"version-history":[{"count":1,"href":"https:\/\/d.r4.wbsprt.com\/janamozici.cz\/wp-json\/wp\/v2\/posts\/876\/revisions"}],"predecessor-version":[{"id":878,"href":"https:\/\/d.r4.wbsprt.com\/janamozici.cz\/wp-json\/wp\/v2\/posts\/876\/revisions\/878"}],"wp:featuredmedia":[{"embeddable":true,"href":"https:\/\/d.r4.wbsprt.com\/janamozici.cz\/wp-json\/wp\/v2\/media\/877"}],"wp:attachment":[{"href":"https:\/\/d.r4.wbsprt.com\/janamozici.cz\/wp-json\/wp\/v2\/media?parent=876"}],"wp:term":[{"taxonomy":"category","embeddable":true,"href":"https:\/\/d.r4.wbsprt.com\/janamozici.cz\/wp-json\/wp\/v2\/categories?post=876"},{"taxonomy":"post_tag","embeddable":true,"href":"https:\/\/d.r4.wbsprt.com\/janamozici.cz\/wp-json\/wp\/v2\/tags?post=876"}],"curies":[{"name":"wp","href":"https:\/\/api.w.org\/{rel}","templated":true}]}}