{"id":891,"date":"2021-09-29T16:44:00","date_gmt":"2021-09-29T14:44:00","guid":{"rendered":"https:\/\/d.r4.wbsprt.com\/janamozici.cz\/?p=891"},"modified":"2026-06-17T16:45:14","modified_gmt":"2026-06-17T14:45:14","slug":"kolik-let-budete-pracovat-na-porizeni-bytu","status":"publish","type":"post","link":"https:\/\/d.r4.wbsprt.com\/janamozici.cz\/kolik-let-budete-pracovat-na-porizeni-bytu\/","title":{"rendered":"Kolik let budete pracovat na po\u0159\u00edzen\u00ed bytu?"},"content":{"rendered":"\n<p class=\"wp-block-paragraph\">Po\u0159\u00edzen\u00ed bytu je n\u00e1kladnou investic\u00ed zejm\u00e9na v&nbsp;posledn\u00edch letech. Ceny nemovitost\u00ed rostou v&nbsp;Evrop\u011b i ve sv\u011bt\u011b. Zaj\u00edmav\u00fdm ukazatelem je cena za m<sup>2<\/sup>&nbsp;bytu v&nbsp;porovn\u00e1n\u00ed s&nbsp;pr\u016fm\u011brnou v\u00fd\u0161\u00ed platu v&nbsp;dan\u00e9 zemi. Ve kter\u00e9 evropsk\u00e9 zemi je bydlen\u00ed nejm\u00e9n\u011b dostupn\u00e9?<\/p>\n\n\n\n<h4 class=\"wp-block-heading\">Nejdra\u017e\u0161\u00ed bydlen\u00ed v Evrop\u011b<\/h4>\n\n\n\n<p class=\"wp-block-paragraph\">Ceny byt\u016f v&nbsp;\u010cesk\u00e9 republice jsou vysok\u00e9, m\u00e1me jedny z&nbsp;nejdra\u017e\u0161\u00edch byt\u016f v&nbsp;Evrop\u011b (porovn\u00e1n\u00ed za m<sup>2<\/sup>).<\/p>\n\n\n\n<p class=\"wp-block-paragraph\">Nejv\u00edce za m<sup>2<\/sup>&nbsp;bytu zaplat\u00edte v&nbsp;Rakousku, Francii, N\u011bmecku a Anglii. N\u00e1sleduje Holandsko, \u010cesk\u00e1 republika a Slovinsko. Nejni\u017e\u0161\u00ed ceny byt\u016f jsou v&nbsp;Bulharsku.<\/p>\n\n\n\n<p class=\"wp-block-paragraph\">Pokud bychom obr\u00e1tili pozornost k&nbsp;cen\u00e1m byt\u016f ve sv\u011bt\u011b, vysok\u00fd n\u00e1r\u016fst cen zaznamenaly nemovitosti v&nbsp;Kanad\u011b a v&nbsp;USA.<\/p>\n\n\n\n<p class=\"wp-block-paragraph\">Dle studi\u00ed vzrostly ceny byt\u016f ve vysp\u011bl\u00fdch ekonomik\u00e1ch za 10 let o v\u00edce ne\u017e 40 %.<\/p>\n\n\n\n<p class=\"wp-block-paragraph\">Cena bytu v\u0161ak nen\u00ed sama o sob\u011b ur\u010duj\u00edc\u00edm faktorem. Je t\u0159eba vzt\u00e1hnout po\u0159\u00edzen\u00ed bydlen\u00ed k&nbsp;finan\u010dn\u00edm prost\u0159edk\u016fm, kter\u00e9 maj\u00ed obyvatel\u00e9 k&nbsp;dispozici. Ukazatelem m\u016f\u017ee b\u00fdt v\u00fd\u0161e pr\u016fm\u011brn\u00e9ho platu a porovn\u00e1n\u00ed s&nbsp;cenou pr\u016fm\u011brn\u00e9ho bytu.<\/p>\n\n\n\n<h4 class=\"wp-block-heading\">V\u00fdvoj na evropsk\u00e9m realitn\u00edm trhu<\/h4>\n\n\n\n<p class=\"wp-block-paragraph\">Za minul\u00fd rok vzrostla cena bydlen\u00ed nejv\u00edce v&nbsp;Ma\u010farsku. Prudce rostly ceny bydlen\u00ed tak\u00e9 v&nbsp;N\u011bmecku a Holandsku. Vysok\u00fd n\u00e1r\u016fst cen zaznamenaly byty na Slovensku a v&nbsp;\u010cesk\u00e9 republice. K&nbsp;poklesu ceny byt\u016f do\u0161lo nap\u0159\u00edklad v&nbsp;Norsku.<\/p>\n\n\n\n<h4 class=\"wp-block-heading\">Z&nbsp;evropsk\u00fdch zem\u00ed je nejm\u00e9n\u011b dostupn\u00e9 bydlen\u00ed v&nbsp;Srbsku, n\u00e1sleduje \u010cR.<\/h4>\n\n\n\n<p class=\"wp-block-paragraph\">\u010cesk\u00e1 republika je na nelichotiv\u00fdch prvn\u00edch p\u0159\u00ed\u010dk\u00e1ch v&nbsp;nedostupnosti bydlen\u00ed. V&nbsp;na\u0161\u00ed zemi by dle indexu musel m\u00edt kupuj\u00edc\u00ed k&nbsp;dispozici asi 12 ro\u010dn\u00edch pr\u016fm\u011brn\u00fdch plat\u016f, aby dos\u00e1hl na vlastn\u00ed bydlen\u00ed. \u0160patnou situaci maj\u00ed dle ukazatele i na Slovensku, kde pot\u0159ebuj\u00ed t\u00e9m\u011b\u0159 jeden\u00e1ct pr\u016fm\u011brn\u00fdch ro\u010dn\u00edch plat\u016f k&nbsp;po\u0159\u00edzen\u00ed bytu. Nejl\u00e9pe se bydlen\u00ed po\u0159izuje Ir\u016fm a Belgi\u010dan\u016fm, ti pot\u0159ebuj\u00ed asi 3 ro\u010dn\u00ed platy.<\/p>\n\n\n\n<h4 class=\"wp-block-heading\">N\u00edzk\u00e9 sazby hypot\u00e9k tla\u010d\u00ed ceny nemovitost\u00ed vzh\u016fru<\/h4>\n\n\n\n<p class=\"wp-block-paragraph\">Jak v&nbsp;\u010cesk\u00e9 republice, tak na Slovensku je z\u00edsk\u00e1n\u00ed hypote\u010dn\u00edho \u00fav\u011bru pom\u011brn\u011b jednoduch\u00e9 a levn\u00e9. Cena \u00fav\u011bru se dlouhodob\u011b pohybuje pod hranic\u00ed inflace, to nahr\u00e1v\u00e1 n\u00e1kupu investi\u010dn\u00edch byt\u016f, kdy se hypote\u010dn\u00ed \u00fav\u011br spl\u00e1c\u00ed v\u00fdnosem z&nbsp;pron\u00e1jmu. T\u00edm tak\u00e9 kles\u00e1 po\u010det vhodn\u00fdch nemovitost\u00ed pro bydlen\u00ed.<\/p>\n\n\n\n<p class=\"wp-block-paragraph\">A\u010dkoliv v&nbsp;posledn\u00edch m\u011bs\u00edc\u00edch doch\u00e1z\u00ed k&nbsp;m\u00edrn\u00e9mu r\u016fstu \u00farokov\u00e9 sazby u hypote\u010dn\u00edch \u00fav\u011br\u016f, z\u00e1jem o hypot\u00e9ky nekles\u00e1. \u00darokov\u00e9 sazby hypote\u010dn\u00edch \u00fav\u011br\u016f se pohybuj\u00ed okolo 2,1 %, v\u00fdnos z&nbsp;investi\u010dn\u00edho bytu okolo 5 a\u017e 9 % ro\u010dn\u011b. To znamen\u00e1, \u017ee i v&nbsp;p\u0159\u00edpad\u011b po\u0159\u00edzen\u00ed investi\u010dn\u00edho bytu na hypote\u010dn\u00ed \u00fav\u011br realizuje investor nemal\u00fd zisk.<\/p>\n","protected":false},"excerpt":{"rendered":"<p>Po\u0159\u00edzen\u00ed bytu je n\u00e1kladnou investic\u00ed zejm\u00e9na v&nbsp;posledn\u00edch letech. Ceny nemovitost\u00ed rostou v&nbsp;Evrop\u011b i ve sv\u011bt\u011b. Zaj\u00edmav\u00fdm ukazatelem je cena za m2&nbsp;bytu v&nbsp;porovn\u00e1n\u00ed s&nbsp;pr\u016fm\u011brnou v\u00fd\u0161\u00ed platu v&nbsp;dan\u00e9 zemi. Ve kter\u00e9 evropsk\u00e9 zemi je bydlen\u00ed nejm\u00e9n\u011b dostupn\u00e9? Nejdra\u017e\u0161\u00ed bydlen\u00ed v Evrop\u011b Ceny byt\u016f v&nbsp;\u010cesk\u00e9 republice jsou vysok\u00e9, m\u00e1me jedny z&nbsp;nejdra\u017e\u0161\u00edch byt\u016f v&nbsp;Evrop\u011b (porovn\u00e1n\u00ed za m2). Nejv\u00edce za [&hellip;]<\/p>\n","protected":false},"author":1,"featured_media":892,"comment_status":"closed","ping_status":"closed","sticky":false,"template":"","format":"standard","meta":{"_acf_changed":false,"pgc_sgb_lightbox_settings":"","footnotes":""},"categories":[13],"tags":[],"class_list":["post-891","post","type-post","status-publish","format-standard","has-post-thumbnail","hentry","category-clanky"],"acf":[],"yoast_head":"<!-- This site is optimized with the Yoast SEO plugin v28.2 - https:\/\/yoast.com\/product\/yoast-seo-wordpress\/ -->\n<title>Kolik let budete pracovat na po\u0159\u00edzen\u00ed bytu? - Jana Mozici - Realitni makl\u00e9\u0159ka<\/title>\n<meta name=\"robots\" content=\"index, follow, max-snippet:-1, max-image-preview:large, max-video-preview:-1\" \/>\n<link rel=\"canonical\" href=\"https:\/\/janamozici.cz\/kolik-let-budete-pracovat-na-porizeni-bytu\/\" \/>\n<meta property=\"og:locale\" content=\"cs_CZ\" \/>\n<meta property=\"og:type\" content=\"article\" \/>\n<meta property=\"og:title\" content=\"Kolik let budete pracovat na po\u0159\u00edzen\u00ed bytu? - Jana Mozici - Realitni makl\u00e9\u0159ka\" \/>\n<meta property=\"og:description\" content=\"Po\u0159\u00edzen\u00ed bytu je n\u00e1kladnou investic\u00ed zejm\u00e9na v&nbsp;posledn\u00edch letech. Ceny nemovitost\u00ed rostou v&nbsp;Evrop\u011b i ve sv\u011bt\u011b. Zaj\u00edmav\u00fdm ukazatelem je cena za m2&nbsp;bytu v&nbsp;porovn\u00e1n\u00ed s&nbsp;pr\u016fm\u011brnou v\u00fd\u0161\u00ed platu v&nbsp;dan\u00e9 zemi. Ve kter\u00e9 evropsk\u00e9 zemi je bydlen\u00ed nejm\u00e9n\u011b dostupn\u00e9? Nejdra\u017e\u0161\u00ed bydlen\u00ed v Evrop\u011b Ceny byt\u016f v&nbsp;\u010cesk\u00e9 republice jsou vysok\u00e9, m\u00e1me jedny z&nbsp;nejdra\u017e\u0161\u00edch byt\u016f v&nbsp;Evrop\u011b (porovn\u00e1n\u00ed za m2). Nejv\u00edce za [&hellip;]\" \/>\n<meta property=\"og:url\" content=\"https:\/\/janamozici.cz\/kolik-let-budete-pracovat-na-porizeni-bytu\/\" \/>\n<meta property=\"og:site_name\" content=\"Jana Mozici - Realitni makl\u00e9\u0159ka\" \/>\n<meta property=\"article:published_time\" content=\"2021-09-29T14:44:00+00:00\" \/>\n<meta property=\"article:modified_time\" content=\"2026-06-17T14:45:14+00:00\" \/>\n<meta property=\"og:image\" content=\"https:\/\/janamozici.cz\/wp-content\/uploads\/2026\/06\/1564.jpg\" \/>\n\t<meta property=\"og:image:width\" content=\"994\" \/>\n\t<meta property=\"og:image:height\" content=\"794\" \/>\n\t<meta property=\"og:image:type\" content=\"image\/jpeg\" \/>\n<meta name=\"author\" content=\"pavelignacek\" \/>\n<meta name=\"twitter:card\" content=\"summary_large_image\" \/>\n<meta name=\"twitter:label1\" content=\"Napsal(a)\" \/>\n\t<meta name=\"twitter:data1\" content=\"pavelignacek\" \/>\n\t<meta name=\"twitter:label2\" content=\"Odhadovan\u00e1 doba \u010dten\u00ed\" \/>\n\t<meta name=\"twitter:data2\" content=\"3 minuty\" \/>\n<script type=\"application\/ld+json\" class=\"yoast-schema-graph\">{\"@context\":\"https:\\\/\\\/schema.org\",\"@graph\":[{\"@type\":\"Article\",\"@id\":\"https:\\\/\\\/janamozici.cz\\\/kolik-let-budete-pracovat-na-porizeni-bytu\\\/#article\",\"isPartOf\":{\"@id\":\"https:\\\/\\\/janamozici.cz\\\/kolik-let-budete-pracovat-na-porizeni-bytu\\\/\"},\"author\":{\"name\":\"pavelignacek\",\"@id\":\"https:\\\/\\\/janamozici.cz\\\/#\\\/schema\\\/person\\\/a0c8271995d3088e738ca636e0ae15e8\"},\"headline\":\"Kolik let budete pracovat na po\u0159\u00edzen\u00ed bytu?\",\"datePublished\":\"2021-09-29T14:44:00+00:00\",\"dateModified\":\"2026-06-17T14:45:14+00:00\",\"mainEntityOfPage\":{\"@id\":\"https:\\\/\\\/janamozici.cz\\\/kolik-let-budete-pracovat-na-porizeni-bytu\\\/\"},\"wordCount\":543,\"publisher\":{\"@id\":\"https:\\\/\\\/janamozici.cz\\\/#organization\"},\"image\":{\"@id\":\"https:\\\/\\\/janamozici.cz\\\/kolik-let-budete-pracovat-na-porizeni-bytu\\\/#primaryimage\"},\"thumbnailUrl\":\"https:\\\/\\\/d.r4.wbsprt.com\\\/janamozici.cz\\\/wp-content\\\/uploads\\\/2026\\\/06\\\/1564.jpg\",\"articleSection\":[\"\u010cL\u00c1NKY\"],\"inLanguage\":\"cs\"},{\"@type\":\"WebPage\",\"@id\":\"https:\\\/\\\/janamozici.cz\\\/kolik-let-budete-pracovat-na-porizeni-bytu\\\/\",\"url\":\"https:\\\/\\\/janamozici.cz\\\/kolik-let-budete-pracovat-na-porizeni-bytu\\\/\",\"name\":\"Kolik let budete pracovat na po\u0159\u00edzen\u00ed bytu? - Jana Mozici - Realitni makl\u00e9\u0159ka\",\"isPartOf\":{\"@id\":\"https:\\\/\\\/janamozici.cz\\\/#website\"},\"primaryImageOfPage\":{\"@id\":\"https:\\\/\\\/janamozici.cz\\\/kolik-let-budete-pracovat-na-porizeni-bytu\\\/#primaryimage\"},\"image\":{\"@id\":\"https:\\\/\\\/janamozici.cz\\\/kolik-let-budete-pracovat-na-porizeni-bytu\\\/#primaryimage\"},\"thumbnailUrl\":\"https:\\\/\\\/d.r4.wbsprt.com\\\/janamozici.cz\\\/wp-content\\\/uploads\\\/2026\\\/06\\\/1564.jpg\",\"datePublished\":\"2021-09-29T14:44:00+00:00\",\"dateModified\":\"2026-06-17T14:45:14+00:00\",\"breadcrumb\":{\"@id\":\"https:\\\/\\\/janamozici.cz\\\/kolik-let-budete-pracovat-na-porizeni-bytu\\\/#breadcrumb\"},\"inLanguage\":\"cs\",\"potentialAction\":[{\"@type\":\"ReadAction\",\"target\":[\"https:\\\/\\\/janamozici.cz\\\/kolik-let-budete-pracovat-na-porizeni-bytu\\\/\"]}]},{\"@type\":\"ImageObject\",\"inLanguage\":\"cs\",\"@id\":\"https:\\\/\\\/janamozici.cz\\\/kolik-let-budete-pracovat-na-porizeni-bytu\\\/#primaryimage\",\"url\":\"https:\\\/\\\/d.r4.wbsprt.com\\\/janamozici.cz\\\/wp-content\\\/uploads\\\/2026\\\/06\\\/1564.jpg\",\"contentUrl\":\"https:\\\/\\\/d.r4.wbsprt.com\\\/janamozici.cz\\\/wp-content\\\/uploads\\\/2026\\\/06\\\/1564.jpg\",\"width\":994,\"height\":794},{\"@type\":\"BreadcrumbList\",\"@id\":\"https:\\\/\\\/janamozici.cz\\\/kolik-let-budete-pracovat-na-porizeni-bytu\\\/#breadcrumb\",\"itemListElement\":[{\"@type\":\"ListItem\",\"position\":1,\"name\":\"Dom\u016f\",\"item\":\"https:\\\/\\\/janamozici.cz\\\/\"},{\"@type\":\"ListItem\",\"position\":2,\"name\":\"Kolik let budete pracovat na po\u0159\u00edzen\u00ed bytu?\"}]},{\"@type\":\"WebSite\",\"@id\":\"https:\\\/\\\/janamozici.cz\\\/#website\",\"url\":\"https:\\\/\\\/janamozici.cz\\\/\",\"name\":\"Jana Mozici - Realitni makl\u00e9\u0159ka\",\"description\":\"Realitn\u00ed makl\u00e9\u0159ka pro Chomutovsk\u00fd kraj\",\"publisher\":{\"@id\":\"https:\\\/\\\/janamozici.cz\\\/#organization\"},\"potentialAction\":[{\"@type\":\"SearchAction\",\"target\":{\"@type\":\"EntryPoint\",\"urlTemplate\":\"https:\\\/\\\/janamozici.cz\\\/?s={search_term_string}\"},\"query-input\":{\"@type\":\"PropertyValueSpecification\",\"valueRequired\":true,\"valueName\":\"search_term_string\"}}],\"inLanguage\":\"cs\"},{\"@type\":\"Organization\",\"@id\":\"https:\\\/\\\/janamozici.cz\\\/#organization\",\"name\":\"Jana Mozici - Realitni makl\u00e9\u0159ka\",\"url\":\"https:\\\/\\\/janamozici.cz\\\/\",\"logo\":{\"@type\":\"ImageObject\",\"inLanguage\":\"cs\",\"@id\":\"https:\\\/\\\/janamozici.cz\\\/#\\\/schema\\\/logo\\\/image\\\/\",\"url\":\"https:\\\/\\\/d.r4.wbsprt.com\\\/janamozici.cz\\\/wp-content\\\/uploads\\\/2026\\\/07\\\/cropped-favicon.png\",\"contentUrl\":\"https:\\\/\\\/d.r4.wbsprt.com\\\/janamozici.cz\\\/wp-content\\\/uploads\\\/2026\\\/07\\\/cropped-favicon.png\",\"width\":300,\"height\":300,\"caption\":\"Jana Mozici - Realitni makl\u00e9\u0159ka\"},\"image\":{\"@id\":\"https:\\\/\\\/janamozici.cz\\\/#\\\/schema\\\/logo\\\/image\\\/\"}},{\"@type\":\"Person\",\"@id\":\"https:\\\/\\\/janamozici.cz\\\/#\\\/schema\\\/person\\\/a0c8271995d3088e738ca636e0ae15e8\",\"name\":\"pavelignacek\",\"image\":{\"@type\":\"ImageObject\",\"inLanguage\":\"cs\",\"@id\":\"https:\\\/\\\/secure.gravatar.com\\\/avatar\\\/f1277ae3877a04db460fe45d0c550807b61b14883332acd3d3665c45a540a0c7?s=96&d=mm&r=g\",\"url\":\"https:\\\/\\\/secure.gravatar.com\\\/avatar\\\/f1277ae3877a04db460fe45d0c550807b61b14883332acd3d3665c45a540a0c7?s=96&d=mm&r=g\",\"contentUrl\":\"https:\\\/\\\/secure.gravatar.com\\\/avatar\\\/f1277ae3877a04db460fe45d0c550807b61b14883332acd3d3665c45a540a0c7?s=96&d=mm&r=g\",\"caption\":\"pavelignacek\"},\"sameAs\":[\"https:\\\/\\\/janamozici.cz\"],\"url\":\"https:\\\/\\\/d.r4.wbsprt.com\\\/janamozici.cz\\\/author\\\/pavelignacek\\\/\"}]}<\/script>\n<!-- \/ Yoast SEO plugin. -->","yoast_head_json":{"title":"Kolik let budete pracovat na po\u0159\u00edzen\u00ed bytu? - Jana Mozici - Realitni makl\u00e9\u0159ka","robots":{"index":"index","follow":"follow","max-snippet":"max-snippet:-1","max-image-preview":"max-image-preview:large","max-video-preview":"max-video-preview:-1"},"canonical":"https:\/\/janamozici.cz\/kolik-let-budete-pracovat-na-porizeni-bytu\/","og_locale":"cs_CZ","og_type":"article","og_title":"Kolik let budete pracovat na po\u0159\u00edzen\u00ed bytu? - Jana Mozici - Realitni makl\u00e9\u0159ka","og_description":"Po\u0159\u00edzen\u00ed bytu je n\u00e1kladnou investic\u00ed zejm\u00e9na v&nbsp;posledn\u00edch letech. Ceny nemovitost\u00ed rostou v&nbsp;Evrop\u011b i ve sv\u011bt\u011b. Zaj\u00edmav\u00fdm ukazatelem je cena za m2&nbsp;bytu v&nbsp;porovn\u00e1n\u00ed s&nbsp;pr\u016fm\u011brnou v\u00fd\u0161\u00ed platu v&nbsp;dan\u00e9 zemi. Ve kter\u00e9 evropsk\u00e9 zemi je bydlen\u00ed nejm\u00e9n\u011b dostupn\u00e9? Nejdra\u017e\u0161\u00ed bydlen\u00ed v Evrop\u011b Ceny byt\u016f v&nbsp;\u010cesk\u00e9 republice jsou vysok\u00e9, m\u00e1me jedny z&nbsp;nejdra\u017e\u0161\u00edch byt\u016f v&nbsp;Evrop\u011b (porovn\u00e1n\u00ed za m2). Nejv\u00edce za [&hellip;]","og_url":"https:\/\/janamozici.cz\/kolik-let-budete-pracovat-na-porizeni-bytu\/","og_site_name":"Jana Mozici - Realitni makl\u00e9\u0159ka","article_published_time":"2021-09-29T14:44:00+00:00","article_modified_time":"2026-06-17T14:45:14+00:00","og_image":[{"width":994,"height":794,"url":"https:\/\/janamozici.cz\/wp-content\/uploads\/2026\/06\/1564.jpg","type":"image\/jpeg"}],"author":"pavelignacek","twitter_card":"summary_large_image","twitter_misc":{"Napsal(a)":"pavelignacek","Odhadovan\u00e1 doba \u010dten\u00ed":"3 minuty"},"schema":{"@context":"https:\/\/schema.org","@graph":[{"@type":"Article","@id":"https:\/\/janamozici.cz\/kolik-let-budete-pracovat-na-porizeni-bytu\/#article","isPartOf":{"@id":"https:\/\/janamozici.cz\/kolik-let-budete-pracovat-na-porizeni-bytu\/"},"author":{"name":"pavelignacek","@id":"https:\/\/janamozici.cz\/#\/schema\/person\/a0c8271995d3088e738ca636e0ae15e8"},"headline":"Kolik let budete pracovat na po\u0159\u00edzen\u00ed bytu?","datePublished":"2021-09-29T14:44:00+00:00","dateModified":"2026-06-17T14:45:14+00:00","mainEntityOfPage":{"@id":"https:\/\/janamozici.cz\/kolik-let-budete-pracovat-na-porizeni-bytu\/"},"wordCount":543,"publisher":{"@id":"https:\/\/janamozici.cz\/#organization"},"image":{"@id":"https:\/\/janamozici.cz\/kolik-let-budete-pracovat-na-porizeni-bytu\/#primaryimage"},"thumbnailUrl":"https:\/\/d.r4.wbsprt.com\/janamozici.cz\/wp-content\/uploads\/2026\/06\/1564.jpg","articleSection":["\u010cL\u00c1NKY"],"inLanguage":"cs"},{"@type":"WebPage","@id":"https:\/\/janamozici.cz\/kolik-let-budete-pracovat-na-porizeni-bytu\/","url":"https:\/\/janamozici.cz\/kolik-let-budete-pracovat-na-porizeni-bytu\/","name":"Kolik let budete pracovat na po\u0159\u00edzen\u00ed bytu? - Jana Mozici - Realitni makl\u00e9\u0159ka","isPartOf":{"@id":"https:\/\/janamozici.cz\/#website"},"primaryImageOfPage":{"@id":"https:\/\/janamozici.cz\/kolik-let-budete-pracovat-na-porizeni-bytu\/#primaryimage"},"image":{"@id":"https:\/\/janamozici.cz\/kolik-let-budete-pracovat-na-porizeni-bytu\/#primaryimage"},"thumbnailUrl":"https:\/\/d.r4.wbsprt.com\/janamozici.cz\/wp-content\/uploads\/2026\/06\/1564.jpg","datePublished":"2021-09-29T14:44:00+00:00","dateModified":"2026-06-17T14:45:14+00:00","breadcrumb":{"@id":"https:\/\/janamozici.cz\/kolik-let-budete-pracovat-na-porizeni-bytu\/#breadcrumb"},"inLanguage":"cs","potentialAction":[{"@type":"ReadAction","target":["https:\/\/janamozici.cz\/kolik-let-budete-pracovat-na-porizeni-bytu\/"]}]},{"@type":"ImageObject","inLanguage":"cs","@id":"https:\/\/janamozici.cz\/kolik-let-budete-pracovat-na-porizeni-bytu\/#primaryimage","url":"https:\/\/d.r4.wbsprt.com\/janamozici.cz\/wp-content\/uploads\/2026\/06\/1564.jpg","contentUrl":"https:\/\/d.r4.wbsprt.com\/janamozici.cz\/wp-content\/uploads\/2026\/06\/1564.jpg","width":994,"height":794},{"@type":"BreadcrumbList","@id":"https:\/\/janamozici.cz\/kolik-let-budete-pracovat-na-porizeni-bytu\/#breadcrumb","itemListElement":[{"@type":"ListItem","position":1,"name":"Dom\u016f","item":"https:\/\/janamozici.cz\/"},{"@type":"ListItem","position":2,"name":"Kolik let budete pracovat na po\u0159\u00edzen\u00ed bytu?"}]},{"@type":"WebSite","@id":"https:\/\/janamozici.cz\/#website","url":"https:\/\/janamozici.cz\/","name":"Jana Mozici - Realitni makl\u00e9\u0159ka","description":"Realitn\u00ed makl\u00e9\u0159ka pro Chomutovsk\u00fd kraj","publisher":{"@id":"https:\/\/janamozici.cz\/#organization"},"potentialAction":[{"@type":"SearchAction","target":{"@type":"EntryPoint","urlTemplate":"https:\/\/janamozici.cz\/?s={search_term_string}"},"query-input":{"@type":"PropertyValueSpecification","valueRequired":true,"valueName":"search_term_string"}}],"inLanguage":"cs"},{"@type":"Organization","@id":"https:\/\/janamozici.cz\/#organization","name":"Jana Mozici - Realitni makl\u00e9\u0159ka","url":"https:\/\/janamozici.cz\/","logo":{"@type":"ImageObject","inLanguage":"cs","@id":"https:\/\/janamozici.cz\/#\/schema\/logo\/image\/","url":"https:\/\/d.r4.wbsprt.com\/janamozici.cz\/wp-content\/uploads\/2026\/07\/cropped-favicon.png","contentUrl":"https:\/\/d.r4.wbsprt.com\/janamozici.cz\/wp-content\/uploads\/2026\/07\/cropped-favicon.png","width":300,"height":300,"caption":"Jana Mozici - Realitni makl\u00e9\u0159ka"},"image":{"@id":"https:\/\/janamozici.cz\/#\/schema\/logo\/image\/"}},{"@type":"Person","@id":"https:\/\/janamozici.cz\/#\/schema\/person\/a0c8271995d3088e738ca636e0ae15e8","name":"pavelignacek","image":{"@type":"ImageObject","inLanguage":"cs","@id":"https:\/\/secure.gravatar.com\/avatar\/f1277ae3877a04db460fe45d0c550807b61b14883332acd3d3665c45a540a0c7?s=96&d=mm&r=g","url":"https:\/\/secure.gravatar.com\/avatar\/f1277ae3877a04db460fe45d0c550807b61b14883332acd3d3665c45a540a0c7?s=96&d=mm&r=g","contentUrl":"https:\/\/secure.gravatar.com\/avatar\/f1277ae3877a04db460fe45d0c550807b61b14883332acd3d3665c45a540a0c7?s=96&d=mm&r=g","caption":"pavelignacek"},"sameAs":["https:\/\/janamozici.cz"],"url":"https:\/\/d.r4.wbsprt.com\/janamozici.cz\/author\/pavelignacek\/"}]}},"_links":{"self":[{"href":"https:\/\/d.r4.wbsprt.com\/janamozici.cz\/wp-json\/wp\/v2\/posts\/891","targetHints":{"allow":["GET"]}}],"collection":[{"href":"https:\/\/d.r4.wbsprt.com\/janamozici.cz\/wp-json\/wp\/v2\/posts"}],"about":[{"href":"https:\/\/d.r4.wbsprt.com\/janamozici.cz\/wp-json\/wp\/v2\/types\/post"}],"author":[{"embeddable":true,"href":"https:\/\/d.r4.wbsprt.com\/janamozici.cz\/wp-json\/wp\/v2\/users\/1"}],"replies":[{"embeddable":true,"href":"https:\/\/d.r4.wbsprt.com\/janamozici.cz\/wp-json\/wp\/v2\/comments?post=891"}],"version-history":[{"count":1,"href":"https:\/\/d.r4.wbsprt.com\/janamozici.cz\/wp-json\/wp\/v2\/posts\/891\/revisions"}],"predecessor-version":[{"id":893,"href":"https:\/\/d.r4.wbsprt.com\/janamozici.cz\/wp-json\/wp\/v2\/posts\/891\/revisions\/893"}],"wp:featuredmedia":[{"embeddable":true,"href":"https:\/\/d.r4.wbsprt.com\/janamozici.cz\/wp-json\/wp\/v2\/media\/892"}],"wp:attachment":[{"href":"https:\/\/d.r4.wbsprt.com\/janamozici.cz\/wp-json\/wp\/v2\/media?parent=891"}],"wp:term":[{"taxonomy":"category","embeddable":true,"href":"https:\/\/d.r4.wbsprt.com\/janamozici.cz\/wp-json\/wp\/v2\/categories?post=891"},{"taxonomy":"post_tag","embeddable":true,"href":"https:\/\/d.r4.wbsprt.com\/janamozici.cz\/wp-json\/wp\/v2\/tags?post=891"}],"curies":[{"name":"wp","href":"https:\/\/api.w.org\/{rel}","templated":true}]}}