{"id":900,"date":"2021-12-29T16:49:00","date_gmt":"2021-12-29T15:49:00","guid":{"rendered":"https:\/\/d.r4.wbsprt.com\/janamozici.cz\/?p=900"},"modified":"2026-06-17T16:49:59","modified_gmt":"2026-06-17T14:49:59","slug":"mozna-jste-vlastnikem-domu-ktery-bude-zakazano-prodat-eu-chysta-zmenu","status":"publish","type":"post","link":"https:\/\/d.r4.wbsprt.com\/janamozici.cz\/mozna-jste-vlastnikem-domu-ktery-bude-zakazano-prodat-eu-chysta-zmenu\/","title":{"rendered":"Mo\u017en\u00e1 jste vlastn\u00edkem domu, kter\u00fd bude zak\u00e1z\u00e1no prodat. EU chyst\u00e1 zm\u011bnu"},"content":{"rendered":"\n<p class=\"wp-block-paragraph\">Zpr\u00e1vy o vysok\u00fdch cen\u00e1ch nemovitost\u00ed a nedostate\u010dn\u00e9 nab\u00eddky na trhu mohou b\u00fdt v&nbsp;budoucnu je\u0161t\u011b dramati\u010dt\u011bj\u0161\u00ed. EU chyst\u00e1 sm\u011brnici ohledn\u011b z\u00e1kazu prodeje budov, kter\u00e9 nespln\u00ed energetick\u00fd standard. Od roku 2030 se maj\u00ed stav\u011bt jen domy bez emis\u00ed.<\/p>\n\n\n\n<h4 class=\"wp-block-heading\">Renovujte nebo neprod\u00e1te<\/h4>\n\n\n\n<p class=\"wp-block-paragraph\">Star\u0161\u00ed domy se v\u017edy prod\u00e1valy h\u016f\u0159 ne\u017e domy po rekonstrukci. Na vin\u011b byla ale popt\u00e1vka, kdy nov\u00fd majitel musel zv\u00e1\u017eit n\u00e1klady, kter\u00e9 vy\u017eaduje d\u016fm na zateplen\u00ed fas\u00e1dy, novou st\u0159echu, v\u00fdm\u011bnu oken atp. Brzy m\u016f\u017ee hrozit, \u017ee d\u016fm bez rekonstrukce neprod\u00e1te v\u016fbec. Ne z&nbsp;d\u016fvodu n\u00edzk\u00e9 popt\u00e1vky, ale proto, \u017ee takov\u00fd prodej bude v\u00fdslovn\u011b zak\u00e1z\u00e1n. Dle chystan\u00e9 sm\u011brnice EU bude nez\u00e1konn\u00e9 prod\u00e1vat nebo pronaj\u00edmat nemovitosti, kter\u00e9 nemaj\u00ed minim\u00e1ln\u011b energetick\u00fd \u0161t\u00edtek E.<\/p>\n\n\n\n<h4 class=\"wp-block-heading\">Nedostatek nemovitost\u00ed na trhu<\/h4>\n\n\n\n<p class=\"wp-block-paragraph\">V\u00fdstavba nov\u00fdch byt\u016f a dom\u016f prob\u00edh\u00e1 mnohem pomalej\u0161\u00edm tempem, ne\u017e je touha osob po vlastn\u00edm bydlen\u00ed. Mal\u00fd po\u010det nemovitost\u00ed na trhu je jedn\u00edm z&nbsp;faktor\u016f, kter\u00e9 p\u0159isp\u00edvaj\u00ed k&nbsp;r\u016fstu cen nemovitost\u00ed. Brzy by mohla b\u00fdt situace je\u0161t\u011b hor\u0161\u00ed. Od roku 2027 nebude mo\u017en\u00e9 prodat nemovitost, kter\u00e1 nem\u00e1 energetick\u00fd \u0161t\u00edtek na \u00farovni E a vy\u0161\u0161\u00ed (sm\u011brnice se p\u0159ipravuje).<\/p>\n\n\n\n<p class=\"wp-block-paragraph\">St\u00e1ty, jako \u010cesk\u00e1 republika, kde je velk\u00fd pod\u00edl star\u0161\u00edch dom\u016f, by tak m\u011bly nab\u00eddku nemovitost\u00ed k&nbsp;prodeji je\u0161t\u011b v\u00edce omezenou. To by mohlo znamenat dal\u0161\u00ed r\u016fst cen u nemovitost\u00ed, kter\u00e9 uveden\u00fd energetick\u00fd standard spl\u0148uj\u00ed.&nbsp;<\/p>\n\n\n\n<h4 class=\"wp-block-heading\">EU chce podporovat zelenou v\u00fdstavbu<\/h4>\n\n\n\n<p class=\"wp-block-paragraph\">V&nbsp;p\u0159\u00edprav\u00e1ch je v&nbsp;t\u011bchto t\u00fddnech sm\u011brnice, kter\u00e1 \u0159\u00edk\u00e1, \u017ee ka\u017ed\u00fd st\u00e1t mus\u00ed stanovit minim\u00e1ln\u00ed standardy energetick\u00e9 n\u00e1ro\u010dnosti tak, aby motivoval majitele k&nbsp;renovaci star\u0161\u00edch budov. Krom\u011b pob\u00eddek a podpor, kter\u00e9 jsou p\u0159es evropsk\u00e9 programy vyps\u00e1ny a jsou pozitivn\u00ed motivac\u00ed, bude brzy platit i vzty\u010den\u00fd ukazov\u00e1\u010dek v&nbsp;podob\u011b z\u00e1kazu prodeje energeticky nehospod\u00e1rn\u00fdch budov.<\/p>\n\n\n\n<p class=\"wp-block-paragraph\">Dle n\u00e1vrhu by od roku 2027 nebylo mo\u017en\u00e9 prodat nemovitost s&nbsp;energetick\u00fdm \u0161t\u00edtkem F, od roku 2033 by nebylo mo\u017en\u00e9 prodat nemovitost s&nbsp;energetick\u00fdm \u0161t\u00edtkem D a hor\u0161\u00ed.<\/p>\n\n\n\n<h4 class=\"wp-block-heading\">Nulov\u00e9 emise do roku 2050<\/h4>\n\n\n\n<p class=\"wp-block-paragraph\">Sm\u011brnice je jedna z&nbsp;pil\u00ed\u0159\u016f pl\u00e1nu na dekarbonizaci budov. Do roku 2050 by se v&nbsp;EU m\u011blo bydlet pouze v&nbsp;budov\u00e1ch, kter\u00e9 maj\u00ed nulov\u00e9 emise. N\u00e1sleduj\u00edc\u00ed des\u00edtky let se maj\u00ed \u010dlensk\u00e9 st\u00e1ty EU zam\u011b\u0159it na vypracov\u00e1n\u00ed pl\u00e1n\u016f, jak podpo\u0159\u00ed renovaci budov a dos\u00e1hnou uhl\u00edkov\u011b neutr\u00e1ln\u00edho st\u00e1tu. Do roku 2027 bude platit, \u017ee jak\u00e1koliv nov\u00e1 v\u00fdstavba mus\u00ed b\u00fdt bezemisn\u00ed, jinak nez\u00edsk\u00e1 stavebn\u00ed povolen\u00ed.<\/p>\n\n\n\n<p class=\"wp-block-paragraph\">Pokud zva\u017eujete prodej nemovitosti, a\u0165 u\u017e z jak\u00e9hokoliv d\u016fvodu, pora\u010fte se o nejlep\u0161\u00edm postupu s profesion\u00e1ln\u00edm realitn\u00edm makl\u00e9\u0159em. Nebo\u0165 existuje mnoho mo\u017enost\u00ed a zp\u016fsob\u016f, jak prodat nemovitost a spr\u00e1vn\u00fd realitn\u00ed makl\u00e9\u0159 dob\u0159e v\u00ed, jak prodat t\u00edm nejlep\u0161\u00edm mo\u017en\u00fdm zp\u016fsobem.<\/p>\n","protected":false},"excerpt":{"rendered":"<p>Zpr\u00e1vy o vysok\u00fdch cen\u00e1ch nemovitost\u00ed a nedostate\u010dn\u00e9 nab\u00eddky na trhu mohou b\u00fdt v&nbsp;budoucnu je\u0161t\u011b dramati\u010dt\u011bj\u0161\u00ed. EU chyst\u00e1 sm\u011brnici ohledn\u011b z\u00e1kazu prodeje budov, kter\u00e9 nespln\u00ed energetick\u00fd standard. Od roku 2030 se maj\u00ed stav\u011bt jen domy bez emis\u00ed. Renovujte nebo neprod\u00e1te Star\u0161\u00ed domy se v\u017edy prod\u00e1valy h\u016f\u0159 ne\u017e domy po rekonstrukci. Na vin\u011b byla ale popt\u00e1vka, kdy [&hellip;]<\/p>\n","protected":false},"author":1,"featured_media":901,"comment_status":"closed","ping_status":"closed","sticky":false,"template":"","format":"standard","meta":{"_acf_changed":false,"pgc_sgb_lightbox_settings":"","footnotes":""},"categories":[13],"tags":[],"class_list":["post-900","post","type-post","status-publish","format-standard","has-post-thumbnail","hentry","category-clanky"],"acf":[],"yoast_head":"<!-- This site is optimized with the Yoast SEO plugin v28.2 - https:\/\/yoast.com\/product\/yoast-seo-wordpress\/ -->\n<title>Mo\u017en\u00e1 jste vlastn\u00edkem domu, kter\u00fd bude zak\u00e1z\u00e1no prodat. EU chyst\u00e1 zm\u011bnu - Jana Mozici - Realitni makl\u00e9\u0159ka<\/title>\n<meta name=\"robots\" content=\"index, follow, max-snippet:-1, max-image-preview:large, max-video-preview:-1\" \/>\n<link rel=\"canonical\" href=\"https:\/\/d.r4.wbsprt.com\/janamozici.cz\/mozna-jste-vlastnikem-domu-ktery-bude-zakazano-prodat-eu-chysta-zmenu\/\" \/>\n<meta property=\"og:locale\" content=\"cs_CZ\" \/>\n<meta property=\"og:type\" content=\"article\" \/>\n<meta property=\"og:title\" content=\"Mo\u017en\u00e1 jste vlastn\u00edkem domu, kter\u00fd bude zak\u00e1z\u00e1no prodat. EU chyst\u00e1 zm\u011bnu - Jana Mozici - Realitni makl\u00e9\u0159ka\" \/>\n<meta property=\"og:description\" content=\"Zpr\u00e1vy o vysok\u00fdch cen\u00e1ch nemovitost\u00ed a nedostate\u010dn\u00e9 nab\u00eddky na trhu mohou b\u00fdt v&nbsp;budoucnu je\u0161t\u011b dramati\u010dt\u011bj\u0161\u00ed. EU chyst\u00e1 sm\u011brnici ohledn\u011b z\u00e1kazu prodeje budov, kter\u00e9 nespln\u00ed energetick\u00fd standard. Od roku 2030 se maj\u00ed stav\u011bt jen domy bez emis\u00ed. Renovujte nebo neprod\u00e1te Star\u0161\u00ed domy se v\u017edy prod\u00e1valy h\u016f\u0159 ne\u017e domy po rekonstrukci. Na vin\u011b byla ale popt\u00e1vka, kdy [&hellip;]\" \/>\n<meta property=\"og:url\" content=\"https:\/\/d.r4.wbsprt.com\/janamozici.cz\/mozna-jste-vlastnikem-domu-ktery-bude-zakazano-prodat-eu-chysta-zmenu\/\" \/>\n<meta property=\"og:site_name\" content=\"Jana Mozici - Realitni makl\u00e9\u0159ka\" \/>\n<meta property=\"article:published_time\" content=\"2021-12-29T15:49:00+00:00\" \/>\n<meta property=\"article:modified_time\" content=\"2026-06-17T14:49:59+00:00\" \/>\n<meta property=\"og:image\" content=\"https:\/\/d.r4.wbsprt.com\/janamozici.cz\/wp-content\/uploads\/2026\/06\/1679.jpg\" \/>\n\t<meta property=\"og:image:width\" content=\"994\" \/>\n\t<meta property=\"og:image:height\" content=\"794\" \/>\n\t<meta property=\"og:image:type\" content=\"image\/jpeg\" \/>\n<meta name=\"author\" content=\"pavelignacek\" \/>\n<meta name=\"twitter:card\" content=\"summary_large_image\" \/>\n<meta name=\"twitter:label1\" content=\"Napsal(a)\" \/>\n\t<meta name=\"twitter:data1\" content=\"pavelignacek\" \/>\n\t<meta name=\"twitter:label2\" content=\"Odhadovan\u00e1 doba \u010dten\u00ed\" \/>\n\t<meta name=\"twitter:data2\" content=\"3 minuty\" \/>\n<script type=\"application\/ld+json\" class=\"yoast-schema-graph\">{\"@context\":\"https:\\\/\\\/schema.org\",\"@graph\":[{\"@type\":\"Article\",\"@id\":\"https:\\\/\\\/d.r4.wbsprt.com\\\/janamozici.cz\\\/mozna-jste-vlastnikem-domu-ktery-bude-zakazano-prodat-eu-chysta-zmenu\\\/#article\",\"isPartOf\":{\"@id\":\"https:\\\/\\\/d.r4.wbsprt.com\\\/janamozici.cz\\\/mozna-jste-vlastnikem-domu-ktery-bude-zakazano-prodat-eu-chysta-zmenu\\\/\"},\"author\":{\"name\":\"pavelignacek\",\"@id\":\"https:\\\/\\\/janamozici.cz\\\/#\\\/schema\\\/person\\\/a0c8271995d3088e738ca636e0ae15e8\"},\"headline\":\"Mo\u017en\u00e1 jste vlastn\u00edkem domu, kter\u00fd bude zak\u00e1z\u00e1no prodat. EU chyst\u00e1 zm\u011bnu\",\"datePublished\":\"2021-12-29T15:49:00+00:00\",\"dateModified\":\"2026-06-17T14:49:59+00:00\",\"mainEntityOfPage\":{\"@id\":\"https:\\\/\\\/d.r4.wbsprt.com\\\/janamozici.cz\\\/mozna-jste-vlastnikem-domu-ktery-bude-zakazano-prodat-eu-chysta-zmenu\\\/\"},\"wordCount\":551,\"publisher\":{\"@id\":\"https:\\\/\\\/janamozici.cz\\\/#organization\"},\"image\":{\"@id\":\"https:\\\/\\\/d.r4.wbsprt.com\\\/janamozici.cz\\\/mozna-jste-vlastnikem-domu-ktery-bude-zakazano-prodat-eu-chysta-zmenu\\\/#primaryimage\"},\"thumbnailUrl\":\"https:\\\/\\\/d.r4.wbsprt.com\\\/janamozici.cz\\\/wp-content\\\/uploads\\\/2026\\\/06\\\/1679.jpg\",\"articleSection\":[\"\u010cL\u00c1NKY\"],\"inLanguage\":\"cs\"},{\"@type\":\"WebPage\",\"@id\":\"https:\\\/\\\/d.r4.wbsprt.com\\\/janamozici.cz\\\/mozna-jste-vlastnikem-domu-ktery-bude-zakazano-prodat-eu-chysta-zmenu\\\/\",\"url\":\"https:\\\/\\\/d.r4.wbsprt.com\\\/janamozici.cz\\\/mozna-jste-vlastnikem-domu-ktery-bude-zakazano-prodat-eu-chysta-zmenu\\\/\",\"name\":\"Mo\u017en\u00e1 jste vlastn\u00edkem domu, kter\u00fd bude zak\u00e1z\u00e1no prodat. EU chyst\u00e1 zm\u011bnu - Jana Mozici - Realitni makl\u00e9\u0159ka\",\"isPartOf\":{\"@id\":\"https:\\\/\\\/janamozici.cz\\\/#website\"},\"primaryImageOfPage\":{\"@id\":\"https:\\\/\\\/d.r4.wbsprt.com\\\/janamozici.cz\\\/mozna-jste-vlastnikem-domu-ktery-bude-zakazano-prodat-eu-chysta-zmenu\\\/#primaryimage\"},\"image\":{\"@id\":\"https:\\\/\\\/d.r4.wbsprt.com\\\/janamozici.cz\\\/mozna-jste-vlastnikem-domu-ktery-bude-zakazano-prodat-eu-chysta-zmenu\\\/#primaryimage\"},\"thumbnailUrl\":\"https:\\\/\\\/d.r4.wbsprt.com\\\/janamozici.cz\\\/wp-content\\\/uploads\\\/2026\\\/06\\\/1679.jpg\",\"datePublished\":\"2021-12-29T15:49:00+00:00\",\"dateModified\":\"2026-06-17T14:49:59+00:00\",\"breadcrumb\":{\"@id\":\"https:\\\/\\\/d.r4.wbsprt.com\\\/janamozici.cz\\\/mozna-jste-vlastnikem-domu-ktery-bude-zakazano-prodat-eu-chysta-zmenu\\\/#breadcrumb\"},\"inLanguage\":\"cs\",\"potentialAction\":[{\"@type\":\"ReadAction\",\"target\":[\"https:\\\/\\\/d.r4.wbsprt.com\\\/janamozici.cz\\\/mozna-jste-vlastnikem-domu-ktery-bude-zakazano-prodat-eu-chysta-zmenu\\\/\"]}]},{\"@type\":\"ImageObject\",\"inLanguage\":\"cs\",\"@id\":\"https:\\\/\\\/d.r4.wbsprt.com\\\/janamozici.cz\\\/mozna-jste-vlastnikem-domu-ktery-bude-zakazano-prodat-eu-chysta-zmenu\\\/#primaryimage\",\"url\":\"https:\\\/\\\/d.r4.wbsprt.com\\\/janamozici.cz\\\/wp-content\\\/uploads\\\/2026\\\/06\\\/1679.jpg\",\"contentUrl\":\"https:\\\/\\\/d.r4.wbsprt.com\\\/janamozici.cz\\\/wp-content\\\/uploads\\\/2026\\\/06\\\/1679.jpg\",\"width\":994,\"height\":794},{\"@type\":\"BreadcrumbList\",\"@id\":\"https:\\\/\\\/d.r4.wbsprt.com\\\/janamozici.cz\\\/mozna-jste-vlastnikem-domu-ktery-bude-zakazano-prodat-eu-chysta-zmenu\\\/#breadcrumb\",\"itemListElement\":[{\"@type\":\"ListItem\",\"position\":1,\"name\":\"Dom\u016f\",\"item\":\"https:\\\/\\\/janamozici.cz\\\/\"},{\"@type\":\"ListItem\",\"position\":2,\"name\":\"Mo\u017en\u00e1 jste vlastn\u00edkem domu, kter\u00fd bude zak\u00e1z\u00e1no prodat. EU chyst\u00e1 zm\u011bnu\"}]},{\"@type\":\"WebSite\",\"@id\":\"https:\\\/\\\/janamozici.cz\\\/#website\",\"url\":\"https:\\\/\\\/janamozici.cz\\\/\",\"name\":\"Jana Mozici - Realitni makl\u00e9\u0159ka\",\"description\":\"Realitn\u00ed makl\u00e9\u0159ka pro Chomutovsk\u00fd kraj\",\"publisher\":{\"@id\":\"https:\\\/\\\/janamozici.cz\\\/#organization\"},\"potentialAction\":[{\"@type\":\"SearchAction\",\"target\":{\"@type\":\"EntryPoint\",\"urlTemplate\":\"https:\\\/\\\/janamozici.cz\\\/?s={search_term_string}\"},\"query-input\":{\"@type\":\"PropertyValueSpecification\",\"valueRequired\":true,\"valueName\":\"search_term_string\"}}],\"inLanguage\":\"cs\"},{\"@type\":\"Organization\",\"@id\":\"https:\\\/\\\/janamozici.cz\\\/#organization\",\"name\":\"Jana Mozici - Realitni makl\u00e9\u0159ka\",\"url\":\"https:\\\/\\\/janamozici.cz\\\/\",\"logo\":{\"@type\":\"ImageObject\",\"inLanguage\":\"cs\",\"@id\":\"https:\\\/\\\/janamozici.cz\\\/#\\\/schema\\\/logo\\\/image\\\/\",\"url\":\"https:\\\/\\\/d.r4.wbsprt.com\\\/janamozici.cz\\\/wp-content\\\/uploads\\\/2026\\\/07\\\/cropped-favicon.png\",\"contentUrl\":\"https:\\\/\\\/d.r4.wbsprt.com\\\/janamozici.cz\\\/wp-content\\\/uploads\\\/2026\\\/07\\\/cropped-favicon.png\",\"width\":300,\"height\":300,\"caption\":\"Jana Mozici - Realitni makl\u00e9\u0159ka\"},\"image\":{\"@id\":\"https:\\\/\\\/janamozici.cz\\\/#\\\/schema\\\/logo\\\/image\\\/\"}},{\"@type\":\"Person\",\"@id\":\"https:\\\/\\\/janamozici.cz\\\/#\\\/schema\\\/person\\\/a0c8271995d3088e738ca636e0ae15e8\",\"name\":\"pavelignacek\",\"image\":{\"@type\":\"ImageObject\",\"inLanguage\":\"cs\",\"@id\":\"https:\\\/\\\/secure.gravatar.com\\\/avatar\\\/f1277ae3877a04db460fe45d0c550807b61b14883332acd3d3665c45a540a0c7?s=96&d=mm&r=g\",\"url\":\"https:\\\/\\\/secure.gravatar.com\\\/avatar\\\/f1277ae3877a04db460fe45d0c550807b61b14883332acd3d3665c45a540a0c7?s=96&d=mm&r=g\",\"contentUrl\":\"https:\\\/\\\/secure.gravatar.com\\\/avatar\\\/f1277ae3877a04db460fe45d0c550807b61b14883332acd3d3665c45a540a0c7?s=96&d=mm&r=g\",\"caption\":\"pavelignacek\"},\"sameAs\":[\"https:\\\/\\\/janamozici.cz\"],\"url\":\"https:\\\/\\\/d.r4.wbsprt.com\\\/janamozici.cz\\\/author\\\/pavelignacek\\\/\"}]}<\/script>\n<!-- \/ Yoast SEO plugin. -->","yoast_head_json":{"title":"Mo\u017en\u00e1 jste vlastn\u00edkem domu, kter\u00fd bude zak\u00e1z\u00e1no prodat. EU chyst\u00e1 zm\u011bnu - Jana Mozici - Realitni makl\u00e9\u0159ka","robots":{"index":"index","follow":"follow","max-snippet":"max-snippet:-1","max-image-preview":"max-image-preview:large","max-video-preview":"max-video-preview:-1"},"canonical":"https:\/\/d.r4.wbsprt.com\/janamozici.cz\/mozna-jste-vlastnikem-domu-ktery-bude-zakazano-prodat-eu-chysta-zmenu\/","og_locale":"cs_CZ","og_type":"article","og_title":"Mo\u017en\u00e1 jste vlastn\u00edkem domu, kter\u00fd bude zak\u00e1z\u00e1no prodat. EU chyst\u00e1 zm\u011bnu - Jana Mozici - Realitni makl\u00e9\u0159ka","og_description":"Zpr\u00e1vy o vysok\u00fdch cen\u00e1ch nemovitost\u00ed a nedostate\u010dn\u00e9 nab\u00eddky na trhu mohou b\u00fdt v&nbsp;budoucnu je\u0161t\u011b dramati\u010dt\u011bj\u0161\u00ed. EU chyst\u00e1 sm\u011brnici ohledn\u011b z\u00e1kazu prodeje budov, kter\u00e9 nespln\u00ed energetick\u00fd standard. Od roku 2030 se maj\u00ed stav\u011bt jen domy bez emis\u00ed. Renovujte nebo neprod\u00e1te Star\u0161\u00ed domy se v\u017edy prod\u00e1valy h\u016f\u0159 ne\u017e domy po rekonstrukci. Na vin\u011b byla ale popt\u00e1vka, kdy [&hellip;]","og_url":"https:\/\/d.r4.wbsprt.com\/janamozici.cz\/mozna-jste-vlastnikem-domu-ktery-bude-zakazano-prodat-eu-chysta-zmenu\/","og_site_name":"Jana Mozici - Realitni makl\u00e9\u0159ka","article_published_time":"2021-12-29T15:49:00+00:00","article_modified_time":"2026-06-17T14:49:59+00:00","og_image":[{"width":994,"height":794,"url":"https:\/\/d.r4.wbsprt.com\/janamozici.cz\/wp-content\/uploads\/2026\/06\/1679.jpg","type":"image\/jpeg"}],"author":"pavelignacek","twitter_card":"summary_large_image","twitter_misc":{"Napsal(a)":"pavelignacek","Odhadovan\u00e1 doba \u010dten\u00ed":"3 minuty"},"schema":{"@context":"https:\/\/schema.org","@graph":[{"@type":"Article","@id":"https:\/\/d.r4.wbsprt.com\/janamozici.cz\/mozna-jste-vlastnikem-domu-ktery-bude-zakazano-prodat-eu-chysta-zmenu\/#article","isPartOf":{"@id":"https:\/\/d.r4.wbsprt.com\/janamozici.cz\/mozna-jste-vlastnikem-domu-ktery-bude-zakazano-prodat-eu-chysta-zmenu\/"},"author":{"name":"pavelignacek","@id":"https:\/\/janamozici.cz\/#\/schema\/person\/a0c8271995d3088e738ca636e0ae15e8"},"headline":"Mo\u017en\u00e1 jste vlastn\u00edkem domu, kter\u00fd bude zak\u00e1z\u00e1no prodat. EU chyst\u00e1 zm\u011bnu","datePublished":"2021-12-29T15:49:00+00:00","dateModified":"2026-06-17T14:49:59+00:00","mainEntityOfPage":{"@id":"https:\/\/d.r4.wbsprt.com\/janamozici.cz\/mozna-jste-vlastnikem-domu-ktery-bude-zakazano-prodat-eu-chysta-zmenu\/"},"wordCount":551,"publisher":{"@id":"https:\/\/janamozici.cz\/#organization"},"image":{"@id":"https:\/\/d.r4.wbsprt.com\/janamozici.cz\/mozna-jste-vlastnikem-domu-ktery-bude-zakazano-prodat-eu-chysta-zmenu\/#primaryimage"},"thumbnailUrl":"https:\/\/d.r4.wbsprt.com\/janamozici.cz\/wp-content\/uploads\/2026\/06\/1679.jpg","articleSection":["\u010cL\u00c1NKY"],"inLanguage":"cs"},{"@type":"WebPage","@id":"https:\/\/d.r4.wbsprt.com\/janamozici.cz\/mozna-jste-vlastnikem-domu-ktery-bude-zakazano-prodat-eu-chysta-zmenu\/","url":"https:\/\/d.r4.wbsprt.com\/janamozici.cz\/mozna-jste-vlastnikem-domu-ktery-bude-zakazano-prodat-eu-chysta-zmenu\/","name":"Mo\u017en\u00e1 jste vlastn\u00edkem domu, kter\u00fd bude zak\u00e1z\u00e1no prodat. EU chyst\u00e1 zm\u011bnu - Jana Mozici - Realitni makl\u00e9\u0159ka","isPartOf":{"@id":"https:\/\/janamozici.cz\/#website"},"primaryImageOfPage":{"@id":"https:\/\/d.r4.wbsprt.com\/janamozici.cz\/mozna-jste-vlastnikem-domu-ktery-bude-zakazano-prodat-eu-chysta-zmenu\/#primaryimage"},"image":{"@id":"https:\/\/d.r4.wbsprt.com\/janamozici.cz\/mozna-jste-vlastnikem-domu-ktery-bude-zakazano-prodat-eu-chysta-zmenu\/#primaryimage"},"thumbnailUrl":"https:\/\/d.r4.wbsprt.com\/janamozici.cz\/wp-content\/uploads\/2026\/06\/1679.jpg","datePublished":"2021-12-29T15:49:00+00:00","dateModified":"2026-06-17T14:49:59+00:00","breadcrumb":{"@id":"https:\/\/d.r4.wbsprt.com\/janamozici.cz\/mozna-jste-vlastnikem-domu-ktery-bude-zakazano-prodat-eu-chysta-zmenu\/#breadcrumb"},"inLanguage":"cs","potentialAction":[{"@type":"ReadAction","target":["https:\/\/d.r4.wbsprt.com\/janamozici.cz\/mozna-jste-vlastnikem-domu-ktery-bude-zakazano-prodat-eu-chysta-zmenu\/"]}]},{"@type":"ImageObject","inLanguage":"cs","@id":"https:\/\/d.r4.wbsprt.com\/janamozici.cz\/mozna-jste-vlastnikem-domu-ktery-bude-zakazano-prodat-eu-chysta-zmenu\/#primaryimage","url":"https:\/\/d.r4.wbsprt.com\/janamozici.cz\/wp-content\/uploads\/2026\/06\/1679.jpg","contentUrl":"https:\/\/d.r4.wbsprt.com\/janamozici.cz\/wp-content\/uploads\/2026\/06\/1679.jpg","width":994,"height":794},{"@type":"BreadcrumbList","@id":"https:\/\/d.r4.wbsprt.com\/janamozici.cz\/mozna-jste-vlastnikem-domu-ktery-bude-zakazano-prodat-eu-chysta-zmenu\/#breadcrumb","itemListElement":[{"@type":"ListItem","position":1,"name":"Dom\u016f","item":"https:\/\/janamozici.cz\/"},{"@type":"ListItem","position":2,"name":"Mo\u017en\u00e1 jste vlastn\u00edkem domu, kter\u00fd bude zak\u00e1z\u00e1no prodat. EU chyst\u00e1 zm\u011bnu"}]},{"@type":"WebSite","@id":"https:\/\/janamozici.cz\/#website","url":"https:\/\/janamozici.cz\/","name":"Jana Mozici - Realitni makl\u00e9\u0159ka","description":"Realitn\u00ed makl\u00e9\u0159ka pro Chomutovsk\u00fd kraj","publisher":{"@id":"https:\/\/janamozici.cz\/#organization"},"potentialAction":[{"@type":"SearchAction","target":{"@type":"EntryPoint","urlTemplate":"https:\/\/janamozici.cz\/?s={search_term_string}"},"query-input":{"@type":"PropertyValueSpecification","valueRequired":true,"valueName":"search_term_string"}}],"inLanguage":"cs"},{"@type":"Organization","@id":"https:\/\/janamozici.cz\/#organization","name":"Jana Mozici - Realitni makl\u00e9\u0159ka","url":"https:\/\/janamozici.cz\/","logo":{"@type":"ImageObject","inLanguage":"cs","@id":"https:\/\/janamozici.cz\/#\/schema\/logo\/image\/","url":"https:\/\/d.r4.wbsprt.com\/janamozici.cz\/wp-content\/uploads\/2026\/07\/cropped-favicon.png","contentUrl":"https:\/\/d.r4.wbsprt.com\/janamozici.cz\/wp-content\/uploads\/2026\/07\/cropped-favicon.png","width":300,"height":300,"caption":"Jana Mozici - Realitni makl\u00e9\u0159ka"},"image":{"@id":"https:\/\/janamozici.cz\/#\/schema\/logo\/image\/"}},{"@type":"Person","@id":"https:\/\/janamozici.cz\/#\/schema\/person\/a0c8271995d3088e738ca636e0ae15e8","name":"pavelignacek","image":{"@type":"ImageObject","inLanguage":"cs","@id":"https:\/\/secure.gravatar.com\/avatar\/f1277ae3877a04db460fe45d0c550807b61b14883332acd3d3665c45a540a0c7?s=96&d=mm&r=g","url":"https:\/\/secure.gravatar.com\/avatar\/f1277ae3877a04db460fe45d0c550807b61b14883332acd3d3665c45a540a0c7?s=96&d=mm&r=g","contentUrl":"https:\/\/secure.gravatar.com\/avatar\/f1277ae3877a04db460fe45d0c550807b61b14883332acd3d3665c45a540a0c7?s=96&d=mm&r=g","caption":"pavelignacek"},"sameAs":["https:\/\/janamozici.cz"],"url":"https:\/\/d.r4.wbsprt.com\/janamozici.cz\/author\/pavelignacek\/"}]}},"_links":{"self":[{"href":"https:\/\/d.r4.wbsprt.com\/janamozici.cz\/wp-json\/wp\/v2\/posts\/900","targetHints":{"allow":["GET"]}}],"collection":[{"href":"https:\/\/d.r4.wbsprt.com\/janamozici.cz\/wp-json\/wp\/v2\/posts"}],"about":[{"href":"https:\/\/d.r4.wbsprt.com\/janamozici.cz\/wp-json\/wp\/v2\/types\/post"}],"author":[{"embeddable":true,"href":"https:\/\/d.r4.wbsprt.com\/janamozici.cz\/wp-json\/wp\/v2\/users\/1"}],"replies":[{"embeddable":true,"href":"https:\/\/d.r4.wbsprt.com\/janamozici.cz\/wp-json\/wp\/v2\/comments?post=900"}],"version-history":[{"count":1,"href":"https:\/\/d.r4.wbsprt.com\/janamozici.cz\/wp-json\/wp\/v2\/posts\/900\/revisions"}],"predecessor-version":[{"id":902,"href":"https:\/\/d.r4.wbsprt.com\/janamozici.cz\/wp-json\/wp\/v2\/posts\/900\/revisions\/902"}],"wp:featuredmedia":[{"embeddable":true,"href":"https:\/\/d.r4.wbsprt.com\/janamozici.cz\/wp-json\/wp\/v2\/media\/901"}],"wp:attachment":[{"href":"https:\/\/d.r4.wbsprt.com\/janamozici.cz\/wp-json\/wp\/v2\/media?parent=900"}],"wp:term":[{"taxonomy":"category","embeddable":true,"href":"https:\/\/d.r4.wbsprt.com\/janamozici.cz\/wp-json\/wp\/v2\/categories?post=900"},{"taxonomy":"post_tag","embeddable":true,"href":"https:\/\/d.r4.wbsprt.com\/janamozici.cz\/wp-json\/wp\/v2\/tags?post=900"}],"curies":[{"name":"wp","href":"https:\/\/api.w.org\/{rel}","templated":true}]}}