{"id":903,"date":"2022-01-26T16:50:00","date_gmt":"2022-01-26T15:50:00","guid":{"rendered":"https:\/\/d.r4.wbsprt.com\/janamozici.cz\/?p=903"},"modified":"2026-06-17T16:52:52","modified_gmt":"2026-06-17T14:52:52","slug":"ceny-energii-a-ceny-nemovitosti","status":"publish","type":"post","link":"https:\/\/d.r4.wbsprt.com\/janamozici.cz\/ceny-energii-a-ceny-nemovitosti\/","title":{"rendered":"Ceny energi\u00ed a ceny nemovitost\u00ed"},"content":{"rendered":"\n<p class=\"wp-block-paragraph\">P\u00e1dy dodavatel\u016f energi\u00ed je\u0161t\u011b v\u00edce vynesly na sv\u011btlo neblahou skute\u010dnost. Zdra\u017eov\u00e1n\u00ed energi\u00ed se nelze vyhnout. Cena prim\u00e1rn\u00ed suroviny na burze vzrostla o des\u00edtky procent, do pen\u011b\u017eenky budou muset hloub\u011bji s\u00e1hnout dom\u00e1cnosti i podniky.&nbsp;<\/p>\n\n\n\n<h3 class=\"wp-block-heading\">Pro\u010d zdra\u017euj\u00ed energie<\/h3>\n\n\n\n<p class=\"wp-block-paragraph\">Ekonomika se po kovidov\u00fdch uz\u00e1v\u011brech a omezen\u00ed v\u00fdroby vrac\u00ed do norm\u00e1lu a podniky se sna\u017e\u00ed dohnat ztr\u00e1tu a splnit z\u00e1vazky. D\u016fsledkem je r\u016fst popt\u00e1vky a velk\u00fd objem odeb\u00edran\u00e9 energie. Z\u00e1rove\u0148 se zdra\u017eily emisn\u00ed povolenky, proto\u017ee se ekonomiky sna\u017e\u00ed p\u0159ej\u00edt na obnoviteln\u00e9 zdroje energie. Posledn\u00edm d\u016fvodem je z\u00e1jem na omezen\u00ed dod\u00e1vek zemn\u00edho plynu z&nbsp;Ruska.<\/p>\n\n\n\n<h3 class=\"wp-block-heading\">Jak p\u0159ej\u00edt k&nbsp;jin\u00e9mu dodavateli<\/h3>\n\n\n\n<p class=\"wp-block-paragraph\">Odstoupit od smlouvy a p\u0159ej\u00edt k&nbsp;jin\u00e9mu dodavateli m\u016f\u017eete dle podm\u00ednek, kter\u00e9 jsou definov\u00e1ny smlouvou. Pokud v\u00e1m dodavatel ozn\u00e1m\u00ed zv\u00fd\u0161en\u00ed ceny, m\u016f\u017eete odstoupit od smlouvy bez sankc\u00ed ve lh\u016ft\u011b nejpozd\u011bji 10 dn\u00ed p\u0159ed term\u00ednem za\u010d\u00e1tku platnosti nov\u00e9 ceny.<\/p>\n\n\n\n<h3 class=\"wp-block-heading\">Smlouvy o energi\u00edch za velkoobchodn\u00ed ceny<\/h3>\n\n\n\n<p class=\"wp-block-paragraph\">Dodavatel\u00e9 energi\u00ed dnes nab\u00edzej\u00ed smlouvy s&nbsp;takzvanou velkoobchodn\u00ed cenou. Cena je plovouc\u00ed a m\u011bn\u00ed se podle r\u016fstu a poklesu cen na burze. Odb\u011bratel si pak nem\u016f\u017ee b\u00fdt nikdy jist\u00fd m\u011bs\u00ed\u010dn\u00edmi n\u00e1klady na energie. Pokles na burze mu sice energie okam\u017eit\u011b zlevn\u00ed, ale r\u016fst energi\u00ed je naopak okam\u017eit\u011b zdra\u017e\u00ed. Predikce se klon\u00ed sp\u00ed\u0161e k&nbsp;budouc\u00edmu r\u016fstu cen, proto takov\u00e9 zn\u011bn\u00ed smluv m\u016f\u017ee b\u00fdt pro klienty rizikov\u00e9.&nbsp;<\/p>\n\n\n\n<h3 class=\"wp-block-heading\">Jak je na tom va\u0161e nemovitost?<\/h3>\n\n\n\n<p class=\"wp-block-paragraph\">Dnes se lid\u00e9 d\u00edvaj\u00ed na energetickou n\u00e1ro\u010dnost sv\u00e9ho domova v\u00edce ne\u017e kdy jindy. Zat\u00edmco \u00fa\u010dty za energie kupuj\u00edc\u00ed p\u0159ed lety p\u0159\u00edli\u0161 ne\u0159e\u0161ili, dnes je to jeden z&nbsp;kl\u00ed\u010dov\u00fdch ukazatel\u016f p\u0159i rozhodov\u00e1n\u00ed. Pokud m\u00e1te pocit, \u017ee va\u0161e nemovitost pat\u0159\u00ed k&nbsp;t\u011bm, kter\u00e9 v\u00e1s dnes \u010di v&nbsp;budoucnu v\u00fdznamn\u011b zat\u00ed\u017e\u00ed sv\u00fdmi n\u00e1klady na provoz, zva\u017ete jej\u00ed prodej a koupi jin\u00e9, nov\u011bj\u0161\u00ed, men\u0161\u00ed, energeticky m\u00e9n\u011b n\u00e1ro\u010dn\u00e9 nemovitosti.&nbsp;<\/p>\n\n\n\n<p class=\"wp-block-paragraph\">Jak takovou akci \u201ekulov\u00fd blesk\u201c prov\u00e9st, abyste prodali, z prodejn\u00ed ceny financovali novou nemovitost a z\u00e1rove\u0148 se jednodu\u0161e p\u0159est\u011bhovali? S&nbsp;t\u00edm v\u00e1m pom\u016f\u017ee profesion\u00e1ln\u00ed realitn\u00ed makl\u00e9\u0159. Pokud o takov\u00e9 zm\u011bn\u011b uva\u017eujete, ozv\u011bte se mi a m\u016f\u017eeme spole\u010dn\u011b probrat v\u0161echny mo\u017enosti.<\/p>\n","protected":false},"excerpt":{"rendered":"<p>P\u00e1dy dodavatel\u016f energi\u00ed je\u0161t\u011b v\u00edce vynesly na sv\u011btlo neblahou skute\u010dnost. Zdra\u017eov\u00e1n\u00ed energi\u00ed se nelze vyhnout. Cena prim\u00e1rn\u00ed suroviny na burze vzrostla o des\u00edtky procent, do pen\u011b\u017eenky budou muset hloub\u011bji s\u00e1hnout dom\u00e1cnosti i podniky.&nbsp; Pro\u010d zdra\u017euj\u00ed energie Ekonomika se po kovidov\u00fdch uz\u00e1v\u011brech a omezen\u00ed v\u00fdroby vrac\u00ed do norm\u00e1lu a podniky se sna\u017e\u00ed dohnat ztr\u00e1tu a splnit [&hellip;]<\/p>\n","protected":false},"author":1,"featured_media":904,"comment_status":"closed","ping_status":"closed","sticky":false,"template":"","format":"standard","meta":{"_acf_changed":false,"pgc_sgb_lightbox_settings":"","footnotes":""},"categories":[13],"tags":[],"class_list":["post-903","post","type-post","status-publish","format-standard","has-post-thumbnail","hentry","category-clanky"],"acf":[],"yoast_head":"<!-- This site is optimized with the Yoast SEO plugin v28.2 - https:\/\/yoast.com\/product\/yoast-seo-wordpress\/ -->\n<title>Ceny energi\u00ed a ceny nemovitost\u00ed - Jana Mozici - Realitni makl\u00e9\u0159ka<\/title>\n<meta name=\"robots\" content=\"index, follow, max-snippet:-1, max-image-preview:large, max-video-preview:-1\" \/>\n<link rel=\"canonical\" href=\"https:\/\/janamozici.cz\/ceny-energii-a-ceny-nemovitosti\/\" \/>\n<meta property=\"og:locale\" content=\"cs_CZ\" \/>\n<meta property=\"og:type\" content=\"article\" \/>\n<meta property=\"og:title\" content=\"Ceny energi\u00ed a ceny nemovitost\u00ed - Jana Mozici - Realitni makl\u00e9\u0159ka\" \/>\n<meta property=\"og:description\" content=\"P\u00e1dy dodavatel\u016f energi\u00ed je\u0161t\u011b v\u00edce vynesly na sv\u011btlo neblahou skute\u010dnost. Zdra\u017eov\u00e1n\u00ed energi\u00ed se nelze vyhnout. Cena prim\u00e1rn\u00ed suroviny na burze vzrostla o des\u00edtky procent, do pen\u011b\u017eenky budou muset hloub\u011bji s\u00e1hnout dom\u00e1cnosti i podniky.&nbsp; Pro\u010d zdra\u017euj\u00ed energie Ekonomika se po kovidov\u00fdch uz\u00e1v\u011brech a omezen\u00ed v\u00fdroby vrac\u00ed do norm\u00e1lu a podniky se sna\u017e\u00ed dohnat ztr\u00e1tu a splnit [&hellip;]\" \/>\n<meta property=\"og:url\" content=\"https:\/\/janamozici.cz\/ceny-energii-a-ceny-nemovitosti\/\" \/>\n<meta property=\"og:site_name\" content=\"Jana Mozici - Realitni makl\u00e9\u0159ka\" \/>\n<meta property=\"article:published_time\" content=\"2022-01-26T15:50:00+00:00\" \/>\n<meta property=\"article:modified_time\" content=\"2026-06-17T14:52:52+00:00\" \/>\n<meta property=\"og:image\" content=\"https:\/\/janamozici.cz\/wp-content\/uploads\/2026\/06\/1736.jpg\" \/>\n\t<meta property=\"og:image:width\" content=\"994\" \/>\n\t<meta property=\"og:image:height\" content=\"794\" \/>\n\t<meta property=\"og:image:type\" content=\"image\/jpeg\" \/>\n<meta name=\"author\" content=\"pavelignacek\" \/>\n<meta name=\"twitter:card\" content=\"summary_large_image\" \/>\n<meta name=\"twitter:label1\" content=\"Napsal(a)\" \/>\n\t<meta name=\"twitter:data1\" content=\"pavelignacek\" \/>\n\t<meta name=\"twitter:label2\" content=\"Odhadovan\u00e1 doba \u010dten\u00ed\" \/>\n\t<meta name=\"twitter:data2\" content=\"2 minuty\" \/>\n<script type=\"application\/ld+json\" class=\"yoast-schema-graph\">{\"@context\":\"https:\\\/\\\/schema.org\",\"@graph\":[{\"@type\":\"Article\",\"@id\":\"https:\\\/\\\/janamozici.cz\\\/ceny-energii-a-ceny-nemovitosti\\\/#article\",\"isPartOf\":{\"@id\":\"https:\\\/\\\/janamozici.cz\\\/ceny-energii-a-ceny-nemovitosti\\\/\"},\"author\":{\"name\":\"pavelignacek\",\"@id\":\"https:\\\/\\\/janamozici.cz\\\/#\\\/schema\\\/person\\\/a0c8271995d3088e738ca636e0ae15e8\"},\"headline\":\"Ceny energi\u00ed a ceny nemovitost\u00ed\",\"datePublished\":\"2022-01-26T15:50:00+00:00\",\"dateModified\":\"2026-06-17T14:52:52+00:00\",\"mainEntityOfPage\":{\"@id\":\"https:\\\/\\\/janamozici.cz\\\/ceny-energii-a-ceny-nemovitosti\\\/\"},\"wordCount\":447,\"publisher\":{\"@id\":\"https:\\\/\\\/janamozici.cz\\\/#organization\"},\"image\":{\"@id\":\"https:\\\/\\\/janamozici.cz\\\/ceny-energii-a-ceny-nemovitosti\\\/#primaryimage\"},\"thumbnailUrl\":\"https:\\\/\\\/d.r4.wbsprt.com\\\/janamozici.cz\\\/wp-content\\\/uploads\\\/2026\\\/06\\\/1736.jpg\",\"articleSection\":[\"\u010cL\u00c1NKY\"],\"inLanguage\":\"cs\"},{\"@type\":\"WebPage\",\"@id\":\"https:\\\/\\\/janamozici.cz\\\/ceny-energii-a-ceny-nemovitosti\\\/\",\"url\":\"https:\\\/\\\/janamozici.cz\\\/ceny-energii-a-ceny-nemovitosti\\\/\",\"name\":\"Ceny energi\u00ed a ceny nemovitost\u00ed - Jana Mozici - Realitni makl\u00e9\u0159ka\",\"isPartOf\":{\"@id\":\"https:\\\/\\\/janamozici.cz\\\/#website\"},\"primaryImageOfPage\":{\"@id\":\"https:\\\/\\\/janamozici.cz\\\/ceny-energii-a-ceny-nemovitosti\\\/#primaryimage\"},\"image\":{\"@id\":\"https:\\\/\\\/janamozici.cz\\\/ceny-energii-a-ceny-nemovitosti\\\/#primaryimage\"},\"thumbnailUrl\":\"https:\\\/\\\/d.r4.wbsprt.com\\\/janamozici.cz\\\/wp-content\\\/uploads\\\/2026\\\/06\\\/1736.jpg\",\"datePublished\":\"2022-01-26T15:50:00+00:00\",\"dateModified\":\"2026-06-17T14:52:52+00:00\",\"breadcrumb\":{\"@id\":\"https:\\\/\\\/janamozici.cz\\\/ceny-energii-a-ceny-nemovitosti\\\/#breadcrumb\"},\"inLanguage\":\"cs\",\"potentialAction\":[{\"@type\":\"ReadAction\",\"target\":[\"https:\\\/\\\/janamozici.cz\\\/ceny-energii-a-ceny-nemovitosti\\\/\"]}]},{\"@type\":\"ImageObject\",\"inLanguage\":\"cs\",\"@id\":\"https:\\\/\\\/janamozici.cz\\\/ceny-energii-a-ceny-nemovitosti\\\/#primaryimage\",\"url\":\"https:\\\/\\\/d.r4.wbsprt.com\\\/janamozici.cz\\\/wp-content\\\/uploads\\\/2026\\\/06\\\/1736.jpg\",\"contentUrl\":\"https:\\\/\\\/d.r4.wbsprt.com\\\/janamozici.cz\\\/wp-content\\\/uploads\\\/2026\\\/06\\\/1736.jpg\",\"width\":994,\"height\":794},{\"@type\":\"BreadcrumbList\",\"@id\":\"https:\\\/\\\/janamozici.cz\\\/ceny-energii-a-ceny-nemovitosti\\\/#breadcrumb\",\"itemListElement\":[{\"@type\":\"ListItem\",\"position\":1,\"name\":\"Dom\u016f\",\"item\":\"https:\\\/\\\/janamozici.cz\\\/\"},{\"@type\":\"ListItem\",\"position\":2,\"name\":\"Ceny energi\u00ed a ceny nemovitost\u00ed\"}]},{\"@type\":\"WebSite\",\"@id\":\"https:\\\/\\\/janamozici.cz\\\/#website\",\"url\":\"https:\\\/\\\/janamozici.cz\\\/\",\"name\":\"Jana Mozici - Realitni makl\u00e9\u0159ka\",\"description\":\"Realitn\u00ed makl\u00e9\u0159ka pro Chomutovsk\u00fd kraj\",\"publisher\":{\"@id\":\"https:\\\/\\\/janamozici.cz\\\/#organization\"},\"potentialAction\":[{\"@type\":\"SearchAction\",\"target\":{\"@type\":\"EntryPoint\",\"urlTemplate\":\"https:\\\/\\\/janamozici.cz\\\/?s={search_term_string}\"},\"query-input\":{\"@type\":\"PropertyValueSpecification\",\"valueRequired\":true,\"valueName\":\"search_term_string\"}}],\"inLanguage\":\"cs\"},{\"@type\":\"Organization\",\"@id\":\"https:\\\/\\\/janamozici.cz\\\/#organization\",\"name\":\"Jana Mozici - Realitni makl\u00e9\u0159ka\",\"url\":\"https:\\\/\\\/janamozici.cz\\\/\",\"logo\":{\"@type\":\"ImageObject\",\"inLanguage\":\"cs\",\"@id\":\"https:\\\/\\\/janamozici.cz\\\/#\\\/schema\\\/logo\\\/image\\\/\",\"url\":\"https:\\\/\\\/d.r4.wbsprt.com\\\/janamozici.cz\\\/wp-content\\\/uploads\\\/2026\\\/07\\\/cropped-favicon.png\",\"contentUrl\":\"https:\\\/\\\/d.r4.wbsprt.com\\\/janamozici.cz\\\/wp-content\\\/uploads\\\/2026\\\/07\\\/cropped-favicon.png\",\"width\":300,\"height\":300,\"caption\":\"Jana Mozici - Realitni makl\u00e9\u0159ka\"},\"image\":{\"@id\":\"https:\\\/\\\/janamozici.cz\\\/#\\\/schema\\\/logo\\\/image\\\/\"}},{\"@type\":\"Person\",\"@id\":\"https:\\\/\\\/janamozici.cz\\\/#\\\/schema\\\/person\\\/a0c8271995d3088e738ca636e0ae15e8\",\"name\":\"pavelignacek\",\"image\":{\"@type\":\"ImageObject\",\"inLanguage\":\"cs\",\"@id\":\"https:\\\/\\\/secure.gravatar.com\\\/avatar\\\/f1277ae3877a04db460fe45d0c550807b61b14883332acd3d3665c45a540a0c7?s=96&d=mm&r=g\",\"url\":\"https:\\\/\\\/secure.gravatar.com\\\/avatar\\\/f1277ae3877a04db460fe45d0c550807b61b14883332acd3d3665c45a540a0c7?s=96&d=mm&r=g\",\"contentUrl\":\"https:\\\/\\\/secure.gravatar.com\\\/avatar\\\/f1277ae3877a04db460fe45d0c550807b61b14883332acd3d3665c45a540a0c7?s=96&d=mm&r=g\",\"caption\":\"pavelignacek\"},\"sameAs\":[\"https:\\\/\\\/janamozici.cz\"],\"url\":\"https:\\\/\\\/d.r4.wbsprt.com\\\/janamozici.cz\\\/author\\\/pavelignacek\\\/\"}]}<\/script>\n<!-- \/ Yoast SEO plugin. -->","yoast_head_json":{"title":"Ceny energi\u00ed a ceny nemovitost\u00ed - Jana Mozici - Realitni makl\u00e9\u0159ka","robots":{"index":"index","follow":"follow","max-snippet":"max-snippet:-1","max-image-preview":"max-image-preview:large","max-video-preview":"max-video-preview:-1"},"canonical":"https:\/\/janamozici.cz\/ceny-energii-a-ceny-nemovitosti\/","og_locale":"cs_CZ","og_type":"article","og_title":"Ceny energi\u00ed a ceny nemovitost\u00ed - Jana Mozici - Realitni makl\u00e9\u0159ka","og_description":"P\u00e1dy dodavatel\u016f energi\u00ed je\u0161t\u011b v\u00edce vynesly na sv\u011btlo neblahou skute\u010dnost. Zdra\u017eov\u00e1n\u00ed energi\u00ed se nelze vyhnout. Cena prim\u00e1rn\u00ed suroviny na burze vzrostla o des\u00edtky procent, do pen\u011b\u017eenky budou muset hloub\u011bji s\u00e1hnout dom\u00e1cnosti i podniky.&nbsp; Pro\u010d zdra\u017euj\u00ed energie Ekonomika se po kovidov\u00fdch uz\u00e1v\u011brech a omezen\u00ed v\u00fdroby vrac\u00ed do norm\u00e1lu a podniky se sna\u017e\u00ed dohnat ztr\u00e1tu a splnit [&hellip;]","og_url":"https:\/\/janamozici.cz\/ceny-energii-a-ceny-nemovitosti\/","og_site_name":"Jana Mozici - Realitni makl\u00e9\u0159ka","article_published_time":"2022-01-26T15:50:00+00:00","article_modified_time":"2026-06-17T14:52:52+00:00","og_image":[{"width":994,"height":794,"url":"https:\/\/janamozici.cz\/wp-content\/uploads\/2026\/06\/1736.jpg","type":"image\/jpeg"}],"author":"pavelignacek","twitter_card":"summary_large_image","twitter_misc":{"Napsal(a)":"pavelignacek","Odhadovan\u00e1 doba \u010dten\u00ed":"2 minuty"},"schema":{"@context":"https:\/\/schema.org","@graph":[{"@type":"Article","@id":"https:\/\/janamozici.cz\/ceny-energii-a-ceny-nemovitosti\/#article","isPartOf":{"@id":"https:\/\/janamozici.cz\/ceny-energii-a-ceny-nemovitosti\/"},"author":{"name":"pavelignacek","@id":"https:\/\/janamozici.cz\/#\/schema\/person\/a0c8271995d3088e738ca636e0ae15e8"},"headline":"Ceny energi\u00ed a ceny nemovitost\u00ed","datePublished":"2022-01-26T15:50:00+00:00","dateModified":"2026-06-17T14:52:52+00:00","mainEntityOfPage":{"@id":"https:\/\/janamozici.cz\/ceny-energii-a-ceny-nemovitosti\/"},"wordCount":447,"publisher":{"@id":"https:\/\/janamozici.cz\/#organization"},"image":{"@id":"https:\/\/janamozici.cz\/ceny-energii-a-ceny-nemovitosti\/#primaryimage"},"thumbnailUrl":"https:\/\/d.r4.wbsprt.com\/janamozici.cz\/wp-content\/uploads\/2026\/06\/1736.jpg","articleSection":["\u010cL\u00c1NKY"],"inLanguage":"cs"},{"@type":"WebPage","@id":"https:\/\/janamozici.cz\/ceny-energii-a-ceny-nemovitosti\/","url":"https:\/\/janamozici.cz\/ceny-energii-a-ceny-nemovitosti\/","name":"Ceny energi\u00ed a ceny nemovitost\u00ed - Jana Mozici - Realitni makl\u00e9\u0159ka","isPartOf":{"@id":"https:\/\/janamozici.cz\/#website"},"primaryImageOfPage":{"@id":"https:\/\/janamozici.cz\/ceny-energii-a-ceny-nemovitosti\/#primaryimage"},"image":{"@id":"https:\/\/janamozici.cz\/ceny-energii-a-ceny-nemovitosti\/#primaryimage"},"thumbnailUrl":"https:\/\/d.r4.wbsprt.com\/janamozici.cz\/wp-content\/uploads\/2026\/06\/1736.jpg","datePublished":"2022-01-26T15:50:00+00:00","dateModified":"2026-06-17T14:52:52+00:00","breadcrumb":{"@id":"https:\/\/janamozici.cz\/ceny-energii-a-ceny-nemovitosti\/#breadcrumb"},"inLanguage":"cs","potentialAction":[{"@type":"ReadAction","target":["https:\/\/janamozici.cz\/ceny-energii-a-ceny-nemovitosti\/"]}]},{"@type":"ImageObject","inLanguage":"cs","@id":"https:\/\/janamozici.cz\/ceny-energii-a-ceny-nemovitosti\/#primaryimage","url":"https:\/\/d.r4.wbsprt.com\/janamozici.cz\/wp-content\/uploads\/2026\/06\/1736.jpg","contentUrl":"https:\/\/d.r4.wbsprt.com\/janamozici.cz\/wp-content\/uploads\/2026\/06\/1736.jpg","width":994,"height":794},{"@type":"BreadcrumbList","@id":"https:\/\/janamozici.cz\/ceny-energii-a-ceny-nemovitosti\/#breadcrumb","itemListElement":[{"@type":"ListItem","position":1,"name":"Dom\u016f","item":"https:\/\/janamozici.cz\/"},{"@type":"ListItem","position":2,"name":"Ceny energi\u00ed a ceny nemovitost\u00ed"}]},{"@type":"WebSite","@id":"https:\/\/janamozici.cz\/#website","url":"https:\/\/janamozici.cz\/","name":"Jana Mozici - Realitni makl\u00e9\u0159ka","description":"Realitn\u00ed makl\u00e9\u0159ka pro Chomutovsk\u00fd kraj","publisher":{"@id":"https:\/\/janamozici.cz\/#organization"},"potentialAction":[{"@type":"SearchAction","target":{"@type":"EntryPoint","urlTemplate":"https:\/\/janamozici.cz\/?s={search_term_string}"},"query-input":{"@type":"PropertyValueSpecification","valueRequired":true,"valueName":"search_term_string"}}],"inLanguage":"cs"},{"@type":"Organization","@id":"https:\/\/janamozici.cz\/#organization","name":"Jana Mozici - Realitni makl\u00e9\u0159ka","url":"https:\/\/janamozici.cz\/","logo":{"@type":"ImageObject","inLanguage":"cs","@id":"https:\/\/janamozici.cz\/#\/schema\/logo\/image\/","url":"https:\/\/d.r4.wbsprt.com\/janamozici.cz\/wp-content\/uploads\/2026\/07\/cropped-favicon.png","contentUrl":"https:\/\/d.r4.wbsprt.com\/janamozici.cz\/wp-content\/uploads\/2026\/07\/cropped-favicon.png","width":300,"height":300,"caption":"Jana Mozici - Realitni makl\u00e9\u0159ka"},"image":{"@id":"https:\/\/janamozici.cz\/#\/schema\/logo\/image\/"}},{"@type":"Person","@id":"https:\/\/janamozici.cz\/#\/schema\/person\/a0c8271995d3088e738ca636e0ae15e8","name":"pavelignacek","image":{"@type":"ImageObject","inLanguage":"cs","@id":"https:\/\/secure.gravatar.com\/avatar\/f1277ae3877a04db460fe45d0c550807b61b14883332acd3d3665c45a540a0c7?s=96&d=mm&r=g","url":"https:\/\/secure.gravatar.com\/avatar\/f1277ae3877a04db460fe45d0c550807b61b14883332acd3d3665c45a540a0c7?s=96&d=mm&r=g","contentUrl":"https:\/\/secure.gravatar.com\/avatar\/f1277ae3877a04db460fe45d0c550807b61b14883332acd3d3665c45a540a0c7?s=96&d=mm&r=g","caption":"pavelignacek"},"sameAs":["https:\/\/janamozici.cz"],"url":"https:\/\/d.r4.wbsprt.com\/janamozici.cz\/author\/pavelignacek\/"}]}},"_links":{"self":[{"href":"https:\/\/d.r4.wbsprt.com\/janamozici.cz\/wp-json\/wp\/v2\/posts\/903","targetHints":{"allow":["GET"]}}],"collection":[{"href":"https:\/\/d.r4.wbsprt.com\/janamozici.cz\/wp-json\/wp\/v2\/posts"}],"about":[{"href":"https:\/\/d.r4.wbsprt.com\/janamozici.cz\/wp-json\/wp\/v2\/types\/post"}],"author":[{"embeddable":true,"href":"https:\/\/d.r4.wbsprt.com\/janamozici.cz\/wp-json\/wp\/v2\/users\/1"}],"replies":[{"embeddable":true,"href":"https:\/\/d.r4.wbsprt.com\/janamozici.cz\/wp-json\/wp\/v2\/comments?post=903"}],"version-history":[{"count":1,"href":"https:\/\/d.r4.wbsprt.com\/janamozici.cz\/wp-json\/wp\/v2\/posts\/903\/revisions"}],"predecessor-version":[{"id":905,"href":"https:\/\/d.r4.wbsprt.com\/janamozici.cz\/wp-json\/wp\/v2\/posts\/903\/revisions\/905"}],"wp:featuredmedia":[{"embeddable":true,"href":"https:\/\/d.r4.wbsprt.com\/janamozici.cz\/wp-json\/wp\/v2\/media\/904"}],"wp:attachment":[{"href":"https:\/\/d.r4.wbsprt.com\/janamozici.cz\/wp-json\/wp\/v2\/media?parent=903"}],"wp:term":[{"taxonomy":"category","embeddable":true,"href":"https:\/\/d.r4.wbsprt.com\/janamozici.cz\/wp-json\/wp\/v2\/categories?post=903"},{"taxonomy":"post_tag","embeddable":true,"href":"https:\/\/d.r4.wbsprt.com\/janamozici.cz\/wp-json\/wp\/v2\/tags?post=903"}],"curies":[{"name":"wp","href":"https:\/\/api.w.org\/{rel}","templated":true}]}}