{"id":924,"date":"2022-09-02T17:01:00","date_gmt":"2022-09-02T15:01:00","guid":{"rendered":"https:\/\/d.r4.wbsprt.com\/janamozici.cz\/?p=924"},"modified":"2026-06-17T17:02:39","modified_gmt":"2026-06-17T15:02:39","slug":"jake-jsou-vyhody-bydleni-v-pronajmu-a-proc-je-znat","status":"publish","type":"post","link":"https:\/\/d.r4.wbsprt.com\/janamozici.cz\/jake-jsou-vyhody-bydleni-v-pronajmu-a-proc-je-znat\/","title":{"rendered":"Jak\u00e9 jsou v\u00fdhody bydlen\u00ed v\u00a0pron\u00e1jmu a pro\u010d je zn\u00e1t?"},"content":{"rendered":"\n<p class=\"wp-block-paragraph\">Rodinn\u00fd d\u016fm s&nbsp;malou zahr\u00e1dkou a baz\u00e9nem, v&nbsp;klidn\u00e9 \u010d\u00e1sti a bl\u00edzko m\u011bsta. P\u0159esn\u011b takov\u00fd sen m\u00e1 v\u011bt\u0161ina \u010cech\u016f. Sou\u010dasn\u00e1 situace ale napov\u00edd\u00e1, \u017ee si sen nebudou moci splnit, pokud si nemovitost nepronajmou. Pro\u010d ne? Bydlen\u00ed v&nbsp;n\u00e1jmu m\u00e1 nespo\u010det v\u00fdhod.<\/p>\n\n\n\n<h3 class=\"wp-block-heading\">Bydlen\u00ed v pron\u00e1jmu trendem<strong><\/strong><\/h3>\n\n\n\n<p class=\"wp-block-paragraph\">\u0158ada sign\u00e1l\u016f napov\u00edd\u00e1, \u017ee ceny nemovitost\u00ed budou m\u00edrn\u011b ochlazovat a hypote\u010dn\u00ed \u00fav\u011bry zdra\u017eovat. Z\u00e1rove\u0148 rostou \u017eivotn\u00ed n\u00e1klady. Cesta k&nbsp;vlastn\u00edmu bydlen\u00ed se uzav\u00edr\u00e1 st\u00e1le v\u011bt\u0161\u00edmu po\u010dtu lid\u00ed a ti popt\u00e1vku obracej\u00ed k&nbsp;nemovitostem k&nbsp;pron\u00e1jmu.<br>Od za\u010d\u00e1tku roku stoupla v&nbsp;n\u011bkter\u00fdch regionech popt\u00e1vka po pron\u00e1jmu a\u017e dvojn\u00e1sobn\u011b.<br>Sou\u010dasn\u011b se z\u00e1jmem o pron\u00e1jmy roste cena. Je z\u0159ejm\u00e9, \u017ee bude ve spole\u010dnosti p\u0159ib\u00fdvat t\u011bch, kte\u0159\u00ed dlouhodob\u011b bydl\u00ed v&nbsp;pronajat\u00e9 nemovitosti. Brzy se zbav\u00edme p\u0159edsudk\u016f, \u017ee n\u00e1jem je do\u010dasn\u00e9 a nevyhovuj\u00edc\u00ed \u0159e\u0161en\u00ed. Bydlen\u00ed v&nbsp;n\u00e1jmu m\u00e1 celou \u0159adu v\u00fdhod.<\/p>\n\n\n\n<h3 class=\"wp-block-heading\">Pron\u00e1jem je nez\u00e1vazn\u00fd<strong><\/strong><\/h3>\n\n\n\n<p class=\"wp-block-paragraph\">Pron\u00e1jem v\u00e1m d\u00e1v\u00e1 mo\u017enost byt nebo d\u016fm relativn\u011b brzy opustit a uzav\u0159\u00edt n\u00e1jemn\u00ed smlouvu jinde. To p\u0159esn\u011b kop\u00edruje zm\u011bny v&nbsp;\u017eivot\u011b. Nejprve pot\u0159ebujete mal\u00fd byt, pro rodinu se hod\u00ed velk\u00fd d\u016fm a v&nbsp;d\u016fchodov\u00e9m v\u011bku uv\u00edt\u00e1te men\u0161\u00ed p\u0159\u00edzemn\u00ed domek. To v\u0161e m\u016f\u017eete m\u00edt bez z\u00e1vazk\u016f. Snadno se p\u0159est\u011bhujete, kdy\u017e v\u00e1m nebudou vyhovovat soused\u00e9, jednodu\u0161e zm\u011bn\u00edte adresu, jakmile dostanete lep\u0161\u00ed pracovn\u00ed nab\u00eddku. Nebudete v\u00e1z\u00e1ni povinnost\u00ed z\u016fst\u00e1vat na jednom m\u00edst\u011b, v\u00e1\u0161 \u017eivot bude mnohem svobodn\u011bj\u0161\u00ed. Otev\u00edraj\u00ed se v\u00e1m v\u011bt\u0161\u00ed mo\u017enosti cestov\u00e1n\u00ed jak v&nbsp;osobn\u00edm \u017eivot\u011b tak p\u0159i cestov\u00e1n\u00ed za prac\u00ed.<\/p>\n\n\n\n<h3 class=\"wp-block-heading\">Pron\u00e1jmy jsou levn\u011bj\u0161\u00ed<\/h3>\n\n\n\n<p class=\"wp-block-paragraph\">Bydlen\u00ed v&nbsp;pron\u00e1jmu je v\u00fdrazn\u011b levn\u011bj\u0161\u00ed ne\u017e bydlen\u00ed ve vlastn\u00ed nemovitosti. A\u010dkoliv se m\u016f\u017ee v&nbsp;n\u011bkter\u00fdch regionech zd\u00e1t, \u017ee se v\u00fd\u0161e spl\u00e1tky hypot\u00e9ky vyrovn\u00e1 s&nbsp;cenou pron\u00e1jmu, je t\u0159eba zapo\u010d\u00edtat dal\u0161\u00ed n\u00e1klady. N\u00e1klady na poji\u0161t\u011bn\u00ed, fondy oprav, ale p\u0159edev\u0161\u00edm nutn\u00e9 investice spojen\u00e9 s&nbsp;\u00fadr\u017ebou bytu nebo domu. Ty v&nbsp;pr\u016fb\u011bhu let nar\u016fstaj\u00ed na stovky tis\u00edc.<\/p>\n\n\n\n<h3 class=\"wp-block-heading\">Bez rizika ztr\u00e1ty hodnoty<strong><\/strong><\/h3>\n\n\n\n<p class=\"wp-block-paragraph\">Investice do nemovitost\u00ed je pova\u017eov\u00e1na za bezpe\u010dnou investici, ale m\u00e1te skute\u010dn\u011b z\u00e1ruku, \u017ee ceny nad\u00e1le porostou? Co kdy\u017e dnes koup\u00edte byt a vypln\u00ed se \u010dern\u00e9 sc\u00e9n\u00e1\u0159e o nadhodnocen\u00fdch prodejn\u00edch cen\u00e1ch a realitn\u00ed bublin\u011b? Co kdy\u017e to budete pr\u00e1v\u011b vy, kdo koup\u00ed byt, kter\u00fd bude m\u00edt za dva roky polovi\u010dn\u00ed hodnotu? V&nbsp;pron\u00e1jmu takov\u00e9 riziko nepodstoup\u00edte.<br><br>V&nbsp;rozvinut\u00fdch zem\u00edch p\u0159eva\u017euje bydlen\u00ed v&nbsp;pron\u00e1jmu, d\u00e1v\u00e1 lidem volnost, p\u0159isp\u00edv\u00e1 k&nbsp;lep\u0161\u00edmu uplatn\u011bn\u00ed na pracovn\u00edm trhu. Brzy se k&nbsp;rozvinut\u00fdm zem\u00edm p\u0159id\u00e1me i my.<\/p>\n\n\n\n<p class=\"wp-block-paragraph\"><a target=\"_blank\" href=\"https:\/\/www.facebook.com\/sharer\/sharer.php?u=https:\/\/janamozici.cz\/clanek\/jake-jsou-vyhody-bydleni-v-pronajmu-a-proc-je-znat\" rel=\"noreferrer noopener\"><\/a>&nbsp;<\/p>\n","protected":false},"excerpt":{"rendered":"<p>Rodinn\u00fd d\u016fm s&nbsp;malou zahr\u00e1dkou a baz\u00e9nem, v&nbsp;klidn\u00e9 \u010d\u00e1sti a bl\u00edzko m\u011bsta. P\u0159esn\u011b takov\u00fd sen m\u00e1 v\u011bt\u0161ina \u010cech\u016f. Sou\u010dasn\u00e1 situace ale napov\u00edd\u00e1, \u017ee si sen nebudou moci splnit, pokud si nemovitost nepronajmou. Pro\u010d ne? Bydlen\u00ed v&nbsp;n\u00e1jmu m\u00e1 nespo\u010det v\u00fdhod. Bydlen\u00ed v pron\u00e1jmu trendem \u0158ada sign\u00e1l\u016f napov\u00edd\u00e1, \u017ee ceny nemovitost\u00ed budou m\u00edrn\u011b ochlazovat a hypote\u010dn\u00ed \u00fav\u011bry zdra\u017eovat. [&hellip;]<\/p>\n","protected":false},"author":1,"featured_media":925,"comment_status":"closed","ping_status":"closed","sticky":false,"template":"","format":"standard","meta":{"_acf_changed":false,"pgc_sgb_lightbox_settings":"","footnotes":""},"categories":[13],"tags":[],"class_list":["post-924","post","type-post","status-publish","format-standard","has-post-thumbnail","hentry","category-clanky"],"acf":[],"yoast_head":"<!-- This site is optimized with the Yoast SEO plugin v28.2 - https:\/\/yoast.com\/product\/yoast-seo-wordpress\/ -->\n<title>Jak\u00e9 jsou v\u00fdhody bydlen\u00ed v\u00a0pron\u00e1jmu a pro\u010d je zn\u00e1t? - Jana Mozici - Realitni makl\u00e9\u0159ka<\/title>\n<meta name=\"robots\" content=\"index, follow, max-snippet:-1, max-image-preview:large, max-video-preview:-1\" \/>\n<link rel=\"canonical\" href=\"https:\/\/d.r4.wbsprt.com\/janamozici.cz\/jake-jsou-vyhody-bydleni-v-pronajmu-a-proc-je-znat\/\" \/>\n<meta property=\"og:locale\" content=\"cs_CZ\" \/>\n<meta property=\"og:type\" content=\"article\" \/>\n<meta property=\"og:title\" content=\"Jak\u00e9 jsou v\u00fdhody bydlen\u00ed v\u00a0pron\u00e1jmu a pro\u010d je zn\u00e1t? - Jana Mozici - Realitni makl\u00e9\u0159ka\" \/>\n<meta property=\"og:description\" content=\"Rodinn\u00fd d\u016fm s&nbsp;malou zahr\u00e1dkou a baz\u00e9nem, v&nbsp;klidn\u00e9 \u010d\u00e1sti a bl\u00edzko m\u011bsta. P\u0159esn\u011b takov\u00fd sen m\u00e1 v\u011bt\u0161ina \u010cech\u016f. Sou\u010dasn\u00e1 situace ale napov\u00edd\u00e1, \u017ee si sen nebudou moci splnit, pokud si nemovitost nepronajmou. Pro\u010d ne? Bydlen\u00ed v&nbsp;n\u00e1jmu m\u00e1 nespo\u010det v\u00fdhod. Bydlen\u00ed v pron\u00e1jmu trendem \u0158ada sign\u00e1l\u016f napov\u00edd\u00e1, \u017ee ceny nemovitost\u00ed budou m\u00edrn\u011b ochlazovat a hypote\u010dn\u00ed \u00fav\u011bry zdra\u017eovat. [&hellip;]\" \/>\n<meta property=\"og:url\" content=\"https:\/\/d.r4.wbsprt.com\/janamozici.cz\/jake-jsou-vyhody-bydleni-v-pronajmu-a-proc-je-znat\/\" \/>\n<meta property=\"og:site_name\" content=\"Jana Mozici - Realitni makl\u00e9\u0159ka\" \/>\n<meta property=\"article:published_time\" content=\"2022-09-02T15:01:00+00:00\" \/>\n<meta property=\"article:modified_time\" content=\"2026-06-17T15:02:39+00:00\" \/>\n<meta property=\"og:image\" content=\"https:\/\/d.r4.wbsprt.com\/janamozici.cz\/wp-content\/uploads\/2026\/06\/2031.jpg\" \/>\n\t<meta property=\"og:image:width\" content=\"996\" \/>\n\t<meta property=\"og:image:height\" content=\"796\" \/>\n\t<meta property=\"og:image:type\" content=\"image\/jpeg\" \/>\n<meta name=\"author\" content=\"pavelignacek\" \/>\n<meta name=\"twitter:card\" content=\"summary_large_image\" \/>\n<meta name=\"twitter:label1\" content=\"Napsal(a)\" \/>\n\t<meta name=\"twitter:data1\" content=\"pavelignacek\" \/>\n\t<meta name=\"twitter:label2\" content=\"Odhadovan\u00e1 doba \u010dten\u00ed\" \/>\n\t<meta name=\"twitter:data2\" content=\"3 minuty\" \/>\n<script type=\"application\/ld+json\" class=\"yoast-schema-graph\">{\"@context\":\"https:\\\/\\\/schema.org\",\"@graph\":[{\"@type\":\"Article\",\"@id\":\"https:\\\/\\\/d.r4.wbsprt.com\\\/janamozici.cz\\\/jake-jsou-vyhody-bydleni-v-pronajmu-a-proc-je-znat\\\/#article\",\"isPartOf\":{\"@id\":\"https:\\\/\\\/d.r4.wbsprt.com\\\/janamozici.cz\\\/jake-jsou-vyhody-bydleni-v-pronajmu-a-proc-je-znat\\\/\"},\"author\":{\"name\":\"pavelignacek\",\"@id\":\"https:\\\/\\\/janamozici.cz\\\/#\\\/schema\\\/person\\\/a0c8271995d3088e738ca636e0ae15e8\"},\"headline\":\"Jak\u00e9 jsou v\u00fdhody bydlen\u00ed v\u00a0pron\u00e1jmu a pro\u010d je zn\u00e1t?\",\"datePublished\":\"2022-09-02T15:01:00+00:00\",\"dateModified\":\"2026-06-17T15:02:39+00:00\",\"mainEntityOfPage\":{\"@id\":\"https:\\\/\\\/d.r4.wbsprt.com\\\/janamozici.cz\\\/jake-jsou-vyhody-bydleni-v-pronajmu-a-proc-je-znat\\\/\"},\"wordCount\":558,\"publisher\":{\"@id\":\"https:\\\/\\\/janamozici.cz\\\/#organization\"},\"image\":{\"@id\":\"https:\\\/\\\/d.r4.wbsprt.com\\\/janamozici.cz\\\/jake-jsou-vyhody-bydleni-v-pronajmu-a-proc-je-znat\\\/#primaryimage\"},\"thumbnailUrl\":\"https:\\\/\\\/d.r4.wbsprt.com\\\/janamozici.cz\\\/wp-content\\\/uploads\\\/2026\\\/06\\\/2031.jpg\",\"articleSection\":[\"\u010cL\u00c1NKY\"],\"inLanguage\":\"cs\"},{\"@type\":\"WebPage\",\"@id\":\"https:\\\/\\\/d.r4.wbsprt.com\\\/janamozici.cz\\\/jake-jsou-vyhody-bydleni-v-pronajmu-a-proc-je-znat\\\/\",\"url\":\"https:\\\/\\\/d.r4.wbsprt.com\\\/janamozici.cz\\\/jake-jsou-vyhody-bydleni-v-pronajmu-a-proc-je-znat\\\/\",\"name\":\"Jak\u00e9 jsou v\u00fdhody bydlen\u00ed v\u00a0pron\u00e1jmu a pro\u010d je zn\u00e1t? - Jana Mozici - Realitni makl\u00e9\u0159ka\",\"isPartOf\":{\"@id\":\"https:\\\/\\\/janamozici.cz\\\/#website\"},\"primaryImageOfPage\":{\"@id\":\"https:\\\/\\\/d.r4.wbsprt.com\\\/janamozici.cz\\\/jake-jsou-vyhody-bydleni-v-pronajmu-a-proc-je-znat\\\/#primaryimage\"},\"image\":{\"@id\":\"https:\\\/\\\/d.r4.wbsprt.com\\\/janamozici.cz\\\/jake-jsou-vyhody-bydleni-v-pronajmu-a-proc-je-znat\\\/#primaryimage\"},\"thumbnailUrl\":\"https:\\\/\\\/d.r4.wbsprt.com\\\/janamozici.cz\\\/wp-content\\\/uploads\\\/2026\\\/06\\\/2031.jpg\",\"datePublished\":\"2022-09-02T15:01:00+00:00\",\"dateModified\":\"2026-06-17T15:02:39+00:00\",\"breadcrumb\":{\"@id\":\"https:\\\/\\\/d.r4.wbsprt.com\\\/janamozici.cz\\\/jake-jsou-vyhody-bydleni-v-pronajmu-a-proc-je-znat\\\/#breadcrumb\"},\"inLanguage\":\"cs\",\"potentialAction\":[{\"@type\":\"ReadAction\",\"target\":[\"https:\\\/\\\/d.r4.wbsprt.com\\\/janamozici.cz\\\/jake-jsou-vyhody-bydleni-v-pronajmu-a-proc-je-znat\\\/\"]}]},{\"@type\":\"ImageObject\",\"inLanguage\":\"cs\",\"@id\":\"https:\\\/\\\/d.r4.wbsprt.com\\\/janamozici.cz\\\/jake-jsou-vyhody-bydleni-v-pronajmu-a-proc-je-znat\\\/#primaryimage\",\"url\":\"https:\\\/\\\/d.r4.wbsprt.com\\\/janamozici.cz\\\/wp-content\\\/uploads\\\/2026\\\/06\\\/2031.jpg\",\"contentUrl\":\"https:\\\/\\\/d.r4.wbsprt.com\\\/janamozici.cz\\\/wp-content\\\/uploads\\\/2026\\\/06\\\/2031.jpg\",\"width\":996,\"height\":796},{\"@type\":\"BreadcrumbList\",\"@id\":\"https:\\\/\\\/d.r4.wbsprt.com\\\/janamozici.cz\\\/jake-jsou-vyhody-bydleni-v-pronajmu-a-proc-je-znat\\\/#breadcrumb\",\"itemListElement\":[{\"@type\":\"ListItem\",\"position\":1,\"name\":\"Dom\u016f\",\"item\":\"https:\\\/\\\/janamozici.cz\\\/\"},{\"@type\":\"ListItem\",\"position\":2,\"name\":\"Jak\u00e9 jsou v\u00fdhody bydlen\u00ed v\u00a0pron\u00e1jmu a pro\u010d je zn\u00e1t?\"}]},{\"@type\":\"WebSite\",\"@id\":\"https:\\\/\\\/janamozici.cz\\\/#website\",\"url\":\"https:\\\/\\\/janamozici.cz\\\/\",\"name\":\"Jana Mozici - Realitni makl\u00e9\u0159ka\",\"description\":\"Realitn\u00ed makl\u00e9\u0159ka pro Chomutovsk\u00fd kraj\",\"publisher\":{\"@id\":\"https:\\\/\\\/janamozici.cz\\\/#organization\"},\"potentialAction\":[{\"@type\":\"SearchAction\",\"target\":{\"@type\":\"EntryPoint\",\"urlTemplate\":\"https:\\\/\\\/janamozici.cz\\\/?s={search_term_string}\"},\"query-input\":{\"@type\":\"PropertyValueSpecification\",\"valueRequired\":true,\"valueName\":\"search_term_string\"}}],\"inLanguage\":\"cs\"},{\"@type\":\"Organization\",\"@id\":\"https:\\\/\\\/janamozici.cz\\\/#organization\",\"name\":\"Jana Mozici - Realitni makl\u00e9\u0159ka\",\"url\":\"https:\\\/\\\/janamozici.cz\\\/\",\"logo\":{\"@type\":\"ImageObject\",\"inLanguage\":\"cs\",\"@id\":\"https:\\\/\\\/janamozici.cz\\\/#\\\/schema\\\/logo\\\/image\\\/\",\"url\":\"https:\\\/\\\/d.r4.wbsprt.com\\\/janamozici.cz\\\/wp-content\\\/uploads\\\/2026\\\/07\\\/cropped-favicon.png\",\"contentUrl\":\"https:\\\/\\\/d.r4.wbsprt.com\\\/janamozici.cz\\\/wp-content\\\/uploads\\\/2026\\\/07\\\/cropped-favicon.png\",\"width\":300,\"height\":300,\"caption\":\"Jana Mozici - Realitni makl\u00e9\u0159ka\"},\"image\":{\"@id\":\"https:\\\/\\\/janamozici.cz\\\/#\\\/schema\\\/logo\\\/image\\\/\"}},{\"@type\":\"Person\",\"@id\":\"https:\\\/\\\/janamozici.cz\\\/#\\\/schema\\\/person\\\/a0c8271995d3088e738ca636e0ae15e8\",\"name\":\"pavelignacek\",\"image\":{\"@type\":\"ImageObject\",\"inLanguage\":\"cs\",\"@id\":\"https:\\\/\\\/secure.gravatar.com\\\/avatar\\\/f1277ae3877a04db460fe45d0c550807b61b14883332acd3d3665c45a540a0c7?s=96&d=mm&r=g\",\"url\":\"https:\\\/\\\/secure.gravatar.com\\\/avatar\\\/f1277ae3877a04db460fe45d0c550807b61b14883332acd3d3665c45a540a0c7?s=96&d=mm&r=g\",\"contentUrl\":\"https:\\\/\\\/secure.gravatar.com\\\/avatar\\\/f1277ae3877a04db460fe45d0c550807b61b14883332acd3d3665c45a540a0c7?s=96&d=mm&r=g\",\"caption\":\"pavelignacek\"},\"sameAs\":[\"https:\\\/\\\/janamozici.cz\"],\"url\":\"https:\\\/\\\/d.r4.wbsprt.com\\\/janamozici.cz\\\/author\\\/pavelignacek\\\/\"}]}<\/script>\n<!-- \/ Yoast SEO plugin. -->","yoast_head_json":{"title":"Jak\u00e9 jsou v\u00fdhody bydlen\u00ed v\u00a0pron\u00e1jmu a pro\u010d je zn\u00e1t? - Jana Mozici - Realitni makl\u00e9\u0159ka","robots":{"index":"index","follow":"follow","max-snippet":"max-snippet:-1","max-image-preview":"max-image-preview:large","max-video-preview":"max-video-preview:-1"},"canonical":"https:\/\/d.r4.wbsprt.com\/janamozici.cz\/jake-jsou-vyhody-bydleni-v-pronajmu-a-proc-je-znat\/","og_locale":"cs_CZ","og_type":"article","og_title":"Jak\u00e9 jsou v\u00fdhody bydlen\u00ed v\u00a0pron\u00e1jmu a pro\u010d je zn\u00e1t? - Jana Mozici - Realitni makl\u00e9\u0159ka","og_description":"Rodinn\u00fd d\u016fm s&nbsp;malou zahr\u00e1dkou a baz\u00e9nem, v&nbsp;klidn\u00e9 \u010d\u00e1sti a bl\u00edzko m\u011bsta. P\u0159esn\u011b takov\u00fd sen m\u00e1 v\u011bt\u0161ina \u010cech\u016f. Sou\u010dasn\u00e1 situace ale napov\u00edd\u00e1, \u017ee si sen nebudou moci splnit, pokud si nemovitost nepronajmou. Pro\u010d ne? Bydlen\u00ed v&nbsp;n\u00e1jmu m\u00e1 nespo\u010det v\u00fdhod. Bydlen\u00ed v pron\u00e1jmu trendem \u0158ada sign\u00e1l\u016f napov\u00edd\u00e1, \u017ee ceny nemovitost\u00ed budou m\u00edrn\u011b ochlazovat a hypote\u010dn\u00ed \u00fav\u011bry zdra\u017eovat. [&hellip;]","og_url":"https:\/\/d.r4.wbsprt.com\/janamozici.cz\/jake-jsou-vyhody-bydleni-v-pronajmu-a-proc-je-znat\/","og_site_name":"Jana Mozici - Realitni makl\u00e9\u0159ka","article_published_time":"2022-09-02T15:01:00+00:00","article_modified_time":"2026-06-17T15:02:39+00:00","og_image":[{"width":996,"height":796,"url":"https:\/\/d.r4.wbsprt.com\/janamozici.cz\/wp-content\/uploads\/2026\/06\/2031.jpg","type":"image\/jpeg"}],"author":"pavelignacek","twitter_card":"summary_large_image","twitter_misc":{"Napsal(a)":"pavelignacek","Odhadovan\u00e1 doba \u010dten\u00ed":"3 minuty"},"schema":{"@context":"https:\/\/schema.org","@graph":[{"@type":"Article","@id":"https:\/\/d.r4.wbsprt.com\/janamozici.cz\/jake-jsou-vyhody-bydleni-v-pronajmu-a-proc-je-znat\/#article","isPartOf":{"@id":"https:\/\/d.r4.wbsprt.com\/janamozici.cz\/jake-jsou-vyhody-bydleni-v-pronajmu-a-proc-je-znat\/"},"author":{"name":"pavelignacek","@id":"https:\/\/janamozici.cz\/#\/schema\/person\/a0c8271995d3088e738ca636e0ae15e8"},"headline":"Jak\u00e9 jsou v\u00fdhody bydlen\u00ed v\u00a0pron\u00e1jmu a pro\u010d je zn\u00e1t?","datePublished":"2022-09-02T15:01:00+00:00","dateModified":"2026-06-17T15:02:39+00:00","mainEntityOfPage":{"@id":"https:\/\/d.r4.wbsprt.com\/janamozici.cz\/jake-jsou-vyhody-bydleni-v-pronajmu-a-proc-je-znat\/"},"wordCount":558,"publisher":{"@id":"https:\/\/janamozici.cz\/#organization"},"image":{"@id":"https:\/\/d.r4.wbsprt.com\/janamozici.cz\/jake-jsou-vyhody-bydleni-v-pronajmu-a-proc-je-znat\/#primaryimage"},"thumbnailUrl":"https:\/\/d.r4.wbsprt.com\/janamozici.cz\/wp-content\/uploads\/2026\/06\/2031.jpg","articleSection":["\u010cL\u00c1NKY"],"inLanguage":"cs"},{"@type":"WebPage","@id":"https:\/\/d.r4.wbsprt.com\/janamozici.cz\/jake-jsou-vyhody-bydleni-v-pronajmu-a-proc-je-znat\/","url":"https:\/\/d.r4.wbsprt.com\/janamozici.cz\/jake-jsou-vyhody-bydleni-v-pronajmu-a-proc-je-znat\/","name":"Jak\u00e9 jsou v\u00fdhody bydlen\u00ed v\u00a0pron\u00e1jmu a pro\u010d je zn\u00e1t? - Jana Mozici - Realitni makl\u00e9\u0159ka","isPartOf":{"@id":"https:\/\/janamozici.cz\/#website"},"primaryImageOfPage":{"@id":"https:\/\/d.r4.wbsprt.com\/janamozici.cz\/jake-jsou-vyhody-bydleni-v-pronajmu-a-proc-je-znat\/#primaryimage"},"image":{"@id":"https:\/\/d.r4.wbsprt.com\/janamozici.cz\/jake-jsou-vyhody-bydleni-v-pronajmu-a-proc-je-znat\/#primaryimage"},"thumbnailUrl":"https:\/\/d.r4.wbsprt.com\/janamozici.cz\/wp-content\/uploads\/2026\/06\/2031.jpg","datePublished":"2022-09-02T15:01:00+00:00","dateModified":"2026-06-17T15:02:39+00:00","breadcrumb":{"@id":"https:\/\/d.r4.wbsprt.com\/janamozici.cz\/jake-jsou-vyhody-bydleni-v-pronajmu-a-proc-je-znat\/#breadcrumb"},"inLanguage":"cs","potentialAction":[{"@type":"ReadAction","target":["https:\/\/d.r4.wbsprt.com\/janamozici.cz\/jake-jsou-vyhody-bydleni-v-pronajmu-a-proc-je-znat\/"]}]},{"@type":"ImageObject","inLanguage":"cs","@id":"https:\/\/d.r4.wbsprt.com\/janamozici.cz\/jake-jsou-vyhody-bydleni-v-pronajmu-a-proc-je-znat\/#primaryimage","url":"https:\/\/d.r4.wbsprt.com\/janamozici.cz\/wp-content\/uploads\/2026\/06\/2031.jpg","contentUrl":"https:\/\/d.r4.wbsprt.com\/janamozici.cz\/wp-content\/uploads\/2026\/06\/2031.jpg","width":996,"height":796},{"@type":"BreadcrumbList","@id":"https:\/\/d.r4.wbsprt.com\/janamozici.cz\/jake-jsou-vyhody-bydleni-v-pronajmu-a-proc-je-znat\/#breadcrumb","itemListElement":[{"@type":"ListItem","position":1,"name":"Dom\u016f","item":"https:\/\/janamozici.cz\/"},{"@type":"ListItem","position":2,"name":"Jak\u00e9 jsou v\u00fdhody bydlen\u00ed v\u00a0pron\u00e1jmu a pro\u010d je zn\u00e1t?"}]},{"@type":"WebSite","@id":"https:\/\/janamozici.cz\/#website","url":"https:\/\/janamozici.cz\/","name":"Jana Mozici - Realitni makl\u00e9\u0159ka","description":"Realitn\u00ed makl\u00e9\u0159ka pro Chomutovsk\u00fd kraj","publisher":{"@id":"https:\/\/janamozici.cz\/#organization"},"potentialAction":[{"@type":"SearchAction","target":{"@type":"EntryPoint","urlTemplate":"https:\/\/janamozici.cz\/?s={search_term_string}"},"query-input":{"@type":"PropertyValueSpecification","valueRequired":true,"valueName":"search_term_string"}}],"inLanguage":"cs"},{"@type":"Organization","@id":"https:\/\/janamozici.cz\/#organization","name":"Jana Mozici - Realitni makl\u00e9\u0159ka","url":"https:\/\/janamozici.cz\/","logo":{"@type":"ImageObject","inLanguage":"cs","@id":"https:\/\/janamozici.cz\/#\/schema\/logo\/image\/","url":"https:\/\/d.r4.wbsprt.com\/janamozici.cz\/wp-content\/uploads\/2026\/07\/cropped-favicon.png","contentUrl":"https:\/\/d.r4.wbsprt.com\/janamozici.cz\/wp-content\/uploads\/2026\/07\/cropped-favicon.png","width":300,"height":300,"caption":"Jana Mozici - Realitni makl\u00e9\u0159ka"},"image":{"@id":"https:\/\/janamozici.cz\/#\/schema\/logo\/image\/"}},{"@type":"Person","@id":"https:\/\/janamozici.cz\/#\/schema\/person\/a0c8271995d3088e738ca636e0ae15e8","name":"pavelignacek","image":{"@type":"ImageObject","inLanguage":"cs","@id":"https:\/\/secure.gravatar.com\/avatar\/f1277ae3877a04db460fe45d0c550807b61b14883332acd3d3665c45a540a0c7?s=96&d=mm&r=g","url":"https:\/\/secure.gravatar.com\/avatar\/f1277ae3877a04db460fe45d0c550807b61b14883332acd3d3665c45a540a0c7?s=96&d=mm&r=g","contentUrl":"https:\/\/secure.gravatar.com\/avatar\/f1277ae3877a04db460fe45d0c550807b61b14883332acd3d3665c45a540a0c7?s=96&d=mm&r=g","caption":"pavelignacek"},"sameAs":["https:\/\/janamozici.cz"],"url":"https:\/\/d.r4.wbsprt.com\/janamozici.cz\/author\/pavelignacek\/"}]}},"_links":{"self":[{"href":"https:\/\/d.r4.wbsprt.com\/janamozici.cz\/wp-json\/wp\/v2\/posts\/924","targetHints":{"allow":["GET"]}}],"collection":[{"href":"https:\/\/d.r4.wbsprt.com\/janamozici.cz\/wp-json\/wp\/v2\/posts"}],"about":[{"href":"https:\/\/d.r4.wbsprt.com\/janamozici.cz\/wp-json\/wp\/v2\/types\/post"}],"author":[{"embeddable":true,"href":"https:\/\/d.r4.wbsprt.com\/janamozici.cz\/wp-json\/wp\/v2\/users\/1"}],"replies":[{"embeddable":true,"href":"https:\/\/d.r4.wbsprt.com\/janamozici.cz\/wp-json\/wp\/v2\/comments?post=924"}],"version-history":[{"count":1,"href":"https:\/\/d.r4.wbsprt.com\/janamozici.cz\/wp-json\/wp\/v2\/posts\/924\/revisions"}],"predecessor-version":[{"id":926,"href":"https:\/\/d.r4.wbsprt.com\/janamozici.cz\/wp-json\/wp\/v2\/posts\/924\/revisions\/926"}],"wp:featuredmedia":[{"embeddable":true,"href":"https:\/\/d.r4.wbsprt.com\/janamozici.cz\/wp-json\/wp\/v2\/media\/925"}],"wp:attachment":[{"href":"https:\/\/d.r4.wbsprt.com\/janamozici.cz\/wp-json\/wp\/v2\/media?parent=924"}],"wp:term":[{"taxonomy":"category","embeddable":true,"href":"https:\/\/d.r4.wbsprt.com\/janamozici.cz\/wp-json\/wp\/v2\/categories?post=924"},{"taxonomy":"post_tag","embeddable":true,"href":"https:\/\/d.r4.wbsprt.com\/janamozici.cz\/wp-json\/wp\/v2\/tags?post=924"}],"curies":[{"name":"wp","href":"https:\/\/api.w.org\/{rel}","templated":true}]}}