{"id":927,"date":"2022-09-28T17:02:00","date_gmt":"2022-09-28T15:02:00","guid":{"rendered":"https:\/\/d.r4.wbsprt.com\/janamozici.cz\/?p=927"},"modified":"2026-06-17T17:03:37","modified_gmt":"2026-06-17T15:03:37","slug":"pivar-jasa-makler-place-na-trhu-pribyva-lezaku","status":"publish","type":"post","link":"https:\/\/d.r4.wbsprt.com\/janamozici.cz\/pivar-jasa-makler-place-na-trhu-pribyva-lezaku\/","title":{"rendered":"Piva\u0159 j\u00e1s\u00e1, makl\u00e9\u0159 pl\u00e1\u010de. Na trhu p\u0159ib\u00fdv\u00e1 le\u017e\u00e1k\u016f"},"content":{"rendered":"\n<p class=\"wp-block-paragraph\">Zpr\u00e1va, \u017ee na trhu p\u0159ib\u00fdv\u00e1 le\u017e\u00e1k\u016f, by pot\u011b\u0161ila jist\u011b milovn\u00edky zlatav\u00e9ho moku. Kdy\u017e je ale \u0159e\u010d o nemovitostech, pozitivn\u00ed n\u00e1boj zpr\u00e1vy je pry\u010d. V&nbsp;nab\u00eddk\u00e1ch realitn\u00edch kancel\u00e1\u0159\u00ed se za\u010d\u00ednaj\u00ed objevovat nemovitosti, kter\u00e9 na majitele \u010dekaj\u00ed m\u011bs\u00edce. Makl\u00e9\u0159i rad\u00ed, zlev\u0148ujte.<\/p>\n\n\n\n<h4 class=\"wp-block-heading\"><strong>Hypote\u010dn\u00ed trh se propad\u00e1<\/strong><\/h4>\n\n\n\n<p class=\"wp-block-paragraph\">Na trhu s&nbsp;hypote\u010dn\u00edmi \u00fav\u011bry byl zaznamen\u00e1n meziro\u010dn\u00ed pokles o t\u0159i \u010dtvrtiny. D\u016fvodem je ochlazen\u00ed popt\u00e1vky, p\u0159\u00edsn\u011bj\u0161\u00ed podm\u00ednky bank p\u0159i schvalov\u00e1n\u00ed \u00fav\u011br\u016f a samoz\u0159ejm\u011b zdra\u017een\u00ed \u00fav\u011br\u016f od \u010cesk\u00e9 n\u00e1rodn\u00ed banky. M\u011bs\u00ed\u010dn\u00ed spl\u00e1tka hypote\u010dn\u00edho \u00fav\u011bru se p\u0159i koupi men\u0161\u00edho bytu ve m\u011bst\u011b \u0161plh\u00e1 nad dvacet tis\u00edc korun, \u00fav\u011bry se st\u00e1vaj\u00ed nedostupn\u011bj\u0161\u00ed. Kupuj\u00edc\u00ed z\u00e1rove\u0148 vn\u00edmaj\u00ed v\u0161eobecn\u00e9 zdra\u017eov\u00e1n\u00ed, ohledn\u011b dlouhodob\u00fdch z\u00e1vazk\u016f jsou opatrn\u011bj\u0161\u00ed. Na dra\u017e\u0161\u00ed \u00fav\u011bry reaguje trh nemovitost\u00ed.<\/p>\n\n\n\n<h4 class=\"wp-block-heading\"><strong>Kupuj\u00edc\u00ed vy\u010dk\u00e1vaj\u00ed<\/strong><\/h4>\n\n\n\n<p class=\"wp-block-paragraph\">Prod\u00e1vaj\u00edc\u00ed st\u00e1le doufaj\u00ed ve vysokou cenu za nemovitost, ale makl\u00e9\u0159i citeln\u011b vn\u00edmaj\u00ed ochlazen\u00ed z\u00e1jmu kupuj\u00edc\u00edch. P\u0159ed n\u011bkolika m\u011bs\u00edci se nemovitosti prod\u00e1valy v&nbsp;\u0159\u00e1du t\u00fddn\u016f od zve\u0159ejn\u011bn\u00ed v inzerci, na prohl\u00eddky volaly des\u00edtky z\u00e1jemc\u016f. Hore\u010dka po n\u00e1kupu bezpe\u010dn\u00e9 investice ochladla, nemovitosti, kter\u00e9 se objevuj\u00ed v&nbsp;nab\u00eddk\u00e1ch \u010dekaj\u00ed na nov\u00e9 majitele i \u0159adu m\u011bs\u00edc\u016f. Jasn\u00fdm sign\u00e1lem o ochlazen\u00ed popt\u00e1vky je n\u00e1r\u016fst nab\u00eddky byt\u016f v&nbsp;klasick\u00e9 panelov\u00e9 v\u00fdstavb\u011b. Roste po\u010det nab\u00eddek na byty o dispozici 4+1 a 3+1 v&nbsp;p\u016fvodn\u00edm stavu. Ve v\u011bt\u0161\u00edch m\u011bstech u\u017e jsou op\u011bt dostupn\u00e9 a\u017e des\u00edtky uveden\u00fdch byt\u016f.<\/p>\n\n\n\n<p class=\"wp-block-paragraph\">Ke sni\u017eovan\u00ed cen se prod\u00e1vaj\u00edc\u00ed zat\u00edm p\u0159\u00edli\u0161 nechystaj\u00ed, \u0159ada makl\u00e9\u0159\u016f ale p\u0159i prvn\u00edch konzultac\u00edch s&nbsp;prod\u00e1vaj\u00edc\u00edmi doporu\u010duje slevu deset a\u017e dvacet procent. Brzy se za\u010dnou v&nbsp;nab\u00eddk\u00e1ch objevovat byty s&nbsp;p\u0159\u00edzniv\u011bj\u0161\u00ed cenou. Slevy v&nbsp;des\u00edtk\u00e1ch procent, oproti sou\u010dasn\u00e9mu stavu, se ale konat nebudou.<\/p>\n\n\n\n<h4 class=\"wp-block-heading\"><strong>Stavebn\u00ed pozemky st\u00e1le v&nbsp;kurzu<\/strong><\/h4>\n\n\n\n<p class=\"wp-block-paragraph\">Nesm\u011bl\u00e9 sni\u017eov\u00e1n\u00ed cen byt\u016f a rodinn\u00fdch dom\u016f se rozhodn\u011b net\u00fdk\u00e1 stavebn\u00edch pozemk\u016f. Stavebn\u00ed pozemky a vhodn\u00e9 parcely pro v\u00fdstavbu v\u00fdrazn\u011b zdra\u017eily. Ve velk\u00fdch m\u011bstech se jedn\u00e1 o zdra\u017een\u00ed v&nbsp;\u0159\u00e1dech stovek procent, oproti situaci p\u0159ed dv\u011bma lety. Vzhledem k&nbsp;n\u00e1ro\u010dn\u00e9mu stavebn\u00edmu \u0159\u00edzen\u00ed a minimu stavebn\u00edch pozemk\u016f v&nbsp;atraktivn\u00edch lokalit\u00e1ch nelze o\u010dek\u00e1vat, \u017ee by stavebn\u00ed pozemky m\u011bly v&nbsp;bl\u00edzk\u00e9 budoucnosti n\u00e1sledovat trend star\u0161\u00edch byt\u016f a rodinn\u00fdch dom\u016f.<\/p>\n\n\n\n<p class=\"wp-block-paragraph\">Stavebn\u00ed pozemek je st\u00e1le zaj\u00edmavou investi\u010dn\u00ed p\u0159\u00edle\u017eitost\u00ed, \u0159ada rodin vyhled\u00e1v\u00e1 dnes pozemky ke koupi s&nbsp;pl\u00e1nem prodeje a\u017e za des\u00edtky let.<\/p>\n","protected":false},"excerpt":{"rendered":"<p>Zpr\u00e1va, \u017ee na trhu p\u0159ib\u00fdv\u00e1 le\u017e\u00e1k\u016f, by pot\u011b\u0161ila jist\u011b milovn\u00edky zlatav\u00e9ho moku. Kdy\u017e je ale \u0159e\u010d o nemovitostech, pozitivn\u00ed n\u00e1boj zpr\u00e1vy je pry\u010d. V&nbsp;nab\u00eddk\u00e1ch realitn\u00edch kancel\u00e1\u0159\u00ed se za\u010d\u00ednaj\u00ed objevovat nemovitosti, kter\u00e9 na majitele \u010dekaj\u00ed m\u011bs\u00edce. Makl\u00e9\u0159i rad\u00ed, zlev\u0148ujte. Hypote\u010dn\u00ed trh se propad\u00e1 Na trhu s&nbsp;hypote\u010dn\u00edmi \u00fav\u011bry byl zaznamen\u00e1n meziro\u010dn\u00ed pokles o t\u0159i \u010dtvrtiny. D\u016fvodem je [&hellip;]<\/p>\n","protected":false},"author":1,"featured_media":928,"comment_status":"closed","ping_status":"closed","sticky":false,"template":"","format":"standard","meta":{"_acf_changed":false,"pgc_sgb_lightbox_settings":"","footnotes":""},"categories":[13],"tags":[],"class_list":["post-927","post","type-post","status-publish","format-standard","has-post-thumbnail","hentry","category-clanky"],"acf":[],"yoast_head":"<!-- This site is optimized with the Yoast SEO plugin v28.2 - https:\/\/yoast.com\/product\/yoast-seo-wordpress\/ -->\n<title>Piva\u0159 j\u00e1s\u00e1, makl\u00e9\u0159 pl\u00e1\u010de. Na trhu p\u0159ib\u00fdv\u00e1 le\u017e\u00e1k\u016f - Jana Mozici - Realitni makl\u00e9\u0159ka<\/title>\n<meta name=\"robots\" content=\"index, follow, max-snippet:-1, max-image-preview:large, max-video-preview:-1\" \/>\n<link rel=\"canonical\" href=\"https:\/\/d.r4.wbsprt.com\/janamozici.cz\/pivar-jasa-makler-place-na-trhu-pribyva-lezaku\/\" \/>\n<meta property=\"og:locale\" content=\"cs_CZ\" \/>\n<meta property=\"og:type\" content=\"article\" \/>\n<meta property=\"og:title\" content=\"Piva\u0159 j\u00e1s\u00e1, makl\u00e9\u0159 pl\u00e1\u010de. Na trhu p\u0159ib\u00fdv\u00e1 le\u017e\u00e1k\u016f - Jana Mozici - Realitni makl\u00e9\u0159ka\" \/>\n<meta property=\"og:description\" content=\"Zpr\u00e1va, \u017ee na trhu p\u0159ib\u00fdv\u00e1 le\u017e\u00e1k\u016f, by pot\u011b\u0161ila jist\u011b milovn\u00edky zlatav\u00e9ho moku. Kdy\u017e je ale \u0159e\u010d o nemovitostech, pozitivn\u00ed n\u00e1boj zpr\u00e1vy je pry\u010d. V&nbsp;nab\u00eddk\u00e1ch realitn\u00edch kancel\u00e1\u0159\u00ed se za\u010d\u00ednaj\u00ed objevovat nemovitosti, kter\u00e9 na majitele \u010dekaj\u00ed m\u011bs\u00edce. Makl\u00e9\u0159i rad\u00ed, zlev\u0148ujte. Hypote\u010dn\u00ed trh se propad\u00e1 Na trhu s&nbsp;hypote\u010dn\u00edmi \u00fav\u011bry byl zaznamen\u00e1n meziro\u010dn\u00ed pokles o t\u0159i \u010dtvrtiny. D\u016fvodem je [&hellip;]\" \/>\n<meta property=\"og:url\" content=\"https:\/\/d.r4.wbsprt.com\/janamozici.cz\/pivar-jasa-makler-place-na-trhu-pribyva-lezaku\/\" \/>\n<meta property=\"og:site_name\" content=\"Jana Mozici - Realitni makl\u00e9\u0159ka\" \/>\n<meta property=\"article:published_time\" content=\"2022-09-28T15:02:00+00:00\" \/>\n<meta property=\"article:modified_time\" content=\"2026-06-17T15:03:37+00:00\" \/>\n<meta property=\"og:image\" content=\"https:\/\/d.r4.wbsprt.com\/janamozici.cz\/wp-content\/uploads\/2026\/06\/2057.jpg\" \/>\n\t<meta property=\"og:image:width\" content=\"994\" \/>\n\t<meta property=\"og:image:height\" content=\"794\" \/>\n\t<meta property=\"og:image:type\" content=\"image\/jpeg\" \/>\n<meta name=\"author\" content=\"pavelignacek\" \/>\n<meta name=\"twitter:card\" content=\"summary_large_image\" \/>\n<meta name=\"twitter:label1\" content=\"Napsal(a)\" \/>\n\t<meta name=\"twitter:data1\" content=\"pavelignacek\" \/>\n\t<meta name=\"twitter:label2\" content=\"Odhadovan\u00e1 doba \u010dten\u00ed\" \/>\n\t<meta name=\"twitter:data2\" content=\"3 minuty\" \/>\n<script type=\"application\/ld+json\" class=\"yoast-schema-graph\">{\"@context\":\"https:\\\/\\\/schema.org\",\"@graph\":[{\"@type\":\"Article\",\"@id\":\"https:\\\/\\\/d.r4.wbsprt.com\\\/janamozici.cz\\\/pivar-jasa-makler-place-na-trhu-pribyva-lezaku\\\/#article\",\"isPartOf\":{\"@id\":\"https:\\\/\\\/d.r4.wbsprt.com\\\/janamozici.cz\\\/pivar-jasa-makler-place-na-trhu-pribyva-lezaku\\\/\"},\"author\":{\"name\":\"pavelignacek\",\"@id\":\"https:\\\/\\\/janamozici.cz\\\/#\\\/schema\\\/person\\\/a0c8271995d3088e738ca636e0ae15e8\"},\"headline\":\"Piva\u0159 j\u00e1s\u00e1, makl\u00e9\u0159 pl\u00e1\u010de. Na trhu p\u0159ib\u00fdv\u00e1 le\u017e\u00e1k\u016f\",\"datePublished\":\"2022-09-28T15:02:00+00:00\",\"dateModified\":\"2026-06-17T15:03:37+00:00\",\"mainEntityOfPage\":{\"@id\":\"https:\\\/\\\/d.r4.wbsprt.com\\\/janamozici.cz\\\/pivar-jasa-makler-place-na-trhu-pribyva-lezaku\\\/\"},\"wordCount\":525,\"publisher\":{\"@id\":\"https:\\\/\\\/janamozici.cz\\\/#organization\"},\"image\":{\"@id\":\"https:\\\/\\\/d.r4.wbsprt.com\\\/janamozici.cz\\\/pivar-jasa-makler-place-na-trhu-pribyva-lezaku\\\/#primaryimage\"},\"thumbnailUrl\":\"https:\\\/\\\/d.r4.wbsprt.com\\\/janamozici.cz\\\/wp-content\\\/uploads\\\/2026\\\/06\\\/2057.jpg\",\"articleSection\":[\"\u010cL\u00c1NKY\"],\"inLanguage\":\"cs\"},{\"@type\":\"WebPage\",\"@id\":\"https:\\\/\\\/d.r4.wbsprt.com\\\/janamozici.cz\\\/pivar-jasa-makler-place-na-trhu-pribyva-lezaku\\\/\",\"url\":\"https:\\\/\\\/d.r4.wbsprt.com\\\/janamozici.cz\\\/pivar-jasa-makler-place-na-trhu-pribyva-lezaku\\\/\",\"name\":\"Piva\u0159 j\u00e1s\u00e1, makl\u00e9\u0159 pl\u00e1\u010de. Na trhu p\u0159ib\u00fdv\u00e1 le\u017e\u00e1k\u016f - Jana Mozici - Realitni makl\u00e9\u0159ka\",\"isPartOf\":{\"@id\":\"https:\\\/\\\/janamozici.cz\\\/#website\"},\"primaryImageOfPage\":{\"@id\":\"https:\\\/\\\/d.r4.wbsprt.com\\\/janamozici.cz\\\/pivar-jasa-makler-place-na-trhu-pribyva-lezaku\\\/#primaryimage\"},\"image\":{\"@id\":\"https:\\\/\\\/d.r4.wbsprt.com\\\/janamozici.cz\\\/pivar-jasa-makler-place-na-trhu-pribyva-lezaku\\\/#primaryimage\"},\"thumbnailUrl\":\"https:\\\/\\\/d.r4.wbsprt.com\\\/janamozici.cz\\\/wp-content\\\/uploads\\\/2026\\\/06\\\/2057.jpg\",\"datePublished\":\"2022-09-28T15:02:00+00:00\",\"dateModified\":\"2026-06-17T15:03:37+00:00\",\"breadcrumb\":{\"@id\":\"https:\\\/\\\/d.r4.wbsprt.com\\\/janamozici.cz\\\/pivar-jasa-makler-place-na-trhu-pribyva-lezaku\\\/#breadcrumb\"},\"inLanguage\":\"cs\",\"potentialAction\":[{\"@type\":\"ReadAction\",\"target\":[\"https:\\\/\\\/d.r4.wbsprt.com\\\/janamozici.cz\\\/pivar-jasa-makler-place-na-trhu-pribyva-lezaku\\\/\"]}]},{\"@type\":\"ImageObject\",\"inLanguage\":\"cs\",\"@id\":\"https:\\\/\\\/d.r4.wbsprt.com\\\/janamozici.cz\\\/pivar-jasa-makler-place-na-trhu-pribyva-lezaku\\\/#primaryimage\",\"url\":\"https:\\\/\\\/d.r4.wbsprt.com\\\/janamozici.cz\\\/wp-content\\\/uploads\\\/2026\\\/06\\\/2057.jpg\",\"contentUrl\":\"https:\\\/\\\/d.r4.wbsprt.com\\\/janamozici.cz\\\/wp-content\\\/uploads\\\/2026\\\/06\\\/2057.jpg\",\"width\":994,\"height\":794},{\"@type\":\"BreadcrumbList\",\"@id\":\"https:\\\/\\\/d.r4.wbsprt.com\\\/janamozici.cz\\\/pivar-jasa-makler-place-na-trhu-pribyva-lezaku\\\/#breadcrumb\",\"itemListElement\":[{\"@type\":\"ListItem\",\"position\":1,\"name\":\"Dom\u016f\",\"item\":\"https:\\\/\\\/janamozici.cz\\\/\"},{\"@type\":\"ListItem\",\"position\":2,\"name\":\"Piva\u0159 j\u00e1s\u00e1, makl\u00e9\u0159 pl\u00e1\u010de. Na trhu p\u0159ib\u00fdv\u00e1 le\u017e\u00e1k\u016f\"}]},{\"@type\":\"WebSite\",\"@id\":\"https:\\\/\\\/janamozici.cz\\\/#website\",\"url\":\"https:\\\/\\\/janamozici.cz\\\/\",\"name\":\"Jana Mozici - Realitni makl\u00e9\u0159ka\",\"description\":\"Realitn\u00ed makl\u00e9\u0159ka pro Chomutovsk\u00fd kraj\",\"publisher\":{\"@id\":\"https:\\\/\\\/janamozici.cz\\\/#organization\"},\"potentialAction\":[{\"@type\":\"SearchAction\",\"target\":{\"@type\":\"EntryPoint\",\"urlTemplate\":\"https:\\\/\\\/janamozici.cz\\\/?s={search_term_string}\"},\"query-input\":{\"@type\":\"PropertyValueSpecification\",\"valueRequired\":true,\"valueName\":\"search_term_string\"}}],\"inLanguage\":\"cs\"},{\"@type\":\"Organization\",\"@id\":\"https:\\\/\\\/janamozici.cz\\\/#organization\",\"name\":\"Jana Mozici - Realitni makl\u00e9\u0159ka\",\"url\":\"https:\\\/\\\/janamozici.cz\\\/\",\"logo\":{\"@type\":\"ImageObject\",\"inLanguage\":\"cs\",\"@id\":\"https:\\\/\\\/janamozici.cz\\\/#\\\/schema\\\/logo\\\/image\\\/\",\"url\":\"https:\\\/\\\/d.r4.wbsprt.com\\\/janamozici.cz\\\/wp-content\\\/uploads\\\/2026\\\/07\\\/cropped-favicon.png\",\"contentUrl\":\"https:\\\/\\\/d.r4.wbsprt.com\\\/janamozici.cz\\\/wp-content\\\/uploads\\\/2026\\\/07\\\/cropped-favicon.png\",\"width\":300,\"height\":300,\"caption\":\"Jana Mozici - Realitni makl\u00e9\u0159ka\"},\"image\":{\"@id\":\"https:\\\/\\\/janamozici.cz\\\/#\\\/schema\\\/logo\\\/image\\\/\"}},{\"@type\":\"Person\",\"@id\":\"https:\\\/\\\/janamozici.cz\\\/#\\\/schema\\\/person\\\/a0c8271995d3088e738ca636e0ae15e8\",\"name\":\"pavelignacek\",\"image\":{\"@type\":\"ImageObject\",\"inLanguage\":\"cs\",\"@id\":\"https:\\\/\\\/secure.gravatar.com\\\/avatar\\\/f1277ae3877a04db460fe45d0c550807b61b14883332acd3d3665c45a540a0c7?s=96&d=mm&r=g\",\"url\":\"https:\\\/\\\/secure.gravatar.com\\\/avatar\\\/f1277ae3877a04db460fe45d0c550807b61b14883332acd3d3665c45a540a0c7?s=96&d=mm&r=g\",\"contentUrl\":\"https:\\\/\\\/secure.gravatar.com\\\/avatar\\\/f1277ae3877a04db460fe45d0c550807b61b14883332acd3d3665c45a540a0c7?s=96&d=mm&r=g\",\"caption\":\"pavelignacek\"},\"sameAs\":[\"https:\\\/\\\/janamozici.cz\"],\"url\":\"https:\\\/\\\/d.r4.wbsprt.com\\\/janamozici.cz\\\/author\\\/pavelignacek\\\/\"}]}<\/script>\n<!-- \/ Yoast SEO plugin. -->","yoast_head_json":{"title":"Piva\u0159 j\u00e1s\u00e1, makl\u00e9\u0159 pl\u00e1\u010de. Na trhu p\u0159ib\u00fdv\u00e1 le\u017e\u00e1k\u016f - Jana Mozici - Realitni makl\u00e9\u0159ka","robots":{"index":"index","follow":"follow","max-snippet":"max-snippet:-1","max-image-preview":"max-image-preview:large","max-video-preview":"max-video-preview:-1"},"canonical":"https:\/\/d.r4.wbsprt.com\/janamozici.cz\/pivar-jasa-makler-place-na-trhu-pribyva-lezaku\/","og_locale":"cs_CZ","og_type":"article","og_title":"Piva\u0159 j\u00e1s\u00e1, makl\u00e9\u0159 pl\u00e1\u010de. Na trhu p\u0159ib\u00fdv\u00e1 le\u017e\u00e1k\u016f - Jana Mozici - Realitni makl\u00e9\u0159ka","og_description":"Zpr\u00e1va, \u017ee na trhu p\u0159ib\u00fdv\u00e1 le\u017e\u00e1k\u016f, by pot\u011b\u0161ila jist\u011b milovn\u00edky zlatav\u00e9ho moku. Kdy\u017e je ale \u0159e\u010d o nemovitostech, pozitivn\u00ed n\u00e1boj zpr\u00e1vy je pry\u010d. V&nbsp;nab\u00eddk\u00e1ch realitn\u00edch kancel\u00e1\u0159\u00ed se za\u010d\u00ednaj\u00ed objevovat nemovitosti, kter\u00e9 na majitele \u010dekaj\u00ed m\u011bs\u00edce. Makl\u00e9\u0159i rad\u00ed, zlev\u0148ujte. Hypote\u010dn\u00ed trh se propad\u00e1 Na trhu s&nbsp;hypote\u010dn\u00edmi \u00fav\u011bry byl zaznamen\u00e1n meziro\u010dn\u00ed pokles o t\u0159i \u010dtvrtiny. D\u016fvodem je [&hellip;]","og_url":"https:\/\/d.r4.wbsprt.com\/janamozici.cz\/pivar-jasa-makler-place-na-trhu-pribyva-lezaku\/","og_site_name":"Jana Mozici - Realitni makl\u00e9\u0159ka","article_published_time":"2022-09-28T15:02:00+00:00","article_modified_time":"2026-06-17T15:03:37+00:00","og_image":[{"width":994,"height":794,"url":"https:\/\/d.r4.wbsprt.com\/janamozici.cz\/wp-content\/uploads\/2026\/06\/2057.jpg","type":"image\/jpeg"}],"author":"pavelignacek","twitter_card":"summary_large_image","twitter_misc":{"Napsal(a)":"pavelignacek","Odhadovan\u00e1 doba \u010dten\u00ed":"3 minuty"},"schema":{"@context":"https:\/\/schema.org","@graph":[{"@type":"Article","@id":"https:\/\/d.r4.wbsprt.com\/janamozici.cz\/pivar-jasa-makler-place-na-trhu-pribyva-lezaku\/#article","isPartOf":{"@id":"https:\/\/d.r4.wbsprt.com\/janamozici.cz\/pivar-jasa-makler-place-na-trhu-pribyva-lezaku\/"},"author":{"name":"pavelignacek","@id":"https:\/\/janamozici.cz\/#\/schema\/person\/a0c8271995d3088e738ca636e0ae15e8"},"headline":"Piva\u0159 j\u00e1s\u00e1, makl\u00e9\u0159 pl\u00e1\u010de. Na trhu p\u0159ib\u00fdv\u00e1 le\u017e\u00e1k\u016f","datePublished":"2022-09-28T15:02:00+00:00","dateModified":"2026-06-17T15:03:37+00:00","mainEntityOfPage":{"@id":"https:\/\/d.r4.wbsprt.com\/janamozici.cz\/pivar-jasa-makler-place-na-trhu-pribyva-lezaku\/"},"wordCount":525,"publisher":{"@id":"https:\/\/janamozici.cz\/#organization"},"image":{"@id":"https:\/\/d.r4.wbsprt.com\/janamozici.cz\/pivar-jasa-makler-place-na-trhu-pribyva-lezaku\/#primaryimage"},"thumbnailUrl":"https:\/\/d.r4.wbsprt.com\/janamozici.cz\/wp-content\/uploads\/2026\/06\/2057.jpg","articleSection":["\u010cL\u00c1NKY"],"inLanguage":"cs"},{"@type":"WebPage","@id":"https:\/\/d.r4.wbsprt.com\/janamozici.cz\/pivar-jasa-makler-place-na-trhu-pribyva-lezaku\/","url":"https:\/\/d.r4.wbsprt.com\/janamozici.cz\/pivar-jasa-makler-place-na-trhu-pribyva-lezaku\/","name":"Piva\u0159 j\u00e1s\u00e1, makl\u00e9\u0159 pl\u00e1\u010de. Na trhu p\u0159ib\u00fdv\u00e1 le\u017e\u00e1k\u016f - Jana Mozici - Realitni makl\u00e9\u0159ka","isPartOf":{"@id":"https:\/\/janamozici.cz\/#website"},"primaryImageOfPage":{"@id":"https:\/\/d.r4.wbsprt.com\/janamozici.cz\/pivar-jasa-makler-place-na-trhu-pribyva-lezaku\/#primaryimage"},"image":{"@id":"https:\/\/d.r4.wbsprt.com\/janamozici.cz\/pivar-jasa-makler-place-na-trhu-pribyva-lezaku\/#primaryimage"},"thumbnailUrl":"https:\/\/d.r4.wbsprt.com\/janamozici.cz\/wp-content\/uploads\/2026\/06\/2057.jpg","datePublished":"2022-09-28T15:02:00+00:00","dateModified":"2026-06-17T15:03:37+00:00","breadcrumb":{"@id":"https:\/\/d.r4.wbsprt.com\/janamozici.cz\/pivar-jasa-makler-place-na-trhu-pribyva-lezaku\/#breadcrumb"},"inLanguage":"cs","potentialAction":[{"@type":"ReadAction","target":["https:\/\/d.r4.wbsprt.com\/janamozici.cz\/pivar-jasa-makler-place-na-trhu-pribyva-lezaku\/"]}]},{"@type":"ImageObject","inLanguage":"cs","@id":"https:\/\/d.r4.wbsprt.com\/janamozici.cz\/pivar-jasa-makler-place-na-trhu-pribyva-lezaku\/#primaryimage","url":"https:\/\/d.r4.wbsprt.com\/janamozici.cz\/wp-content\/uploads\/2026\/06\/2057.jpg","contentUrl":"https:\/\/d.r4.wbsprt.com\/janamozici.cz\/wp-content\/uploads\/2026\/06\/2057.jpg","width":994,"height":794},{"@type":"BreadcrumbList","@id":"https:\/\/d.r4.wbsprt.com\/janamozici.cz\/pivar-jasa-makler-place-na-trhu-pribyva-lezaku\/#breadcrumb","itemListElement":[{"@type":"ListItem","position":1,"name":"Dom\u016f","item":"https:\/\/janamozici.cz\/"},{"@type":"ListItem","position":2,"name":"Piva\u0159 j\u00e1s\u00e1, makl\u00e9\u0159 pl\u00e1\u010de. Na trhu p\u0159ib\u00fdv\u00e1 le\u017e\u00e1k\u016f"}]},{"@type":"WebSite","@id":"https:\/\/janamozici.cz\/#website","url":"https:\/\/janamozici.cz\/","name":"Jana Mozici - Realitni makl\u00e9\u0159ka","description":"Realitn\u00ed makl\u00e9\u0159ka pro Chomutovsk\u00fd kraj","publisher":{"@id":"https:\/\/janamozici.cz\/#organization"},"potentialAction":[{"@type":"SearchAction","target":{"@type":"EntryPoint","urlTemplate":"https:\/\/janamozici.cz\/?s={search_term_string}"},"query-input":{"@type":"PropertyValueSpecification","valueRequired":true,"valueName":"search_term_string"}}],"inLanguage":"cs"},{"@type":"Organization","@id":"https:\/\/janamozici.cz\/#organization","name":"Jana Mozici - Realitni makl\u00e9\u0159ka","url":"https:\/\/janamozici.cz\/","logo":{"@type":"ImageObject","inLanguage":"cs","@id":"https:\/\/janamozici.cz\/#\/schema\/logo\/image\/","url":"https:\/\/d.r4.wbsprt.com\/janamozici.cz\/wp-content\/uploads\/2026\/07\/cropped-favicon.png","contentUrl":"https:\/\/d.r4.wbsprt.com\/janamozici.cz\/wp-content\/uploads\/2026\/07\/cropped-favicon.png","width":300,"height":300,"caption":"Jana Mozici - Realitni makl\u00e9\u0159ka"},"image":{"@id":"https:\/\/janamozici.cz\/#\/schema\/logo\/image\/"}},{"@type":"Person","@id":"https:\/\/janamozici.cz\/#\/schema\/person\/a0c8271995d3088e738ca636e0ae15e8","name":"pavelignacek","image":{"@type":"ImageObject","inLanguage":"cs","@id":"https:\/\/secure.gravatar.com\/avatar\/f1277ae3877a04db460fe45d0c550807b61b14883332acd3d3665c45a540a0c7?s=96&d=mm&r=g","url":"https:\/\/secure.gravatar.com\/avatar\/f1277ae3877a04db460fe45d0c550807b61b14883332acd3d3665c45a540a0c7?s=96&d=mm&r=g","contentUrl":"https:\/\/secure.gravatar.com\/avatar\/f1277ae3877a04db460fe45d0c550807b61b14883332acd3d3665c45a540a0c7?s=96&d=mm&r=g","caption":"pavelignacek"},"sameAs":["https:\/\/janamozici.cz"],"url":"https:\/\/d.r4.wbsprt.com\/janamozici.cz\/author\/pavelignacek\/"}]}},"_links":{"self":[{"href":"https:\/\/d.r4.wbsprt.com\/janamozici.cz\/wp-json\/wp\/v2\/posts\/927","targetHints":{"allow":["GET"]}}],"collection":[{"href":"https:\/\/d.r4.wbsprt.com\/janamozici.cz\/wp-json\/wp\/v2\/posts"}],"about":[{"href":"https:\/\/d.r4.wbsprt.com\/janamozici.cz\/wp-json\/wp\/v2\/types\/post"}],"author":[{"embeddable":true,"href":"https:\/\/d.r4.wbsprt.com\/janamozici.cz\/wp-json\/wp\/v2\/users\/1"}],"replies":[{"embeddable":true,"href":"https:\/\/d.r4.wbsprt.com\/janamozici.cz\/wp-json\/wp\/v2\/comments?post=927"}],"version-history":[{"count":1,"href":"https:\/\/d.r4.wbsprt.com\/janamozici.cz\/wp-json\/wp\/v2\/posts\/927\/revisions"}],"predecessor-version":[{"id":929,"href":"https:\/\/d.r4.wbsprt.com\/janamozici.cz\/wp-json\/wp\/v2\/posts\/927\/revisions\/929"}],"wp:featuredmedia":[{"embeddable":true,"href":"https:\/\/d.r4.wbsprt.com\/janamozici.cz\/wp-json\/wp\/v2\/media\/928"}],"wp:attachment":[{"href":"https:\/\/d.r4.wbsprt.com\/janamozici.cz\/wp-json\/wp\/v2\/media?parent=927"}],"wp:term":[{"taxonomy":"category","embeddable":true,"href":"https:\/\/d.r4.wbsprt.com\/janamozici.cz\/wp-json\/wp\/v2\/categories?post=927"},{"taxonomy":"post_tag","embeddable":true,"href":"https:\/\/d.r4.wbsprt.com\/janamozici.cz\/wp-json\/wp\/v2\/tags?post=927"}],"curies":[{"name":"wp","href":"https:\/\/api.w.org\/{rel}","templated":true}]}}