{"id":944,"date":"2023-02-27T17:09:00","date_gmt":"2023-02-27T16:09:00","guid":{"rendered":"https:\/\/d.r4.wbsprt.com\/janamozici.cz\/?p=944"},"modified":"2026-06-17T17:10:56","modified_gmt":"2026-06-17T15:10:56","slug":"zvyseni-najmu-ma-prisna-pravidla-kdy-muze-pronajimatel-zvysit-najemne","status":"publish","type":"post","link":"https:\/\/d.r4.wbsprt.com\/janamozici.cz\/zvyseni-najmu-ma-prisna-pravidla-kdy-muze-pronajimatel-zvysit-najemne\/","title":{"rendered":"Zv\u00fd\u0161en\u00ed n\u00e1jmu m\u00e1 p\u0159\u00edsn\u00e1 pravidla. Kdy m\u016f\u017ee pronaj\u00edmatel zv\u00fd\u0161it n\u00e1jemn\u00e9?"},"content":{"rendered":"\n<p class=\"wp-block-paragraph\">V\u0161eobecn\u00e9 zdra\u017eov\u00e1n\u00ed se samoz\u0159ejm\u011b dot\u00fdk\u00e1 i n\u00e1klad\u016f na bydlen\u00ed. Turbulentn\u00ed r\u016fst cen energi\u00ed a inflace jsou hlavn\u00edm argumentem pronaj\u00edmatel\u016f pro zv\u00fd\u0161en\u00ed cen n\u00e1jemn\u00e9ho. Za jak\u00fdch podm\u00ednek m\u016f\u017ee pronaj\u00edmatel zv\u00fd\u0161it n\u00e1jemn\u00e9 a co v\u0161e je t\u0159eba dodr\u017eet?<\/p>\n\n\n\n<h3 class=\"wp-block-heading\">N\u00e1jemn\u00ed bydlen\u00ed zdra\u017euje<\/h3>\n\n\n\n<p class=\"wp-block-paragraph\">Pokud srovn\u00e1me r\u016fst cen n\u00e1jemn\u00edho bydlen\u00ed, dostaneme se na \u010dtvrtinov\u00e9 nav\u00fd\u0161en\u00ed cen n\u00e1jmu oproti p\u0159edchoz\u00edmu roku. Ke zvy\u0161ov\u00e1n\u00ed cen n\u00e1jemn\u00e9ho doch\u00e1z\u00ed zpravidla na p\u0159elomu roku. Pronaj\u00edmatel\u00e9 mohou zv\u00fd\u0161en\u00ed n\u00e1jmu prov\u00e9st bu\u010f automaticky s&nbsp;infla\u010dn\u00ed dolo\u017ekou ve smlouv\u011b, dohodou nebo v&nbsp;souladu s&nbsp;pravidly definovan\u00fdmi ob\u010dansk\u00fdm z\u00e1kon\u00edkem.&nbsp;<\/p>\n\n\n\n<h3 class=\"wp-block-heading\">Infla\u010dn\u00ed dolo\u017eka ve smlouv\u011b<\/h3>\n\n\n\n<p class=\"wp-block-paragraph\">Pronaj\u00edmatel m\u00e1 mo\u017enost zakotvit do smlouvy takzvanou infla\u010dn\u00ed dolo\u017eku. Ustanoven\u00ed o tom, \u017ee je opr\u00e1vn\u011bn jednou ro\u010dn\u011b zv\u00fd\u0161it n\u00e1jemn\u00e9 o vy\u010d\u00edslenou inflaci. N\u00e1jemn\u00e9 se bude navy\u0161ovat automaticky v&nbsp;z\u00e1vislosti na vyhl\u00e1\u0161en\u00e9 sazb\u011b inflace zve\u0159ejn\u011bn\u00e9 \u010cesk\u00fdm statistick\u00fdm \u00fa\u0159adem.<\/p>\n\n\n\n<p class=\"wp-block-paragraph\">U smluv uzav\u0159en\u00fdch na dobu ur\u010ditou, m\u016f\u017ee pronaj\u00edmatel zm\u011bnit cenu po uplynut\u00ed stanoven\u00e9 lh\u016fty n\u00e1jemn\u00e9ho ve smlouv\u011b. V&nbsp;takov\u00e9m p\u0159\u00edpad\u011b nen\u00ed limitov\u00e1n p\u0159i zv\u00fd\u0161en\u00ed ceny.<\/p>\n\n\n\n<h3 class=\"wp-block-heading\">Zv\u00fd\u0161en\u00ed n\u00e1jemn\u00e9ho dohodou<\/h3>\n\n\n\n<p class=\"wp-block-paragraph\">Jestli\u017ee se p\u0159istoup\u00ed k&nbsp;nav\u00fd\u0161en\u00ed n\u00e1jemn\u00e9ho dohodou, mus\u00ed n\u00e1jemce se zv\u00fd\u0161en\u00edm souhlasit. Ujedn\u00e1n\u00ed mus\u00ed b\u00fdt p\u00edsemn\u00e9, v&nbsp;dohod\u011b m\u00e1 b\u00fdt p\u0159esn\u011b vyj\u00e1d\u0159en\u00e1 \u010d\u00e1stka n\u00e1jemn\u00e9ho nebo transparentn\u00ed zp\u016fsob jej\u00edho v\u00fdpo\u010dtu. Ke zv\u00fd\u0161en\u00ed n\u00e1jemn\u00e9ho dohodou m\u016f\u017ee pronaj\u00edmatel p\u0159istoupit jen jednou ro\u010dn\u011b.<\/p>\n\n\n\n<p class=\"wp-block-paragraph\">Pronaj\u00edmatel m\u00e1 z\u00e1rove\u0148 pr\u00e1vo nav\u00fd\u0161it n\u00e1jemn\u00e9 v&nbsp;p\u0159\u00edpad\u011b, kdy se zlep\u0161ila kvalita bydlen\u00ed nap\u0159\u00edklad v&nbsp;souladu s&nbsp;prob\u011bhnutou rekonstrukc\u00ed nebo stavebn\u00edmi \u00fapravami. Takov\u00e9 nav\u00fd\u0161en\u00ed nesm\u00ed p\u0159ekro\u010dit 10 % p\u016fvodn\u00edho n\u00e1jemn\u00e9ho.&nbsp;<\/p>\n\n\n\n<h3 class=\"wp-block-heading\">Podm\u00ednky zdra\u017een\u00ed specifikuje ob\u010dansk\u00fd z\u00e1kon\u00edk<\/h3>\n\n\n\n<p class=\"wp-block-paragraph\">N\u00e1jemce nemus\u00ed se zv\u00fd\u0161en\u00edm souhlasit, pak zdra\u017een\u00ed upravuje ob\u010dansk\u00fd z\u00e1kon\u00edk. Jestli\u017ee m\u00e1te uzav\u0159enou smlouvu na dobu neur\u010ditou, m\u00e1 pronaj\u00edmatel n\u00e1rok zv\u00fd\u0161it cenu pouze na hladinu obvykl\u00e9ho n\u00e1jemn\u00e9ho v&nbsp;dan\u00e9 lokalit\u011b. Je tedy na n\u011bm, aby prok\u00e1zal, \u017ee za dan\u00fd byt plat\u00ed n\u00e1jemce m\u00e9n\u011b ne\u017e obyvatel\u00e9 ve srovnateln\u00fdch bytech v&nbsp;lokalit\u011b. Pak je pronaj\u00edmatel opr\u00e1vn\u011bn jednou za rok navrhnout zv\u00fd\u0161en\u00ed ceny. Zv\u00fd\u0161en\u00ed ceny se d\u011bje za p\u0159edpokladu, \u017ee nen\u00ed sjedn\u00e1na dohoda.<\/p>\n\n\n\n<p class=\"wp-block-paragraph\">P\u0159i n\u00e1vrhu na zv\u00fd\u0161en\u00ed ceny je t\u0159eba dodr\u017eet n\u011bkolik podm\u00ednek. Procentn\u00ed nav\u00fd\u0161en\u00ed n\u00e1jemn\u00e9ho mus\u00ed odpov\u00eddat maxim\u00e1ln\u011b 20 % z&nbsp;n\u00e1jemn\u00e9ho za posledn\u00ed t\u0159i roky a pronaj\u00edmatel je znaleck\u00fdm posudkem nebo t\u0159emi n\u00e1jemn\u00edmi smlouvami z&nbsp;okol\u00ed povinen prok\u00e1zat, \u017ee v&nbsp;lokalit\u011b je vy\u0161\u0161\u00ed n\u00e1jemn\u00e9.<\/p>\n\n\n\n<p class=\"wp-block-paragraph\">Pokud by n\u00e1jemce s&nbsp;nav\u00fd\u0161en\u00edm nesouhlasil, pronaj\u00edmatel m\u016f\u017ee zv\u00fd\u0161en\u00ed ceny po t\u0159ech m\u011bs\u00edc\u00edch od n\u00e1vrhu vym\u00e1hat soudn\u011b. Soud zvy\u0161uje n\u00e1jemn\u00e9 podle zm\u00edn\u011bn\u00e9ho limitu, 20% nav\u00fd\u0161en\u00ed jednou za 3 roky a nejd\u0159\u00edve rok po posledn\u00edm zv\u00fd\u0161en\u00ed ceny.<\/p>\n\n\n\n<p class=\"wp-block-paragraph\"><a target=\"_blank\" href=\"https:\/\/www.facebook.com\/sharer\/sharer.php?u=https:\/\/janamozici.cz\/clanek\/zvyseni-najmu-ma-prisna-pravidla-kdy-muze-pronajimatel-zvysit-najemne\" rel=\"noreferrer noopener\"><\/a>&nbsp;<a target=\"_blank\" href=\"https:\/\/x.com\/intent\/post?text=Zv%C3%BD%C5%A1en%C3%AD%20n%C3%A1jmu%20m%C3%A1%20p%C5%99%C3%ADsn%C3%A1%20pravidla.%20Kdy%20m%C5%AF%C5%BEe%20pronaj%C3%ADmatel%20zv%C3%BD%C5%A1it%20n%C3%A1jemn%C3%A9?\" rel=\"noreferrer noopener\"><\/a><\/p>\n","protected":false},"excerpt":{"rendered":"<p>V\u0161eobecn\u00e9 zdra\u017eov\u00e1n\u00ed se samoz\u0159ejm\u011b dot\u00fdk\u00e1 i n\u00e1klad\u016f na bydlen\u00ed. Turbulentn\u00ed r\u016fst cen energi\u00ed a inflace jsou hlavn\u00edm argumentem pronaj\u00edmatel\u016f pro zv\u00fd\u0161en\u00ed cen n\u00e1jemn\u00e9ho. Za jak\u00fdch podm\u00ednek m\u016f\u017ee pronaj\u00edmatel zv\u00fd\u0161it n\u00e1jemn\u00e9 a co v\u0161e je t\u0159eba dodr\u017eet? N\u00e1jemn\u00ed bydlen\u00ed zdra\u017euje Pokud srovn\u00e1me r\u016fst cen n\u00e1jemn\u00edho bydlen\u00ed, dostaneme se na \u010dtvrtinov\u00e9 nav\u00fd\u0161en\u00ed cen n\u00e1jmu oproti p\u0159edchoz\u00edmu roku. [&hellip;]<\/p>\n","protected":false},"author":1,"featured_media":945,"comment_status":"closed","ping_status":"closed","sticky":false,"template":"","format":"standard","meta":{"_acf_changed":false,"pgc_sgb_lightbox_settings":"","footnotes":""},"categories":[13],"tags":[],"class_list":["post-944","post","type-post","status-publish","format-standard","has-post-thumbnail","hentry","category-clanky"],"acf":[],"yoast_head":"<!-- This site is optimized with the Yoast SEO plugin v28.2 - https:\/\/yoast.com\/product\/yoast-seo-wordpress\/ -->\n<title>Zv\u00fd\u0161en\u00ed n\u00e1jmu m\u00e1 p\u0159\u00edsn\u00e1 pravidla. Kdy m\u016f\u017ee pronaj\u00edmatel zv\u00fd\u0161it n\u00e1jemn\u00e9? - Jana Mozici - Realitni makl\u00e9\u0159ka<\/title>\n<meta name=\"robots\" content=\"index, follow, max-snippet:-1, max-image-preview:large, max-video-preview:-1\" \/>\n<link rel=\"canonical\" href=\"https:\/\/janamozici.cz\/zvyseni-najmu-ma-prisna-pravidla-kdy-muze-pronajimatel-zvysit-najemne\/\" \/>\n<meta property=\"og:locale\" content=\"cs_CZ\" \/>\n<meta property=\"og:type\" content=\"article\" \/>\n<meta property=\"og:title\" content=\"Zv\u00fd\u0161en\u00ed n\u00e1jmu m\u00e1 p\u0159\u00edsn\u00e1 pravidla. Kdy m\u016f\u017ee pronaj\u00edmatel zv\u00fd\u0161it n\u00e1jemn\u00e9? - Jana Mozici - Realitni makl\u00e9\u0159ka\" \/>\n<meta property=\"og:description\" content=\"V\u0161eobecn\u00e9 zdra\u017eov\u00e1n\u00ed se samoz\u0159ejm\u011b dot\u00fdk\u00e1 i n\u00e1klad\u016f na bydlen\u00ed. Turbulentn\u00ed r\u016fst cen energi\u00ed a inflace jsou hlavn\u00edm argumentem pronaj\u00edmatel\u016f pro zv\u00fd\u0161en\u00ed cen n\u00e1jemn\u00e9ho. Za jak\u00fdch podm\u00ednek m\u016f\u017ee pronaj\u00edmatel zv\u00fd\u0161it n\u00e1jemn\u00e9 a co v\u0161e je t\u0159eba dodr\u017eet? N\u00e1jemn\u00ed bydlen\u00ed zdra\u017euje Pokud srovn\u00e1me r\u016fst cen n\u00e1jemn\u00edho bydlen\u00ed, dostaneme se na \u010dtvrtinov\u00e9 nav\u00fd\u0161en\u00ed cen n\u00e1jmu oproti p\u0159edchoz\u00edmu roku. [&hellip;]\" \/>\n<meta property=\"og:url\" content=\"https:\/\/janamozici.cz\/zvyseni-najmu-ma-prisna-pravidla-kdy-muze-pronajimatel-zvysit-najemne\/\" \/>\n<meta property=\"og:site_name\" content=\"Jana Mozici - Realitni makl\u00e9\u0159ka\" \/>\n<meta property=\"article:published_time\" content=\"2023-02-27T16:09:00+00:00\" \/>\n<meta property=\"article:modified_time\" content=\"2026-06-17T15:10:56+00:00\" \/>\n<meta property=\"og:image\" content=\"https:\/\/janamozici.cz\/wp-content\/uploads\/2026\/06\/2228.jpg\" \/>\n\t<meta property=\"og:image:width\" content=\"994\" \/>\n\t<meta property=\"og:image:height\" content=\"794\" \/>\n\t<meta property=\"og:image:type\" content=\"image\/jpeg\" \/>\n<meta name=\"author\" content=\"pavelignacek\" \/>\n<meta name=\"twitter:card\" content=\"summary_large_image\" \/>\n<meta name=\"twitter:label1\" content=\"Napsal(a)\" \/>\n\t<meta name=\"twitter:data1\" content=\"pavelignacek\" \/>\n\t<meta name=\"twitter:label2\" content=\"Odhadovan\u00e1 doba \u010dten\u00ed\" \/>\n\t<meta name=\"twitter:data2\" content=\"3 minuty\" \/>\n<script type=\"application\/ld+json\" class=\"yoast-schema-graph\">{\"@context\":\"https:\\\/\\\/schema.org\",\"@graph\":[{\"@type\":\"Article\",\"@id\":\"https:\\\/\\\/janamozici.cz\\\/zvyseni-najmu-ma-prisna-pravidla-kdy-muze-pronajimatel-zvysit-najemne\\\/#article\",\"isPartOf\":{\"@id\":\"https:\\\/\\\/janamozici.cz\\\/zvyseni-najmu-ma-prisna-pravidla-kdy-muze-pronajimatel-zvysit-najemne\\\/\"},\"author\":{\"name\":\"pavelignacek\",\"@id\":\"https:\\\/\\\/janamozici.cz\\\/#\\\/schema\\\/person\\\/a0c8271995d3088e738ca636e0ae15e8\"},\"headline\":\"Zv\u00fd\u0161en\u00ed n\u00e1jmu m\u00e1 p\u0159\u00edsn\u00e1 pravidla. Kdy m\u016f\u017ee pronaj\u00edmatel zv\u00fd\u0161it n\u00e1jemn\u00e9?\",\"datePublished\":\"2023-02-27T16:09:00+00:00\",\"dateModified\":\"2026-06-17T15:10:56+00:00\",\"mainEntityOfPage\":{\"@id\":\"https:\\\/\\\/janamozici.cz\\\/zvyseni-najmu-ma-prisna-pravidla-kdy-muze-pronajimatel-zvysit-najemne\\\/\"},\"wordCount\":615,\"publisher\":{\"@id\":\"https:\\\/\\\/janamozici.cz\\\/#organization\"},\"image\":{\"@id\":\"https:\\\/\\\/janamozici.cz\\\/zvyseni-najmu-ma-prisna-pravidla-kdy-muze-pronajimatel-zvysit-najemne\\\/#primaryimage\"},\"thumbnailUrl\":\"https:\\\/\\\/d.r4.wbsprt.com\\\/janamozici.cz\\\/wp-content\\\/uploads\\\/2026\\\/06\\\/2228.jpg\",\"articleSection\":[\"\u010cL\u00c1NKY\"],\"inLanguage\":\"cs\"},{\"@type\":\"WebPage\",\"@id\":\"https:\\\/\\\/janamozici.cz\\\/zvyseni-najmu-ma-prisna-pravidla-kdy-muze-pronajimatel-zvysit-najemne\\\/\",\"url\":\"https:\\\/\\\/janamozici.cz\\\/zvyseni-najmu-ma-prisna-pravidla-kdy-muze-pronajimatel-zvysit-najemne\\\/\",\"name\":\"Zv\u00fd\u0161en\u00ed n\u00e1jmu m\u00e1 p\u0159\u00edsn\u00e1 pravidla. Kdy m\u016f\u017ee pronaj\u00edmatel zv\u00fd\u0161it n\u00e1jemn\u00e9? - Jana Mozici - Realitni makl\u00e9\u0159ka\",\"isPartOf\":{\"@id\":\"https:\\\/\\\/janamozici.cz\\\/#website\"},\"primaryImageOfPage\":{\"@id\":\"https:\\\/\\\/janamozici.cz\\\/zvyseni-najmu-ma-prisna-pravidla-kdy-muze-pronajimatel-zvysit-najemne\\\/#primaryimage\"},\"image\":{\"@id\":\"https:\\\/\\\/janamozici.cz\\\/zvyseni-najmu-ma-prisna-pravidla-kdy-muze-pronajimatel-zvysit-najemne\\\/#primaryimage\"},\"thumbnailUrl\":\"https:\\\/\\\/d.r4.wbsprt.com\\\/janamozici.cz\\\/wp-content\\\/uploads\\\/2026\\\/06\\\/2228.jpg\",\"datePublished\":\"2023-02-27T16:09:00+00:00\",\"dateModified\":\"2026-06-17T15:10:56+00:00\",\"breadcrumb\":{\"@id\":\"https:\\\/\\\/janamozici.cz\\\/zvyseni-najmu-ma-prisna-pravidla-kdy-muze-pronajimatel-zvysit-najemne\\\/#breadcrumb\"},\"inLanguage\":\"cs\",\"potentialAction\":[{\"@type\":\"ReadAction\",\"target\":[\"https:\\\/\\\/janamozici.cz\\\/zvyseni-najmu-ma-prisna-pravidla-kdy-muze-pronajimatel-zvysit-najemne\\\/\"]}]},{\"@type\":\"ImageObject\",\"inLanguage\":\"cs\",\"@id\":\"https:\\\/\\\/janamozici.cz\\\/zvyseni-najmu-ma-prisna-pravidla-kdy-muze-pronajimatel-zvysit-najemne\\\/#primaryimage\",\"url\":\"https:\\\/\\\/d.r4.wbsprt.com\\\/janamozici.cz\\\/wp-content\\\/uploads\\\/2026\\\/06\\\/2228.jpg\",\"contentUrl\":\"https:\\\/\\\/d.r4.wbsprt.com\\\/janamozici.cz\\\/wp-content\\\/uploads\\\/2026\\\/06\\\/2228.jpg\",\"width\":994,\"height\":794},{\"@type\":\"BreadcrumbList\",\"@id\":\"https:\\\/\\\/janamozici.cz\\\/zvyseni-najmu-ma-prisna-pravidla-kdy-muze-pronajimatel-zvysit-najemne\\\/#breadcrumb\",\"itemListElement\":[{\"@type\":\"ListItem\",\"position\":1,\"name\":\"Dom\u016f\",\"item\":\"https:\\\/\\\/janamozici.cz\\\/\"},{\"@type\":\"ListItem\",\"position\":2,\"name\":\"Zv\u00fd\u0161en\u00ed n\u00e1jmu m\u00e1 p\u0159\u00edsn\u00e1 pravidla. Kdy m\u016f\u017ee pronaj\u00edmatel zv\u00fd\u0161it n\u00e1jemn\u00e9?\"}]},{\"@type\":\"WebSite\",\"@id\":\"https:\\\/\\\/janamozici.cz\\\/#website\",\"url\":\"https:\\\/\\\/janamozici.cz\\\/\",\"name\":\"Jana Mozici - Realitni makl\u00e9\u0159ka\",\"description\":\"Realitn\u00ed makl\u00e9\u0159ka pro Chomutovsk\u00fd kraj\",\"publisher\":{\"@id\":\"https:\\\/\\\/janamozici.cz\\\/#organization\"},\"potentialAction\":[{\"@type\":\"SearchAction\",\"target\":{\"@type\":\"EntryPoint\",\"urlTemplate\":\"https:\\\/\\\/janamozici.cz\\\/?s={search_term_string}\"},\"query-input\":{\"@type\":\"PropertyValueSpecification\",\"valueRequired\":true,\"valueName\":\"search_term_string\"}}],\"inLanguage\":\"cs\"},{\"@type\":\"Organization\",\"@id\":\"https:\\\/\\\/janamozici.cz\\\/#organization\",\"name\":\"Jana Mozici - Realitni makl\u00e9\u0159ka\",\"url\":\"https:\\\/\\\/janamozici.cz\\\/\",\"logo\":{\"@type\":\"ImageObject\",\"inLanguage\":\"cs\",\"@id\":\"https:\\\/\\\/janamozici.cz\\\/#\\\/schema\\\/logo\\\/image\\\/\",\"url\":\"https:\\\/\\\/d.r4.wbsprt.com\\\/janamozici.cz\\\/wp-content\\\/uploads\\\/2026\\\/07\\\/cropped-favicon.png\",\"contentUrl\":\"https:\\\/\\\/d.r4.wbsprt.com\\\/janamozici.cz\\\/wp-content\\\/uploads\\\/2026\\\/07\\\/cropped-favicon.png\",\"width\":300,\"height\":300,\"caption\":\"Jana Mozici - Realitni makl\u00e9\u0159ka\"},\"image\":{\"@id\":\"https:\\\/\\\/janamozici.cz\\\/#\\\/schema\\\/logo\\\/image\\\/\"}},{\"@type\":\"Person\",\"@id\":\"https:\\\/\\\/janamozici.cz\\\/#\\\/schema\\\/person\\\/a0c8271995d3088e738ca636e0ae15e8\",\"name\":\"pavelignacek\",\"image\":{\"@type\":\"ImageObject\",\"inLanguage\":\"cs\",\"@id\":\"https:\\\/\\\/secure.gravatar.com\\\/avatar\\\/f1277ae3877a04db460fe45d0c550807b61b14883332acd3d3665c45a540a0c7?s=96&d=mm&r=g\",\"url\":\"https:\\\/\\\/secure.gravatar.com\\\/avatar\\\/f1277ae3877a04db460fe45d0c550807b61b14883332acd3d3665c45a540a0c7?s=96&d=mm&r=g\",\"contentUrl\":\"https:\\\/\\\/secure.gravatar.com\\\/avatar\\\/f1277ae3877a04db460fe45d0c550807b61b14883332acd3d3665c45a540a0c7?s=96&d=mm&r=g\",\"caption\":\"pavelignacek\"},\"sameAs\":[\"https:\\\/\\\/janamozici.cz\"],\"url\":\"https:\\\/\\\/d.r4.wbsprt.com\\\/janamozici.cz\\\/author\\\/pavelignacek\\\/\"}]}<\/script>\n<!-- \/ Yoast SEO plugin. -->","yoast_head_json":{"title":"Zv\u00fd\u0161en\u00ed n\u00e1jmu m\u00e1 p\u0159\u00edsn\u00e1 pravidla. Kdy m\u016f\u017ee pronaj\u00edmatel zv\u00fd\u0161it n\u00e1jemn\u00e9? - Jana Mozici - Realitni makl\u00e9\u0159ka","robots":{"index":"index","follow":"follow","max-snippet":"max-snippet:-1","max-image-preview":"max-image-preview:large","max-video-preview":"max-video-preview:-1"},"canonical":"https:\/\/janamozici.cz\/zvyseni-najmu-ma-prisna-pravidla-kdy-muze-pronajimatel-zvysit-najemne\/","og_locale":"cs_CZ","og_type":"article","og_title":"Zv\u00fd\u0161en\u00ed n\u00e1jmu m\u00e1 p\u0159\u00edsn\u00e1 pravidla. Kdy m\u016f\u017ee pronaj\u00edmatel zv\u00fd\u0161it n\u00e1jemn\u00e9? - Jana Mozici - Realitni makl\u00e9\u0159ka","og_description":"V\u0161eobecn\u00e9 zdra\u017eov\u00e1n\u00ed se samoz\u0159ejm\u011b dot\u00fdk\u00e1 i n\u00e1klad\u016f na bydlen\u00ed. Turbulentn\u00ed r\u016fst cen energi\u00ed a inflace jsou hlavn\u00edm argumentem pronaj\u00edmatel\u016f pro zv\u00fd\u0161en\u00ed cen n\u00e1jemn\u00e9ho. Za jak\u00fdch podm\u00ednek m\u016f\u017ee pronaj\u00edmatel zv\u00fd\u0161it n\u00e1jemn\u00e9 a co v\u0161e je t\u0159eba dodr\u017eet? N\u00e1jemn\u00ed bydlen\u00ed zdra\u017euje Pokud srovn\u00e1me r\u016fst cen n\u00e1jemn\u00edho bydlen\u00ed, dostaneme se na \u010dtvrtinov\u00e9 nav\u00fd\u0161en\u00ed cen n\u00e1jmu oproti p\u0159edchoz\u00edmu roku. [&hellip;]","og_url":"https:\/\/janamozici.cz\/zvyseni-najmu-ma-prisna-pravidla-kdy-muze-pronajimatel-zvysit-najemne\/","og_site_name":"Jana Mozici - Realitni makl\u00e9\u0159ka","article_published_time":"2023-02-27T16:09:00+00:00","article_modified_time":"2026-06-17T15:10:56+00:00","og_image":[{"width":994,"height":794,"url":"https:\/\/janamozici.cz\/wp-content\/uploads\/2026\/06\/2228.jpg","type":"image\/jpeg"}],"author":"pavelignacek","twitter_card":"summary_large_image","twitter_misc":{"Napsal(a)":"pavelignacek","Odhadovan\u00e1 doba \u010dten\u00ed":"3 minuty"},"schema":{"@context":"https:\/\/schema.org","@graph":[{"@type":"Article","@id":"https:\/\/janamozici.cz\/zvyseni-najmu-ma-prisna-pravidla-kdy-muze-pronajimatel-zvysit-najemne\/#article","isPartOf":{"@id":"https:\/\/janamozici.cz\/zvyseni-najmu-ma-prisna-pravidla-kdy-muze-pronajimatel-zvysit-najemne\/"},"author":{"name":"pavelignacek","@id":"https:\/\/janamozici.cz\/#\/schema\/person\/a0c8271995d3088e738ca636e0ae15e8"},"headline":"Zv\u00fd\u0161en\u00ed n\u00e1jmu m\u00e1 p\u0159\u00edsn\u00e1 pravidla. Kdy m\u016f\u017ee pronaj\u00edmatel zv\u00fd\u0161it n\u00e1jemn\u00e9?","datePublished":"2023-02-27T16:09:00+00:00","dateModified":"2026-06-17T15:10:56+00:00","mainEntityOfPage":{"@id":"https:\/\/janamozici.cz\/zvyseni-najmu-ma-prisna-pravidla-kdy-muze-pronajimatel-zvysit-najemne\/"},"wordCount":615,"publisher":{"@id":"https:\/\/janamozici.cz\/#organization"},"image":{"@id":"https:\/\/janamozici.cz\/zvyseni-najmu-ma-prisna-pravidla-kdy-muze-pronajimatel-zvysit-najemne\/#primaryimage"},"thumbnailUrl":"https:\/\/d.r4.wbsprt.com\/janamozici.cz\/wp-content\/uploads\/2026\/06\/2228.jpg","articleSection":["\u010cL\u00c1NKY"],"inLanguage":"cs"},{"@type":"WebPage","@id":"https:\/\/janamozici.cz\/zvyseni-najmu-ma-prisna-pravidla-kdy-muze-pronajimatel-zvysit-najemne\/","url":"https:\/\/janamozici.cz\/zvyseni-najmu-ma-prisna-pravidla-kdy-muze-pronajimatel-zvysit-najemne\/","name":"Zv\u00fd\u0161en\u00ed n\u00e1jmu m\u00e1 p\u0159\u00edsn\u00e1 pravidla. Kdy m\u016f\u017ee pronaj\u00edmatel zv\u00fd\u0161it n\u00e1jemn\u00e9? - Jana Mozici - Realitni makl\u00e9\u0159ka","isPartOf":{"@id":"https:\/\/janamozici.cz\/#website"},"primaryImageOfPage":{"@id":"https:\/\/janamozici.cz\/zvyseni-najmu-ma-prisna-pravidla-kdy-muze-pronajimatel-zvysit-najemne\/#primaryimage"},"image":{"@id":"https:\/\/janamozici.cz\/zvyseni-najmu-ma-prisna-pravidla-kdy-muze-pronajimatel-zvysit-najemne\/#primaryimage"},"thumbnailUrl":"https:\/\/d.r4.wbsprt.com\/janamozici.cz\/wp-content\/uploads\/2026\/06\/2228.jpg","datePublished":"2023-02-27T16:09:00+00:00","dateModified":"2026-06-17T15:10:56+00:00","breadcrumb":{"@id":"https:\/\/janamozici.cz\/zvyseni-najmu-ma-prisna-pravidla-kdy-muze-pronajimatel-zvysit-najemne\/#breadcrumb"},"inLanguage":"cs","potentialAction":[{"@type":"ReadAction","target":["https:\/\/janamozici.cz\/zvyseni-najmu-ma-prisna-pravidla-kdy-muze-pronajimatel-zvysit-najemne\/"]}]},{"@type":"ImageObject","inLanguage":"cs","@id":"https:\/\/janamozici.cz\/zvyseni-najmu-ma-prisna-pravidla-kdy-muze-pronajimatel-zvysit-najemne\/#primaryimage","url":"https:\/\/d.r4.wbsprt.com\/janamozici.cz\/wp-content\/uploads\/2026\/06\/2228.jpg","contentUrl":"https:\/\/d.r4.wbsprt.com\/janamozici.cz\/wp-content\/uploads\/2026\/06\/2228.jpg","width":994,"height":794},{"@type":"BreadcrumbList","@id":"https:\/\/janamozici.cz\/zvyseni-najmu-ma-prisna-pravidla-kdy-muze-pronajimatel-zvysit-najemne\/#breadcrumb","itemListElement":[{"@type":"ListItem","position":1,"name":"Dom\u016f","item":"https:\/\/janamozici.cz\/"},{"@type":"ListItem","position":2,"name":"Zv\u00fd\u0161en\u00ed n\u00e1jmu m\u00e1 p\u0159\u00edsn\u00e1 pravidla. Kdy m\u016f\u017ee pronaj\u00edmatel zv\u00fd\u0161it n\u00e1jemn\u00e9?"}]},{"@type":"WebSite","@id":"https:\/\/janamozici.cz\/#website","url":"https:\/\/janamozici.cz\/","name":"Jana Mozici - Realitni makl\u00e9\u0159ka","description":"Realitn\u00ed makl\u00e9\u0159ka pro Chomutovsk\u00fd kraj","publisher":{"@id":"https:\/\/janamozici.cz\/#organization"},"potentialAction":[{"@type":"SearchAction","target":{"@type":"EntryPoint","urlTemplate":"https:\/\/janamozici.cz\/?s={search_term_string}"},"query-input":{"@type":"PropertyValueSpecification","valueRequired":true,"valueName":"search_term_string"}}],"inLanguage":"cs"},{"@type":"Organization","@id":"https:\/\/janamozici.cz\/#organization","name":"Jana Mozici - Realitni makl\u00e9\u0159ka","url":"https:\/\/janamozici.cz\/","logo":{"@type":"ImageObject","inLanguage":"cs","@id":"https:\/\/janamozici.cz\/#\/schema\/logo\/image\/","url":"https:\/\/d.r4.wbsprt.com\/janamozici.cz\/wp-content\/uploads\/2026\/07\/cropped-favicon.png","contentUrl":"https:\/\/d.r4.wbsprt.com\/janamozici.cz\/wp-content\/uploads\/2026\/07\/cropped-favicon.png","width":300,"height":300,"caption":"Jana Mozici - Realitni makl\u00e9\u0159ka"},"image":{"@id":"https:\/\/janamozici.cz\/#\/schema\/logo\/image\/"}},{"@type":"Person","@id":"https:\/\/janamozici.cz\/#\/schema\/person\/a0c8271995d3088e738ca636e0ae15e8","name":"pavelignacek","image":{"@type":"ImageObject","inLanguage":"cs","@id":"https:\/\/secure.gravatar.com\/avatar\/f1277ae3877a04db460fe45d0c550807b61b14883332acd3d3665c45a540a0c7?s=96&d=mm&r=g","url":"https:\/\/secure.gravatar.com\/avatar\/f1277ae3877a04db460fe45d0c550807b61b14883332acd3d3665c45a540a0c7?s=96&d=mm&r=g","contentUrl":"https:\/\/secure.gravatar.com\/avatar\/f1277ae3877a04db460fe45d0c550807b61b14883332acd3d3665c45a540a0c7?s=96&d=mm&r=g","caption":"pavelignacek"},"sameAs":["https:\/\/janamozici.cz"],"url":"https:\/\/d.r4.wbsprt.com\/janamozici.cz\/author\/pavelignacek\/"}]}},"_links":{"self":[{"href":"https:\/\/d.r4.wbsprt.com\/janamozici.cz\/wp-json\/wp\/v2\/posts\/944","targetHints":{"allow":["GET"]}}],"collection":[{"href":"https:\/\/d.r4.wbsprt.com\/janamozici.cz\/wp-json\/wp\/v2\/posts"}],"about":[{"href":"https:\/\/d.r4.wbsprt.com\/janamozici.cz\/wp-json\/wp\/v2\/types\/post"}],"author":[{"embeddable":true,"href":"https:\/\/d.r4.wbsprt.com\/janamozici.cz\/wp-json\/wp\/v2\/users\/1"}],"replies":[{"embeddable":true,"href":"https:\/\/d.r4.wbsprt.com\/janamozici.cz\/wp-json\/wp\/v2\/comments?post=944"}],"version-history":[{"count":1,"href":"https:\/\/d.r4.wbsprt.com\/janamozici.cz\/wp-json\/wp\/v2\/posts\/944\/revisions"}],"predecessor-version":[{"id":946,"href":"https:\/\/d.r4.wbsprt.com\/janamozici.cz\/wp-json\/wp\/v2\/posts\/944\/revisions\/946"}],"wp:featuredmedia":[{"embeddable":true,"href":"https:\/\/d.r4.wbsprt.com\/janamozici.cz\/wp-json\/wp\/v2\/media\/945"}],"wp:attachment":[{"href":"https:\/\/d.r4.wbsprt.com\/janamozici.cz\/wp-json\/wp\/v2\/media?parent=944"}],"wp:term":[{"taxonomy":"category","embeddable":true,"href":"https:\/\/d.r4.wbsprt.com\/janamozici.cz\/wp-json\/wp\/v2\/categories?post=944"},{"taxonomy":"post_tag","embeddable":true,"href":"https:\/\/d.r4.wbsprt.com\/janamozici.cz\/wp-json\/wp\/v2\/tags?post=944"}],"curies":[{"name":"wp","href":"https:\/\/api.w.org\/{rel}","templated":true}]}}