{"id":956,"date":"2023-06-28T17:25:00","date_gmt":"2023-06-28T15:25:00","guid":{"rendered":"https:\/\/d.r4.wbsprt.com\/janamozici.cz\/?p=956"},"modified":"2026-06-17T17:25:33","modified_gmt":"2026-06-17T15:25:33","slug":"planujete-rekonstrukci-nemovitosti-vyhnete-se-temto-castym-chybam","status":"publish","type":"post","link":"https:\/\/d.r4.wbsprt.com\/janamozici.cz\/planujete-rekonstrukci-nemovitosti-vyhnete-se-temto-castym-chybam\/","title":{"rendered":"Pl\u00e1nujete rekonstrukci nemovitosti? Vyhn\u011bte se t\u011bmto \u010dast\u00fdm chyb\u00e1m"},"content":{"rendered":"\n<p class=\"wp-block-paragraph\">P\u0159ipravujete se na rekonstrukci nemovitosti a tou\u017e\u00edte po tom, aby v\u0161e prob\u011bhlo hladce a bez zbyte\u010dn\u00fdch komplikac\u00ed? A\u0165 u\u017e pl\u00e1nujete kompletn\u00ed p\u0159estavbu nebo jen malou renovaci, m\u016f\u017ee v\u00e1s \u010dekat nespo\u010det \u00faskal\u00ed. V tomto \u010dl\u00e1nku se zam\u011b\u0159\u00edme na nej\u010dast\u011bj\u0161\u00ed chyby, kter\u00fdch se lid\u00e9 p\u0159i rekonstrukci dopou\u0161t\u011bj\u00ed.&nbsp;<\/p>\n\n\n\n<h3 class=\"wp-block-heading\">Nedostate\u010dn\u00e9 pl\u00e1nov\u00e1n\u00ed a p\u0159\u00edprava<\/h3>\n\n\n\n<p class=\"wp-block-paragraph\">Prvn\u00ed a \u010dasto velmi podce\u0148ovan\u00fd krok v jak\u00e9koli rekonstrukci je pl\u00e1nov\u00e1n\u00ed. Je d\u016fle\u017eit\u00e9 m\u00edt jasnou p\u0159edstavu o tom, co chcete dos\u00e1hnout, jak\u00fd bude kone\u010dn\u00fd v\u00fdsledek a kolik pen\u011bz jste ochotni do projektu investovat.<\/p>\n\n\n\n<p class=\"wp-block-paragraph\">Je dobr\u00e9 m\u00edt detailn\u00ed pl\u00e1n, v\u010detn\u011b \u010dasov\u00e9ho harmonogramu a n\u00e1klad\u016f. P\u0159ipravte se na p\u0159ekvapen\u00ed &#8211; \u010dasto se objev\u00ed ne\u010dekan\u00e9 probl\u00e9my, kter\u00e9 mohou zp\u016fsobit zpo\u017ed\u011bn\u00ed a zv\u00fd\u0161en\u00ed n\u00e1klad\u016f. Je proto \u017e\u00e1douc\u00ed m\u00edt pro tyto p\u0159\u00edpady p\u0159ipravenou finan\u010dn\u00ed rezervu.<\/p>\n\n\n\n<p class=\"wp-block-paragraph\">Sna\u017ete se tak\u00e9 vyhnout impulzivn\u00edm rozhodnut\u00edm a nepromy\u0161len\u00fdm zm\u011bn\u00e1m uprost\u0159ed rekonstrukce. Tyto zm\u011bny \u010dasto vedou k prodlou\u017een\u00ed prac\u00ed a zv\u00fd\u0161en\u00ed n\u00e1klad\u016f.<\/p>\n\n\n\n<h3 class=\"wp-block-heading\">\u0160patn\u00fd v\u00fdb\u011br dodavatel\u016f \u010di \u0159emesln\u00edk\u016f<\/h3>\n\n\n\n<p class=\"wp-block-paragraph\">Kvalita pr\u00e1ce proveden\u00e9 p\u0159i rekonstrukci je v\u00fdrazn\u011b ovlivn\u011bna t\u00edm, koho si najmete. Je d\u016fle\u017eit\u00e9 pe\u010dliv\u011b vyb\u00edrat dodavatele a \u0159emesln\u00edky.<\/p>\n\n\n\n<p class=\"wp-block-paragraph\">Doporu\u010duji prov\u00e9st d\u016fkladn\u00fd pr\u016fzkum, po\u017e\u00e1dat o doporu\u010den\u00ed od p\u0159\u00e1tel, rodiny nebo soused\u016f. Nebojte se po\u017e\u00e1dat o reference a uk\u00e1zky p\u0159edchoz\u00ed pr\u00e1ce. S v\u00fdb\u011brem vhodn\u00e9ho dodavatele v\u00e1m mohou pomoci i port\u00e1ly, na kter\u00fdch si zad\u00e1te popt\u00e1vku a n\u00e1sledn\u011b v\u00e1m samotn\u00e9 firmy dodaj\u00ed cenovou nab\u00eddku. M\u011bjte ale na pam\u011bti, \u017ee nejlevn\u011bj\u0161\u00ed nab\u00eddka nemus\u00ed b\u00fdt v\u017edy nejlep\u0161\u00ed.<\/p>\n\n\n\n<p class=\"wp-block-paragraph\">V neposledn\u00ed \u0159ad\u011b vytvo\u0159te s budouc\u00edm dodavatelem smlouvu, kter\u00e1 jasn\u011b specifikuje rozsah pr\u00e1ce, \u010dasov\u00fd r\u00e1mec a cenu. Toto dod\u00e1v\u00e1 ob\u011bma stran\u00e1m jistotu.<\/p>\n\n\n\n<h3 class=\"wp-block-heading\">Nedodr\u017eov\u00e1n\u00ed stavebn\u00edch p\u0159edpis\u016f a norem<\/h3>\n\n\n\n<p class=\"wp-block-paragraph\">V \u010cesk\u00e9 republice existuje \u0159ada stavebn\u00edch p\u0159edpis\u016f a norem, kter\u00e9 je nutn\u00e9 dodr\u017eovat. Z t\u011bchto p\u0159edpis\u016f a norem plynou povinnosti a\u0165 u\u017e firem prov\u00e1d\u011bj\u00edc\u00edch rekonstrukci, nebo samotn\u00fdch majitel\u016f nemovitosti.<\/p>\n\n\n\n<p class=\"wp-block-paragraph\">Poru\u0161en\u00ed t\u011bchto p\u0159edpis\u016f m\u016f\u017ee v\u00e9st k v\u00e1\u017en\u00fdm probl\u00e9m\u016fm v\u010detn\u011b finan\u010dn\u00edch sankc\u00ed nebo dokonce nutnosti uv\u00e9st neleg\u00e1ln\u011b provedenou rekonstrukci do p\u016fvodn\u00edho stavu<\/p>\n\n\n\n<p class=\"wp-block-paragraph\">Vyu\u017eijte slu\u017eeb odborn\u00edka, kter\u00fd m\u00e1 s t\u011bmito p\u0159edpisy zku\u0161enosti. Je to investice, kter\u00e1 se v\u00e1m m\u016f\u017ee vr\u00e1tit v podob\u011b \u00faspory \u010dasu, pen\u011bz i starost\u00ed.<\/p>\n\n\n\n<h3 class=\"wp-block-heading\">P\u0159ehl\u00ed\u017een\u00ed energetick\u00e9 n\u00e1ro\u010dnosti&nbsp;&nbsp;<\/h3>\n\n\n\n<p class=\"wp-block-paragraph\">V dne\u0161n\u00ed dob\u011b je d\u016fle\u017eit\u00e9 myslet p\u0159i rekonstrukci i na energetickou efektivitu. Modernizace syst\u00e9m\u016f vyt\u00e1p\u011bn\u00ed, izolace nebo v\u00fdm\u011bna oken mohou p\u0159in\u00e9st v\u00fdznamn\u00e9 \u00faspory n\u00e1klad\u016f v dlouhodob\u00e9m horizontu.&nbsp;<\/p>\n\n\n\n<p class=\"wp-block-paragraph\">P\u0159i rekonstrukci nemovitosti se zam\u011b\u0159te na zlep\u0161en\u00ed energetick\u00e9 n\u00e1ro\u010dnosti. To vede nejen ke zv\u00fd\u0161en\u00ed hodnoty nemovitosti, ale tak\u00e9 k ochran\u011b \u017eivotn\u00edho prost\u0159ed\u00ed. Investice do energetick\u00e9 n\u00e1ro\u010dnosti se v\u00e1m vr\u00e1t\u00ed i v podob\u011b ni\u017e\u0161\u00edch n\u00e1klad\u016f na vyt\u00e1p\u011bn\u00ed a chlazen\u00ed. Je to krok, kter\u00fd stoj\u00ed za to zv\u00e1\u017eit.<\/p>\n\n\n\n<p class=\"wp-block-paragraph\"><a target=\"_blank\" href=\"https:\/\/www.facebook.com\/sharer\/sharer.php?u=https:\/\/janamozici.cz\/clanek\/planujete-rekonstrukci-nemovitosti-vyhnete-se-temto-castym-chybam\" rel=\"noreferrer noopener\"><\/a>&nbsp;<a target=\"_blank\" href=\"https:\/\/x.com\/intent\/post?text=Pl%C3%A1nujete%20rekonstrukci%20nemovitosti?%20Vyhn%C4%9Bte%20se%20t%C4%9Bmto%20%C4%8Dast%C3%BDm%20chyb%C3%A1m\" rel=\"noreferrer noopener\"><\/a><\/p>\n","protected":false},"excerpt":{"rendered":"<p>P\u0159ipravujete se na rekonstrukci nemovitosti a tou\u017e\u00edte po tom, aby v\u0161e prob\u011bhlo hladce a bez zbyte\u010dn\u00fdch komplikac\u00ed? A\u0165 u\u017e pl\u00e1nujete kompletn\u00ed p\u0159estavbu nebo jen malou renovaci, m\u016f\u017ee v\u00e1s \u010dekat nespo\u010det \u00faskal\u00ed. V tomto \u010dl\u00e1nku se zam\u011b\u0159\u00edme na nej\u010dast\u011bj\u0161\u00ed chyby, kter\u00fdch se lid\u00e9 p\u0159i rekonstrukci dopou\u0161t\u011bj\u00ed.&nbsp; Nedostate\u010dn\u00e9 pl\u00e1nov\u00e1n\u00ed a p\u0159\u00edprava Prvn\u00ed a \u010dasto velmi podce\u0148ovan\u00fd krok [&hellip;]<\/p>\n","protected":false},"author":1,"featured_media":957,"comment_status":"closed","ping_status":"closed","sticky":false,"template":"","format":"standard","meta":{"_acf_changed":false,"pgc_sgb_lightbox_settings":"","footnotes":""},"categories":[13],"tags":[],"class_list":["post-956","post","type-post","status-publish","format-standard","has-post-thumbnail","hentry","category-clanky"],"acf":[],"yoast_head":"<!-- This site is optimized with the Yoast SEO plugin v28.2 - https:\/\/yoast.com\/product\/yoast-seo-wordpress\/ -->\n<title>Pl\u00e1nujete rekonstrukci nemovitosti? Vyhn\u011bte se t\u011bmto \u010dast\u00fdm chyb\u00e1m - Jana Mozici - Realitni makl\u00e9\u0159ka<\/title>\n<meta name=\"robots\" content=\"index, follow, max-snippet:-1, max-image-preview:large, max-video-preview:-1\" \/>\n<link rel=\"canonical\" href=\"https:\/\/d.r4.wbsprt.com\/janamozici.cz\/planujete-rekonstrukci-nemovitosti-vyhnete-se-temto-castym-chybam\/\" \/>\n<meta property=\"og:locale\" content=\"cs_CZ\" \/>\n<meta property=\"og:type\" content=\"article\" \/>\n<meta property=\"og:title\" content=\"Pl\u00e1nujete rekonstrukci nemovitosti? Vyhn\u011bte se t\u011bmto \u010dast\u00fdm chyb\u00e1m - Jana Mozici - Realitni makl\u00e9\u0159ka\" \/>\n<meta property=\"og:description\" content=\"P\u0159ipravujete se na rekonstrukci nemovitosti a tou\u017e\u00edte po tom, aby v\u0161e prob\u011bhlo hladce a bez zbyte\u010dn\u00fdch komplikac\u00ed? A\u0165 u\u017e pl\u00e1nujete kompletn\u00ed p\u0159estavbu nebo jen malou renovaci, m\u016f\u017ee v\u00e1s \u010dekat nespo\u010det \u00faskal\u00ed. V tomto \u010dl\u00e1nku se zam\u011b\u0159\u00edme na nej\u010dast\u011bj\u0161\u00ed chyby, kter\u00fdch se lid\u00e9 p\u0159i rekonstrukci dopou\u0161t\u011bj\u00ed.&nbsp; Nedostate\u010dn\u00e9 pl\u00e1nov\u00e1n\u00ed a p\u0159\u00edprava Prvn\u00ed a \u010dasto velmi podce\u0148ovan\u00fd krok [&hellip;]\" \/>\n<meta property=\"og:url\" content=\"https:\/\/d.r4.wbsprt.com\/janamozici.cz\/planujete-rekonstrukci-nemovitosti-vyhnete-se-temto-castym-chybam\/\" \/>\n<meta property=\"og:site_name\" content=\"Jana Mozici - Realitni makl\u00e9\u0159ka\" \/>\n<meta property=\"article:published_time\" content=\"2023-06-28T15:25:00+00:00\" \/>\n<meta property=\"article:modified_time\" content=\"2026-06-17T15:25:33+00:00\" \/>\n<meta property=\"og:image\" content=\"https:\/\/d.r4.wbsprt.com\/janamozici.cz\/wp-content\/uploads\/2026\/06\/2489.jpg\" \/>\n\t<meta property=\"og:image:width\" content=\"996\" \/>\n\t<meta property=\"og:image:height\" content=\"796\" \/>\n\t<meta property=\"og:image:type\" content=\"image\/jpeg\" \/>\n<meta name=\"author\" content=\"pavelignacek\" \/>\n<meta name=\"twitter:card\" content=\"summary_large_image\" \/>\n<meta name=\"twitter:label1\" content=\"Napsal(a)\" \/>\n\t<meta name=\"twitter:data1\" content=\"pavelignacek\" \/>\n\t<meta name=\"twitter:label2\" content=\"Odhadovan\u00e1 doba \u010dten\u00ed\" \/>\n\t<meta name=\"twitter:data2\" content=\"3 minuty\" \/>\n<script type=\"application\/ld+json\" class=\"yoast-schema-graph\">{\"@context\":\"https:\\\/\\\/schema.org\",\"@graph\":[{\"@type\":\"Article\",\"@id\":\"https:\\\/\\\/d.r4.wbsprt.com\\\/janamozici.cz\\\/planujete-rekonstrukci-nemovitosti-vyhnete-se-temto-castym-chybam\\\/#article\",\"isPartOf\":{\"@id\":\"https:\\\/\\\/d.r4.wbsprt.com\\\/janamozici.cz\\\/planujete-rekonstrukci-nemovitosti-vyhnete-se-temto-castym-chybam\\\/\"},\"author\":{\"name\":\"pavelignacek\",\"@id\":\"https:\\\/\\\/janamozici.cz\\\/#\\\/schema\\\/person\\\/a0c8271995d3088e738ca636e0ae15e8\"},\"headline\":\"Pl\u00e1nujete rekonstrukci nemovitosti? Vyhn\u011bte se t\u011bmto \u010dast\u00fdm chyb\u00e1m\",\"datePublished\":\"2023-06-28T15:25:00+00:00\",\"dateModified\":\"2026-06-17T15:25:33+00:00\",\"mainEntityOfPage\":{\"@id\":\"https:\\\/\\\/d.r4.wbsprt.com\\\/janamozici.cz\\\/planujete-rekonstrukci-nemovitosti-vyhnete-se-temto-castym-chybam\\\/\"},\"wordCount\":601,\"publisher\":{\"@id\":\"https:\\\/\\\/janamozici.cz\\\/#organization\"},\"image\":{\"@id\":\"https:\\\/\\\/d.r4.wbsprt.com\\\/janamozici.cz\\\/planujete-rekonstrukci-nemovitosti-vyhnete-se-temto-castym-chybam\\\/#primaryimage\"},\"thumbnailUrl\":\"https:\\\/\\\/d.r4.wbsprt.com\\\/janamozici.cz\\\/wp-content\\\/uploads\\\/2026\\\/06\\\/2489.jpg\",\"articleSection\":[\"\u010cL\u00c1NKY\"],\"inLanguage\":\"cs\"},{\"@type\":\"WebPage\",\"@id\":\"https:\\\/\\\/d.r4.wbsprt.com\\\/janamozici.cz\\\/planujete-rekonstrukci-nemovitosti-vyhnete-se-temto-castym-chybam\\\/\",\"url\":\"https:\\\/\\\/d.r4.wbsprt.com\\\/janamozici.cz\\\/planujete-rekonstrukci-nemovitosti-vyhnete-se-temto-castym-chybam\\\/\",\"name\":\"Pl\u00e1nujete rekonstrukci nemovitosti? Vyhn\u011bte se t\u011bmto \u010dast\u00fdm chyb\u00e1m - Jana Mozici - Realitni makl\u00e9\u0159ka\",\"isPartOf\":{\"@id\":\"https:\\\/\\\/janamozici.cz\\\/#website\"},\"primaryImageOfPage\":{\"@id\":\"https:\\\/\\\/d.r4.wbsprt.com\\\/janamozici.cz\\\/planujete-rekonstrukci-nemovitosti-vyhnete-se-temto-castym-chybam\\\/#primaryimage\"},\"image\":{\"@id\":\"https:\\\/\\\/d.r4.wbsprt.com\\\/janamozici.cz\\\/planujete-rekonstrukci-nemovitosti-vyhnete-se-temto-castym-chybam\\\/#primaryimage\"},\"thumbnailUrl\":\"https:\\\/\\\/d.r4.wbsprt.com\\\/janamozici.cz\\\/wp-content\\\/uploads\\\/2026\\\/06\\\/2489.jpg\",\"datePublished\":\"2023-06-28T15:25:00+00:00\",\"dateModified\":\"2026-06-17T15:25:33+00:00\",\"breadcrumb\":{\"@id\":\"https:\\\/\\\/d.r4.wbsprt.com\\\/janamozici.cz\\\/planujete-rekonstrukci-nemovitosti-vyhnete-se-temto-castym-chybam\\\/#breadcrumb\"},\"inLanguage\":\"cs\",\"potentialAction\":[{\"@type\":\"ReadAction\",\"target\":[\"https:\\\/\\\/d.r4.wbsprt.com\\\/janamozici.cz\\\/planujete-rekonstrukci-nemovitosti-vyhnete-se-temto-castym-chybam\\\/\"]}]},{\"@type\":\"ImageObject\",\"inLanguage\":\"cs\",\"@id\":\"https:\\\/\\\/d.r4.wbsprt.com\\\/janamozici.cz\\\/planujete-rekonstrukci-nemovitosti-vyhnete-se-temto-castym-chybam\\\/#primaryimage\",\"url\":\"https:\\\/\\\/d.r4.wbsprt.com\\\/janamozici.cz\\\/wp-content\\\/uploads\\\/2026\\\/06\\\/2489.jpg\",\"contentUrl\":\"https:\\\/\\\/d.r4.wbsprt.com\\\/janamozici.cz\\\/wp-content\\\/uploads\\\/2026\\\/06\\\/2489.jpg\",\"width\":996,\"height\":796},{\"@type\":\"BreadcrumbList\",\"@id\":\"https:\\\/\\\/d.r4.wbsprt.com\\\/janamozici.cz\\\/planujete-rekonstrukci-nemovitosti-vyhnete-se-temto-castym-chybam\\\/#breadcrumb\",\"itemListElement\":[{\"@type\":\"ListItem\",\"position\":1,\"name\":\"Dom\u016f\",\"item\":\"https:\\\/\\\/janamozici.cz\\\/\"},{\"@type\":\"ListItem\",\"position\":2,\"name\":\"Pl\u00e1nujete rekonstrukci nemovitosti? Vyhn\u011bte se t\u011bmto \u010dast\u00fdm chyb\u00e1m\"}]},{\"@type\":\"WebSite\",\"@id\":\"https:\\\/\\\/janamozici.cz\\\/#website\",\"url\":\"https:\\\/\\\/janamozici.cz\\\/\",\"name\":\"Jana Mozici - Realitni makl\u00e9\u0159ka\",\"description\":\"Realitn\u00ed makl\u00e9\u0159ka pro Chomutovsk\u00fd kraj\",\"publisher\":{\"@id\":\"https:\\\/\\\/janamozici.cz\\\/#organization\"},\"potentialAction\":[{\"@type\":\"SearchAction\",\"target\":{\"@type\":\"EntryPoint\",\"urlTemplate\":\"https:\\\/\\\/janamozici.cz\\\/?s={search_term_string}\"},\"query-input\":{\"@type\":\"PropertyValueSpecification\",\"valueRequired\":true,\"valueName\":\"search_term_string\"}}],\"inLanguage\":\"cs\"},{\"@type\":\"Organization\",\"@id\":\"https:\\\/\\\/janamozici.cz\\\/#organization\",\"name\":\"Jana Mozici - Realitni makl\u00e9\u0159ka\",\"url\":\"https:\\\/\\\/janamozici.cz\\\/\",\"logo\":{\"@type\":\"ImageObject\",\"inLanguage\":\"cs\",\"@id\":\"https:\\\/\\\/janamozici.cz\\\/#\\\/schema\\\/logo\\\/image\\\/\",\"url\":\"https:\\\/\\\/d.r4.wbsprt.com\\\/janamozici.cz\\\/wp-content\\\/uploads\\\/2026\\\/07\\\/cropped-favicon.png\",\"contentUrl\":\"https:\\\/\\\/d.r4.wbsprt.com\\\/janamozici.cz\\\/wp-content\\\/uploads\\\/2026\\\/07\\\/cropped-favicon.png\",\"width\":300,\"height\":300,\"caption\":\"Jana Mozici - Realitni makl\u00e9\u0159ka\"},\"image\":{\"@id\":\"https:\\\/\\\/janamozici.cz\\\/#\\\/schema\\\/logo\\\/image\\\/\"}},{\"@type\":\"Person\",\"@id\":\"https:\\\/\\\/janamozici.cz\\\/#\\\/schema\\\/person\\\/a0c8271995d3088e738ca636e0ae15e8\",\"name\":\"pavelignacek\",\"image\":{\"@type\":\"ImageObject\",\"inLanguage\":\"cs\",\"@id\":\"https:\\\/\\\/secure.gravatar.com\\\/avatar\\\/f1277ae3877a04db460fe45d0c550807b61b14883332acd3d3665c45a540a0c7?s=96&d=mm&r=g\",\"url\":\"https:\\\/\\\/secure.gravatar.com\\\/avatar\\\/f1277ae3877a04db460fe45d0c550807b61b14883332acd3d3665c45a540a0c7?s=96&d=mm&r=g\",\"contentUrl\":\"https:\\\/\\\/secure.gravatar.com\\\/avatar\\\/f1277ae3877a04db460fe45d0c550807b61b14883332acd3d3665c45a540a0c7?s=96&d=mm&r=g\",\"caption\":\"pavelignacek\"},\"sameAs\":[\"https:\\\/\\\/janamozici.cz\"],\"url\":\"https:\\\/\\\/d.r4.wbsprt.com\\\/janamozici.cz\\\/author\\\/pavelignacek\\\/\"}]}<\/script>\n<!-- \/ Yoast SEO plugin. -->","yoast_head_json":{"title":"Pl\u00e1nujete rekonstrukci nemovitosti? Vyhn\u011bte se t\u011bmto \u010dast\u00fdm chyb\u00e1m - Jana Mozici - Realitni makl\u00e9\u0159ka","robots":{"index":"index","follow":"follow","max-snippet":"max-snippet:-1","max-image-preview":"max-image-preview:large","max-video-preview":"max-video-preview:-1"},"canonical":"https:\/\/d.r4.wbsprt.com\/janamozici.cz\/planujete-rekonstrukci-nemovitosti-vyhnete-se-temto-castym-chybam\/","og_locale":"cs_CZ","og_type":"article","og_title":"Pl\u00e1nujete rekonstrukci nemovitosti? Vyhn\u011bte se t\u011bmto \u010dast\u00fdm chyb\u00e1m - Jana Mozici - Realitni makl\u00e9\u0159ka","og_description":"P\u0159ipravujete se na rekonstrukci nemovitosti a tou\u017e\u00edte po tom, aby v\u0161e prob\u011bhlo hladce a bez zbyte\u010dn\u00fdch komplikac\u00ed? A\u0165 u\u017e pl\u00e1nujete kompletn\u00ed p\u0159estavbu nebo jen malou renovaci, m\u016f\u017ee v\u00e1s \u010dekat nespo\u010det \u00faskal\u00ed. V tomto \u010dl\u00e1nku se zam\u011b\u0159\u00edme na nej\u010dast\u011bj\u0161\u00ed chyby, kter\u00fdch se lid\u00e9 p\u0159i rekonstrukci dopou\u0161t\u011bj\u00ed.&nbsp; Nedostate\u010dn\u00e9 pl\u00e1nov\u00e1n\u00ed a p\u0159\u00edprava Prvn\u00ed a \u010dasto velmi podce\u0148ovan\u00fd krok [&hellip;]","og_url":"https:\/\/d.r4.wbsprt.com\/janamozici.cz\/planujete-rekonstrukci-nemovitosti-vyhnete-se-temto-castym-chybam\/","og_site_name":"Jana Mozici - Realitni makl\u00e9\u0159ka","article_published_time":"2023-06-28T15:25:00+00:00","article_modified_time":"2026-06-17T15:25:33+00:00","og_image":[{"width":996,"height":796,"url":"https:\/\/d.r4.wbsprt.com\/janamozici.cz\/wp-content\/uploads\/2026\/06\/2489.jpg","type":"image\/jpeg"}],"author":"pavelignacek","twitter_card":"summary_large_image","twitter_misc":{"Napsal(a)":"pavelignacek","Odhadovan\u00e1 doba \u010dten\u00ed":"3 minuty"},"schema":{"@context":"https:\/\/schema.org","@graph":[{"@type":"Article","@id":"https:\/\/d.r4.wbsprt.com\/janamozici.cz\/planujete-rekonstrukci-nemovitosti-vyhnete-se-temto-castym-chybam\/#article","isPartOf":{"@id":"https:\/\/d.r4.wbsprt.com\/janamozici.cz\/planujete-rekonstrukci-nemovitosti-vyhnete-se-temto-castym-chybam\/"},"author":{"name":"pavelignacek","@id":"https:\/\/janamozici.cz\/#\/schema\/person\/a0c8271995d3088e738ca636e0ae15e8"},"headline":"Pl\u00e1nujete rekonstrukci nemovitosti? Vyhn\u011bte se t\u011bmto \u010dast\u00fdm chyb\u00e1m","datePublished":"2023-06-28T15:25:00+00:00","dateModified":"2026-06-17T15:25:33+00:00","mainEntityOfPage":{"@id":"https:\/\/d.r4.wbsprt.com\/janamozici.cz\/planujete-rekonstrukci-nemovitosti-vyhnete-se-temto-castym-chybam\/"},"wordCount":601,"publisher":{"@id":"https:\/\/janamozici.cz\/#organization"},"image":{"@id":"https:\/\/d.r4.wbsprt.com\/janamozici.cz\/planujete-rekonstrukci-nemovitosti-vyhnete-se-temto-castym-chybam\/#primaryimage"},"thumbnailUrl":"https:\/\/d.r4.wbsprt.com\/janamozici.cz\/wp-content\/uploads\/2026\/06\/2489.jpg","articleSection":["\u010cL\u00c1NKY"],"inLanguage":"cs"},{"@type":"WebPage","@id":"https:\/\/d.r4.wbsprt.com\/janamozici.cz\/planujete-rekonstrukci-nemovitosti-vyhnete-se-temto-castym-chybam\/","url":"https:\/\/d.r4.wbsprt.com\/janamozici.cz\/planujete-rekonstrukci-nemovitosti-vyhnete-se-temto-castym-chybam\/","name":"Pl\u00e1nujete rekonstrukci nemovitosti? Vyhn\u011bte se t\u011bmto \u010dast\u00fdm chyb\u00e1m - Jana Mozici - Realitni makl\u00e9\u0159ka","isPartOf":{"@id":"https:\/\/janamozici.cz\/#website"},"primaryImageOfPage":{"@id":"https:\/\/d.r4.wbsprt.com\/janamozici.cz\/planujete-rekonstrukci-nemovitosti-vyhnete-se-temto-castym-chybam\/#primaryimage"},"image":{"@id":"https:\/\/d.r4.wbsprt.com\/janamozici.cz\/planujete-rekonstrukci-nemovitosti-vyhnete-se-temto-castym-chybam\/#primaryimage"},"thumbnailUrl":"https:\/\/d.r4.wbsprt.com\/janamozici.cz\/wp-content\/uploads\/2026\/06\/2489.jpg","datePublished":"2023-06-28T15:25:00+00:00","dateModified":"2026-06-17T15:25:33+00:00","breadcrumb":{"@id":"https:\/\/d.r4.wbsprt.com\/janamozici.cz\/planujete-rekonstrukci-nemovitosti-vyhnete-se-temto-castym-chybam\/#breadcrumb"},"inLanguage":"cs","potentialAction":[{"@type":"ReadAction","target":["https:\/\/d.r4.wbsprt.com\/janamozici.cz\/planujete-rekonstrukci-nemovitosti-vyhnete-se-temto-castym-chybam\/"]}]},{"@type":"ImageObject","inLanguage":"cs","@id":"https:\/\/d.r4.wbsprt.com\/janamozici.cz\/planujete-rekonstrukci-nemovitosti-vyhnete-se-temto-castym-chybam\/#primaryimage","url":"https:\/\/d.r4.wbsprt.com\/janamozici.cz\/wp-content\/uploads\/2026\/06\/2489.jpg","contentUrl":"https:\/\/d.r4.wbsprt.com\/janamozici.cz\/wp-content\/uploads\/2026\/06\/2489.jpg","width":996,"height":796},{"@type":"BreadcrumbList","@id":"https:\/\/d.r4.wbsprt.com\/janamozici.cz\/planujete-rekonstrukci-nemovitosti-vyhnete-se-temto-castym-chybam\/#breadcrumb","itemListElement":[{"@type":"ListItem","position":1,"name":"Dom\u016f","item":"https:\/\/janamozici.cz\/"},{"@type":"ListItem","position":2,"name":"Pl\u00e1nujete rekonstrukci nemovitosti? Vyhn\u011bte se t\u011bmto \u010dast\u00fdm chyb\u00e1m"}]},{"@type":"WebSite","@id":"https:\/\/janamozici.cz\/#website","url":"https:\/\/janamozici.cz\/","name":"Jana Mozici - Realitni makl\u00e9\u0159ka","description":"Realitn\u00ed makl\u00e9\u0159ka pro Chomutovsk\u00fd kraj","publisher":{"@id":"https:\/\/janamozici.cz\/#organization"},"potentialAction":[{"@type":"SearchAction","target":{"@type":"EntryPoint","urlTemplate":"https:\/\/janamozici.cz\/?s={search_term_string}"},"query-input":{"@type":"PropertyValueSpecification","valueRequired":true,"valueName":"search_term_string"}}],"inLanguage":"cs"},{"@type":"Organization","@id":"https:\/\/janamozici.cz\/#organization","name":"Jana Mozici - Realitni makl\u00e9\u0159ka","url":"https:\/\/janamozici.cz\/","logo":{"@type":"ImageObject","inLanguage":"cs","@id":"https:\/\/janamozici.cz\/#\/schema\/logo\/image\/","url":"https:\/\/d.r4.wbsprt.com\/janamozici.cz\/wp-content\/uploads\/2026\/07\/cropped-favicon.png","contentUrl":"https:\/\/d.r4.wbsprt.com\/janamozici.cz\/wp-content\/uploads\/2026\/07\/cropped-favicon.png","width":300,"height":300,"caption":"Jana Mozici - Realitni makl\u00e9\u0159ka"},"image":{"@id":"https:\/\/janamozici.cz\/#\/schema\/logo\/image\/"}},{"@type":"Person","@id":"https:\/\/janamozici.cz\/#\/schema\/person\/a0c8271995d3088e738ca636e0ae15e8","name":"pavelignacek","image":{"@type":"ImageObject","inLanguage":"cs","@id":"https:\/\/secure.gravatar.com\/avatar\/f1277ae3877a04db460fe45d0c550807b61b14883332acd3d3665c45a540a0c7?s=96&d=mm&r=g","url":"https:\/\/secure.gravatar.com\/avatar\/f1277ae3877a04db460fe45d0c550807b61b14883332acd3d3665c45a540a0c7?s=96&d=mm&r=g","contentUrl":"https:\/\/secure.gravatar.com\/avatar\/f1277ae3877a04db460fe45d0c550807b61b14883332acd3d3665c45a540a0c7?s=96&d=mm&r=g","caption":"pavelignacek"},"sameAs":["https:\/\/janamozici.cz"],"url":"https:\/\/d.r4.wbsprt.com\/janamozici.cz\/author\/pavelignacek\/"}]}},"_links":{"self":[{"href":"https:\/\/d.r4.wbsprt.com\/janamozici.cz\/wp-json\/wp\/v2\/posts\/956","targetHints":{"allow":["GET"]}}],"collection":[{"href":"https:\/\/d.r4.wbsprt.com\/janamozici.cz\/wp-json\/wp\/v2\/posts"}],"about":[{"href":"https:\/\/d.r4.wbsprt.com\/janamozici.cz\/wp-json\/wp\/v2\/types\/post"}],"author":[{"embeddable":true,"href":"https:\/\/d.r4.wbsprt.com\/janamozici.cz\/wp-json\/wp\/v2\/users\/1"}],"replies":[{"embeddable":true,"href":"https:\/\/d.r4.wbsprt.com\/janamozici.cz\/wp-json\/wp\/v2\/comments?post=956"}],"version-history":[{"count":1,"href":"https:\/\/d.r4.wbsprt.com\/janamozici.cz\/wp-json\/wp\/v2\/posts\/956\/revisions"}],"predecessor-version":[{"id":958,"href":"https:\/\/d.r4.wbsprt.com\/janamozici.cz\/wp-json\/wp\/v2\/posts\/956\/revisions\/958"}],"wp:featuredmedia":[{"embeddable":true,"href":"https:\/\/d.r4.wbsprt.com\/janamozici.cz\/wp-json\/wp\/v2\/media\/957"}],"wp:attachment":[{"href":"https:\/\/d.r4.wbsprt.com\/janamozici.cz\/wp-json\/wp\/v2\/media?parent=956"}],"wp:term":[{"taxonomy":"category","embeddable":true,"href":"https:\/\/d.r4.wbsprt.com\/janamozici.cz\/wp-json\/wp\/v2\/categories?post=956"},{"taxonomy":"post_tag","embeddable":true,"href":"https:\/\/d.r4.wbsprt.com\/janamozici.cz\/wp-json\/wp\/v2\/tags?post=956"}],"curies":[{"name":"wp","href":"https:\/\/api.w.org\/{rel}","templated":true}]}}