{"id":965,"date":"2023-09-29T17:27:00","date_gmt":"2023-09-29T15:27:00","guid":{"rendered":"https:\/\/d.r4.wbsprt.com\/janamozici.cz\/?p=965"},"modified":"2026-06-17T17:28:35","modified_gmt":"2026-06-17T15:28:35","slug":"kolik-penez-muzete-skutecne-chtit-za-svou-nemovitost","status":"publish","type":"post","link":"https:\/\/d.r4.wbsprt.com\/janamozici.cz\/kolik-penez-muzete-skutecne-chtit-za-svou-nemovitost\/","title":{"rendered":"Kolik pen\u011bz m\u016f\u017eete skute\u010dn\u011b cht\u00edt za svou nemovitost?"},"content":{"rendered":"\n<p class=\"wp-block-paragraph\">Jedn\u00edm z nejv\u00edce emocion\u00e1ln\u011b nabit\u00fdch okam\u017eik\u016f v \u017eivot\u011b je prodej nemovitosti. \u010casto je nemovitost spojen\u00e1 s mnoha vzpom\u00ednkami, \u00fasil\u00edm a investicemi do \u00faprav, kter\u00e9 jsme v pr\u016fb\u011bhu let provedli. Nen\u00ed tak divu, \u017ee kdy\u017e p\u0159ijde \u010das na ur\u010den\u00ed ceny, m\u00e1me mnohdy p\u0159ehnan\u00e1 o\u010dek\u00e1v\u00e1n\u00ed.<\/p>\n\n\n\n<p class=\"wp-block-paragraph\">Velmi \u010dasto se setk\u00e1v\u00e1m s t\u00edm, \u017ee lid\u00e9 o\u010dek\u00e1vaj\u00ed za svou nemovitost vy\u0161\u0161\u00ed \u010d\u00e1stku, ne\u017e je jej\u00ed skute\u010dn\u00e1 tr\u017en\u00ed hodnota. Ka\u017ed\u00fd by m\u011bl m\u00edt realistick\u00e9 p\u0159edstavy o tom, kolik m\u016f\u017ee za sv\u016fj d\u016fm, byt \u010di pozemek po\u017eadovat. Jedn\u00edm z kl\u00ed\u010dov\u00fdch faktor\u016f v t\u00e9to oblasti jsou emoce a vzpom\u00ednky majitel\u016f, kter\u00e9 zasahuj\u00ed do objektivn\u00edho hodnocen\u00ed ceny. V tomto \u010dl\u00e1nku v\u00e1m p\u0159ibl\u00ed\u017e\u00edm, pro\u010d se n\u011bkdy tyto odhady od reality tak li\u0161\u00ed.<\/p>\n\n\n\n<p class=\"wp-block-paragraph\"><strong>Jak\u00fd je rozd\u00edl mezi o\u010dek\u00e1vanou a skute\u010dnou cenou?<\/strong><\/p>\n\n\n\n<p class=\"wp-block-paragraph\">Prvn\u00edm krokem je pochopen\u00ed pojmu tr\u017en\u00ed hodnoty. Tr\u017en\u00ed hodnota je \u010d\u00e1stka, kterou by byl ochoten zaplatit potencion\u00e1ln\u00ed kupuj\u00edc\u00ed p\u0159i dodr\u017een\u00ed ve\u0161ker\u00fdch podm\u00ednek. Tuto cenu si neur\u010duje prod\u00e1vaj\u00edc\u00ed ani kupuj\u00edc\u00ed samostatn\u011b. Je to cena ur\u010den\u00e1 popt\u00e1vkou a nab\u00eddkou na trhu.<\/p>\n\n\n\n<p class=\"wp-block-paragraph\">Je t\u0159eba zd\u016fraznit, \u017ee tr\u017en\u00ed hodnota nemovitosti se m\u016f\u017ee li\u0161it od ceny, kterou si my jako majitel\u00e9 p\u0159ejeme za nemovitost obdr\u017eet. A to pr\u00e1v\u011b z emo\u010dn\u00edho d\u016fvodu nebo nedostate\u010dn\u00e9 znalosti realitn\u00edho trhu a jeho trend\u016f.<\/p>\n\n\n\n<p class=\"wp-block-paragraph\"><strong>Vliv emoc\u00ed na stanoven\u00ed ceny<\/strong><\/p>\n\n\n\n<p class=\"wp-block-paragraph\">Podle r\u016fzn\u00fdch studi\u00ed a v\u00fdzkum\u016f jsou emocion\u00e1ln\u00ed faktory jedn\u00edmi z hlavn\u00edch ovliv\u0148uj\u00edc\u00edch aspekt\u016f cen nemovitosti. Majitel\u00e9 \u010dasto hodnot\u00ed svoji nemovitost vy\u0161\u0161\u00ed, ne\u017e je jej\u00ed skute\u010dn\u00e1 tr\u017en\u00ed hodnota. A to v d\u016fsledku emocion\u00e1ln\u00edho p\u0159ipojen\u00ed k nemovitosti a investic\u00edm, kter\u00e9 do n\u00ed vlo\u017eili.<\/p>\n\n\n\n<p class=\"wp-block-paragraph\">P\u0159edstavme si nap\u0159\u00edklad, \u017ee jste b\u011bhem let investovali hodn\u011b \u010dasu a pen\u011bz do \u00faprav sv\u00e9ho domu. Mo\u017en\u00e1 jste polo\u017eili novou podlahu nebo postavili pergolu na zahrad\u011b. Tyto zm\u011bny pro v\u00e1s znamenaj\u00ed zv\u00fd\u0161en\u00ed hodnoty va\u0161\u00ed nemovitosti, ale pro potenci\u00e1ln\u00edho kupce to m\u016f\u017ee b\u00fdt jen detail nijak nenaru\u0161uj\u00edc\u00ed jeho pohled na cenu.<\/p>\n\n\n\n<p class=\"wp-block-paragraph\"><strong>Jak spr\u00e1vn\u011b stanovit cenu?<\/strong><\/p>\n\n\n\n<p class=\"wp-block-paragraph\">Spr\u00e1vn\u00e9 stanoven\u00ed ceny je kl\u00ed\u010dem k \u00fasp\u011b\u0161n\u00e9mu prodeji va\u0161\u00ed nemovitosti. Mnohdy se m\u016f\u017ee vyplatit obr\u00e1tit se na odbornou pomoc realitn\u00edho makl\u00e9\u0159e kter\u00fd dok\u00e1\u017ee zjistit skute\u010dnou tr\u017en\u00ed hodnotu. Ve v\u00fdsledku by m\u011bla b\u00fdt cena nastavena tak, aby co nejl\u00e9pe odpov\u00eddala hodnot\u011b, kterou nemovitost skute\u010dn\u011b m\u00e1.<\/p>\n\n\n\n<p class=\"wp-block-paragraph\">Je zcela p\u0159irozen\u00e9, \u017ee chceme za sv\u016fj domov dostat co nejv\u00edce. M\u011bli bychom ale m\u00edt na pam\u011bti, \u017ee na\u0161e o\u010dek\u00e1v\u00e1n\u00ed nemus\u00ed odpov\u00eddat realit\u011b trhu. Je tedy velmi d\u016fle\u017eit\u00e9 z\u00edskat objektivn\u00ed pohled a kvalifikovan\u00fd odhad tr\u017en\u00ed hodnoty na\u0161\u00ed nemovitosti.<\/p>\n\n\n\n<p class=\"wp-block-paragraph\">Pokud m\u00e1te pocit, \u017ee byste ocenili n\u00e1zor odborn\u00edka p\u0159i ur\u010dov\u00e1n\u00ed ceny va\u0161\u00ed nemovitosti, nev\u00e1hejte se na m\u011b obr\u00e1tit prost\u0159ednictv\u00edm str\u00e1nky s kontaktn\u00edmi \u00fadaji. T\u011b\u0161\u00edm se na spolupr\u00e1ci s v\u00e1mi!<\/p>\n","protected":false},"excerpt":{"rendered":"<p>Jedn\u00edm z nejv\u00edce emocion\u00e1ln\u011b nabit\u00fdch okam\u017eik\u016f v \u017eivot\u011b je prodej nemovitosti. \u010casto je nemovitost spojen\u00e1 s mnoha vzpom\u00ednkami, \u00fasil\u00edm a investicemi do \u00faprav, kter\u00e9 jsme v pr\u016fb\u011bhu let provedli. Nen\u00ed tak divu, \u017ee kdy\u017e p\u0159ijde \u010das na ur\u010den\u00ed ceny, m\u00e1me mnohdy p\u0159ehnan\u00e1 o\u010dek\u00e1v\u00e1n\u00ed. Velmi \u010dasto se setk\u00e1v\u00e1m s t\u00edm, \u017ee lid\u00e9 o\u010dek\u00e1vaj\u00ed za svou nemovitost [&hellip;]<\/p>\n","protected":false},"author":1,"featured_media":966,"comment_status":"closed","ping_status":"closed","sticky":false,"template":"","format":"standard","meta":{"_acf_changed":false,"pgc_sgb_lightbox_settings":"","footnotes":""},"categories":[13],"tags":[],"class_list":["post-965","post","type-post","status-publish","format-standard","has-post-thumbnail","hentry","category-clanky"],"acf":[],"yoast_head":"<!-- This site is optimized with the Yoast SEO plugin v28.2 - https:\/\/yoast.com\/product\/yoast-seo-wordpress\/ -->\n<title>Kolik pen\u011bz m\u016f\u017eete skute\u010dn\u011b cht\u00edt za svou nemovitost? - Jana Mozici - Realitni makl\u00e9\u0159ka<\/title>\n<meta name=\"robots\" content=\"index, follow, max-snippet:-1, max-image-preview:large, max-video-preview:-1\" \/>\n<link rel=\"canonical\" href=\"https:\/\/janamozici.cz\/kolik-penez-muzete-skutecne-chtit-za-svou-nemovitost\/\" \/>\n<meta property=\"og:locale\" content=\"cs_CZ\" \/>\n<meta property=\"og:type\" content=\"article\" \/>\n<meta property=\"og:title\" content=\"Kolik pen\u011bz m\u016f\u017eete skute\u010dn\u011b cht\u00edt za svou nemovitost? - Jana Mozici - Realitni makl\u00e9\u0159ka\" \/>\n<meta property=\"og:description\" content=\"Jedn\u00edm z nejv\u00edce emocion\u00e1ln\u011b nabit\u00fdch okam\u017eik\u016f v \u017eivot\u011b je prodej nemovitosti. \u010casto je nemovitost spojen\u00e1 s mnoha vzpom\u00ednkami, \u00fasil\u00edm a investicemi do \u00faprav, kter\u00e9 jsme v pr\u016fb\u011bhu let provedli. Nen\u00ed tak divu, \u017ee kdy\u017e p\u0159ijde \u010das na ur\u010den\u00ed ceny, m\u00e1me mnohdy p\u0159ehnan\u00e1 o\u010dek\u00e1v\u00e1n\u00ed. Velmi \u010dasto se setk\u00e1v\u00e1m s t\u00edm, \u017ee lid\u00e9 o\u010dek\u00e1vaj\u00ed za svou nemovitost [&hellip;]\" \/>\n<meta property=\"og:url\" content=\"https:\/\/janamozici.cz\/kolik-penez-muzete-skutecne-chtit-za-svou-nemovitost\/\" \/>\n<meta property=\"og:site_name\" content=\"Jana Mozici - Realitni makl\u00e9\u0159ka\" \/>\n<meta property=\"article:published_time\" content=\"2023-09-29T15:27:00+00:00\" \/>\n<meta property=\"article:modified_time\" content=\"2026-06-17T15:28:35+00:00\" \/>\n<meta property=\"og:image\" content=\"https:\/\/janamozici.cz\/wp-content\/uploads\/2026\/06\/3045.jpg\" \/>\n\t<meta property=\"og:image:width\" content=\"996\" \/>\n\t<meta property=\"og:image:height\" content=\"796\" \/>\n\t<meta property=\"og:image:type\" content=\"image\/jpeg\" \/>\n<meta name=\"author\" content=\"pavelignacek\" \/>\n<meta name=\"twitter:card\" content=\"summary_large_image\" \/>\n<meta name=\"twitter:label1\" content=\"Napsal(a)\" \/>\n\t<meta name=\"twitter:data1\" content=\"pavelignacek\" \/>\n\t<meta name=\"twitter:label2\" content=\"Odhadovan\u00e1 doba \u010dten\u00ed\" \/>\n\t<meta name=\"twitter:data2\" content=\"3 minuty\" \/>\n<script type=\"application\/ld+json\" class=\"yoast-schema-graph\">{\"@context\":\"https:\\\/\\\/schema.org\",\"@graph\":[{\"@type\":\"Article\",\"@id\":\"https:\\\/\\\/janamozici.cz\\\/kolik-penez-muzete-skutecne-chtit-za-svou-nemovitost\\\/#article\",\"isPartOf\":{\"@id\":\"https:\\\/\\\/janamozici.cz\\\/kolik-penez-muzete-skutecne-chtit-za-svou-nemovitost\\\/\"},\"author\":{\"name\":\"pavelignacek\",\"@id\":\"https:\\\/\\\/janamozici.cz\\\/#\\\/schema\\\/person\\\/a0c8271995d3088e738ca636e0ae15e8\"},\"headline\":\"Kolik pen\u011bz m\u016f\u017eete skute\u010dn\u011b cht\u00edt za svou nemovitost?\",\"datePublished\":\"2023-09-29T15:27:00+00:00\",\"dateModified\":\"2026-06-17T15:28:35+00:00\",\"mainEntityOfPage\":{\"@id\":\"https:\\\/\\\/janamozici.cz\\\/kolik-penez-muzete-skutecne-chtit-za-svou-nemovitost\\\/\"},\"wordCount\":574,\"publisher\":{\"@id\":\"https:\\\/\\\/janamozici.cz\\\/#organization\"},\"image\":{\"@id\":\"https:\\\/\\\/janamozici.cz\\\/kolik-penez-muzete-skutecne-chtit-za-svou-nemovitost\\\/#primaryimage\"},\"thumbnailUrl\":\"https:\\\/\\\/d.r4.wbsprt.com\\\/janamozici.cz\\\/wp-content\\\/uploads\\\/2026\\\/06\\\/3045.jpg\",\"articleSection\":[\"\u010cL\u00c1NKY\"],\"inLanguage\":\"cs\"},{\"@type\":\"WebPage\",\"@id\":\"https:\\\/\\\/janamozici.cz\\\/kolik-penez-muzete-skutecne-chtit-za-svou-nemovitost\\\/\",\"url\":\"https:\\\/\\\/janamozici.cz\\\/kolik-penez-muzete-skutecne-chtit-za-svou-nemovitost\\\/\",\"name\":\"Kolik pen\u011bz m\u016f\u017eete skute\u010dn\u011b cht\u00edt za svou nemovitost? - Jana Mozici - Realitni makl\u00e9\u0159ka\",\"isPartOf\":{\"@id\":\"https:\\\/\\\/janamozici.cz\\\/#website\"},\"primaryImageOfPage\":{\"@id\":\"https:\\\/\\\/janamozici.cz\\\/kolik-penez-muzete-skutecne-chtit-za-svou-nemovitost\\\/#primaryimage\"},\"image\":{\"@id\":\"https:\\\/\\\/janamozici.cz\\\/kolik-penez-muzete-skutecne-chtit-za-svou-nemovitost\\\/#primaryimage\"},\"thumbnailUrl\":\"https:\\\/\\\/d.r4.wbsprt.com\\\/janamozici.cz\\\/wp-content\\\/uploads\\\/2026\\\/06\\\/3045.jpg\",\"datePublished\":\"2023-09-29T15:27:00+00:00\",\"dateModified\":\"2026-06-17T15:28:35+00:00\",\"breadcrumb\":{\"@id\":\"https:\\\/\\\/janamozici.cz\\\/kolik-penez-muzete-skutecne-chtit-za-svou-nemovitost\\\/#breadcrumb\"},\"inLanguage\":\"cs\",\"potentialAction\":[{\"@type\":\"ReadAction\",\"target\":[\"https:\\\/\\\/janamozici.cz\\\/kolik-penez-muzete-skutecne-chtit-za-svou-nemovitost\\\/\"]}]},{\"@type\":\"ImageObject\",\"inLanguage\":\"cs\",\"@id\":\"https:\\\/\\\/janamozici.cz\\\/kolik-penez-muzete-skutecne-chtit-za-svou-nemovitost\\\/#primaryimage\",\"url\":\"https:\\\/\\\/d.r4.wbsprt.com\\\/janamozici.cz\\\/wp-content\\\/uploads\\\/2026\\\/06\\\/3045.jpg\",\"contentUrl\":\"https:\\\/\\\/d.r4.wbsprt.com\\\/janamozici.cz\\\/wp-content\\\/uploads\\\/2026\\\/06\\\/3045.jpg\",\"width\":996,\"height\":796},{\"@type\":\"BreadcrumbList\",\"@id\":\"https:\\\/\\\/janamozici.cz\\\/kolik-penez-muzete-skutecne-chtit-za-svou-nemovitost\\\/#breadcrumb\",\"itemListElement\":[{\"@type\":\"ListItem\",\"position\":1,\"name\":\"Dom\u016f\",\"item\":\"https:\\\/\\\/janamozici.cz\\\/\"},{\"@type\":\"ListItem\",\"position\":2,\"name\":\"Kolik pen\u011bz m\u016f\u017eete skute\u010dn\u011b cht\u00edt za svou nemovitost?\"}]},{\"@type\":\"WebSite\",\"@id\":\"https:\\\/\\\/janamozici.cz\\\/#website\",\"url\":\"https:\\\/\\\/janamozici.cz\\\/\",\"name\":\"Jana Mozici - Realitni makl\u00e9\u0159ka\",\"description\":\"Realitn\u00ed makl\u00e9\u0159ka pro Chomutovsk\u00fd kraj\",\"publisher\":{\"@id\":\"https:\\\/\\\/janamozici.cz\\\/#organization\"},\"potentialAction\":[{\"@type\":\"SearchAction\",\"target\":{\"@type\":\"EntryPoint\",\"urlTemplate\":\"https:\\\/\\\/janamozici.cz\\\/?s={search_term_string}\"},\"query-input\":{\"@type\":\"PropertyValueSpecification\",\"valueRequired\":true,\"valueName\":\"search_term_string\"}}],\"inLanguage\":\"cs\"},{\"@type\":\"Organization\",\"@id\":\"https:\\\/\\\/janamozici.cz\\\/#organization\",\"name\":\"Jana Mozici - Realitni makl\u00e9\u0159ka\",\"url\":\"https:\\\/\\\/janamozici.cz\\\/\",\"logo\":{\"@type\":\"ImageObject\",\"inLanguage\":\"cs\",\"@id\":\"https:\\\/\\\/janamozici.cz\\\/#\\\/schema\\\/logo\\\/image\\\/\",\"url\":\"https:\\\/\\\/d.r4.wbsprt.com\\\/janamozici.cz\\\/wp-content\\\/uploads\\\/2026\\\/07\\\/cropped-favicon.png\",\"contentUrl\":\"https:\\\/\\\/d.r4.wbsprt.com\\\/janamozici.cz\\\/wp-content\\\/uploads\\\/2026\\\/07\\\/cropped-favicon.png\",\"width\":300,\"height\":300,\"caption\":\"Jana Mozici - Realitni makl\u00e9\u0159ka\"},\"image\":{\"@id\":\"https:\\\/\\\/janamozici.cz\\\/#\\\/schema\\\/logo\\\/image\\\/\"}},{\"@type\":\"Person\",\"@id\":\"https:\\\/\\\/janamozici.cz\\\/#\\\/schema\\\/person\\\/a0c8271995d3088e738ca636e0ae15e8\",\"name\":\"pavelignacek\",\"image\":{\"@type\":\"ImageObject\",\"inLanguage\":\"cs\",\"@id\":\"https:\\\/\\\/secure.gravatar.com\\\/avatar\\\/f1277ae3877a04db460fe45d0c550807b61b14883332acd3d3665c45a540a0c7?s=96&d=mm&r=g\",\"url\":\"https:\\\/\\\/secure.gravatar.com\\\/avatar\\\/f1277ae3877a04db460fe45d0c550807b61b14883332acd3d3665c45a540a0c7?s=96&d=mm&r=g\",\"contentUrl\":\"https:\\\/\\\/secure.gravatar.com\\\/avatar\\\/f1277ae3877a04db460fe45d0c550807b61b14883332acd3d3665c45a540a0c7?s=96&d=mm&r=g\",\"caption\":\"pavelignacek\"},\"sameAs\":[\"https:\\\/\\\/janamozici.cz\"],\"url\":\"https:\\\/\\\/d.r4.wbsprt.com\\\/janamozici.cz\\\/author\\\/pavelignacek\\\/\"}]}<\/script>\n<!-- \/ Yoast SEO plugin. -->","yoast_head_json":{"title":"Kolik pen\u011bz m\u016f\u017eete skute\u010dn\u011b cht\u00edt za svou nemovitost? - Jana Mozici - Realitni makl\u00e9\u0159ka","robots":{"index":"index","follow":"follow","max-snippet":"max-snippet:-1","max-image-preview":"max-image-preview:large","max-video-preview":"max-video-preview:-1"},"canonical":"https:\/\/janamozici.cz\/kolik-penez-muzete-skutecne-chtit-za-svou-nemovitost\/","og_locale":"cs_CZ","og_type":"article","og_title":"Kolik pen\u011bz m\u016f\u017eete skute\u010dn\u011b cht\u00edt za svou nemovitost? - Jana Mozici - Realitni makl\u00e9\u0159ka","og_description":"Jedn\u00edm z nejv\u00edce emocion\u00e1ln\u011b nabit\u00fdch okam\u017eik\u016f v \u017eivot\u011b je prodej nemovitosti. \u010casto je nemovitost spojen\u00e1 s mnoha vzpom\u00ednkami, \u00fasil\u00edm a investicemi do \u00faprav, kter\u00e9 jsme v pr\u016fb\u011bhu let provedli. Nen\u00ed tak divu, \u017ee kdy\u017e p\u0159ijde \u010das na ur\u010den\u00ed ceny, m\u00e1me mnohdy p\u0159ehnan\u00e1 o\u010dek\u00e1v\u00e1n\u00ed. Velmi \u010dasto se setk\u00e1v\u00e1m s t\u00edm, \u017ee lid\u00e9 o\u010dek\u00e1vaj\u00ed za svou nemovitost [&hellip;]","og_url":"https:\/\/janamozici.cz\/kolik-penez-muzete-skutecne-chtit-za-svou-nemovitost\/","og_site_name":"Jana Mozici - Realitni makl\u00e9\u0159ka","article_published_time":"2023-09-29T15:27:00+00:00","article_modified_time":"2026-06-17T15:28:35+00:00","og_image":[{"width":996,"height":796,"url":"https:\/\/janamozici.cz\/wp-content\/uploads\/2026\/06\/3045.jpg","type":"image\/jpeg"}],"author":"pavelignacek","twitter_card":"summary_large_image","twitter_misc":{"Napsal(a)":"pavelignacek","Odhadovan\u00e1 doba \u010dten\u00ed":"3 minuty"},"schema":{"@context":"https:\/\/schema.org","@graph":[{"@type":"Article","@id":"https:\/\/janamozici.cz\/kolik-penez-muzete-skutecne-chtit-za-svou-nemovitost\/#article","isPartOf":{"@id":"https:\/\/janamozici.cz\/kolik-penez-muzete-skutecne-chtit-za-svou-nemovitost\/"},"author":{"name":"pavelignacek","@id":"https:\/\/janamozici.cz\/#\/schema\/person\/a0c8271995d3088e738ca636e0ae15e8"},"headline":"Kolik pen\u011bz m\u016f\u017eete skute\u010dn\u011b cht\u00edt za svou nemovitost?","datePublished":"2023-09-29T15:27:00+00:00","dateModified":"2026-06-17T15:28:35+00:00","mainEntityOfPage":{"@id":"https:\/\/janamozici.cz\/kolik-penez-muzete-skutecne-chtit-za-svou-nemovitost\/"},"wordCount":574,"publisher":{"@id":"https:\/\/janamozici.cz\/#organization"},"image":{"@id":"https:\/\/janamozici.cz\/kolik-penez-muzete-skutecne-chtit-za-svou-nemovitost\/#primaryimage"},"thumbnailUrl":"https:\/\/d.r4.wbsprt.com\/janamozici.cz\/wp-content\/uploads\/2026\/06\/3045.jpg","articleSection":["\u010cL\u00c1NKY"],"inLanguage":"cs"},{"@type":"WebPage","@id":"https:\/\/janamozici.cz\/kolik-penez-muzete-skutecne-chtit-za-svou-nemovitost\/","url":"https:\/\/janamozici.cz\/kolik-penez-muzete-skutecne-chtit-za-svou-nemovitost\/","name":"Kolik pen\u011bz m\u016f\u017eete skute\u010dn\u011b cht\u00edt za svou nemovitost? - Jana Mozici - Realitni makl\u00e9\u0159ka","isPartOf":{"@id":"https:\/\/janamozici.cz\/#website"},"primaryImageOfPage":{"@id":"https:\/\/janamozici.cz\/kolik-penez-muzete-skutecne-chtit-za-svou-nemovitost\/#primaryimage"},"image":{"@id":"https:\/\/janamozici.cz\/kolik-penez-muzete-skutecne-chtit-za-svou-nemovitost\/#primaryimage"},"thumbnailUrl":"https:\/\/d.r4.wbsprt.com\/janamozici.cz\/wp-content\/uploads\/2026\/06\/3045.jpg","datePublished":"2023-09-29T15:27:00+00:00","dateModified":"2026-06-17T15:28:35+00:00","breadcrumb":{"@id":"https:\/\/janamozici.cz\/kolik-penez-muzete-skutecne-chtit-za-svou-nemovitost\/#breadcrumb"},"inLanguage":"cs","potentialAction":[{"@type":"ReadAction","target":["https:\/\/janamozici.cz\/kolik-penez-muzete-skutecne-chtit-za-svou-nemovitost\/"]}]},{"@type":"ImageObject","inLanguage":"cs","@id":"https:\/\/janamozici.cz\/kolik-penez-muzete-skutecne-chtit-za-svou-nemovitost\/#primaryimage","url":"https:\/\/d.r4.wbsprt.com\/janamozici.cz\/wp-content\/uploads\/2026\/06\/3045.jpg","contentUrl":"https:\/\/d.r4.wbsprt.com\/janamozici.cz\/wp-content\/uploads\/2026\/06\/3045.jpg","width":996,"height":796},{"@type":"BreadcrumbList","@id":"https:\/\/janamozici.cz\/kolik-penez-muzete-skutecne-chtit-za-svou-nemovitost\/#breadcrumb","itemListElement":[{"@type":"ListItem","position":1,"name":"Dom\u016f","item":"https:\/\/janamozici.cz\/"},{"@type":"ListItem","position":2,"name":"Kolik pen\u011bz m\u016f\u017eete skute\u010dn\u011b cht\u00edt za svou nemovitost?"}]},{"@type":"WebSite","@id":"https:\/\/janamozici.cz\/#website","url":"https:\/\/janamozici.cz\/","name":"Jana Mozici - Realitni makl\u00e9\u0159ka","description":"Realitn\u00ed makl\u00e9\u0159ka pro Chomutovsk\u00fd kraj","publisher":{"@id":"https:\/\/janamozici.cz\/#organization"},"potentialAction":[{"@type":"SearchAction","target":{"@type":"EntryPoint","urlTemplate":"https:\/\/janamozici.cz\/?s={search_term_string}"},"query-input":{"@type":"PropertyValueSpecification","valueRequired":true,"valueName":"search_term_string"}}],"inLanguage":"cs"},{"@type":"Organization","@id":"https:\/\/janamozici.cz\/#organization","name":"Jana Mozici - Realitni makl\u00e9\u0159ka","url":"https:\/\/janamozici.cz\/","logo":{"@type":"ImageObject","inLanguage":"cs","@id":"https:\/\/janamozici.cz\/#\/schema\/logo\/image\/","url":"https:\/\/d.r4.wbsprt.com\/janamozici.cz\/wp-content\/uploads\/2026\/07\/cropped-favicon.png","contentUrl":"https:\/\/d.r4.wbsprt.com\/janamozici.cz\/wp-content\/uploads\/2026\/07\/cropped-favicon.png","width":300,"height":300,"caption":"Jana Mozici - Realitni makl\u00e9\u0159ka"},"image":{"@id":"https:\/\/janamozici.cz\/#\/schema\/logo\/image\/"}},{"@type":"Person","@id":"https:\/\/janamozici.cz\/#\/schema\/person\/a0c8271995d3088e738ca636e0ae15e8","name":"pavelignacek","image":{"@type":"ImageObject","inLanguage":"cs","@id":"https:\/\/secure.gravatar.com\/avatar\/f1277ae3877a04db460fe45d0c550807b61b14883332acd3d3665c45a540a0c7?s=96&d=mm&r=g","url":"https:\/\/secure.gravatar.com\/avatar\/f1277ae3877a04db460fe45d0c550807b61b14883332acd3d3665c45a540a0c7?s=96&d=mm&r=g","contentUrl":"https:\/\/secure.gravatar.com\/avatar\/f1277ae3877a04db460fe45d0c550807b61b14883332acd3d3665c45a540a0c7?s=96&d=mm&r=g","caption":"pavelignacek"},"sameAs":["https:\/\/janamozici.cz"],"url":"https:\/\/d.r4.wbsprt.com\/janamozici.cz\/author\/pavelignacek\/"}]}},"_links":{"self":[{"href":"https:\/\/d.r4.wbsprt.com\/janamozici.cz\/wp-json\/wp\/v2\/posts\/965","targetHints":{"allow":["GET"]}}],"collection":[{"href":"https:\/\/d.r4.wbsprt.com\/janamozici.cz\/wp-json\/wp\/v2\/posts"}],"about":[{"href":"https:\/\/d.r4.wbsprt.com\/janamozici.cz\/wp-json\/wp\/v2\/types\/post"}],"author":[{"embeddable":true,"href":"https:\/\/d.r4.wbsprt.com\/janamozici.cz\/wp-json\/wp\/v2\/users\/1"}],"replies":[{"embeddable":true,"href":"https:\/\/d.r4.wbsprt.com\/janamozici.cz\/wp-json\/wp\/v2\/comments?post=965"}],"version-history":[{"count":1,"href":"https:\/\/d.r4.wbsprt.com\/janamozici.cz\/wp-json\/wp\/v2\/posts\/965\/revisions"}],"predecessor-version":[{"id":967,"href":"https:\/\/d.r4.wbsprt.com\/janamozici.cz\/wp-json\/wp\/v2\/posts\/965\/revisions\/967"}],"wp:featuredmedia":[{"embeddable":true,"href":"https:\/\/d.r4.wbsprt.com\/janamozici.cz\/wp-json\/wp\/v2\/media\/966"}],"wp:attachment":[{"href":"https:\/\/d.r4.wbsprt.com\/janamozici.cz\/wp-json\/wp\/v2\/media?parent=965"}],"wp:term":[{"taxonomy":"category","embeddable":true,"href":"https:\/\/d.r4.wbsprt.com\/janamozici.cz\/wp-json\/wp\/v2\/categories?post=965"},{"taxonomy":"post_tag","embeddable":true,"href":"https:\/\/d.r4.wbsprt.com\/janamozici.cz\/wp-json\/wp\/v2\/tags?post=965"}],"curies":[{"name":"wp","href":"https:\/\/api.w.org\/{rel}","templated":true}]}}