{"id":968,"date":"2023-10-28T17:28:00","date_gmt":"2023-10-28T15:28:00","guid":{"rendered":"https:\/\/d.r4.wbsprt.com\/janamozici.cz\/?p=968"},"modified":"2026-06-17T17:29:42","modified_gmt":"2026-06-17T15:29:42","slug":"proc-je-dulezite-mit-spravne-nastavene-zalohy-na-energie-u-vasi-nemovitosti","status":"publish","type":"post","link":"https:\/\/d.r4.wbsprt.com\/janamozici.cz\/proc-je-dulezite-mit-spravne-nastavene-zalohy-na-energie-u-vasi-nemovitosti\/","title":{"rendered":"Pro\u010d je d\u016fle\u017eit\u00e9 m\u00edt spr\u00e1vn\u011b nastaven\u00e9 z\u00e1lohy na energie u va\u0161\u00ed nemovitosti?"},"content":{"rendered":"\n<p class=\"wp-block-paragraph\">Z\u00e1lohy na energie se staly v posledn\u00edch letech st\u0159edem pozornosti mnoha dom\u00e1cnost\u00ed v \u010cesk\u00e9 republice. Vzhledem k vysok\u00fdm cen\u00e1m za energie je mnoz\u00ed z n\u00e1s za\u010dali \u0159e\u0161it v\u00edce, ne\u017e kdy d\u0159\u00edve. Na konci tohoto roku v\u0161ak kon\u010d\u00ed vl\u00e1dou stanoven\u00e9 energetick\u00e9 stropy a je t\u0159eba t\u00e9to problematice op\u011bt v\u011bnovat pozornost. Z\u00e1rove\u0148 velc\u00ed dodavatel\u00e9 sni\u017euj\u00ed ceny jak u fixovan\u00fdch, tak nefixovan\u00fdch produkt\u016f. Nyn\u00ed je tedy kl\u00ed\u010dov\u00fd \u010das zhodnotit, jestli jsou va\u0161e z\u00e1lohy nastaveny spr\u00e1vn\u011b.&nbsp;<\/p>\n\n\n\n<p class=\"wp-block-paragraph\"><strong>O \u010dem je vlastn\u011b \u0159e\u010d?<\/strong><\/p>\n\n\n\n<p class=\"wp-block-paragraph\">Z\u00e1lohy na energie p\u0159edstavuj\u00ed pravideln\u00e9 \u010d\u00e1stky, kter\u00e9 plat\u00edme dodavatel\u016fm energi\u00ed za o\u010dek\u00e1vanou spot\u0159ebu elekt\u0159iny, plynu \u010di vody. Tato \u010d\u00e1stka je kalkulov\u00e1na na z\u00e1klad\u011b na\u0161\u00ed p\u0159edchoz\u00ed spot\u0159eby a je upravena podle aktu\u00e1ln\u00edch cen a spot\u0159eby.&nbsp;<\/p>\n\n\n\n<p class=\"wp-block-paragraph\">Spr\u00e1vn\u00e9 nastaven\u00ed z\u00e1loh n\u00e1m pom\u00e1h\u00e1 efektivn\u011b spravovat n\u00e1\u0161 rodinn\u00fd rozpo\u010det a vyhnout se ne\u010dekan\u00fdm v\u00fddaj\u016fm na konci roku. Mnoho z n\u00e1s m\u00e1 tendenci nev\u011bnovat pozornost v\u00fd\u0161i z\u00e1loh. Pokud ale plat\u00edme p\u0159\u00edli\u0161 vysok\u00e9 z\u00e1lohy, m\u016f\u017eeme se dostat do situace, kdy n\u00e1m dodavatel na konci roku vr\u00e1t\u00ed velkou \u010d\u00e1stku, kterou bychom mohli efektivn\u011bji investovat b\u011bhem roku a n\u011bkter\u00fdm dom\u00e1cnostem mohou zbyte\u010dn\u011b na\u0161ponovat rozpo\u010det. Naopak, pokud jsou na\u0161e z\u00e1lohy nastaveny p\u0159\u00edli\u0161 n\u00edzko, m\u016f\u017eeme \u010delit vysok\u00e9mu nedoplatku. Chcete-li m\u00edt klidnou mysl a m\u00edt jistotu, \u017ee va\u0161e z\u00e1lohy jsou spr\u00e1vn\u011b nastaveny, doporu\u010duji pravideln\u011b sledovat va\u0161i spot\u0159ebu a porovn\u00e1vat ji s v\u00fd\u0161\u00ed va\u0161ich z\u00e1loh.&nbsp;<\/p>\n\n\n\n<p class=\"wp-block-paragraph\"><strong>Aktu\u00e1ln\u00ed situace na trhu s energiemi<\/strong><\/p>\n\n\n\n<p class=\"wp-block-paragraph\">V posledn\u00edch m\u011bs\u00edc\u00edch se n\u00e1m poda\u0159ilo dos\u00e1hnout v\u00fdznamn\u00e9ho miln\u00edku. Velc\u00ed dodavatel\u00e9 energi\u00ed postupn\u011b zlevnili, co\u017e vedlo k tomu, \u017ee ceny za elekt\u0159inu a plyn jsou nyn\u00ed pod vl\u00e1dn\u00edm stropem. U n\u011bkter\u00fdch dodavatel\u016f v\u0161ak nov\u00e9 cen\u00edky plat\u00ed a\u017e od nov\u00e9ho roku, tedy od doby, kdy p\u0159estane platit sou\u010dasn\u00fd vl\u00e1dn\u00ed strop.<\/p>\n\n\n\n<p class=\"wp-block-paragraph\"><strong>Jak nastavit optim\u00e1ln\u00ed v\u00fd\u0161i z\u00e1loh?<\/strong><\/p>\n\n\n\n<p class=\"wp-block-paragraph\">P\u0159esto\u017ee se nyn\u00ed m\u016f\u017eeme radovat z ni\u017e\u0161\u00edch cen energi\u00ed, je d\u016fle\u017eit\u00e9 se nepodd\u00e1vat euforii a spr\u00e1vn\u011b nastavit na\u0161e z\u00e1lohy. Nejprve doporu\u010duji analyzovat spot\u0159ebu energi\u00ed za posledn\u00ed roky nikoli v pen\u011b\u017en\u00edch jednotk\u00e1ch, ale v jednotk\u00e1ch mno\u017estevn\u00edch. Ceny se toti\u017e za posledn\u00ed roky bou\u0159liv\u011b m\u011bnily. To v\u00e1m umo\u017en\u00ed odhadnout budouc\u00ed spot\u0159ebu a nastavit tak z\u00e1lohy tak, aby co nejv\u00edce odpov\u00eddaly skute\u010dnosti.<\/p>\n\n\n\n<p class=\"wp-block-paragraph\">D\u00e1le je d\u016fle\u017eit\u00e9 sledovat aktu\u00e1ln\u00ed trendy a zm\u011bny na trhu s energiemi. Je dobr\u00e9 tak\u00e9 sledovat, jak se vyv\u00edjej\u00ed cen\u00edky dodavatel\u016f energetick\u00fdch slu\u017eeb a pravideln\u011b porovn\u00e1vat sv\u00e9ho dodavatele s konkurenc\u00ed.<\/p>\n","protected":false},"excerpt":{"rendered":"<p>Z\u00e1lohy na energie se staly v posledn\u00edch letech st\u0159edem pozornosti mnoha dom\u00e1cnost\u00ed v \u010cesk\u00e9 republice. Vzhledem k vysok\u00fdm cen\u00e1m za energie je mnoz\u00ed z n\u00e1s za\u010dali \u0159e\u0161it v\u00edce, ne\u017e kdy d\u0159\u00edve. Na konci tohoto roku v\u0161ak kon\u010d\u00ed vl\u00e1dou stanoven\u00e9 energetick\u00e9 stropy a je t\u0159eba t\u00e9to problematice op\u011bt v\u011bnovat pozornost. Z\u00e1rove\u0148 velc\u00ed dodavatel\u00e9 sni\u017euj\u00ed ceny jak [&hellip;]<\/p>\n","protected":false},"author":1,"featured_media":970,"comment_status":"closed","ping_status":"closed","sticky":false,"template":"","format":"standard","meta":{"_acf_changed":false,"pgc_sgb_lightbox_settings":"","footnotes":""},"categories":[13],"tags":[],"class_list":["post-968","post","type-post","status-publish","format-standard","has-post-thumbnail","hentry","category-clanky"],"acf":[],"yoast_head":"<!-- This site is optimized with the Yoast SEO plugin v28.2 - https:\/\/yoast.com\/product\/yoast-seo-wordpress\/ -->\n<title>Pro\u010d je d\u016fle\u017eit\u00e9 m\u00edt spr\u00e1vn\u011b nastaven\u00e9 z\u00e1lohy na energie u va\u0161\u00ed nemovitosti? - Jana Mozici - Realitni makl\u00e9\u0159ka<\/title>\n<meta name=\"robots\" content=\"index, follow, max-snippet:-1, max-image-preview:large, max-video-preview:-1\" \/>\n<link rel=\"canonical\" href=\"https:\/\/d.r4.wbsprt.com\/janamozici.cz\/proc-je-dulezite-mit-spravne-nastavene-zalohy-na-energie-u-vasi-nemovitosti\/\" \/>\n<meta property=\"og:locale\" content=\"cs_CZ\" \/>\n<meta property=\"og:type\" content=\"article\" \/>\n<meta property=\"og:title\" content=\"Pro\u010d je d\u016fle\u017eit\u00e9 m\u00edt spr\u00e1vn\u011b nastaven\u00e9 z\u00e1lohy na energie u va\u0161\u00ed nemovitosti? - Jana Mozici - Realitni makl\u00e9\u0159ka\" \/>\n<meta property=\"og:description\" content=\"Z\u00e1lohy na energie se staly v posledn\u00edch letech st\u0159edem pozornosti mnoha dom\u00e1cnost\u00ed v \u010cesk\u00e9 republice. Vzhledem k vysok\u00fdm cen\u00e1m za energie je mnoz\u00ed z n\u00e1s za\u010dali \u0159e\u0161it v\u00edce, ne\u017e kdy d\u0159\u00edve. Na konci tohoto roku v\u0161ak kon\u010d\u00ed vl\u00e1dou stanoven\u00e9 energetick\u00e9 stropy a je t\u0159eba t\u00e9to problematice op\u011bt v\u011bnovat pozornost. Z\u00e1rove\u0148 velc\u00ed dodavatel\u00e9 sni\u017euj\u00ed ceny jak [&hellip;]\" \/>\n<meta property=\"og:url\" content=\"https:\/\/d.r4.wbsprt.com\/janamozici.cz\/proc-je-dulezite-mit-spravne-nastavene-zalohy-na-energie-u-vasi-nemovitosti\/\" \/>\n<meta property=\"og:site_name\" content=\"Jana Mozici - Realitni makl\u00e9\u0159ka\" \/>\n<meta property=\"article:published_time\" content=\"2023-10-28T15:28:00+00:00\" \/>\n<meta property=\"article:modified_time\" content=\"2026-06-17T15:29:42+00:00\" \/>\n<meta property=\"og:image\" content=\"https:\/\/d.r4.wbsprt.com\/janamozici.cz\/wp-content\/uploads\/2023\/10\/3102.jpg\" \/>\n\t<meta property=\"og:image:width\" content=\"995\" \/>\n\t<meta property=\"og:image:height\" content=\"795\" \/>\n\t<meta property=\"og:image:type\" content=\"image\/jpeg\" \/>\n<meta name=\"author\" content=\"pavelignacek\" \/>\n<meta name=\"twitter:card\" content=\"summary_large_image\" \/>\n<meta name=\"twitter:label1\" content=\"Napsal(a)\" \/>\n\t<meta name=\"twitter:data1\" content=\"pavelignacek\" \/>\n\t<meta name=\"twitter:label2\" content=\"Odhadovan\u00e1 doba \u010dten\u00ed\" \/>\n\t<meta name=\"twitter:data2\" content=\"3 minuty\" \/>\n<script type=\"application\/ld+json\" class=\"yoast-schema-graph\">{\"@context\":\"https:\\\/\\\/schema.org\",\"@graph\":[{\"@type\":\"Article\",\"@id\":\"https:\\\/\\\/d.r4.wbsprt.com\\\/janamozici.cz\\\/proc-je-dulezite-mit-spravne-nastavene-zalohy-na-energie-u-vasi-nemovitosti\\\/#article\",\"isPartOf\":{\"@id\":\"https:\\\/\\\/d.r4.wbsprt.com\\\/janamozici.cz\\\/proc-je-dulezite-mit-spravne-nastavene-zalohy-na-energie-u-vasi-nemovitosti\\\/\"},\"author\":{\"name\":\"pavelignacek\",\"@id\":\"https:\\\/\\\/janamozici.cz\\\/#\\\/schema\\\/person\\\/a0c8271995d3088e738ca636e0ae15e8\"},\"headline\":\"Pro\u010d je d\u016fle\u017eit\u00e9 m\u00edt spr\u00e1vn\u011b nastaven\u00e9 z\u00e1lohy na energie u va\u0161\u00ed nemovitosti?\",\"datePublished\":\"2023-10-28T15:28:00+00:00\",\"dateModified\":\"2026-06-17T15:29:42+00:00\",\"mainEntityOfPage\":{\"@id\":\"https:\\\/\\\/d.r4.wbsprt.com\\\/janamozici.cz\\\/proc-je-dulezite-mit-spravne-nastavene-zalohy-na-energie-u-vasi-nemovitosti\\\/\"},\"wordCount\":525,\"publisher\":{\"@id\":\"https:\\\/\\\/janamozici.cz\\\/#organization\"},\"image\":{\"@id\":\"https:\\\/\\\/d.r4.wbsprt.com\\\/janamozici.cz\\\/proc-je-dulezite-mit-spravne-nastavene-zalohy-na-energie-u-vasi-nemovitosti\\\/#primaryimage\"},\"thumbnailUrl\":\"https:\\\/\\\/d.r4.wbsprt.com\\\/janamozici.cz\\\/wp-content\\\/uploads\\\/2023\\\/10\\\/3102.jpg\",\"articleSection\":[\"\u010cL\u00c1NKY\"],\"inLanguage\":\"cs\"},{\"@type\":\"WebPage\",\"@id\":\"https:\\\/\\\/d.r4.wbsprt.com\\\/janamozici.cz\\\/proc-je-dulezite-mit-spravne-nastavene-zalohy-na-energie-u-vasi-nemovitosti\\\/\",\"url\":\"https:\\\/\\\/d.r4.wbsprt.com\\\/janamozici.cz\\\/proc-je-dulezite-mit-spravne-nastavene-zalohy-na-energie-u-vasi-nemovitosti\\\/\",\"name\":\"Pro\u010d je d\u016fle\u017eit\u00e9 m\u00edt spr\u00e1vn\u011b nastaven\u00e9 z\u00e1lohy na energie u va\u0161\u00ed nemovitosti? - Jana Mozici - Realitni makl\u00e9\u0159ka\",\"isPartOf\":{\"@id\":\"https:\\\/\\\/janamozici.cz\\\/#website\"},\"primaryImageOfPage\":{\"@id\":\"https:\\\/\\\/d.r4.wbsprt.com\\\/janamozici.cz\\\/proc-je-dulezite-mit-spravne-nastavene-zalohy-na-energie-u-vasi-nemovitosti\\\/#primaryimage\"},\"image\":{\"@id\":\"https:\\\/\\\/d.r4.wbsprt.com\\\/janamozici.cz\\\/proc-je-dulezite-mit-spravne-nastavene-zalohy-na-energie-u-vasi-nemovitosti\\\/#primaryimage\"},\"thumbnailUrl\":\"https:\\\/\\\/d.r4.wbsprt.com\\\/janamozici.cz\\\/wp-content\\\/uploads\\\/2023\\\/10\\\/3102.jpg\",\"datePublished\":\"2023-10-28T15:28:00+00:00\",\"dateModified\":\"2026-06-17T15:29:42+00:00\",\"breadcrumb\":{\"@id\":\"https:\\\/\\\/d.r4.wbsprt.com\\\/janamozici.cz\\\/proc-je-dulezite-mit-spravne-nastavene-zalohy-na-energie-u-vasi-nemovitosti\\\/#breadcrumb\"},\"inLanguage\":\"cs\",\"potentialAction\":[{\"@type\":\"ReadAction\",\"target\":[\"https:\\\/\\\/d.r4.wbsprt.com\\\/janamozici.cz\\\/proc-je-dulezite-mit-spravne-nastavene-zalohy-na-energie-u-vasi-nemovitosti\\\/\"]}]},{\"@type\":\"ImageObject\",\"inLanguage\":\"cs\",\"@id\":\"https:\\\/\\\/d.r4.wbsprt.com\\\/janamozici.cz\\\/proc-je-dulezite-mit-spravne-nastavene-zalohy-na-energie-u-vasi-nemovitosti\\\/#primaryimage\",\"url\":\"https:\\\/\\\/d.r4.wbsprt.com\\\/janamozici.cz\\\/wp-content\\\/uploads\\\/2023\\\/10\\\/3102.jpg\",\"contentUrl\":\"https:\\\/\\\/d.r4.wbsprt.com\\\/janamozici.cz\\\/wp-content\\\/uploads\\\/2023\\\/10\\\/3102.jpg\",\"width\":995,\"height\":795},{\"@type\":\"BreadcrumbList\",\"@id\":\"https:\\\/\\\/d.r4.wbsprt.com\\\/janamozici.cz\\\/proc-je-dulezite-mit-spravne-nastavene-zalohy-na-energie-u-vasi-nemovitosti\\\/#breadcrumb\",\"itemListElement\":[{\"@type\":\"ListItem\",\"position\":1,\"name\":\"Dom\u016f\",\"item\":\"https:\\\/\\\/janamozici.cz\\\/\"},{\"@type\":\"ListItem\",\"position\":2,\"name\":\"Pro\u010d je d\u016fle\u017eit\u00e9 m\u00edt spr\u00e1vn\u011b nastaven\u00e9 z\u00e1lohy na energie u va\u0161\u00ed nemovitosti?\"}]},{\"@type\":\"WebSite\",\"@id\":\"https:\\\/\\\/janamozici.cz\\\/#website\",\"url\":\"https:\\\/\\\/janamozici.cz\\\/\",\"name\":\"Jana Mozici - Realitni makl\u00e9\u0159ka\",\"description\":\"Realitn\u00ed makl\u00e9\u0159ka pro Chomutovsk\u00fd kraj\",\"publisher\":{\"@id\":\"https:\\\/\\\/janamozici.cz\\\/#organization\"},\"potentialAction\":[{\"@type\":\"SearchAction\",\"target\":{\"@type\":\"EntryPoint\",\"urlTemplate\":\"https:\\\/\\\/janamozici.cz\\\/?s={search_term_string}\"},\"query-input\":{\"@type\":\"PropertyValueSpecification\",\"valueRequired\":true,\"valueName\":\"search_term_string\"}}],\"inLanguage\":\"cs\"},{\"@type\":\"Organization\",\"@id\":\"https:\\\/\\\/janamozici.cz\\\/#organization\",\"name\":\"Jana Mozici - Realitni makl\u00e9\u0159ka\",\"url\":\"https:\\\/\\\/janamozici.cz\\\/\",\"logo\":{\"@type\":\"ImageObject\",\"inLanguage\":\"cs\",\"@id\":\"https:\\\/\\\/janamozici.cz\\\/#\\\/schema\\\/logo\\\/image\\\/\",\"url\":\"https:\\\/\\\/d.r4.wbsprt.com\\\/janamozici.cz\\\/wp-content\\\/uploads\\\/2026\\\/07\\\/cropped-favicon.png\",\"contentUrl\":\"https:\\\/\\\/d.r4.wbsprt.com\\\/janamozici.cz\\\/wp-content\\\/uploads\\\/2026\\\/07\\\/cropped-favicon.png\",\"width\":300,\"height\":300,\"caption\":\"Jana Mozici - Realitni makl\u00e9\u0159ka\"},\"image\":{\"@id\":\"https:\\\/\\\/janamozici.cz\\\/#\\\/schema\\\/logo\\\/image\\\/\"}},{\"@type\":\"Person\",\"@id\":\"https:\\\/\\\/janamozici.cz\\\/#\\\/schema\\\/person\\\/a0c8271995d3088e738ca636e0ae15e8\",\"name\":\"pavelignacek\",\"image\":{\"@type\":\"ImageObject\",\"inLanguage\":\"cs\",\"@id\":\"https:\\\/\\\/secure.gravatar.com\\\/avatar\\\/f1277ae3877a04db460fe45d0c550807b61b14883332acd3d3665c45a540a0c7?s=96&d=mm&r=g\",\"url\":\"https:\\\/\\\/secure.gravatar.com\\\/avatar\\\/f1277ae3877a04db460fe45d0c550807b61b14883332acd3d3665c45a540a0c7?s=96&d=mm&r=g\",\"contentUrl\":\"https:\\\/\\\/secure.gravatar.com\\\/avatar\\\/f1277ae3877a04db460fe45d0c550807b61b14883332acd3d3665c45a540a0c7?s=96&d=mm&r=g\",\"caption\":\"pavelignacek\"},\"sameAs\":[\"https:\\\/\\\/janamozici.cz\"],\"url\":\"https:\\\/\\\/d.r4.wbsprt.com\\\/janamozici.cz\\\/author\\\/pavelignacek\\\/\"}]}<\/script>\n<!-- \/ Yoast SEO plugin. -->","yoast_head_json":{"title":"Pro\u010d je d\u016fle\u017eit\u00e9 m\u00edt spr\u00e1vn\u011b nastaven\u00e9 z\u00e1lohy na energie u va\u0161\u00ed nemovitosti? - Jana Mozici - Realitni makl\u00e9\u0159ka","robots":{"index":"index","follow":"follow","max-snippet":"max-snippet:-1","max-image-preview":"max-image-preview:large","max-video-preview":"max-video-preview:-1"},"canonical":"https:\/\/d.r4.wbsprt.com\/janamozici.cz\/proc-je-dulezite-mit-spravne-nastavene-zalohy-na-energie-u-vasi-nemovitosti\/","og_locale":"cs_CZ","og_type":"article","og_title":"Pro\u010d je d\u016fle\u017eit\u00e9 m\u00edt spr\u00e1vn\u011b nastaven\u00e9 z\u00e1lohy na energie u va\u0161\u00ed nemovitosti? - Jana Mozici - Realitni makl\u00e9\u0159ka","og_description":"Z\u00e1lohy na energie se staly v posledn\u00edch letech st\u0159edem pozornosti mnoha dom\u00e1cnost\u00ed v \u010cesk\u00e9 republice. Vzhledem k vysok\u00fdm cen\u00e1m za energie je mnoz\u00ed z n\u00e1s za\u010dali \u0159e\u0161it v\u00edce, ne\u017e kdy d\u0159\u00edve. Na konci tohoto roku v\u0161ak kon\u010d\u00ed vl\u00e1dou stanoven\u00e9 energetick\u00e9 stropy a je t\u0159eba t\u00e9to problematice op\u011bt v\u011bnovat pozornost. Z\u00e1rove\u0148 velc\u00ed dodavatel\u00e9 sni\u017euj\u00ed ceny jak [&hellip;]","og_url":"https:\/\/d.r4.wbsprt.com\/janamozici.cz\/proc-je-dulezite-mit-spravne-nastavene-zalohy-na-energie-u-vasi-nemovitosti\/","og_site_name":"Jana Mozici - Realitni makl\u00e9\u0159ka","article_published_time":"2023-10-28T15:28:00+00:00","article_modified_time":"2026-06-17T15:29:42+00:00","og_image":[{"width":995,"height":795,"url":"https:\/\/d.r4.wbsprt.com\/janamozici.cz\/wp-content\/uploads\/2023\/10\/3102.jpg","type":"image\/jpeg"}],"author":"pavelignacek","twitter_card":"summary_large_image","twitter_misc":{"Napsal(a)":"pavelignacek","Odhadovan\u00e1 doba \u010dten\u00ed":"3 minuty"},"schema":{"@context":"https:\/\/schema.org","@graph":[{"@type":"Article","@id":"https:\/\/d.r4.wbsprt.com\/janamozici.cz\/proc-je-dulezite-mit-spravne-nastavene-zalohy-na-energie-u-vasi-nemovitosti\/#article","isPartOf":{"@id":"https:\/\/d.r4.wbsprt.com\/janamozici.cz\/proc-je-dulezite-mit-spravne-nastavene-zalohy-na-energie-u-vasi-nemovitosti\/"},"author":{"name":"pavelignacek","@id":"https:\/\/janamozici.cz\/#\/schema\/person\/a0c8271995d3088e738ca636e0ae15e8"},"headline":"Pro\u010d je d\u016fle\u017eit\u00e9 m\u00edt spr\u00e1vn\u011b nastaven\u00e9 z\u00e1lohy na energie u va\u0161\u00ed nemovitosti?","datePublished":"2023-10-28T15:28:00+00:00","dateModified":"2026-06-17T15:29:42+00:00","mainEntityOfPage":{"@id":"https:\/\/d.r4.wbsprt.com\/janamozici.cz\/proc-je-dulezite-mit-spravne-nastavene-zalohy-na-energie-u-vasi-nemovitosti\/"},"wordCount":525,"publisher":{"@id":"https:\/\/janamozici.cz\/#organization"},"image":{"@id":"https:\/\/d.r4.wbsprt.com\/janamozici.cz\/proc-je-dulezite-mit-spravne-nastavene-zalohy-na-energie-u-vasi-nemovitosti\/#primaryimage"},"thumbnailUrl":"https:\/\/d.r4.wbsprt.com\/janamozici.cz\/wp-content\/uploads\/2023\/10\/3102.jpg","articleSection":["\u010cL\u00c1NKY"],"inLanguage":"cs"},{"@type":"WebPage","@id":"https:\/\/d.r4.wbsprt.com\/janamozici.cz\/proc-je-dulezite-mit-spravne-nastavene-zalohy-na-energie-u-vasi-nemovitosti\/","url":"https:\/\/d.r4.wbsprt.com\/janamozici.cz\/proc-je-dulezite-mit-spravne-nastavene-zalohy-na-energie-u-vasi-nemovitosti\/","name":"Pro\u010d je d\u016fle\u017eit\u00e9 m\u00edt spr\u00e1vn\u011b nastaven\u00e9 z\u00e1lohy na energie u va\u0161\u00ed nemovitosti? - Jana Mozici - Realitni makl\u00e9\u0159ka","isPartOf":{"@id":"https:\/\/janamozici.cz\/#website"},"primaryImageOfPage":{"@id":"https:\/\/d.r4.wbsprt.com\/janamozici.cz\/proc-je-dulezite-mit-spravne-nastavene-zalohy-na-energie-u-vasi-nemovitosti\/#primaryimage"},"image":{"@id":"https:\/\/d.r4.wbsprt.com\/janamozici.cz\/proc-je-dulezite-mit-spravne-nastavene-zalohy-na-energie-u-vasi-nemovitosti\/#primaryimage"},"thumbnailUrl":"https:\/\/d.r4.wbsprt.com\/janamozici.cz\/wp-content\/uploads\/2023\/10\/3102.jpg","datePublished":"2023-10-28T15:28:00+00:00","dateModified":"2026-06-17T15:29:42+00:00","breadcrumb":{"@id":"https:\/\/d.r4.wbsprt.com\/janamozici.cz\/proc-je-dulezite-mit-spravne-nastavene-zalohy-na-energie-u-vasi-nemovitosti\/#breadcrumb"},"inLanguage":"cs","potentialAction":[{"@type":"ReadAction","target":["https:\/\/d.r4.wbsprt.com\/janamozici.cz\/proc-je-dulezite-mit-spravne-nastavene-zalohy-na-energie-u-vasi-nemovitosti\/"]}]},{"@type":"ImageObject","inLanguage":"cs","@id":"https:\/\/d.r4.wbsprt.com\/janamozici.cz\/proc-je-dulezite-mit-spravne-nastavene-zalohy-na-energie-u-vasi-nemovitosti\/#primaryimage","url":"https:\/\/d.r4.wbsprt.com\/janamozici.cz\/wp-content\/uploads\/2023\/10\/3102.jpg","contentUrl":"https:\/\/d.r4.wbsprt.com\/janamozici.cz\/wp-content\/uploads\/2023\/10\/3102.jpg","width":995,"height":795},{"@type":"BreadcrumbList","@id":"https:\/\/d.r4.wbsprt.com\/janamozici.cz\/proc-je-dulezite-mit-spravne-nastavene-zalohy-na-energie-u-vasi-nemovitosti\/#breadcrumb","itemListElement":[{"@type":"ListItem","position":1,"name":"Dom\u016f","item":"https:\/\/janamozici.cz\/"},{"@type":"ListItem","position":2,"name":"Pro\u010d je d\u016fle\u017eit\u00e9 m\u00edt spr\u00e1vn\u011b nastaven\u00e9 z\u00e1lohy na energie u va\u0161\u00ed nemovitosti?"}]},{"@type":"WebSite","@id":"https:\/\/janamozici.cz\/#website","url":"https:\/\/janamozici.cz\/","name":"Jana Mozici - Realitni makl\u00e9\u0159ka","description":"Realitn\u00ed makl\u00e9\u0159ka pro Chomutovsk\u00fd kraj","publisher":{"@id":"https:\/\/janamozici.cz\/#organization"},"potentialAction":[{"@type":"SearchAction","target":{"@type":"EntryPoint","urlTemplate":"https:\/\/janamozici.cz\/?s={search_term_string}"},"query-input":{"@type":"PropertyValueSpecification","valueRequired":true,"valueName":"search_term_string"}}],"inLanguage":"cs"},{"@type":"Organization","@id":"https:\/\/janamozici.cz\/#organization","name":"Jana Mozici - Realitni makl\u00e9\u0159ka","url":"https:\/\/janamozici.cz\/","logo":{"@type":"ImageObject","inLanguage":"cs","@id":"https:\/\/janamozici.cz\/#\/schema\/logo\/image\/","url":"https:\/\/d.r4.wbsprt.com\/janamozici.cz\/wp-content\/uploads\/2026\/07\/cropped-favicon.png","contentUrl":"https:\/\/d.r4.wbsprt.com\/janamozici.cz\/wp-content\/uploads\/2026\/07\/cropped-favicon.png","width":300,"height":300,"caption":"Jana Mozici - Realitni makl\u00e9\u0159ka"},"image":{"@id":"https:\/\/janamozici.cz\/#\/schema\/logo\/image\/"}},{"@type":"Person","@id":"https:\/\/janamozici.cz\/#\/schema\/person\/a0c8271995d3088e738ca636e0ae15e8","name":"pavelignacek","image":{"@type":"ImageObject","inLanguage":"cs","@id":"https:\/\/secure.gravatar.com\/avatar\/f1277ae3877a04db460fe45d0c550807b61b14883332acd3d3665c45a540a0c7?s=96&d=mm&r=g","url":"https:\/\/secure.gravatar.com\/avatar\/f1277ae3877a04db460fe45d0c550807b61b14883332acd3d3665c45a540a0c7?s=96&d=mm&r=g","contentUrl":"https:\/\/secure.gravatar.com\/avatar\/f1277ae3877a04db460fe45d0c550807b61b14883332acd3d3665c45a540a0c7?s=96&d=mm&r=g","caption":"pavelignacek"},"sameAs":["https:\/\/janamozici.cz"],"url":"https:\/\/d.r4.wbsprt.com\/janamozici.cz\/author\/pavelignacek\/"}]}},"_links":{"self":[{"href":"https:\/\/d.r4.wbsprt.com\/janamozici.cz\/wp-json\/wp\/v2\/posts\/968","targetHints":{"allow":["GET"]}}],"collection":[{"href":"https:\/\/d.r4.wbsprt.com\/janamozici.cz\/wp-json\/wp\/v2\/posts"}],"about":[{"href":"https:\/\/d.r4.wbsprt.com\/janamozici.cz\/wp-json\/wp\/v2\/types\/post"}],"author":[{"embeddable":true,"href":"https:\/\/d.r4.wbsprt.com\/janamozici.cz\/wp-json\/wp\/v2\/users\/1"}],"replies":[{"embeddable":true,"href":"https:\/\/d.r4.wbsprt.com\/janamozici.cz\/wp-json\/wp\/v2\/comments?post=968"}],"version-history":[{"count":1,"href":"https:\/\/d.r4.wbsprt.com\/janamozici.cz\/wp-json\/wp\/v2\/posts\/968\/revisions"}],"predecessor-version":[{"id":969,"href":"https:\/\/d.r4.wbsprt.com\/janamozici.cz\/wp-json\/wp\/v2\/posts\/968\/revisions\/969"}],"wp:featuredmedia":[{"embeddable":true,"href":"https:\/\/d.r4.wbsprt.com\/janamozici.cz\/wp-json\/wp\/v2\/media\/970"}],"wp:attachment":[{"href":"https:\/\/d.r4.wbsprt.com\/janamozici.cz\/wp-json\/wp\/v2\/media?parent=968"}],"wp:term":[{"taxonomy":"category","embeddable":true,"href":"https:\/\/d.r4.wbsprt.com\/janamozici.cz\/wp-json\/wp\/v2\/categories?post=968"},{"taxonomy":"post_tag","embeddable":true,"href":"https:\/\/d.r4.wbsprt.com\/janamozici.cz\/wp-json\/wp\/v2\/tags?post=968"}],"curies":[{"name":"wp","href":"https:\/\/api.w.org\/{rel}","templated":true}]}}