{"id":971,"date":"2023-11-30T17:30:00","date_gmt":"2023-11-30T16:30:00","guid":{"rendered":"https:\/\/d.r4.wbsprt.com\/janamozici.cz\/?p=971"},"modified":"2026-06-17T17:30:56","modified_gmt":"2026-06-17T15:30:56","slug":"chytra-domacnost-budoucnost-bydleni-je-zde","status":"publish","type":"post","link":"https:\/\/d.r4.wbsprt.com\/janamozici.cz\/chytra-domacnost-budoucnost-bydleni-je-zde\/","title":{"rendered":"Chytr\u00e1 dom\u00e1cnost: Budoucnost bydlen\u00ed je zde!"},"content":{"rendered":"\n<p class=\"wp-block-paragraph\">V dne\u0161n\u00edm sv\u011bt\u011b je technologie neodmyslitelnou sou\u010d\u00e1st\u00ed na\u0161ich \u017eivot\u016f, a to plat\u00ed i pro na\u0161e domovy. Chytr\u00e1 dom\u00e1cnost nen\u00ed u\u017e jen v\u011bc\u00ed budoucnosti, ale realitou, kter\u00e1 n\u00e1m p\u0159in\u00e1\u0161\u00ed nejen v\u011bt\u0161\u00ed pohodl\u00ed, ale i \u00faspory. V tomto \u010dl\u00e1nku se pod\u00edv\u00e1me na to, jak p\u0159esn\u011b chytr\u00e1 dom\u00e1cnost funguje, jak\u00e9 technologie a syst\u00e9my ji tvo\u0159\u00ed a jak mohou tyto inovace p\u0159isp\u011bt k efektivn\u011bj\u0161\u00edmu vyu\u017eit\u00ed energi\u00ed. Zjist\u00edme, jak m\u016f\u017eete sv\u016fj domov prom\u011bnit v inteligentn\u00ed prostor, kter\u00fd nejen reaguje na va\u0161e pot\u0159eby, ale tak\u00e9 pom\u00e1h\u00e1 chr\u00e1nit \u017eivotn\u00ed prost\u0159ed\u00ed a \u0161et\u0159it va\u0161e pen\u00edze.&nbsp;<\/p>\n\n\n\n<p class=\"wp-block-paragraph\"><strong>Z\u00e1klady chytr\u00e9 dom\u00e1cnosti<\/strong><\/p>\n\n\n\n<p class=\"wp-block-paragraph\">Chytr\u00e1 dom\u00e1cnost ji\u017e nen\u00ed pouhou futuristickou viz\u00ed, ale stala se sou\u010d\u00e1st\u00ed na\u0161eho ka\u017edodenn\u00edho \u017eivota. Ale co to vlastn\u011b znamen\u00e1 m\u00edt chytrou dom\u00e1cnost? Jednodu\u0161e \u0159e\u010deno, je to spojen\u00ed r\u016fzn\u00fdch dom\u00e1c\u00edch za\u0159\u00edzen\u00ed a syst\u00e9m\u016f do jedn\u00e9 s\u00edt\u011b, kter\u00e1 umo\u017e\u0148uje jejich vz\u00e1jemnou komunikaci a automatizaci. To zahrnuje v\u0161e od osv\u011btlen\u00ed, vyt\u00e1p\u011bn\u00ed, bezpe\u010dnostn\u00edch syst\u00e9m\u016f, a\u017e po chytr\u00e9 kuchy\u0148sk\u00e9 spot\u0159ebi\u010de.<\/p>\n\n\n\n<p class=\"wp-block-paragraph\">Za\u010d\u00edt s chytrou dom\u00e1cnost\u00ed m\u016f\u017ee b\u00fdt jednodu\u0161\u0161\u00ed, ne\u017e si mysl\u00edte. Prvn\u00edm krokem je rozhodnout se, co chcete od sv\u00e9 chytr\u00e9 dom\u00e1cnosti. Chcete automatizovat ka\u017edodenn\u00ed \u00fakoly, jako je nastaven\u00ed termostatu nebo ovl\u00e1d\u00e1n\u00ed osv\u011btlen\u00ed? Nebo hled\u00e1te zp\u016fsoby, jak zv\u00fd\u0161it bezpe\u010dnost sv\u00e9ho domova? Jakmile m\u00e1te jasn\u00fd c\u00edl, m\u016f\u017eete vybrat za\u0159\u00edzen\u00ed, kter\u00e1 v\u00e1m pomohou tohoto c\u00edle dos\u00e1hnout.<\/p>\n\n\n\n<p class=\"wp-block-paragraph\">Dal\u0161\u00edm krokem je vybrat spr\u00e1vnou platformu. Na trhu je n\u011bkolik hlavn\u00edch syst\u00e9m\u016f pro chytrou dom\u00e1cnost, jako jsou nap\u0159\u00edklad Google Home, Amazon Alexa, nebo Apple HomeKit. Ka\u017ed\u00fd z nich m\u00e1 sv\u00e9 specifick\u00e9 vlastnosti a kompatibilitu s r\u016fzn\u00fdmi za\u0159\u00edzen\u00edmi. Vyberte platformu, kter\u00e1 nejl\u00e9pe vyhovuje va\u0161im pot\u0159eb\u00e1m a je kompatibiln\u00ed s va\u0161imi st\u00e1vaj\u00edc\u00edmi nebo pl\u00e1novan\u00fdmi za\u0159\u00edzen\u00edmi.<\/p>\n\n\n\n<p class=\"wp-block-paragraph\">Po v\u00fdb\u011bru platformy a za\u0159\u00edzen\u00ed p\u0159ich\u00e1z\u00ed instalace a nastaven\u00ed. V\u011bt\u0161ina chytr\u00fdch za\u0159\u00edzen\u00ed je navr\u017eena tak, aby byla co nejp\u0159\u00edstupn\u011bj\u0161\u00ed a snadno se instalovala. Mnoho z nich lze jednodu\u0161e p\u0159ipojit do b\u011b\u017en\u00e9 z\u00e1suvky a ovl\u00e1dat pomoc\u00ed aplikace na va\u0161em chytr\u00e9m telefonu.<\/p>\n\n\n\n<p class=\"wp-block-paragraph\"><strong>U\u0161et\u0159en\u00ed energi\u00ed a pen\u011bz d\u00edky technologi\u00edm<\/strong><\/p>\n\n\n\n<p class=\"wp-block-paragraph\">V dne\u0161n\u00ed dob\u011b, kdy se st\u00e1le v\u00edce zam\u011b\u0159ujeme na udr\u017eitelnost a efektivitu, hraj\u00ed chytr\u00e9 dom\u00e1cnosti kl\u00ed\u010dovou roli v na\u0161em \u00fasil\u00ed o \u0161etrn\u011bj\u0161\u00ed p\u0159\u00edstup k energii. Chytr\u00e1 technologie v\u00e1m umo\u017en\u00ed l\u00e9pe kontrolovat spot\u0159ebu energie ve va\u0161em domov\u011b, co\u017e vede k v\u00fdrazn\u00fdm \u00faspor\u00e1m n\u00e1klad\u016f a z\u00e1rove\u0148 p\u0159isp\u00edv\u00e1 k ochran\u011b \u017eivotn\u00edho prost\u0159ed\u00ed.<\/p>\n\n\n\n<p class=\"wp-block-paragraph\">Jedn\u00edm z hlavn\u00edch p\u0159\u00ednos\u016f chytr\u00e9 dom\u00e1cnosti je automatizovan\u00e9 \u0159\u00edzen\u00ed teploty. Chytr\u00e9 termostaty se u\u010d\u00ed va\u0161e preferovan\u00e9 nastaven\u00ed a p\u0159izp\u016fsobuj\u00ed se va\u0161im denn\u00edm rutin\u00e1m. M\u016f\u017eete je nastavit tak, aby sn\u00ed\u017eily teplotu, kdy\u017e nejste doma, a zase ji zv\u00fd\u0161ily t\u011bsn\u011b p\u0159ed va\u0161\u00edm p\u0159\u00edjezdem, \u010d\u00edm\u017e se sni\u017euje zbyte\u010dn\u00e1 spot\u0159eba energie.<\/p>\n\n\n\n<p class=\"wp-block-paragraph\">Dal\u0161\u00edm p\u0159\u00edkladem jsou chytr\u00e9 LED \u017e\u00e1rovky, kter\u00e9 nejen\u017ee spot\u0159ebov\u00e1vaj\u00ed m\u00e9n\u011b energie ne\u017e tradi\u010dn\u00ed \u017e\u00e1rovky, ale tak\u00e9 mohou b\u00fdt ovl\u00e1d\u00e1ny na d\u00e1lku. To znamen\u00e1, \u017ee m\u016f\u017eete vypnout sv\u011btla v jak\u00e9koli m\u00edstnosti va\u0161eho domova, i kdy\u017e jste ji\u017e v pr\u00e1ci nebo na dovolen\u00e9. N\u011bkter\u00e9 modely dokonce umo\u017e\u0148uj\u00ed nastaven\u00ed intenzity a barvy sv\u011btla, co\u017e p\u0159isp\u00edv\u00e1 k vytv\u00e1\u0159en\u00ed p\u0159\u00edjemn\u00e9 atmosf\u00e9ry a z\u00e1rove\u0148 \u0161et\u0159\u00ed energii.<\/p>\n\n\n\n<p class=\"wp-block-paragraph\">Krom\u011b chytr\u00fdch \u017e\u00e1rovek a termostat\u016f jsou zde tak\u00e9 chytr\u00e9 z\u00e1suvky, kter\u00e9 p\u0159in\u00e1\u0161ej\u00ed unik\u00e1tn\u00ed v\u00fdhodu: umo\u017e\u0148uj\u00ed prom\u011bnit i tradi\u010dn\u00ed &#8222;hloup\u00e9&#8220; spot\u0159ebi\u010de v chytr\u00e1 za\u0159\u00edzen\u00ed. P\u0159ipojen\u00edm nap\u0159\u00edklad lampy, ventil\u00e1toru nebo k\u00e1vovaru do chytr\u00e9 z\u00e1suvky z\u00edsk\u00e1vaj\u00ed tyto p\u0159edm\u011bty schopnost b\u00fdt ovl\u00e1d\u00e1ny na d\u00e1lku. M\u016f\u017eete nap\u0159\u00edklad zapnout k\u00e1vovar z postele nebo vypnout ventil\u00e1tor, kdy\u017e se spln\u00ed ur\u010dit\u00e1 podm\u00ednka, co\u017e p\u0159in\u00e1\u0161\u00ed novou \u00farove\u0148 pohodl\u00ed a efektivity. Tato inteligentn\u00ed \u0159e\u0161en\u00ed nejen\u017ee zvy\u0161uj\u00ed komfort va\u0161eho domova, ale tak\u00e9 pom\u00e1haj\u00ed v monitorov\u00e1n\u00ed a sni\u017eov\u00e1n\u00ed spot\u0159eby energie.<\/p>\n\n\n\n<p class=\"wp-block-paragraph\"><strong>Praktick\u00e9 p\u0159\u00edklady a tipy pro inteligentn\u00ed bydlen\u00ed<\/strong><\/p>\n\n\n\n<p class=\"wp-block-paragraph\">P\u0159em\u00fd\u0161l\u00edte, jak prakticky vyu\u017e\u00edt chytr\u00e9 technologie ve sv\u00e9 dom\u00e1cnosti? Nechte se inspirovat n\u011bkolika p\u0159\u00edklady, kter\u00e9 v\u00e1m uk\u00e1\u017eou, jak snadno m\u016f\u017eete za\u010dlenit inteligentn\u00ed prvky do va\u0161eho domova a zv\u00fd\u0161it tak jeho komfort a efektivitu.<\/p>\n\n\n\n<p class=\"wp-block-paragraph\">Za\u010dn\u011bme chytr\u00fdmi asistenty, jako jsou Amazon Alexa nebo Siri od Applu. D\u00edky t\u011bmto asistent\u016fm m\u016f\u017eete ovl\u00e1dat r\u016fzn\u00e9 aspekty va\u0161eho domova hlasem. M\u016f\u017eete nap\u0159\u00edklad po\u017e\u00e1dat o p\u0159ehr\u00e1n\u00ed hudby, nastaven\u00ed bud\u00edku, kontrolu po\u010das\u00ed nebo dokonce ovl\u00e1d\u00e1n\u00ed chytr\u00fdch \u017e\u00e1rovek a termostat\u016f. Integrace s chytr\u00fdmi asistenty v\u00e1m umo\u017en\u00ed vytvo\u0159it opravdu interaktivn\u00ed prost\u0159ed\u00ed.<\/p>\n\n\n\n<p class=\"wp-block-paragraph\">Dal\u0161\u00edm skv\u011bl\u00fdm p\u0159\u00edkladem jsou bezpe\u010dnostn\u00ed kamery a chytr\u00e9 z\u00e1mky. Tato za\u0159\u00edzen\u00ed v\u00e1m poskytnou klid na du\u0161i, a\u0165 jste kdekoli. S chytr\u00fdmi kamerami m\u016f\u017eete sledovat sv\u016fj domov na d\u00e1lku a chytr\u00e9 z\u00e1mky umo\u017e\u0148uj\u00ed d\u00e1lkov\u00e9 odemyk\u00e1n\u00ed a zamyk\u00e1n\u00ed dve\u0159\u00ed, co\u017e je ide\u00e1ln\u00ed pro situace, kdy pot\u0159ebujete vpustit do domu rodinn\u00e9 p\u0159\u00edslu\u0161n\u00edky nebo p\u0159\u00e1tele, kdy\u017e nejste doma.<\/p>\n\n\n\n<p class=\"wp-block-paragraph\">Nezapome\u0148te tak\u00e9 na chytr\u00e9 senzory. Ty mohou detekovat pohyb, sv\u011btlo, vlhkost nebo dokonce kvalitu vzduchu v dom\u011b. Senzory pohybu jsou skv\u011bl\u00e9 pro automatizaci osv\u011btlen\u00ed nebo bezpe\u010dnostn\u00edho syst\u00e9mu. Nap\u0159\u00edklad sv\u011btla se mohou automaticky zapnout, kdy\u017e vstoup\u00edte do m\u00edstnosti, a zase vypnout, kdy\u017e z n\u00ed odejdete.<\/p>\n\n\n\n<p class=\"wp-block-paragraph\">A co takhle chytr\u00e9 zavla\u017eovac\u00ed syst\u00e9my pro va\u0161i zahradu? Tyto syst\u00e9my mohou automaticky zavla\u017eovat va\u0161i zahradu podle nastaven\u00e9ho harmonogramu nebo dokonce na z\u00e1klad\u011b aktu\u00e1ln\u00edho po\u010das\u00ed, co\u017e znamen\u00e1 \u00fasporu vody a z\u00e1rove\u0148 zdrav\u00e9 a kr\u00e1sn\u00e9 rostliny.<\/p>\n\n\n\n<p class=\"wp-block-paragraph\">Ka\u017ed\u00fd z t\u011bchto p\u0159\u00edklad\u016f p\u0159edstavuje zp\u016fsob, jak m\u016f\u017eete vyu\u017e\u00edt chytr\u00e9 technologie k vytvo\u0159en\u00ed efektivn\u011bj\u0161\u00edho, bezpe\u010dn\u011bj\u0161\u00edho a pohodln\u011bj\u0161\u00edho domova. Mo\u017enosti jsou t\u00e9m\u011b\u0159 nekone\u010dn\u00e9 a ka\u017ed\u00fd si m\u016f\u017ee vybrat to, co mu nejl\u00e9pe vyhovuje jeho pot\u0159eb\u00e1m a stylu \u017eivota.<\/p>\n","protected":false},"excerpt":{"rendered":"<p>V dne\u0161n\u00edm sv\u011bt\u011b je technologie neodmyslitelnou sou\u010d\u00e1st\u00ed na\u0161ich \u017eivot\u016f, a to plat\u00ed i pro na\u0161e domovy. Chytr\u00e1 dom\u00e1cnost nen\u00ed u\u017e jen v\u011bc\u00ed budoucnosti, ale realitou, kter\u00e1 n\u00e1m p\u0159in\u00e1\u0161\u00ed nejen v\u011bt\u0161\u00ed pohodl\u00ed, ale i \u00faspory. V tomto \u010dl\u00e1nku se pod\u00edv\u00e1me na to, jak p\u0159esn\u011b chytr\u00e1 dom\u00e1cnost funguje, jak\u00e9 technologie a syst\u00e9my ji tvo\u0159\u00ed a jak mohou [&hellip;]<\/p>\n","protected":false},"author":1,"featured_media":972,"comment_status":"closed","ping_status":"closed","sticky":false,"template":"","format":"standard","meta":{"_acf_changed":false,"pgc_sgb_lightbox_settings":"","footnotes":""},"categories":[13],"tags":[],"class_list":["post-971","post","type-post","status-publish","format-standard","has-post-thumbnail","hentry","category-clanky"],"acf":[],"yoast_head":"<!-- This site is optimized with the Yoast SEO plugin v28.2 - https:\/\/yoast.com\/product\/yoast-seo-wordpress\/ -->\n<title>Chytr\u00e1 dom\u00e1cnost: Budoucnost bydlen\u00ed je zde! - Jana Mozici - Realitni makl\u00e9\u0159ka<\/title>\n<meta name=\"robots\" content=\"index, follow, max-snippet:-1, max-image-preview:large, max-video-preview:-1\" \/>\n<link rel=\"canonical\" href=\"https:\/\/d.r4.wbsprt.com\/janamozici.cz\/chytra-domacnost-budoucnost-bydleni-je-zde\/\" \/>\n<meta property=\"og:locale\" content=\"cs_CZ\" \/>\n<meta property=\"og:type\" content=\"article\" \/>\n<meta property=\"og:title\" content=\"Chytr\u00e1 dom\u00e1cnost: Budoucnost bydlen\u00ed je zde! - Jana Mozici - Realitni makl\u00e9\u0159ka\" \/>\n<meta property=\"og:description\" content=\"V dne\u0161n\u00edm sv\u011bt\u011b je technologie neodmyslitelnou sou\u010d\u00e1st\u00ed na\u0161ich \u017eivot\u016f, a to plat\u00ed i pro na\u0161e domovy. Chytr\u00e1 dom\u00e1cnost nen\u00ed u\u017e jen v\u011bc\u00ed budoucnosti, ale realitou, kter\u00e1 n\u00e1m p\u0159in\u00e1\u0161\u00ed nejen v\u011bt\u0161\u00ed pohodl\u00ed, ale i \u00faspory. V tomto \u010dl\u00e1nku se pod\u00edv\u00e1me na to, jak p\u0159esn\u011b chytr\u00e1 dom\u00e1cnost funguje, jak\u00e9 technologie a syst\u00e9my ji tvo\u0159\u00ed a jak mohou [&hellip;]\" \/>\n<meta property=\"og:url\" content=\"https:\/\/d.r4.wbsprt.com\/janamozici.cz\/chytra-domacnost-budoucnost-bydleni-je-zde\/\" \/>\n<meta property=\"og:site_name\" content=\"Jana Mozici - Realitni makl\u00e9\u0159ka\" \/>\n<meta property=\"article:published_time\" content=\"2023-11-30T16:30:00+00:00\" \/>\n<meta property=\"article:modified_time\" content=\"2026-06-17T15:30:56+00:00\" \/>\n<meta property=\"og:image\" content=\"https:\/\/d.r4.wbsprt.com\/janamozici.cz\/wp-content\/uploads\/2026\/06\/3190.jpg\" \/>\n\t<meta property=\"og:image:width\" content=\"995\" \/>\n\t<meta property=\"og:image:height\" content=\"795\" \/>\n\t<meta property=\"og:image:type\" content=\"image\/jpeg\" \/>\n<meta name=\"author\" content=\"pavelignacek\" \/>\n<meta name=\"twitter:card\" content=\"summary_large_image\" \/>\n<meta name=\"twitter:label1\" content=\"Napsal(a)\" \/>\n\t<meta name=\"twitter:data1\" content=\"pavelignacek\" \/>\n\t<meta name=\"twitter:label2\" content=\"Odhadovan\u00e1 doba \u010dten\u00ed\" \/>\n\t<meta name=\"twitter:data2\" content=\"6 minut\" \/>\n<script type=\"application\/ld+json\" class=\"yoast-schema-graph\">{\"@context\":\"https:\\\/\\\/schema.org\",\"@graph\":[{\"@type\":\"Article\",\"@id\":\"https:\\\/\\\/d.r4.wbsprt.com\\\/janamozici.cz\\\/chytra-domacnost-budoucnost-bydleni-je-zde\\\/#article\",\"isPartOf\":{\"@id\":\"https:\\\/\\\/d.r4.wbsprt.com\\\/janamozici.cz\\\/chytra-domacnost-budoucnost-bydleni-je-zde\\\/\"},\"author\":{\"name\":\"pavelignacek\",\"@id\":\"https:\\\/\\\/janamozici.cz\\\/#\\\/schema\\\/person\\\/a0c8271995d3088e738ca636e0ae15e8\"},\"headline\":\"Chytr\u00e1 dom\u00e1cnost: Budoucnost bydlen\u00ed je zde!\",\"datePublished\":\"2023-11-30T16:30:00+00:00\",\"dateModified\":\"2026-06-17T15:30:56+00:00\",\"mainEntityOfPage\":{\"@id\":\"https:\\\/\\\/d.r4.wbsprt.com\\\/janamozici.cz\\\/chytra-domacnost-budoucnost-bydleni-je-zde\\\/\"},\"wordCount\":1154,\"publisher\":{\"@id\":\"https:\\\/\\\/janamozici.cz\\\/#organization\"},\"image\":{\"@id\":\"https:\\\/\\\/d.r4.wbsprt.com\\\/janamozici.cz\\\/chytra-domacnost-budoucnost-bydleni-je-zde\\\/#primaryimage\"},\"thumbnailUrl\":\"https:\\\/\\\/d.r4.wbsprt.com\\\/janamozici.cz\\\/wp-content\\\/uploads\\\/2026\\\/06\\\/3190.jpg\",\"articleSection\":[\"\u010cL\u00c1NKY\"],\"inLanguage\":\"cs\"},{\"@type\":\"WebPage\",\"@id\":\"https:\\\/\\\/d.r4.wbsprt.com\\\/janamozici.cz\\\/chytra-domacnost-budoucnost-bydleni-je-zde\\\/\",\"url\":\"https:\\\/\\\/d.r4.wbsprt.com\\\/janamozici.cz\\\/chytra-domacnost-budoucnost-bydleni-je-zde\\\/\",\"name\":\"Chytr\u00e1 dom\u00e1cnost: Budoucnost bydlen\u00ed je zde! - Jana Mozici - Realitni makl\u00e9\u0159ka\",\"isPartOf\":{\"@id\":\"https:\\\/\\\/janamozici.cz\\\/#website\"},\"primaryImageOfPage\":{\"@id\":\"https:\\\/\\\/d.r4.wbsprt.com\\\/janamozici.cz\\\/chytra-domacnost-budoucnost-bydleni-je-zde\\\/#primaryimage\"},\"image\":{\"@id\":\"https:\\\/\\\/d.r4.wbsprt.com\\\/janamozici.cz\\\/chytra-domacnost-budoucnost-bydleni-je-zde\\\/#primaryimage\"},\"thumbnailUrl\":\"https:\\\/\\\/d.r4.wbsprt.com\\\/janamozici.cz\\\/wp-content\\\/uploads\\\/2026\\\/06\\\/3190.jpg\",\"datePublished\":\"2023-11-30T16:30:00+00:00\",\"dateModified\":\"2026-06-17T15:30:56+00:00\",\"breadcrumb\":{\"@id\":\"https:\\\/\\\/d.r4.wbsprt.com\\\/janamozici.cz\\\/chytra-domacnost-budoucnost-bydleni-je-zde\\\/#breadcrumb\"},\"inLanguage\":\"cs\",\"potentialAction\":[{\"@type\":\"ReadAction\",\"target\":[\"https:\\\/\\\/d.r4.wbsprt.com\\\/janamozici.cz\\\/chytra-domacnost-budoucnost-bydleni-je-zde\\\/\"]}]},{\"@type\":\"ImageObject\",\"inLanguage\":\"cs\",\"@id\":\"https:\\\/\\\/d.r4.wbsprt.com\\\/janamozici.cz\\\/chytra-domacnost-budoucnost-bydleni-je-zde\\\/#primaryimage\",\"url\":\"https:\\\/\\\/d.r4.wbsprt.com\\\/janamozici.cz\\\/wp-content\\\/uploads\\\/2026\\\/06\\\/3190.jpg\",\"contentUrl\":\"https:\\\/\\\/d.r4.wbsprt.com\\\/janamozici.cz\\\/wp-content\\\/uploads\\\/2026\\\/06\\\/3190.jpg\",\"width\":995,\"height\":795},{\"@type\":\"BreadcrumbList\",\"@id\":\"https:\\\/\\\/d.r4.wbsprt.com\\\/janamozici.cz\\\/chytra-domacnost-budoucnost-bydleni-je-zde\\\/#breadcrumb\",\"itemListElement\":[{\"@type\":\"ListItem\",\"position\":1,\"name\":\"Dom\u016f\",\"item\":\"https:\\\/\\\/janamozici.cz\\\/\"},{\"@type\":\"ListItem\",\"position\":2,\"name\":\"Chytr\u00e1 dom\u00e1cnost: Budoucnost bydlen\u00ed je zde!\"}]},{\"@type\":\"WebSite\",\"@id\":\"https:\\\/\\\/janamozici.cz\\\/#website\",\"url\":\"https:\\\/\\\/janamozici.cz\\\/\",\"name\":\"Jana Mozici - Realitni makl\u00e9\u0159ka\",\"description\":\"Realitn\u00ed makl\u00e9\u0159ka pro Chomutovsk\u00fd kraj\",\"publisher\":{\"@id\":\"https:\\\/\\\/janamozici.cz\\\/#organization\"},\"potentialAction\":[{\"@type\":\"SearchAction\",\"target\":{\"@type\":\"EntryPoint\",\"urlTemplate\":\"https:\\\/\\\/janamozici.cz\\\/?s={search_term_string}\"},\"query-input\":{\"@type\":\"PropertyValueSpecification\",\"valueRequired\":true,\"valueName\":\"search_term_string\"}}],\"inLanguage\":\"cs\"},{\"@type\":\"Organization\",\"@id\":\"https:\\\/\\\/janamozici.cz\\\/#organization\",\"name\":\"Jana Mozici - Realitni makl\u00e9\u0159ka\",\"url\":\"https:\\\/\\\/janamozici.cz\\\/\",\"logo\":{\"@type\":\"ImageObject\",\"inLanguage\":\"cs\",\"@id\":\"https:\\\/\\\/janamozici.cz\\\/#\\\/schema\\\/logo\\\/image\\\/\",\"url\":\"https:\\\/\\\/d.r4.wbsprt.com\\\/janamozici.cz\\\/wp-content\\\/uploads\\\/2026\\\/07\\\/cropped-favicon.png\",\"contentUrl\":\"https:\\\/\\\/d.r4.wbsprt.com\\\/janamozici.cz\\\/wp-content\\\/uploads\\\/2026\\\/07\\\/cropped-favicon.png\",\"width\":300,\"height\":300,\"caption\":\"Jana Mozici - Realitni makl\u00e9\u0159ka\"},\"image\":{\"@id\":\"https:\\\/\\\/janamozici.cz\\\/#\\\/schema\\\/logo\\\/image\\\/\"}},{\"@type\":\"Person\",\"@id\":\"https:\\\/\\\/janamozici.cz\\\/#\\\/schema\\\/person\\\/a0c8271995d3088e738ca636e0ae15e8\",\"name\":\"pavelignacek\",\"image\":{\"@type\":\"ImageObject\",\"inLanguage\":\"cs\",\"@id\":\"https:\\\/\\\/secure.gravatar.com\\\/avatar\\\/f1277ae3877a04db460fe45d0c550807b61b14883332acd3d3665c45a540a0c7?s=96&d=mm&r=g\",\"url\":\"https:\\\/\\\/secure.gravatar.com\\\/avatar\\\/f1277ae3877a04db460fe45d0c550807b61b14883332acd3d3665c45a540a0c7?s=96&d=mm&r=g\",\"contentUrl\":\"https:\\\/\\\/secure.gravatar.com\\\/avatar\\\/f1277ae3877a04db460fe45d0c550807b61b14883332acd3d3665c45a540a0c7?s=96&d=mm&r=g\",\"caption\":\"pavelignacek\"},\"sameAs\":[\"https:\\\/\\\/janamozici.cz\"],\"url\":\"https:\\\/\\\/d.r4.wbsprt.com\\\/janamozici.cz\\\/author\\\/pavelignacek\\\/\"}]}<\/script>\n<!-- \/ Yoast SEO plugin. -->","yoast_head_json":{"title":"Chytr\u00e1 dom\u00e1cnost: Budoucnost bydlen\u00ed je zde! - Jana Mozici - Realitni makl\u00e9\u0159ka","robots":{"index":"index","follow":"follow","max-snippet":"max-snippet:-1","max-image-preview":"max-image-preview:large","max-video-preview":"max-video-preview:-1"},"canonical":"https:\/\/d.r4.wbsprt.com\/janamozici.cz\/chytra-domacnost-budoucnost-bydleni-je-zde\/","og_locale":"cs_CZ","og_type":"article","og_title":"Chytr\u00e1 dom\u00e1cnost: Budoucnost bydlen\u00ed je zde! - Jana Mozici - Realitni makl\u00e9\u0159ka","og_description":"V dne\u0161n\u00edm sv\u011bt\u011b je technologie neodmyslitelnou sou\u010d\u00e1st\u00ed na\u0161ich \u017eivot\u016f, a to plat\u00ed i pro na\u0161e domovy. Chytr\u00e1 dom\u00e1cnost nen\u00ed u\u017e jen v\u011bc\u00ed budoucnosti, ale realitou, kter\u00e1 n\u00e1m p\u0159in\u00e1\u0161\u00ed nejen v\u011bt\u0161\u00ed pohodl\u00ed, ale i \u00faspory. V tomto \u010dl\u00e1nku se pod\u00edv\u00e1me na to, jak p\u0159esn\u011b chytr\u00e1 dom\u00e1cnost funguje, jak\u00e9 technologie a syst\u00e9my ji tvo\u0159\u00ed a jak mohou [&hellip;]","og_url":"https:\/\/d.r4.wbsprt.com\/janamozici.cz\/chytra-domacnost-budoucnost-bydleni-je-zde\/","og_site_name":"Jana Mozici - Realitni makl\u00e9\u0159ka","article_published_time":"2023-11-30T16:30:00+00:00","article_modified_time":"2026-06-17T15:30:56+00:00","og_image":[{"width":995,"height":795,"url":"https:\/\/d.r4.wbsprt.com\/janamozici.cz\/wp-content\/uploads\/2026\/06\/3190.jpg","type":"image\/jpeg"}],"author":"pavelignacek","twitter_card":"summary_large_image","twitter_misc":{"Napsal(a)":"pavelignacek","Odhadovan\u00e1 doba \u010dten\u00ed":"6 minut"},"schema":{"@context":"https:\/\/schema.org","@graph":[{"@type":"Article","@id":"https:\/\/d.r4.wbsprt.com\/janamozici.cz\/chytra-domacnost-budoucnost-bydleni-je-zde\/#article","isPartOf":{"@id":"https:\/\/d.r4.wbsprt.com\/janamozici.cz\/chytra-domacnost-budoucnost-bydleni-je-zde\/"},"author":{"name":"pavelignacek","@id":"https:\/\/janamozici.cz\/#\/schema\/person\/a0c8271995d3088e738ca636e0ae15e8"},"headline":"Chytr\u00e1 dom\u00e1cnost: Budoucnost bydlen\u00ed je zde!","datePublished":"2023-11-30T16:30:00+00:00","dateModified":"2026-06-17T15:30:56+00:00","mainEntityOfPage":{"@id":"https:\/\/d.r4.wbsprt.com\/janamozici.cz\/chytra-domacnost-budoucnost-bydleni-je-zde\/"},"wordCount":1154,"publisher":{"@id":"https:\/\/janamozici.cz\/#organization"},"image":{"@id":"https:\/\/d.r4.wbsprt.com\/janamozici.cz\/chytra-domacnost-budoucnost-bydleni-je-zde\/#primaryimage"},"thumbnailUrl":"https:\/\/d.r4.wbsprt.com\/janamozici.cz\/wp-content\/uploads\/2026\/06\/3190.jpg","articleSection":["\u010cL\u00c1NKY"],"inLanguage":"cs"},{"@type":"WebPage","@id":"https:\/\/d.r4.wbsprt.com\/janamozici.cz\/chytra-domacnost-budoucnost-bydleni-je-zde\/","url":"https:\/\/d.r4.wbsprt.com\/janamozici.cz\/chytra-domacnost-budoucnost-bydleni-je-zde\/","name":"Chytr\u00e1 dom\u00e1cnost: Budoucnost bydlen\u00ed je zde! - Jana Mozici - Realitni makl\u00e9\u0159ka","isPartOf":{"@id":"https:\/\/janamozici.cz\/#website"},"primaryImageOfPage":{"@id":"https:\/\/d.r4.wbsprt.com\/janamozici.cz\/chytra-domacnost-budoucnost-bydleni-je-zde\/#primaryimage"},"image":{"@id":"https:\/\/d.r4.wbsprt.com\/janamozici.cz\/chytra-domacnost-budoucnost-bydleni-je-zde\/#primaryimage"},"thumbnailUrl":"https:\/\/d.r4.wbsprt.com\/janamozici.cz\/wp-content\/uploads\/2026\/06\/3190.jpg","datePublished":"2023-11-30T16:30:00+00:00","dateModified":"2026-06-17T15:30:56+00:00","breadcrumb":{"@id":"https:\/\/d.r4.wbsprt.com\/janamozici.cz\/chytra-domacnost-budoucnost-bydleni-je-zde\/#breadcrumb"},"inLanguage":"cs","potentialAction":[{"@type":"ReadAction","target":["https:\/\/d.r4.wbsprt.com\/janamozici.cz\/chytra-domacnost-budoucnost-bydleni-je-zde\/"]}]},{"@type":"ImageObject","inLanguage":"cs","@id":"https:\/\/d.r4.wbsprt.com\/janamozici.cz\/chytra-domacnost-budoucnost-bydleni-je-zde\/#primaryimage","url":"https:\/\/d.r4.wbsprt.com\/janamozici.cz\/wp-content\/uploads\/2026\/06\/3190.jpg","contentUrl":"https:\/\/d.r4.wbsprt.com\/janamozici.cz\/wp-content\/uploads\/2026\/06\/3190.jpg","width":995,"height":795},{"@type":"BreadcrumbList","@id":"https:\/\/d.r4.wbsprt.com\/janamozici.cz\/chytra-domacnost-budoucnost-bydleni-je-zde\/#breadcrumb","itemListElement":[{"@type":"ListItem","position":1,"name":"Dom\u016f","item":"https:\/\/janamozici.cz\/"},{"@type":"ListItem","position":2,"name":"Chytr\u00e1 dom\u00e1cnost: Budoucnost bydlen\u00ed je zde!"}]},{"@type":"WebSite","@id":"https:\/\/janamozici.cz\/#website","url":"https:\/\/janamozici.cz\/","name":"Jana Mozici - Realitni makl\u00e9\u0159ka","description":"Realitn\u00ed makl\u00e9\u0159ka pro Chomutovsk\u00fd kraj","publisher":{"@id":"https:\/\/janamozici.cz\/#organization"},"potentialAction":[{"@type":"SearchAction","target":{"@type":"EntryPoint","urlTemplate":"https:\/\/janamozici.cz\/?s={search_term_string}"},"query-input":{"@type":"PropertyValueSpecification","valueRequired":true,"valueName":"search_term_string"}}],"inLanguage":"cs"},{"@type":"Organization","@id":"https:\/\/janamozici.cz\/#organization","name":"Jana Mozici - Realitni makl\u00e9\u0159ka","url":"https:\/\/janamozici.cz\/","logo":{"@type":"ImageObject","inLanguage":"cs","@id":"https:\/\/janamozici.cz\/#\/schema\/logo\/image\/","url":"https:\/\/d.r4.wbsprt.com\/janamozici.cz\/wp-content\/uploads\/2026\/07\/cropped-favicon.png","contentUrl":"https:\/\/d.r4.wbsprt.com\/janamozici.cz\/wp-content\/uploads\/2026\/07\/cropped-favicon.png","width":300,"height":300,"caption":"Jana Mozici - Realitni makl\u00e9\u0159ka"},"image":{"@id":"https:\/\/janamozici.cz\/#\/schema\/logo\/image\/"}},{"@type":"Person","@id":"https:\/\/janamozici.cz\/#\/schema\/person\/a0c8271995d3088e738ca636e0ae15e8","name":"pavelignacek","image":{"@type":"ImageObject","inLanguage":"cs","@id":"https:\/\/secure.gravatar.com\/avatar\/f1277ae3877a04db460fe45d0c550807b61b14883332acd3d3665c45a540a0c7?s=96&d=mm&r=g","url":"https:\/\/secure.gravatar.com\/avatar\/f1277ae3877a04db460fe45d0c550807b61b14883332acd3d3665c45a540a0c7?s=96&d=mm&r=g","contentUrl":"https:\/\/secure.gravatar.com\/avatar\/f1277ae3877a04db460fe45d0c550807b61b14883332acd3d3665c45a540a0c7?s=96&d=mm&r=g","caption":"pavelignacek"},"sameAs":["https:\/\/janamozici.cz"],"url":"https:\/\/d.r4.wbsprt.com\/janamozici.cz\/author\/pavelignacek\/"}]}},"_links":{"self":[{"href":"https:\/\/d.r4.wbsprt.com\/janamozici.cz\/wp-json\/wp\/v2\/posts\/971","targetHints":{"allow":["GET"]}}],"collection":[{"href":"https:\/\/d.r4.wbsprt.com\/janamozici.cz\/wp-json\/wp\/v2\/posts"}],"about":[{"href":"https:\/\/d.r4.wbsprt.com\/janamozici.cz\/wp-json\/wp\/v2\/types\/post"}],"author":[{"embeddable":true,"href":"https:\/\/d.r4.wbsprt.com\/janamozici.cz\/wp-json\/wp\/v2\/users\/1"}],"replies":[{"embeddable":true,"href":"https:\/\/d.r4.wbsprt.com\/janamozici.cz\/wp-json\/wp\/v2\/comments?post=971"}],"version-history":[{"count":1,"href":"https:\/\/d.r4.wbsprt.com\/janamozici.cz\/wp-json\/wp\/v2\/posts\/971\/revisions"}],"predecessor-version":[{"id":973,"href":"https:\/\/d.r4.wbsprt.com\/janamozici.cz\/wp-json\/wp\/v2\/posts\/971\/revisions\/973"}],"wp:featuredmedia":[{"embeddable":true,"href":"https:\/\/d.r4.wbsprt.com\/janamozici.cz\/wp-json\/wp\/v2\/media\/972"}],"wp:attachment":[{"href":"https:\/\/d.r4.wbsprt.com\/janamozici.cz\/wp-json\/wp\/v2\/media?parent=971"}],"wp:term":[{"taxonomy":"category","embeddable":true,"href":"https:\/\/d.r4.wbsprt.com\/janamozici.cz\/wp-json\/wp\/v2\/categories?post=971"},{"taxonomy":"post_tag","embeddable":true,"href":"https:\/\/d.r4.wbsprt.com\/janamozici.cz\/wp-json\/wp\/v2\/tags?post=971"}],"curies":[{"name":"wp","href":"https:\/\/api.w.org\/{rel}","templated":true}]}}