{"id":980,"date":"2024-02-28T17:33:00","date_gmt":"2024-02-28T16:33:00","guid":{"rendered":"https:\/\/d.r4.wbsprt.com\/janamozici.cz\/?p=980"},"modified":"2026-06-17T17:34:28","modified_gmt":"2026-06-17T15:34:28","slug":"prava-a-povinnosti-co-muzete-a-nemuzete-pozadovat-v-najemni-smlouve","status":"publish","type":"post","link":"https:\/\/d.r4.wbsprt.com\/janamozici.cz\/prava-a-povinnosti-co-muzete-a-nemuzete-pozadovat-v-najemni-smlouve\/","title":{"rendered":"Pr\u00e1va a povinnosti: Co m\u016f\u017eete a nem\u016f\u017eete po\u017eadovat v n\u00e1jemn\u00ed smlouv\u011b"},"content":{"rendered":"\n<p class=\"wp-block-paragraph\">Ve&nbsp;sv\u011bt\u011b pron\u00e1jm\u016f je kl\u00ed\u010dov\u00e9 v\u011bd\u011bt, co sm\u00ed a&nbsp;nesm\u00ed b\u00fdt obsa\u017eeno v&nbsp;n\u00e1jemn\u00ed smlouv\u011b. Tento \u010dl\u00e1nek pro&nbsp;pronaj\u00edmatele odhaluje, jak vypracovat smlouvu, kter\u00e1 je spravedliv\u00e1, leg\u00e1ln\u00ed a&nbsp;chr\u00e1n\u00ed pr\u00e1va obou stran. Odhal\u00edme, kter\u00e9 po\u017eadavky jsou p\u0159ijateln\u00e9 a&nbsp;kter\u00e9 p\u0159ekra\u010duj\u00ed hranice z\u00e1kona \u010di etiky. Se&nbsp;spr\u00e1vn\u00fdmi informacemi a&nbsp;tipy se&nbsp;vyvarujete b\u011b\u017en\u00fdch chyb a&nbsp;zajist\u00edte, \u017ee va\u0161e n\u00e1jemn\u00ed vztahy budou bezprobl\u00e9mov\u00e9 a&nbsp;vz\u00e1jemn\u011b v\u00fdhodn\u00e9.<\/p>\n\n\n\n<p class=\"wp-block-paragraph\"><strong>Z\u00e1kladn\u00ed pr\u00e1va a&nbsp;povinnosti v&nbsp;n\u00e1jemn\u00edch smlouv\u00e1ch<\/strong><\/p>\n\n\n\n<p class=\"wp-block-paragraph\">P\u0159i sestavov\u00e1n\u00ed n\u00e1jemn\u00ed smlouvy je z\u00e1sadn\u00ed zajistit, aby smlouva byla jasn\u00e1, f\u00e9rov\u00e1 a&nbsp;v&nbsp;souladu se&nbsp;z\u00e1kony. Smlouva by m\u011bla obsahovat z\u00e1kladn\u00ed \u00fadaje: identifikaci stran, popis nemovitosti, v\u00fd\u0161i a&nbsp;zp\u016fsob platby n\u00e1jemn\u00e9ho a&nbsp;dobu trv\u00e1n\u00ed n\u00e1jmu. Je kl\u00ed\u010dov\u00e9 specifikovat, co je v&nbsp;objektu povoleno a&nbsp;co nikoliv.<\/p>\n\n\n\n<p class=\"wp-block-paragraph\">Je nezbytn\u00e9, aby smlouva neobsahovala \u017e\u00e1dn\u00e9 nez\u00e1konn\u00e9 po\u017eadavky \u010di nep\u0159im\u011b\u0159en\u00e1 omezen\u00ed, kter\u00e1 by mohla b\u00fdt vn\u00edm\u00e1na jako poru\u0161en\u00ed pr\u00e1v n\u00e1jemn\u00edk\u016f. Ustanoven\u00ed o&nbsp;v\u00fdpov\u011bdi mus\u00ed b\u00fdt jasn\u011b formulov\u00e1na, v\u010detn\u011b podm\u00ednek a&nbsp;zp\u016fsobu doru\u010den\u00ed v\u00fdpov\u011bdi, aby se&nbsp;p\u0159ede\u0161lo nedorozum\u011bn\u00edm a&nbsp;zjednodu\u0161ilo \u0159e\u0161en\u00ed mo\u017en\u00fdch spor\u016f.<\/p>\n\n\n\n<p class=\"wp-block-paragraph\">Spr\u00e1vn\u011b sestaven\u00e1 n\u00e1jemn\u00ed smlouva chr\u00e1n\u00ed majetek pronaj\u00edmatele a&nbsp;z\u00e1rove\u0148 zaji\u0161\u0165uje spravedliv\u00e9 a&nbsp;transparentn\u00ed jedn\u00e1n\u00ed s&nbsp;n\u00e1jemn\u00edkem, co\u017e p\u0159isp\u00edv\u00e1 k&nbsp;pozitivn\u00edm vztah\u016fm a&nbsp;hladk\u00e9mu pr\u016fb\u011bhu n\u00e1jmu. D\u016fle\u017eit\u00e1 je pe\u010dliv\u00e1 p\u0159\u00edprava, aby byla smlouva v&nbsp;souladu s&nbsp;pr\u00e1vn\u00edmi po\u017eadavky a&nbsp;z\u00e1rove\u0148 f\u00e9rov\u00e1 pro&nbsp;ob\u011b strany.<\/p>\n\n\n\n<p class=\"wp-block-paragraph\"><strong>\u010cast\u00e9 klauzule a&nbsp;jejich pr\u00e1vn\u00ed meze<\/strong><\/p>\n\n\n\n<p class=\"wp-block-paragraph\">V&nbsp;n\u00e1jemn\u00edch smlouv\u00e1ch se&nbsp;\u010dasto objevuj\u00ed klauzule, kter\u00e9 maj\u00ed chr\u00e1nit majetek pronaj\u00edmatele a&nbsp;zajistit pohodl\u00ed a&nbsp;bezpe\u010d\u00ed v\u0161ech obyvatel. P\u0159esto je d\u016fle\u017eit\u00e9, aby tyto klauzule respektovaly pr\u00e1vn\u00ed r\u00e1mec a&nbsp;pr\u00e1va n\u00e1jemn\u00edk\u016f.<\/p>\n\n\n\n<p class=\"wp-block-paragraph\"><strong>\u2013 Omezen\u00ed t\u00fdkaj\u00edc\u00ed se&nbsp;zv\u00ed\u0159at:<\/strong>&nbsp;I&nbsp;kdy\u017e p\u0159\u00edm\u00fd z\u00e1kaz chovu zv\u00ed\u0159at v&nbsp;byt\u011b nen\u00ed podle&nbsp;z\u00e1kona platn\u00fd, je mo\u017en\u00e9 stanovit rozumn\u00e1 omezen\u00ed, kter\u00e1 nezp\u016fsob\u00ed pronaj\u00edmateli nebo ostatn\u00edm obyvatel\u016fm nep\u0159im\u011b\u0159en\u00e9 obt\u00ed\u017ee. Je d\u016fle\u017eit\u00e9, aby takov\u00e9 klauzule byly formulov\u00e1ny s&nbsp;ohledem na&nbsp;pr\u00e1va n\u00e1jemn\u00edk\u016f.<\/p>\n\n\n\n<p class=\"wp-block-paragraph\"><strong>\u2013 Kou\u0159en\u00ed v&nbsp;byt\u011b:<\/strong>&nbsp;Z\u00e1kaz kou\u0159en\u00ed v&nbsp;n\u00e1jemn\u00ed smlouv\u011b je oblast\u00ed, kde je nutn\u00e9 naj\u00edt rovnov\u00e1hu. N\u00e1jemn\u00edci maj\u00ed pr\u00e1vo kou\u0159it ve&nbsp;sv\u00e9m domov\u011b, pokud t\u00edmto chov\u00e1n\u00edm nepo\u0161kozuj\u00ed byt a&nbsp;nep\u0159im\u011b\u0159en\u011b neobt\u011b\u017euj\u00ed sousedy. Klauzule omezuj\u00edc\u00ed kou\u0159en\u00ed by m\u011bla b\u00fdt formulov\u00e1na tak, aby respektovala tato pr\u00e1va a&nbsp;z\u00e1rove\u0148 chr\u00e1nila nemovitost a&nbsp;pohodu ostatn\u00edch.<\/p>\n\n\n\n<p class=\"wp-block-paragraph\"><strong>\u2013 Trval\u00e9 bydli\u0161t\u011b:<\/strong>&nbsp;D\u016fle\u017eit\u00fdm aspektem, kter\u00fd by m\u011bl b\u00fdt zohledn\u011bn, je mo\u017enost n\u00e1jemn\u00edka nahl\u00e1sit trval\u00e9 bydli\u0161t\u011b na&nbsp;adrese pronaj\u00edman\u00e9ho bytu. Pro&nbsp;tento \u00fa\u010del n\u00e1jemce nepot\u0159ebuje souhlas majitele nemovitosti. Posta\u010duje, kdy\u017e n\u00e1jemce dok\u00e1\u017ee sv\u016fj vztah k&nbsp;nemovitosti, co\u017e obvykle znamen\u00e1 p\u0159edlo\u017een\u00ed platn\u00e9 n\u00e1jemn\u00ed smlouvy. Tato mo\u017enost umo\u017e\u0148uje n\u00e1jemn\u00edk\u016fm pln\u011b vyu\u017e\u00edvat byt jako sv\u016fj domov, co\u017e je kl\u00ed\u010dov\u00e9 pro&nbsp;jejich pocit stability a&nbsp;bezpe\u010d\u00ed.<\/p>\n\n\n\n<p class=\"wp-block-paragraph\">Ka\u017ed\u00fd pronaj\u00edmatel si p\u0159eje, aby jeho nemovitost byla v&nbsp;dobr\u00fdch rukou a&nbsp;aby z&nbsp;n\u00e1jemn\u00edho vztahu plynuly co nejmen\u0161\u00ed starosti. Pokud nem\u00e1te \u010das postarat se&nbsp;o&nbsp;pron\u00e1jem sv\u00e9 nemovitosti, nev\u00e1hejte se na mne obr\u00e1tit. Spolu domluv\u00edme v\u0161e pot\u0159ebn\u00e9 a&nbsp;p\u0159iprav\u00edme n\u00e1jemn\u00ed smlouvu tak, aby byla sestavena spr\u00e1vn\u011b a&nbsp;v&nbsp;souladu se&nbsp;v\u0161emi pr\u00e1vn\u00edmi normami. D\u00edky m\u00e9 odbornosti a&nbsp;zku\u0161enostem si m\u016f\u017eete b\u00fdt jisti, \u017ee v\u00e1\u0161 pron\u00e1jem prob\u011bhne hladce a&nbsp;bez&nbsp;zbyte\u010dn\u00fdch komplikac\u00ed.<\/p>\n","protected":false},"excerpt":{"rendered":"<p>Ve&nbsp;sv\u011bt\u011b pron\u00e1jm\u016f je kl\u00ed\u010dov\u00e9 v\u011bd\u011bt, co sm\u00ed a&nbsp;nesm\u00ed b\u00fdt obsa\u017eeno v&nbsp;n\u00e1jemn\u00ed smlouv\u011b. Tento \u010dl\u00e1nek pro&nbsp;pronaj\u00edmatele odhaluje, jak vypracovat smlouvu, kter\u00e1 je spravedliv\u00e1, leg\u00e1ln\u00ed a&nbsp;chr\u00e1n\u00ed pr\u00e1va obou stran. Odhal\u00edme, kter\u00e9 po\u017eadavky jsou p\u0159ijateln\u00e9 a&nbsp;kter\u00e9 p\u0159ekra\u010duj\u00ed hranice z\u00e1kona \u010di etiky. Se&nbsp;spr\u00e1vn\u00fdmi informacemi a&nbsp;tipy se&nbsp;vyvarujete b\u011b\u017en\u00fdch chyb a&nbsp;zajist\u00edte, \u017ee va\u0161e n\u00e1jemn\u00ed vztahy budou bezprobl\u00e9mov\u00e9 a&nbsp;vz\u00e1jemn\u011b v\u00fdhodn\u00e9. Z\u00e1kladn\u00ed pr\u00e1va [&hellip;]<\/p>\n","protected":false},"author":1,"featured_media":981,"comment_status":"closed","ping_status":"closed","sticky":false,"template":"","format":"standard","meta":{"_acf_changed":false,"pgc_sgb_lightbox_settings":"","footnotes":""},"categories":[13],"tags":[],"class_list":["post-980","post","type-post","status-publish","format-standard","has-post-thumbnail","hentry","category-clanky"],"acf":[],"yoast_head":"<!-- This site is optimized with the Yoast SEO plugin v28.2 - https:\/\/yoast.com\/product\/yoast-seo-wordpress\/ -->\n<title>Pr\u00e1va a povinnosti: Co m\u016f\u017eete a nem\u016f\u017eete po\u017eadovat v n\u00e1jemn\u00ed smlouv\u011b - Jana Mozici - Realitni makl\u00e9\u0159ka<\/title>\n<meta name=\"robots\" content=\"index, follow, max-snippet:-1, max-image-preview:large, max-video-preview:-1\" \/>\n<link rel=\"canonical\" href=\"https:\/\/janamozici.cz\/prava-a-povinnosti-co-muzete-a-nemuzete-pozadovat-v-najemni-smlouve\/\" \/>\n<meta property=\"og:locale\" content=\"cs_CZ\" \/>\n<meta property=\"og:type\" content=\"article\" \/>\n<meta property=\"og:title\" content=\"Pr\u00e1va a povinnosti: Co m\u016f\u017eete a nem\u016f\u017eete po\u017eadovat v n\u00e1jemn\u00ed smlouv\u011b - Jana Mozici - Realitni makl\u00e9\u0159ka\" \/>\n<meta property=\"og:description\" content=\"Ve&nbsp;sv\u011bt\u011b pron\u00e1jm\u016f je kl\u00ed\u010dov\u00e9 v\u011bd\u011bt, co sm\u00ed a&nbsp;nesm\u00ed b\u00fdt obsa\u017eeno v&nbsp;n\u00e1jemn\u00ed smlouv\u011b. Tento \u010dl\u00e1nek pro&nbsp;pronaj\u00edmatele odhaluje, jak vypracovat smlouvu, kter\u00e1 je spravedliv\u00e1, leg\u00e1ln\u00ed a&nbsp;chr\u00e1n\u00ed pr\u00e1va obou stran. Odhal\u00edme, kter\u00e9 po\u017eadavky jsou p\u0159ijateln\u00e9 a&nbsp;kter\u00e9 p\u0159ekra\u010duj\u00ed hranice z\u00e1kona \u010di etiky. Se&nbsp;spr\u00e1vn\u00fdmi informacemi a&nbsp;tipy se&nbsp;vyvarujete b\u011b\u017en\u00fdch chyb a&nbsp;zajist\u00edte, \u017ee va\u0161e n\u00e1jemn\u00ed vztahy budou bezprobl\u00e9mov\u00e9 a&nbsp;vz\u00e1jemn\u011b v\u00fdhodn\u00e9. Z\u00e1kladn\u00ed pr\u00e1va [&hellip;]\" \/>\n<meta property=\"og:url\" content=\"https:\/\/janamozici.cz\/prava-a-povinnosti-co-muzete-a-nemuzete-pozadovat-v-najemni-smlouve\/\" \/>\n<meta property=\"og:site_name\" content=\"Jana Mozici - Realitni makl\u00e9\u0159ka\" \/>\n<meta property=\"article:published_time\" content=\"2024-02-28T16:33:00+00:00\" \/>\n<meta property=\"article:modified_time\" content=\"2026-06-17T15:34:28+00:00\" \/>\n<meta property=\"og:image\" content=\"https:\/\/janamozici.cz\/wp-content\/uploads\/2026\/06\/3367.jpg\" \/>\n\t<meta property=\"og:image:width\" content=\"996\" \/>\n\t<meta property=\"og:image:height\" content=\"796\" \/>\n\t<meta property=\"og:image:type\" content=\"image\/jpeg\" \/>\n<meta name=\"author\" content=\"pavelignacek\" \/>\n<meta name=\"twitter:card\" content=\"summary_large_image\" \/>\n<meta name=\"twitter:label1\" content=\"Napsal(a)\" \/>\n\t<meta name=\"twitter:data1\" content=\"pavelignacek\" \/>\n\t<meta name=\"twitter:label2\" content=\"Odhadovan\u00e1 doba \u010dten\u00ed\" \/>\n\t<meta name=\"twitter:data2\" content=\"4 minuty\" \/>\n<script type=\"application\/ld+json\" class=\"yoast-schema-graph\">{\"@context\":\"https:\\\/\\\/schema.org\",\"@graph\":[{\"@type\":\"Article\",\"@id\":\"https:\\\/\\\/janamozici.cz\\\/prava-a-povinnosti-co-muzete-a-nemuzete-pozadovat-v-najemni-smlouve\\\/#article\",\"isPartOf\":{\"@id\":\"https:\\\/\\\/janamozici.cz\\\/prava-a-povinnosti-co-muzete-a-nemuzete-pozadovat-v-najemni-smlouve\\\/\"},\"author\":{\"name\":\"pavelignacek\",\"@id\":\"https:\\\/\\\/janamozici.cz\\\/#\\\/schema\\\/person\\\/a0c8271995d3088e738ca636e0ae15e8\"},\"headline\":\"Pr\u00e1va a povinnosti: Co m\u016f\u017eete a nem\u016f\u017eete po\u017eadovat v n\u00e1jemn\u00ed smlouv\u011b\",\"datePublished\":\"2024-02-28T16:33:00+00:00\",\"dateModified\":\"2026-06-17T15:34:28+00:00\",\"mainEntityOfPage\":{\"@id\":\"https:\\\/\\\/janamozici.cz\\\/prava-a-povinnosti-co-muzete-a-nemuzete-pozadovat-v-najemni-smlouve\\\/\"},\"wordCount\":777,\"publisher\":{\"@id\":\"https:\\\/\\\/janamozici.cz\\\/#organization\"},\"image\":{\"@id\":\"https:\\\/\\\/janamozici.cz\\\/prava-a-povinnosti-co-muzete-a-nemuzete-pozadovat-v-najemni-smlouve\\\/#primaryimage\"},\"thumbnailUrl\":\"https:\\\/\\\/d.r4.wbsprt.com\\\/janamozici.cz\\\/wp-content\\\/uploads\\\/2026\\\/06\\\/3367.jpg\",\"articleSection\":[\"\u010cL\u00c1NKY\"],\"inLanguage\":\"cs\"},{\"@type\":\"WebPage\",\"@id\":\"https:\\\/\\\/janamozici.cz\\\/prava-a-povinnosti-co-muzete-a-nemuzete-pozadovat-v-najemni-smlouve\\\/\",\"url\":\"https:\\\/\\\/janamozici.cz\\\/prava-a-povinnosti-co-muzete-a-nemuzete-pozadovat-v-najemni-smlouve\\\/\",\"name\":\"Pr\u00e1va a povinnosti: Co m\u016f\u017eete a nem\u016f\u017eete po\u017eadovat v n\u00e1jemn\u00ed smlouv\u011b - Jana Mozici - Realitni makl\u00e9\u0159ka\",\"isPartOf\":{\"@id\":\"https:\\\/\\\/janamozici.cz\\\/#website\"},\"primaryImageOfPage\":{\"@id\":\"https:\\\/\\\/janamozici.cz\\\/prava-a-povinnosti-co-muzete-a-nemuzete-pozadovat-v-najemni-smlouve\\\/#primaryimage\"},\"image\":{\"@id\":\"https:\\\/\\\/janamozici.cz\\\/prava-a-povinnosti-co-muzete-a-nemuzete-pozadovat-v-najemni-smlouve\\\/#primaryimage\"},\"thumbnailUrl\":\"https:\\\/\\\/d.r4.wbsprt.com\\\/janamozici.cz\\\/wp-content\\\/uploads\\\/2026\\\/06\\\/3367.jpg\",\"datePublished\":\"2024-02-28T16:33:00+00:00\",\"dateModified\":\"2026-06-17T15:34:28+00:00\",\"breadcrumb\":{\"@id\":\"https:\\\/\\\/janamozici.cz\\\/prava-a-povinnosti-co-muzete-a-nemuzete-pozadovat-v-najemni-smlouve\\\/#breadcrumb\"},\"inLanguage\":\"cs\",\"potentialAction\":[{\"@type\":\"ReadAction\",\"target\":[\"https:\\\/\\\/janamozici.cz\\\/prava-a-povinnosti-co-muzete-a-nemuzete-pozadovat-v-najemni-smlouve\\\/\"]}]},{\"@type\":\"ImageObject\",\"inLanguage\":\"cs\",\"@id\":\"https:\\\/\\\/janamozici.cz\\\/prava-a-povinnosti-co-muzete-a-nemuzete-pozadovat-v-najemni-smlouve\\\/#primaryimage\",\"url\":\"https:\\\/\\\/d.r4.wbsprt.com\\\/janamozici.cz\\\/wp-content\\\/uploads\\\/2026\\\/06\\\/3367.jpg\",\"contentUrl\":\"https:\\\/\\\/d.r4.wbsprt.com\\\/janamozici.cz\\\/wp-content\\\/uploads\\\/2026\\\/06\\\/3367.jpg\",\"width\":996,\"height\":796},{\"@type\":\"BreadcrumbList\",\"@id\":\"https:\\\/\\\/janamozici.cz\\\/prava-a-povinnosti-co-muzete-a-nemuzete-pozadovat-v-najemni-smlouve\\\/#breadcrumb\",\"itemListElement\":[{\"@type\":\"ListItem\",\"position\":1,\"name\":\"Dom\u016f\",\"item\":\"https:\\\/\\\/janamozici.cz\\\/\"},{\"@type\":\"ListItem\",\"position\":2,\"name\":\"Pr\u00e1va a povinnosti: Co m\u016f\u017eete a nem\u016f\u017eete po\u017eadovat v n\u00e1jemn\u00ed smlouv\u011b\"}]},{\"@type\":\"WebSite\",\"@id\":\"https:\\\/\\\/janamozici.cz\\\/#website\",\"url\":\"https:\\\/\\\/janamozici.cz\\\/\",\"name\":\"Jana Mozici - Realitni makl\u00e9\u0159ka\",\"description\":\"Realitn\u00ed makl\u00e9\u0159ka pro Chomutovsk\u00fd kraj\",\"publisher\":{\"@id\":\"https:\\\/\\\/janamozici.cz\\\/#organization\"},\"potentialAction\":[{\"@type\":\"SearchAction\",\"target\":{\"@type\":\"EntryPoint\",\"urlTemplate\":\"https:\\\/\\\/janamozici.cz\\\/?s={search_term_string}\"},\"query-input\":{\"@type\":\"PropertyValueSpecification\",\"valueRequired\":true,\"valueName\":\"search_term_string\"}}],\"inLanguage\":\"cs\"},{\"@type\":\"Organization\",\"@id\":\"https:\\\/\\\/janamozici.cz\\\/#organization\",\"name\":\"Jana Mozici - Realitni makl\u00e9\u0159ka\",\"url\":\"https:\\\/\\\/janamozici.cz\\\/\",\"logo\":{\"@type\":\"ImageObject\",\"inLanguage\":\"cs\",\"@id\":\"https:\\\/\\\/janamozici.cz\\\/#\\\/schema\\\/logo\\\/image\\\/\",\"url\":\"https:\\\/\\\/d.r4.wbsprt.com\\\/janamozici.cz\\\/wp-content\\\/uploads\\\/2026\\\/07\\\/cropped-favicon.png\",\"contentUrl\":\"https:\\\/\\\/d.r4.wbsprt.com\\\/janamozici.cz\\\/wp-content\\\/uploads\\\/2026\\\/07\\\/cropped-favicon.png\",\"width\":300,\"height\":300,\"caption\":\"Jana Mozici - Realitni makl\u00e9\u0159ka\"},\"image\":{\"@id\":\"https:\\\/\\\/janamozici.cz\\\/#\\\/schema\\\/logo\\\/image\\\/\"}},{\"@type\":\"Person\",\"@id\":\"https:\\\/\\\/janamozici.cz\\\/#\\\/schema\\\/person\\\/a0c8271995d3088e738ca636e0ae15e8\",\"name\":\"pavelignacek\",\"image\":{\"@type\":\"ImageObject\",\"inLanguage\":\"cs\",\"@id\":\"https:\\\/\\\/secure.gravatar.com\\\/avatar\\\/f1277ae3877a04db460fe45d0c550807b61b14883332acd3d3665c45a540a0c7?s=96&d=mm&r=g\",\"url\":\"https:\\\/\\\/secure.gravatar.com\\\/avatar\\\/f1277ae3877a04db460fe45d0c550807b61b14883332acd3d3665c45a540a0c7?s=96&d=mm&r=g\",\"contentUrl\":\"https:\\\/\\\/secure.gravatar.com\\\/avatar\\\/f1277ae3877a04db460fe45d0c550807b61b14883332acd3d3665c45a540a0c7?s=96&d=mm&r=g\",\"caption\":\"pavelignacek\"},\"sameAs\":[\"https:\\\/\\\/janamozici.cz\"],\"url\":\"https:\\\/\\\/d.r4.wbsprt.com\\\/janamozici.cz\\\/author\\\/pavelignacek\\\/\"}]}<\/script>\n<!-- \/ Yoast SEO plugin. -->","yoast_head_json":{"title":"Pr\u00e1va a povinnosti: Co m\u016f\u017eete a nem\u016f\u017eete po\u017eadovat v n\u00e1jemn\u00ed smlouv\u011b - Jana Mozici - Realitni makl\u00e9\u0159ka","robots":{"index":"index","follow":"follow","max-snippet":"max-snippet:-1","max-image-preview":"max-image-preview:large","max-video-preview":"max-video-preview:-1"},"canonical":"https:\/\/janamozici.cz\/prava-a-povinnosti-co-muzete-a-nemuzete-pozadovat-v-najemni-smlouve\/","og_locale":"cs_CZ","og_type":"article","og_title":"Pr\u00e1va a povinnosti: Co m\u016f\u017eete a nem\u016f\u017eete po\u017eadovat v n\u00e1jemn\u00ed smlouv\u011b - Jana Mozici - Realitni makl\u00e9\u0159ka","og_description":"Ve&nbsp;sv\u011bt\u011b pron\u00e1jm\u016f je kl\u00ed\u010dov\u00e9 v\u011bd\u011bt, co sm\u00ed a&nbsp;nesm\u00ed b\u00fdt obsa\u017eeno v&nbsp;n\u00e1jemn\u00ed smlouv\u011b. Tento \u010dl\u00e1nek pro&nbsp;pronaj\u00edmatele odhaluje, jak vypracovat smlouvu, kter\u00e1 je spravedliv\u00e1, leg\u00e1ln\u00ed a&nbsp;chr\u00e1n\u00ed pr\u00e1va obou stran. Odhal\u00edme, kter\u00e9 po\u017eadavky jsou p\u0159ijateln\u00e9 a&nbsp;kter\u00e9 p\u0159ekra\u010duj\u00ed hranice z\u00e1kona \u010di etiky. Se&nbsp;spr\u00e1vn\u00fdmi informacemi a&nbsp;tipy se&nbsp;vyvarujete b\u011b\u017en\u00fdch chyb a&nbsp;zajist\u00edte, \u017ee va\u0161e n\u00e1jemn\u00ed vztahy budou bezprobl\u00e9mov\u00e9 a&nbsp;vz\u00e1jemn\u011b v\u00fdhodn\u00e9. Z\u00e1kladn\u00ed pr\u00e1va [&hellip;]","og_url":"https:\/\/janamozici.cz\/prava-a-povinnosti-co-muzete-a-nemuzete-pozadovat-v-najemni-smlouve\/","og_site_name":"Jana Mozici - Realitni makl\u00e9\u0159ka","article_published_time":"2024-02-28T16:33:00+00:00","article_modified_time":"2026-06-17T15:34:28+00:00","og_image":[{"width":996,"height":796,"url":"https:\/\/janamozici.cz\/wp-content\/uploads\/2026\/06\/3367.jpg","type":"image\/jpeg"}],"author":"pavelignacek","twitter_card":"summary_large_image","twitter_misc":{"Napsal(a)":"pavelignacek","Odhadovan\u00e1 doba \u010dten\u00ed":"4 minuty"},"schema":{"@context":"https:\/\/schema.org","@graph":[{"@type":"Article","@id":"https:\/\/janamozici.cz\/prava-a-povinnosti-co-muzete-a-nemuzete-pozadovat-v-najemni-smlouve\/#article","isPartOf":{"@id":"https:\/\/janamozici.cz\/prava-a-povinnosti-co-muzete-a-nemuzete-pozadovat-v-najemni-smlouve\/"},"author":{"name":"pavelignacek","@id":"https:\/\/janamozici.cz\/#\/schema\/person\/a0c8271995d3088e738ca636e0ae15e8"},"headline":"Pr\u00e1va a povinnosti: Co m\u016f\u017eete a nem\u016f\u017eete po\u017eadovat v n\u00e1jemn\u00ed smlouv\u011b","datePublished":"2024-02-28T16:33:00+00:00","dateModified":"2026-06-17T15:34:28+00:00","mainEntityOfPage":{"@id":"https:\/\/janamozici.cz\/prava-a-povinnosti-co-muzete-a-nemuzete-pozadovat-v-najemni-smlouve\/"},"wordCount":777,"publisher":{"@id":"https:\/\/janamozici.cz\/#organization"},"image":{"@id":"https:\/\/janamozici.cz\/prava-a-povinnosti-co-muzete-a-nemuzete-pozadovat-v-najemni-smlouve\/#primaryimage"},"thumbnailUrl":"https:\/\/d.r4.wbsprt.com\/janamozici.cz\/wp-content\/uploads\/2026\/06\/3367.jpg","articleSection":["\u010cL\u00c1NKY"],"inLanguage":"cs"},{"@type":"WebPage","@id":"https:\/\/janamozici.cz\/prava-a-povinnosti-co-muzete-a-nemuzete-pozadovat-v-najemni-smlouve\/","url":"https:\/\/janamozici.cz\/prava-a-povinnosti-co-muzete-a-nemuzete-pozadovat-v-najemni-smlouve\/","name":"Pr\u00e1va a povinnosti: Co m\u016f\u017eete a nem\u016f\u017eete po\u017eadovat v n\u00e1jemn\u00ed smlouv\u011b - Jana Mozici - Realitni makl\u00e9\u0159ka","isPartOf":{"@id":"https:\/\/janamozici.cz\/#website"},"primaryImageOfPage":{"@id":"https:\/\/janamozici.cz\/prava-a-povinnosti-co-muzete-a-nemuzete-pozadovat-v-najemni-smlouve\/#primaryimage"},"image":{"@id":"https:\/\/janamozici.cz\/prava-a-povinnosti-co-muzete-a-nemuzete-pozadovat-v-najemni-smlouve\/#primaryimage"},"thumbnailUrl":"https:\/\/d.r4.wbsprt.com\/janamozici.cz\/wp-content\/uploads\/2026\/06\/3367.jpg","datePublished":"2024-02-28T16:33:00+00:00","dateModified":"2026-06-17T15:34:28+00:00","breadcrumb":{"@id":"https:\/\/janamozici.cz\/prava-a-povinnosti-co-muzete-a-nemuzete-pozadovat-v-najemni-smlouve\/#breadcrumb"},"inLanguage":"cs","potentialAction":[{"@type":"ReadAction","target":["https:\/\/janamozici.cz\/prava-a-povinnosti-co-muzete-a-nemuzete-pozadovat-v-najemni-smlouve\/"]}]},{"@type":"ImageObject","inLanguage":"cs","@id":"https:\/\/janamozici.cz\/prava-a-povinnosti-co-muzete-a-nemuzete-pozadovat-v-najemni-smlouve\/#primaryimage","url":"https:\/\/d.r4.wbsprt.com\/janamozici.cz\/wp-content\/uploads\/2026\/06\/3367.jpg","contentUrl":"https:\/\/d.r4.wbsprt.com\/janamozici.cz\/wp-content\/uploads\/2026\/06\/3367.jpg","width":996,"height":796},{"@type":"BreadcrumbList","@id":"https:\/\/janamozici.cz\/prava-a-povinnosti-co-muzete-a-nemuzete-pozadovat-v-najemni-smlouve\/#breadcrumb","itemListElement":[{"@type":"ListItem","position":1,"name":"Dom\u016f","item":"https:\/\/janamozici.cz\/"},{"@type":"ListItem","position":2,"name":"Pr\u00e1va a povinnosti: Co m\u016f\u017eete a nem\u016f\u017eete po\u017eadovat v n\u00e1jemn\u00ed smlouv\u011b"}]},{"@type":"WebSite","@id":"https:\/\/janamozici.cz\/#website","url":"https:\/\/janamozici.cz\/","name":"Jana Mozici - Realitni makl\u00e9\u0159ka","description":"Realitn\u00ed makl\u00e9\u0159ka pro Chomutovsk\u00fd kraj","publisher":{"@id":"https:\/\/janamozici.cz\/#organization"},"potentialAction":[{"@type":"SearchAction","target":{"@type":"EntryPoint","urlTemplate":"https:\/\/janamozici.cz\/?s={search_term_string}"},"query-input":{"@type":"PropertyValueSpecification","valueRequired":true,"valueName":"search_term_string"}}],"inLanguage":"cs"},{"@type":"Organization","@id":"https:\/\/janamozici.cz\/#organization","name":"Jana Mozici - Realitni makl\u00e9\u0159ka","url":"https:\/\/janamozici.cz\/","logo":{"@type":"ImageObject","inLanguage":"cs","@id":"https:\/\/janamozici.cz\/#\/schema\/logo\/image\/","url":"https:\/\/d.r4.wbsprt.com\/janamozici.cz\/wp-content\/uploads\/2026\/07\/cropped-favicon.png","contentUrl":"https:\/\/d.r4.wbsprt.com\/janamozici.cz\/wp-content\/uploads\/2026\/07\/cropped-favicon.png","width":300,"height":300,"caption":"Jana Mozici - Realitni makl\u00e9\u0159ka"},"image":{"@id":"https:\/\/janamozici.cz\/#\/schema\/logo\/image\/"}},{"@type":"Person","@id":"https:\/\/janamozici.cz\/#\/schema\/person\/a0c8271995d3088e738ca636e0ae15e8","name":"pavelignacek","image":{"@type":"ImageObject","inLanguage":"cs","@id":"https:\/\/secure.gravatar.com\/avatar\/f1277ae3877a04db460fe45d0c550807b61b14883332acd3d3665c45a540a0c7?s=96&d=mm&r=g","url":"https:\/\/secure.gravatar.com\/avatar\/f1277ae3877a04db460fe45d0c550807b61b14883332acd3d3665c45a540a0c7?s=96&d=mm&r=g","contentUrl":"https:\/\/secure.gravatar.com\/avatar\/f1277ae3877a04db460fe45d0c550807b61b14883332acd3d3665c45a540a0c7?s=96&d=mm&r=g","caption":"pavelignacek"},"sameAs":["https:\/\/janamozici.cz"],"url":"https:\/\/d.r4.wbsprt.com\/janamozici.cz\/author\/pavelignacek\/"}]}},"_links":{"self":[{"href":"https:\/\/d.r4.wbsprt.com\/janamozici.cz\/wp-json\/wp\/v2\/posts\/980","targetHints":{"allow":["GET"]}}],"collection":[{"href":"https:\/\/d.r4.wbsprt.com\/janamozici.cz\/wp-json\/wp\/v2\/posts"}],"about":[{"href":"https:\/\/d.r4.wbsprt.com\/janamozici.cz\/wp-json\/wp\/v2\/types\/post"}],"author":[{"embeddable":true,"href":"https:\/\/d.r4.wbsprt.com\/janamozici.cz\/wp-json\/wp\/v2\/users\/1"}],"replies":[{"embeddable":true,"href":"https:\/\/d.r4.wbsprt.com\/janamozici.cz\/wp-json\/wp\/v2\/comments?post=980"}],"version-history":[{"count":1,"href":"https:\/\/d.r4.wbsprt.com\/janamozici.cz\/wp-json\/wp\/v2\/posts\/980\/revisions"}],"predecessor-version":[{"id":982,"href":"https:\/\/d.r4.wbsprt.com\/janamozici.cz\/wp-json\/wp\/v2\/posts\/980\/revisions\/982"}],"wp:featuredmedia":[{"embeddable":true,"href":"https:\/\/d.r4.wbsprt.com\/janamozici.cz\/wp-json\/wp\/v2\/media\/981"}],"wp:attachment":[{"href":"https:\/\/d.r4.wbsprt.com\/janamozici.cz\/wp-json\/wp\/v2\/media?parent=980"}],"wp:term":[{"taxonomy":"category","embeddable":true,"href":"https:\/\/d.r4.wbsprt.com\/janamozici.cz\/wp-json\/wp\/v2\/categories?post=980"},{"taxonomy":"post_tag","embeddable":true,"href":"https:\/\/d.r4.wbsprt.com\/janamozici.cz\/wp-json\/wp\/v2\/tags?post=980"}],"curies":[{"name":"wp","href":"https:\/\/api.w.org\/{rel}","templated":true}]}}