{"id":5181,"date":"2025-07-18T09:40:23","date_gmt":"2025-07-18T07:40:23","guid":{"rendered":"https:\/\/www.mojesebepoznani.cz\/?p=5181"},"modified":"2025-07-29T10:36:57","modified_gmt":"2025-07-29T08:36:57","slug":"lidstvo-na-ceste-k-roku-2030-milniky-vyzvy-a-nova-spolecnost","status":"publish","type":"post","link":"https:\/\/d.r4.wbsprt.com\/mojesebepoznani.cz\/lidstvo-na-ceste-k-roku-2030-milniky-vyzvy-a-nova-spolecnost\/","title":{"rendered":"Lidstvo na cest\u011b k roku 2030: Miln\u00edky, v\u00fdzvy a nov\u00e1 spole\u010dnost"},"content":{"rendered":"\n<p class=\"has-drop-cap wp-block-paragraph\">Sv\u011bt, ve kter\u00e9m \u017eijeme, se prom\u011b\u0148uje rychleji, ne\u017e jsme kdy za\u017eili. Mnoz\u00ed z n\u00e1s c\u00edt\u00ed, \u017ee to nen\u00ed jen d\u016fsledek technologi\u00ed, politiky nebo p\u0159\u00edrodn\u00edch proces\u016f, ale sou\u010d\u00e1st v\u011bt\u0161\u00edho kosmick\u00e9ho cyklu, kter\u00fd vede lidstvo k hlubok\u00e9 transformaci. Je proto pravd\u011bpodobn\u00e9, \u017ee do roku 2030 n\u00e1s \u010dekaj\u00ed z\u00e1sadn\u00ed miln\u00edky, kter\u00e9 ovlivn\u00ed na\u0161e \u017eivoty, vztahy i zp\u016fsob, jak\u00fdm ch\u00e1peme sami sebe a na\u0161i Zemi.<\/p>\n\n\n\n<figure class=\"wp-block-pullquote\"><blockquote><p>\u201eThe remains of the old must be decently laid away; the path of the new prepared. That is the difference between Revolution and Progress.\u201c<\/p><cite>Henry Ford<\/cite><\/blockquote><\/figure>\n\n\n\t\t<div class=\"related-sec related-1 is-width-right is-style-boxed\">\n\t\t\t<div class=\"inner\">\n\t\t\t\t<div class=\"block-h heading-layout-1\"><div class=\"heading-inner\"><h4 class=\"heading-title none-toc\"><span>V\u00edce \u010dl\u00e1nk\u016f<\/span><\/h4><\/div><\/div>\t\t\t\t<div class=\"block-inner\">\n\t\t\t\t\t\t\t<div class=\"p-wrap p-small p-list-small-2\" data-pid=\"4842\">\n\t\t\t\t\t<div class=\"feat-holder\">\t\t<div class=\"p-featured ratio-v1\">\n\t\t\t\t\t<a class=\"p-flink\" href=\"https:\/\/d.r4.wbsprt.com\/mojesebepoznani.cz\/uvaha-o-vnitrnich-stinech-a-sile-ktera-nas-vede-k-jejich-prijeti\/\" title=\"\u00davaha o vnit\u0159n\u00edch st\u00ednech a s\u00edle, kter\u00e1 n\u00e1s vede k jejich p\u0159ijet\u00ed\">\n\t\t\t<img loading=\"lazy\" decoding=\"async\" width=\"150\" height=\"150\" src=\"https:\/\/d.r4.wbsprt.com\/mojesebepoznani.cz\/wp-content\/uploads\/2025\/04\/Zamysleni-o-vnitrnim-stinu-a-jeho-prijeti-150x150.png\" class=\"featured-img wp-post-image\" alt=\"Zamy\u0161len\u00ed o vnit\u0159n\u00edm st\u00ednu a jeho p\u0159ijet\u00ed\" loading=\"lazy\" \/>\t\t<\/a>\n\t\t\t\t<\/div>\n\t\t<\/div>\n\t\t\t\t\t<div class=\"p-content\">\n\t\t\t<div class=\"entry-title h5\">\t\t<a class=\"p-url\" href=\"https:\/\/d.r4.wbsprt.com\/mojesebepoznani.cz\/uvaha-o-vnitrnich-stinech-a-sile-ktera-nas-vede-k-jejich-prijeti\/\" rel=\"bookmark\">\n\t\t\u00davaha o vnit\u0159n\u00edch st\u00ednech a s\u00edle, kter\u00e1 n\u00e1s vede k jejich p\u0159ijet\u00ed\t\t<\/a>\n\t\t<\/div>\t\t<\/div>\n\t\t\t\t<\/div>\n\t\t\t\t<div class=\"p-wrap p-list-inline\" data-pid=\"6010\">\n\t\t<div class=\"entry-title h6\"><i class=\"rbi rbi-plus\" aria-hidden=\"true\"><\/i>\t\t<a class=\"p-url\" href=\"https:\/\/d.r4.wbsprt.com\/mojesebepoznani.cz\/sila-mantry-kdyz-se-slovo-smysly-a-vnitrni-jistota-spoji-v-jeden-proud\/\" rel=\"bookmark\">\n\t\tS\u00edla mantry: Kdy\u017e se slovo, smysly a vnit\u0159n\u00ed jistota spoj\u00ed v jeden proud\t\t<\/a>\n\t\t<\/div>\t\t<\/div>\n\t\t\t\t<div class=\"p-wrap p-list-inline\" data-pid=\"134\">\n\t\t<div class=\"entry-title h6\"><i class=\"rbi rbi-plus\" aria-hidden=\"true\"><\/i>\t\t<a class=\"p-url\" href=\"https:\/\/d.r4.wbsprt.com\/mojesebepoznani.cz\/vedoma-sexualita-jako-nastroj-transformace-jak-vyuzit-milovani-k-duchovnimu-rustu\/\" rel=\"bookmark\">\n\t\tV\u011bdom\u00e1 sexualita jako n\u00e1stroj transformace: Jak vyu\u017e\u00edt milov\u00e1n\u00ed k duchovn\u00edmu r\u016fstu?\t\t<\/a>\n\t\t<\/div>\t\t<\/div>\n\t\t\t\t<div class=\"p-wrap p-list-inline\" data-pid=\"1012\">\n\t\t<div class=\"entry-title h6\"><i class=\"rbi rbi-plus\" aria-hidden=\"true\"><\/i>\t\t<a class=\"p-url\" href=\"https:\/\/d.r4.wbsprt.com\/mojesebepoznani.cz\/vdecnost-jako-lek-sila-uzdraveni-skrze-vnimani-daru-zivota\/\" rel=\"bookmark\">\n\t\tVd\u011b\u010dnost jako l\u00e9k: S\u00edla uzdraven\u00ed skrze vn\u00edm\u00e1n\u00ed dar\u016f \u017eivota\t\t<\/a>\n\t\t<\/div>\t\t<\/div>\n\t\t\t\t<div class=\"p-wrap p-list-inline\" data-pid=\"5110\">\n\t\t<div class=\"entry-title h6\"><i class=\"rbi rbi-plus\" aria-hidden=\"true\"><\/i>\t\t<a class=\"p-url\" href=\"https:\/\/d.r4.wbsprt.com\/mojesebepoznani.cz\/co-jsou-to-vnitrni-stiny-a-proc-jsou-dulezite\/\" rel=\"bookmark\">\n\t\tCo jsou to vnit\u0159n\u00ed st\u00edny a pro\u010d jsou d\u016fle\u017eit\u00e9\t\t<\/a>\n\t\t<\/div>\t\t<\/div>\n\t\t\t\t\t\t<\/div>\n\t\t\t<\/div>\n\t\t<\/div>\n\t\t\n\n\n\n<h2 class=\"wp-block-heading\">Miln\u00edky na cest\u011b k roku 2030<\/h2>\n\n\n\n<h3 class=\"wp-block-heading\">2024\u20132025: Otev\u00edr\u00e1n\u00ed o\u010d\u00ed<\/h3>\n\n\n\n<p class=\"wp-block-paragraph\">V t\u011bchto letech se rychle rozpad\u00e1 star\u00fd syst\u00e9m, kter\u00fd u\u017e neslou\u017e\u00ed \u017eivotu. Chaos, kter\u00fd c\u00edt\u00edme, je sp\u00ed\u0161e uvol\u0148ov\u00e1n\u00edm mlhy, aby pravda mohla vyj\u00edt na povrch. Lid\u00e9 za\u010d\u00ednaj\u00ed siln\u011bji tou\u017eit po autenticit\u011b, skute\u010dn\u00e9m spojen\u00ed a po \u017eivot\u011b, kter\u00fd m\u00e1 smysl.<\/p>\n\n\n\n<h3 class=\"wp-block-heading\">2026\u20132027: Vnit\u0159n\u00ed p\u0159erod<\/h3>\n\n\n\n<p class=\"wp-block-paragraph\">Tento \u010das n\u00e1s povede dovnit\u0159 \u2013 od vn\u011bj\u0161\u00edch autorit k vlastn\u00edmu vnit\u0159n\u00edmu veden\u00ed. Uv\u011bdomujeme si, \u017ee na\u0161e my\u0161lenky a emoce tvo\u0159\u00ed realitu. Nov\u00e1 generace p\u0159in\u00e1\u0161\u00ed \u010derstv\u00e9 hodnoty a otev\u0159en\u011b bo\u0159\u00ed star\u00e1 tabu.<\/p>\n\n\n\n<h3 class=\"wp-block-heading\">2028: Hlubok\u00e9 p\u0159eskupen\u00ed<\/h3>\n\n\n\n<p class=\"wp-block-paragraph\">O\u010dek\u00e1vat m\u016f\u017eeme v\u00fdrazn\u011bj\u0161\u00ed ot\u0159esy \u2013 ekonomick\u00e9, p\u0159\u00edrodn\u00ed \u010di spole\u010densk\u00e9 \u2013 kter\u00e9 n\u00e1s p\u0159im\u011bj\u00ed p\u0159ehodnotit priority.<br>Spole\u010dnost se za\u010dne orientovat sm\u011brem k udr\u017eitelnosti, spolupr\u00e1ci a v\u011bdom\u00e9mu sd\u00edlen\u00ed zdroj\u016f. Zem\u011b bude vn\u00edm\u00e1na jako \u017eiv\u00e1 bytost.<\/p>\n\n\n\n<h3 class=\"wp-block-heading\">2029\u20132030: Zrozen\u00ed nov\u00e9ho paradigmatu<\/h3>\n\n\n\n<p class=\"wp-block-paragraph\">Rod\u00ed se nov\u00e9 kolektivn\u00ed v\u011bdom\u00ed. Duchovn\u00ed praxe se st\u00e1vaj\u00ed b\u011b\u017enou sou\u010d\u00e1st\u00ed \u017eivota. Roste pocit propojen\u00ed nejen mezi lidmi, ale i s cel\u00fdm vesm\u00edrem. <\/p>\n\n\n\n<p class=\"wp-block-paragraph\"><strong>Za\u010d\u00edn\u00e1me \u017e\u00edt v\u00edce v jednot\u011b<\/strong> ne\u017e v sout\u011b\u017ei a kontrole.<\/p>\n\n\n\n<h2 class=\"wp-block-heading\">Co se stane s t\u011bmi, kdo se br\u00e1n\u00ed zm\u011bn\u011b?<\/h2>\n\n\n\n<p class=\"wp-block-paragraph\">Transformace se dotkne v\u0161ech \u2013 i t\u011bch, jejich\u017e \u010diny jsou dnes destruktivn\u00ed.<\/p>\n\n\n\n<ul class=\"wp-block-list\">\n<li><strong>Energie zesiluj\u00ed vnit\u0159n\u00ed kvality.<\/strong> Lid\u00e9 pln\u00ed sv\u011btla zaz\u00e1\u0159\u00ed v\u00edc, ti pono\u0159en\u00ed do l\u017ei \u010di n\u00e1sil\u00ed budou pod tlakem \u010delit sv\u00fdm st\u00edn\u016fm.<\/li>\n\n\n\n<li><strong>Pravda vych\u00e1z\u00ed najevo.<\/strong> Skryt\u00e9 manipulace, l\u017ei a zneu\u017e\u00edv\u00e1n\u00ed moci budou st\u00e1le obt\u00ed\u017en\u011bji udr\u017eiteln\u00e9.<\/li>\n\n\n\n<li><strong>Mo\u017enost prom\u011bny i zhroucen\u00ed.<\/strong> N\u011bkte\u0159\u00ed n\u00e1siln\u00edci, lh\u00e1\u0159i \u010di mocn\u00ed se otev\u0159ou cest\u011b uzdraven\u00ed, jin\u00ed se sev\u0159ou do v\u011bt\u0161\u00ed agrese.<\/li>\n\n\n\n<li><strong>Sl\u00e1bnut\u00ed dogmatick\u00fdch autorit.<\/strong> Politici, fanati\u010dt\u00ed v\u011b\u0159\u00edc\u00ed \u010di c\u00edrkevn\u00ed hierarchie ztr\u00e1cej\u00ed moc, pokud ne\u017eij\u00ed v pravdivosti.<\/li>\n\n\n\n<li><strong>Jiskra v ka\u017ed\u00e9m.<\/strong> I ti nejzatvrzelej\u0161\u00ed nesou v sob\u011b sv\u011btlo, kter\u00e9 mohou objevit \u2013 n\u011bkdo ho p\u0159ijme, n\u011bkdo odm\u00edtne.<\/li>\n<\/ul>\n\n\n\n<h2 class=\"wp-block-heading\">Jak nov\u00e1 spole\u010dnost bude \u0159e\u0161it n\u00e1sil\u00ed a manipulaci<\/h2>\n\n\n\n<p class=\"wp-block-paragraph\">Transformovan\u00e1 spole\u010dnost <strong>nebude naivn\u00ed ani slep\u00e1<\/strong>. Bude um\u011bt spojit <strong>ochranu a soucit<\/strong>:<\/p>\n\n\n\n<h3 class=\"wp-block-heading\">Zm\u011bna vn\u00edm\u00e1n\u00ed \u010dlov\u011bka<\/h3>\n\n\n\n<p class=\"wp-block-paragraph\">Nov\u00e1 spole\u010dnost nebude vid\u011bt n\u00e1siln\u00edka nebo manipul\u00e1tora jen jako \u201ezlo\u010dince\u201c, ale p\u0159edev\u0161\u00edm jako <strong>bytost, kter\u00e1 ztratila spojen\u00ed se sebou a sv\u00fdm sv\u011btlem<\/strong>. To ov\u0161em neznamen\u00e1 tolerovat jeho \u010diny. Znamen\u00e1 to odd\u011blit \u010dlov\u011bka od jeho \u010din\u016f: \u010diny zastavit, ale \u010dlov\u011bka nevylu\u010dovat z lidsk\u00e9 d\u016fstojnosti.<\/p>\n\n\n\n<h3 class=\"wp-block-heading\">Bezpe\u010dnost a hranice jako priorita<\/h3>\n\n\n\n<p class=\"wp-block-paragraph\">Transformovan\u00e1 spole\u010dnost nebude naivn\u00ed.<\/p>\n\n\n\n<ul class=\"wp-block-list\">\n<li><strong>Okam\u017eit\u00e1 ochrana ob\u011bt\u00ed<\/strong> bude samoz\u0159ejmost\u00ed \u2013 to znamen\u00e1 bezpe\u010dn\u00e9 prostory, rychlou pomoc a jasn\u00e9 hranice.<\/li>\n\n\n\n<li><strong>N\u00e1siln\u00e9 chov\u00e1n\u00ed<\/strong> nebude omlouv\u00e1no spiritualitou ani soucitem. Bude zastaveno.<\/li>\n<\/ul>\n\n\n\n<p class=\"wp-block-paragraph\">Rozd\u00edl bude v tom, \u017ee c\u00edlem nebude trest za ka\u017edou cenu, ale <strong>l\u00e9\u010den\u00ed ko\u0159en\u016f n\u00e1sil\u00ed<\/strong>.<\/p>\n\n\n\n<h3 class=\"wp-block-heading\">Obnova a l\u00e9\u010den\u00ed m\u00edsto trestu<\/h3>\n\n\n\n<p class=\"wp-block-paragraph\">Nam\u00edsto v\u011bznic, kter\u00e9 dnes \u010dasto jen prohlubuj\u00ed trauma, se postupn\u011b za\u010dnou objevovat <strong>centra obnovy<\/strong>.<\/p>\n\n\n\n<ul class=\"wp-block-list\">\n<li>Tady se budou pracovat s psychologi\u00ed, duchovn\u00edmi praktikami a komunitn\u00ed podporou.<\/li>\n\n\n\n<li>N\u00e1siln\u00edci a manipul\u00e1to\u0159i dostanou mo\u017enost <strong>konfrontovat sv\u00e9 vzorce<\/strong> a u\u010dit se zodpov\u011bdnosti.<\/li>\n\n\n\n<li>Nebude to jednoduch\u00e9 \u2013 n\u011bkte\u0159\u00ed odm\u00edtnou spolupracovat. Pak bude nutn\u00e1 kombinace ochrany spole\u010dnosti a pokra\u010duj\u00edc\u00ed nab\u00eddky k prom\u011bn\u011b.<\/li>\n<\/ul>\n\n\n\n<h3 class=\"wp-block-heading\">Kolektivn\u00ed tlak na pravdivost<\/h3>\n\n\n\n<p class=\"wp-block-paragraph\">Ve spole\u010dnosti, kter\u00e1 funguje v\u00edce v otev\u0159enosti a sd\u00edlen\u00ed, <strong>manipulace a l\u017ei rychleji ztr\u00e1cej\u00ed p\u016fdu pod nohama<\/strong>.<\/p>\n\n\n\n<ul class=\"wp-block-list\">\n<li>M\u00e9dia i jednotlivci budou v\u00edce propojov\u00e1ni skrze komunitn\u00ed platformy, kde se pravda \u0161\u00ed\u0159\u00ed rychleji.<\/li>\n\n\n\n<li>Skryt\u00e1 agenda bude odhalov\u00e1na<strong> kolektivn\u00ed citlivost\u00ed <\/strong>\u2013 lid\u00e9 budou v\u00edce \u201ec\u00edtit\u201c fale\u0161.<\/li>\n<\/ul>\n\n\n\n<h3 class=\"wp-block-heading\">Duchovn\u00ed zodpov\u011bdnost autorit<\/h3>\n\n\n\n<p class=\"wp-block-paragraph\">Politici, n\u00e1bo\u017eensk\u00e9 autority i l\u00edd\u0159i p\u0159ijdou o mo\u017enost beztrestn\u011b zneu\u017e\u00edvat moc. Ve spole\u010dnosti, kter\u00e1 v\u00edc vn\u00edm\u00e1 energii a pravdivost, <strong>nebude snadn\u00e9 udr\u017eet masku<\/strong>. Autorita nebude d\u00e1na funkc\u00ed, ale <strong>d\u016fv\u011brou komunity<\/strong>, kter\u00e1 se bude obnovovat jen tehdy, kdy\u017e \u010dlov\u011bk bude jednat v souladu s pravdou.<\/p>\n\n\n\n<h2 class=\"wp-block-heading\">Role ka\u017ed\u00e9ho z n\u00e1s<\/h2>\n\n\n\n<p class=\"wp-block-paragraph\">Transformovan\u00e1 spole\u010dnost nebude fungovat shora, ale <strong>zdola \u2013 z na\u0161ich ka\u017edodenn\u00edch \u010din\u016f<\/strong>.<\/p>\n\n\n\n<ul class=\"wp-block-list\">\n<li>Budeme se u\u010dit nastavovat zdrav\u00e9 hranice.<\/li>\n\n\n\n<li>Budeme v\u00edce spolupracovat v komunit\u00e1ch, aby nikdo nez\u016fstal s\u00e1m, a t\u00edm se p\u0159edch\u00e1zelo tomu, \u017ee \u010dlov\u011bk propadne do destruktivn\u00edch vzorc\u016f.<\/li>\n\n\n\n<li>Budeme se u\u010dit \u0159\u00edkat \u201ene\u201c bez nen\u00e1visti, ale s pevn\u00fdm v\u011bdom\u00edm sv\u00e9 hodnoty.<\/li>\n<\/ul>\n\n\n\n<h2 class=\"wp-block-heading\">Jak se p\u0159ipravit na tuto dobu<\/h2>\n\n\n\n<ul class=\"wp-block-list\">\n<li><strong>P\u011bstuj vnit\u0159n\u00ed klid<\/strong> \u2013 meditac\u00ed, dechem \u010di pobytem v p\u0159\u00edrod\u011b.<\/li>\n\n\n\n<li><strong>\u017dij pravdiv\u011b<\/strong> \u2013 dovol si b\u00fdt autentick\u00fd v ka\u017edodenn\u00edm \u017eivot\u011b.<\/li>\n\n\n\n<li><strong>Buduj vztahy<\/strong> \u2013 hledej spojen\u00ed a spolupr\u00e1ci m\u00edsto sout\u011b\u017ee.<\/li>\n\n\n\n<li><strong>Naslouchej Zemi<\/strong> \u2013 propojen\u00ed s p\u0159\u00edrodou ti uk\u00e1\u017ee, \u017ee jsme sou\u010d\u00e1st\u00ed v\u011bt\u0161\u00edho celku.<\/li>\n<\/ul>\n\n\n\n<p class=\"wp-block-paragraph\">Rok 2030 nen\u00ed koncem, ale <strong>branou do nov\u00e9ho zp\u016fsobu byt\u00ed<\/strong>. <\/p>\n\n\n\n<h2 class=\"wp-block-heading\">Mo\u017en\u00e1 to cel\u00e9 p\u016fsob\u00ed jako sen, ale vn\u00edm\u00e1m, \u017ee k tomu opravdu sm\u011b\u0159ujeme.<\/h2>\n\n\n\n<p class=\"wp-block-paragraph\">N\u00e1sil\u00ed a manipulace zcela nezmiz\u00ed, ale jejich <strong>prostor se z\u00fa\u017e\u00ed<\/strong> a <strong>reakce na n\u011b budou v\u011bdom\u011bj\u0161\u00ed a l\u00e9\u010div\u011bj\u0161\u00ed<\/strong> ne\u017e dnes.<\/p>\n\n\n\n<p class=\"wp-block-paragraph\"><strong>Star\u00fd sv\u011bt se hrout\u00ed <\/strong>\u2013 a to m\u016f\u017ee bolet. Ale z\u00e1rove\u0148 se rod\u00ed sv\u011bt, kde l\u00e1ska, pravda a spolupr\u00e1ce budou p\u0159irozenou sou\u010d\u00e1st\u00ed \u017eivota. Ka\u017ed\u00fd z n\u00e1s m\u00e1 mo\u017enost b\u00fdt spolutv\u016frcem t\u00e9to prom\u011bny \u2013 skrze sv\u00e9 my\u0161lenky, vztahy i odvahu \u017e\u00edt v souladu se sv\u00fdm srdcem.<\/p>\n\n\n\n<p class=\"wp-block-paragraph\"><\/p>\n","protected":false},"excerpt":{"rendered":"<p>Sv\u011bt, ve kter\u00e9m \u017eijeme, se prom\u011b\u0148uje rychleji, ne\u017e jsme kdy za\u017eili. Mnoz\u00ed z n\u00e1s c\u00edt\u00ed, \u017ee to nen\u00ed jen d\u016fsledek technologi\u00ed, politiky nebo p\u0159\u00edrodn\u00edch proces\u016f, ale sou\u010d\u00e1st v\u011bt\u0161\u00edho kosmick\u00e9ho cyklu, kter\u00fd vede lidstvo k hlubok\u00e9 transformaci. Je proto pravd\u011bpodobn\u00e9, \u017ee do roku 2030 n\u00e1s \u010dekaj\u00ed z\u00e1sadn\u00ed miln\u00edky, kter\u00e9 ovlivn\u00ed na\u0161e \u017eivoty, vztahy i zp\u016fsob, jak\u00fdm [&hellip;]<\/p>\n","protected":false},"author":1,"featured_media":5183,"comment_status":"open","ping_status":"open","sticky":false,"template":"","format":"standard","meta":{"footnotes":""},"categories":[191,12],"tags":[],"class_list":["post-5181","post","type-post","status-publish","format-standard","has-post-thumbnail","category-cesta-k-sebepoznani","category-sebepoznani-a-osobni-rozvoj"],"_links":{"self":[{"href":"https:\/\/d.r4.wbsprt.com\/mojesebepoznani.cz\/wp-json\/wp\/v2\/posts\/5181","targetHints":{"allow":["GET"]}}],"collection":[{"href":"https:\/\/d.r4.wbsprt.com\/mojesebepoznani.cz\/wp-json\/wp\/v2\/posts"}],"about":[{"href":"https:\/\/d.r4.wbsprt.com\/mojesebepoznani.cz\/wp-json\/wp\/v2\/types\/post"}],"author":[{"embeddable":true,"href":"https:\/\/d.r4.wbsprt.com\/mojesebepoznani.cz\/wp-json\/wp\/v2\/users\/1"}],"replies":[{"embeddable":true,"href":"https:\/\/d.r4.wbsprt.com\/mojesebepoznani.cz\/wp-json\/wp\/v2\/comments?post=5181"}],"version-history":[{"count":1,"href":"https:\/\/d.r4.wbsprt.com\/mojesebepoznani.cz\/wp-json\/wp\/v2\/posts\/5181\/revisions"}],"predecessor-version":[{"id":5190,"href":"https:\/\/d.r4.wbsprt.com\/mojesebepoznani.cz\/wp-json\/wp\/v2\/posts\/5181\/revisions\/5190"}],"wp:featuredmedia":[{"embeddable":true,"href":"https:\/\/d.r4.wbsprt.com\/mojesebepoznani.cz\/wp-json\/wp\/v2\/media\/5183"}],"wp:attachment":[{"href":"https:\/\/d.r4.wbsprt.com\/mojesebepoznani.cz\/wp-json\/wp\/v2\/media?parent=5181"}],"wp:term":[{"taxonomy":"category","embeddable":true,"href":"https:\/\/d.r4.wbsprt.com\/mojesebepoznani.cz\/wp-json\/wp\/v2\/categories?post=5181"},{"taxonomy":"post_tag","embeddable":true,"href":"https:\/\/d.r4.wbsprt.com\/mojesebepoznani.cz\/wp-json\/wp\/v2\/tags?post=5181"}],"curies":[{"name":"wp","href":"https:\/\/api.w.org\/{rel}","templated":true}]}}