{"id":5253,"date":"2025-09-21T18:17:04","date_gmt":"2025-09-21T16:17:04","guid":{"rendered":"https:\/\/www.mojesebepoznani.cz\/?p=5253"},"modified":"2025-09-21T18:17:06","modified_gmt":"2025-09-21T16:17:06","slug":"vliv-slunecni-aktivity-na-spolecnost-a-historicke-zvraty","status":"publish","type":"post","link":"https:\/\/d.r4.wbsprt.com\/mojesebepoznani.cz\/vliv-slunecni-aktivity-na-spolecnost-a-historicke-zvraty\/","title":{"rendered":"Vliv slune\u010dn\u00ed aktivity na spole\u010dnost a historick\u00e9 zvraty"},"content":{"rendered":"\n<p class=\"has-drop-cap wp-block-paragraph\">Slunce je pro lidstvo zdrojem \u017eivota, energie i sv\u011btla. Jen m\u00e1lokdo si v\u0161ak uv\u011bdomuje, \u017ee jeho prom\u011bnliv\u00e1 aktivita m\u016f\u017ee ovliv\u0148ovat b\u011bh d\u011bjin. Zm\u011bny na slune\u010dn\u00edm povrchu se odehr\u00e1vaj\u00ed v cyklech dlouh\u00fdch zhruba jeden\u00e1ct let. V obdob\u00edch maxima p\u0159ib\u00fdv\u00e1 slune\u010dn\u00edch skvrn a v\u00fdron\u016f koron\u00e1ln\u00ed hmoty, p\u0159i minimu naopak Slunce utich\u00e1. Tento rytmus \u2013 a\u010dkoliv prob\u00edh\u00e1 miliony kilometr\u016f daleko \u2013 m\u00e1 z\u0159eteln\u00e9 dopady na Zemi: od geomagnetick\u00fdch bou\u0159\u00ed a\u017e po spole\u010densk\u00e9 turbulence.<\/p>\n\n\n\n<figure class=\"wp-block-pullquote\"><blockquote><p>\u201eSlunce, se svou v\u0161udyp\u0159\u00edtomnou energi\u00ed, \u0159\u00edd\u00ed nejen ro\u010dn\u00ed doby, ale mo\u017en\u00e1 i osudy n\u00e1rod\u016f.\u201c<\/p><cite>Alexander von Humboldt (p\u0159elom 18.\u201319. stolet\u00ed, p\u0159\u00edrodov\u011bdec a cestovatel)<\/cite><\/blockquote><\/figure>\n\n\n\t\t<div class=\"related-sec related-1 is-width-right is-style-boxed\">\n\t\t\t<div class=\"inner\">\n\t\t\t\t<div class=\"block-h heading-layout-1\"><div class=\"heading-inner\"><h4 class=\"heading-title none-toc\"><span>V\u00edce \u010dl\u00e1nk\u016f<\/span><\/h4><\/div><\/div>\t\t\t\t<div class=\"block-inner\">\n\t\t\t\t\t\t\t<div class=\"p-wrap p-small p-list-small-2\" data-pid=\"2501\">\n\t\t\t\t\t<div class=\"feat-holder\">\t\t<div class=\"p-featured ratio-v1\">\n\t\t\t\t\t<a class=\"p-flink\" href=\"https:\/\/d.r4.wbsprt.com\/mojesebepoznani.cz\/jak-zvladat-emocni-vycerpani-a-obnovit-svou-vnitrni-energii\/\" title=\"Jak zvl\u00e1dat emo\u010dn\u00ed vy\u010derp\u00e1n\u00ed a obnovit svou vnit\u0159n\u00ed energii\">\n\t\t\t<img loading=\"lazy\" decoding=\"async\" width=\"150\" height=\"150\" src=\"https:\/\/d.r4.wbsprt.com\/mojesebepoznani.cz\/wp-content\/uploads\/2024\/06\/image-2025-03-04T193043.455-150x150.png\" class=\"featured-img wp-post-image\" alt=\"Jak zvl\u00e1dat emo\u010dn\u00ed vy\u010derp\u00e1n\u00ed a obnovit svou vnit\u0159n\u00ed energii\" loading=\"lazy\" \/>\t\t<\/a>\n\t\t\t\t<\/div>\n\t\t<\/div>\n\t\t\t\t\t<div class=\"p-content\">\n\t\t\t<div class=\"entry-title h5\">\t\t<a class=\"p-url\" href=\"https:\/\/d.r4.wbsprt.com\/mojesebepoznani.cz\/jak-zvladat-emocni-vycerpani-a-obnovit-svou-vnitrni-energii\/\" rel=\"bookmark\">\n\t\tJak zvl\u00e1dat emo\u010dn\u00ed vy\u010derp\u00e1n\u00ed a obnovit svou vnit\u0159n\u00ed energii\t\t<\/a>\n\t\t<\/div>\t\t<\/div>\n\t\t\t\t<\/div>\n\t\t\t\t<div class=\"p-wrap p-list-inline\" data-pid=\"155\">\n\t\t<div class=\"entry-title h6\"><i class=\"rbi rbi-plus\" aria-hidden=\"true\"><\/i>\t\t<a class=\"p-url\" href=\"https:\/\/d.r4.wbsprt.com\/mojesebepoznani.cz\/posvatna-geometrie-dvanactisten-jako-zakladni-stavebni-kamen-vesmiru\/\" rel=\"bookmark\">\n\t\tPosv\u00e1tn\u00e1 geometrie: Dvan\u00e1ctist\u011bn jako z\u00e1kladn\u00ed stavebn\u00ed k\u00e1men vesm\u00edru\t\t<\/a>\n\t\t<\/div>\t\t<\/div>\n\t\t\t\t<div class=\"p-wrap p-list-inline\" data-pid=\"3394\">\n\t\t<div class=\"entry-title h6\"><i class=\"rbi rbi-plus\" aria-hidden=\"true\"><\/i>\t\t<a class=\"p-url\" href=\"https:\/\/d.r4.wbsprt.com\/mojesebepoznani.cz\/schumannova-rezonance-srdecni-tep-planety-a-jeji-vliv-na-cloveka\/\" rel=\"bookmark\">\n\t\tSchumannova rezonance: Srde\u010dn\u00ed tep planety a jej\u00ed vliv na \u010dlov\u011bka\t\t<\/a>\n\t\t<\/div>\t\t<\/div>\n\t\t\t\t<div class=\"p-wrap p-list-inline\" data-pid=\"5849\">\n\t\t<div class=\"entry-title h6\"><i class=\"rbi rbi-plus\" aria-hidden=\"true\"><\/i>\t\t<a class=\"p-url\" href=\"https:\/\/d.r4.wbsprt.com\/mojesebepoznani.cz\/proc-nas-pritahuje-cislo-7-skryta-symbolika-cyklu-v-nasem-zivote\/\" rel=\"bookmark\">\n\t\tPro\u010d n\u00e1s p\u0159itahuje \u010d\u00edslo 7: Skryt\u00e1 symbolika cykl\u016f v na\u0161em \u017eivot\u011b\t\t<\/a>\n\t\t<\/div>\t\t<\/div>\n\t\t\t\t<div class=\"p-wrap p-list-inline\" data-pid=\"2581\">\n\t\t<div class=\"entry-title h6\"><i class=\"rbi rbi-plus\" aria-hidden=\"true\"><\/i>\t\t<a class=\"p-url\" href=\"https:\/\/d.r4.wbsprt.com\/mojesebepoznani.cz\/zaklady-genovych-klicu-objevte-svou-vnitrni-moudrost\/\" rel=\"bookmark\">\n\t\tZ\u00e1klady genov\u00fdch kl\u00ed\u010d\u016f: Objevte svou vnit\u0159n\u00ed moudrost\t\t<\/a>\n\t\t<\/div>\t\t<\/div>\n\t\t\t\t\t\t<\/div>\n\t\t\t<\/div>\n\t\t<\/div>\n\t\t\n\n\n\n<h2 class=\"wp-block-heading\">Kosmick\u00e9 po\u010das\u00ed a lidsk\u00fd sv\u011bt<\/h2>\n\n\n\n<p class=\"wp-block-paragraph\">Dnes v\u00edme, \u017ee slune\u010dn\u00ed erupce mohou ochromit energetick\u00e9 s\u00edt\u011b, satelity i naviga\u010dn\u00ed syst\u00e9my. Nen\u00ed to jen hypot\u00e9za: b\u011bhem siln\u00e9 bou\u0159e v roce 1989 se kanadsk\u00fd Qu\u00e9bec pono\u0159il do tmy, kdy\u017e p\u0159ep\u011bt\u00ed zkolabovalo celou rozvodnou s\u00ed\u0165. Je\u0161t\u011b zn\u00e1m\u011bj\u0161\u00ed je <strong>Carringtonova ud\u00e1lost z roku 1859<\/strong>, kdy telegr\u00e1fn\u00ed linky jisk\u0159ily a p\u0159en\u00e1\u0161ely zpr\u00e1vy i bez p\u0159ipojen\u00ed k bateri\u00edm.<\/p>\n\n\n\n<p class=\"wp-block-paragraph\">P\u016fsoben\u00ed Slunce ale nemus\u00ed b\u00fdt v\u017edy p\u0159\u00edm\u00e9. N\u011bkter\u00e9 studie nazna\u010duj\u00ed, \u017ee slune\u010dn\u00ed cykly mohou ovliv\u0148ovat klima, \u00farodu i lidskou psychiku. V historii proto najdeme pozoruhodn\u00e9 paralely mezi f\u00e1zemi slune\u010dn\u00ed aktivity a politick\u00fdmi \u010di spole\u010densk\u00fdmi zlomy.<\/p>\n\n\n\n<h2 class=\"wp-block-heading\">Jak p\u016fsob\u00ed Slunce na Zemi?<\/h2>\n\n\n\n<ol class=\"wp-block-list\">\n<li><strong>Geomagnetick\u00e9 bou\u0159e<\/strong> \u2013 P\u0159i siln\u00fdch v\u00fdronech koron\u00e1ln\u00ed hmoty zas\u00e1hne proud nabit\u00fdch \u010d\u00e1stic zemskou magnetosf\u00e9ru. To zp\u016fsob\u00ed poruchy elektrick\u00fdch s\u00edt\u00ed, navigace a komunika\u010dn\u00edch syst\u00e9m\u016f.<\/li>\n\n\n\n<li><strong>Kosmick\u00e9 z\u00e1\u0159en\u00ed<\/strong> \u2013 V obdob\u00edch minima je magnetick\u00e9 pole Slunce slab\u0161\u00ed, a proto na Zemi pronik\u00e1 v\u00edce kosmick\u00e9ho z\u00e1\u0159en\u00ed. To m\u016f\u017ee ovlivnit klima i zdrav\u00ed lid\u00ed, a dokonce m\u00edrn\u011b zvy\u0161ovat muta\u010dn\u00ed tlak.<\/li>\n\n\n\n<li><strong>Klima<\/strong> \u2013 N\u011bkter\u00e9 studie nazna\u010duj\u00ed, \u017ee slune\u010dn\u00ed cyklus m\u016f\u017ee ovliv\u0148ovat cirkulaci atmosf\u00e9ry, sr\u00e1\u017ekov\u00e9 re\u017eimy a teplotn\u00ed extr\u00e9my. Mal\u00e1 zm\u011bna v oz\u00e1\u0159en\u00ed horn\u00ed atmosf\u00e9ry se m\u016f\u017ee n\u00e1sobit p\u0159es slo\u017eit\u00e9 klimatick\u00e9 vazby.<\/li>\n\n\n\n<li><strong>Psychologie a biologie<\/strong> \u2013 Existuj\u00ed hypot\u00e9zy, \u017ee magnetick\u00e9 poruchy p\u016fsob\u00ed na nervovou soustavu a sp\u00e1nkov\u00fd rytmus. P\u0159\u00edm\u00e9 d\u016fkazy jsou zat\u00edm sporn\u00e9, ale v\u011bdeck\u00e9 t\u00fdmy se touto mo\u017enost\u00ed zab\u00fdvaj\u00ed.<\/li>\n<\/ol>\n\n\n\n<h2 class=\"wp-block-heading\">Historick\u00e9 maxima: revoluce a konflikty<\/h2>\n\n\n\n<p class=\"wp-block-paragraph\">Kdy\u017e se pod\u00edv\u00e1me na obdob\u00ed slune\u010dn\u00edch maxim, n\u00e1padn\u011b \u010dasto se p\u0159ekr\u00fdvaj\u00ed s bou\u0159liv\u00fdmi d\u011bjinn\u00fdmi ud\u00e1lostmi:<\/p>\n\n\n\n<ul class=\"wp-block-list\">\n<li><strong>1848<\/strong> \u2013 Evropa zachv\u00e1tila vlna revoluc\u00ed, zat\u00edmco Slunce vrcholilo v dev\u00e1t\u00e9m cyklu.<\/li>\n\n\n\n<li><strong>1917<\/strong> \u2013 b\u011bhem maxima patn\u00e1ct\u00e9ho cyklu propukla rusk\u00e1 revoluce a sv\u011bt byl uprost\u0159ed prvn\u00ed sv\u011btov\u00e9 v\u00e1lky.<\/li>\n\n\n\n<li><strong>1958<\/strong> \u2013 v dob\u011b nejsiln\u011bj\u0161\u00edho zaznamenan\u00e9ho cyklu za\u010dala kosmick\u00e1 \u00e9ra, studen\u00e1 v\u00e1lka gradovala a Sputnik odstartoval z\u00e1vody ve vesm\u00edru.<\/li>\n\n\n\n<li><strong>1968 <\/strong>&#8211; spole\u010denstv\u00fd zvrat v \u010ceskoslovensku<\/li>\n\n\n\n<li><strong>1989<\/strong> \u2013 p\u00e1d Berl\u00ednsk\u00e9 zdi a konec v\u00fdchodn\u00edho bloku se kryj\u00ed s maximem cyklu 22 a silnou geomagnetickou bou\u0159\u00ed.<\/li>\n\n\n\n<li><strong>2024<\/strong> \u2013 sou\u010dasn\u00e9 maximum cyklu 25 doprov\u00e1zej\u00ed geopolitick\u00e9 ot\u0159esy a rekordn\u00ed pol\u00e1rn\u00ed z\u00e1\u0159e viditeln\u00e9 i ve st\u0159edn\u00ed Evrop\u011b.<\/li>\n<\/ul>\n\n\n\n<h2 class=\"wp-block-heading\">Historick\u00e1 minima: krize a hlad<\/h2>\n\n\n\n<p class=\"wp-block-paragraph\">Ani obdob\u00ed klidn\u00e9ho Slunce nebyla pro lidstvo snadn\u00e1.<\/p>\n\n\n\n<ul class=\"wp-block-list\">\n<li><strong>1816<\/strong> &#8211; zn\u00e1m\u00fd jako \u201erok bez l\u00e9ta\u201c, p\u0159inesl hladomory a nepokoje po cel\u00e9m sv\u011bt\u011b \u2013 \u0161lo o kombinaci hlubok\u00e9ho minima a v\u00fdbuchu sopky Tambora.<\/li>\n\n\n\n<li><strong>1878<\/strong> &#8211; b\u011bhem minima cyklu 12, sv\u011bt sev\u0159ela hospod\u00e1\u0159sk\u00e1 deprese.<\/li>\n\n\n\n<li><strong>1913<\/strong> &#8211; extr\u00e9mn\u011b slab\u00e9 minimum, p\u0159edznamenalo vypuknut\u00ed prvn\u00ed sv\u011btov\u00e9 v\u00e1lky.<\/li>\n\n\n\n<li><strong>2008<\/strong> &#8211; jedno z nejhlub\u0161\u00edch minim posledn\u00edch stalet\u00ed, bylo sou\u010dasn\u011b rokem finan\u010dn\u00ed krize.<\/li>\n\n\n\n<li><strong>2019<\/strong> &#8211; posledn\u00ed minimum, kr\u00e1tce p\u0159edch\u00e1zelo pandemii COVID-19.<\/li>\n<\/ul>\n\n\n\n<h3 class=\"wp-block-heading\">Vztah:<\/h3>\n\n\n\n<ul class=\"wp-block-list\">\n<li><strong>Maxima<\/strong> \u010dasto koreluj\u00ed s geopolitick\u00fdmi a spole\u010densk\u00fdmi zvraty, technologick\u00fdmi skoky a i velk\u00fdmi bou\u0159emi na Zemi (magnetick\u00e9 bou\u0159e, v\u00fdpadky s\u00edt\u00ed).<\/li>\n\n\n\n<li><strong>Minima<\/strong> jsou \u010dast\u011bji spojena s ekonomick\u00fdmi krizemi, soci\u00e1ln\u00edm nap\u011bt\u00edm, epidemiologick\u00fdmi ud\u00e1lostmi a slab\u0161\u00ed ochranou magnetosf\u00e9ry (v\u00edce kosmick\u00e9ho z\u00e1\u0159en\u00ed).<\/li>\n<\/ul>\n\n\n\n<h2 class=\"wp-block-heading\">Shoda, nebo n\u00e1hoda?<\/h2>\n\n\n\n<p class=\"wp-block-paragraph\">Samoz\u0159ejm\u011b nen\u00ed mo\u017en\u00e9 \u0159\u00edci, \u017ee by slune\u010dn\u00ed skvrny samy vyvol\u00e1valy revoluce nebo krize. Lidstvo se \u0159\u00edd\u00ed vlastn\u00edmi z\u00e1konitostmi. P\u0159esto korelace z\u016fst\u00e1v\u00e1 fascinuj\u00edc\u00ed. Je mo\u017en\u00e9, \u017ee zm\u011bny v kosmick\u00e9m z\u00e1\u0159en\u00ed, klimatu a ekonomice vytv\u00e1\u0159ej\u00ed prost\u0159ed\u00ed, v n\u011bm\u017e nap\u011bt\u00ed sn\u00e1ze p\u0159er\u016fst\u00e1 v konflikty.<\/p>\n\n\n\n<p class=\"wp-block-paragraph\">Pro v\u011bdce je slune\u010dn\u00ed cyklus p\u0159edev\u0161\u00edm v\u00fdzvou: mus\u00edme l\u00e9pe porozum\u011bt kosmick\u00e9mu po\u010das\u00ed, abychom chr\u00e1nili na\u0161i civilizaci, kter\u00e1 je st\u00e1le v\u00edce z\u00e1visl\u00e1 na technologi\u00edch. Pro \u010dten\u00e1\u0159e v\u0161ak m\u016f\u017ee b\u00fdt pohled na souvislost mezi nebesk\u00fdm t\u011blesem a lidsk\u00fdmi d\u011bjinami p\u0159ipom\u00ednkou, \u017ee jsme sou\u010d\u00e1st\u00ed v\u011bt\u0161\u00edho, kosmick\u00e9ho rytmu.<\/p>\n\n\n\n<h2 class=\"wp-block-heading\">Pro\u010d je to d\u016fle\u017eit\u00e9 dnes?<\/h2>\n\n\n\n<p class=\"wp-block-paragraph\">Na\u0161e civilizace je st\u00e1le v\u00edce z\u00e1visl\u00e1 na technologi\u00edch: satelity, GPS, internet, elektrick\u00e9 s\u00edt\u011b. Siln\u00e1 slune\u010dn\u00ed erupce dnes m\u016f\u017ee zp\u016fsobit \u0161kody v \u0159\u00e1du stovek miliard dolar\u016f. Proto se kosmick\u00e9 po\u010das\u00ed sleduje podobn\u011b jako hurik\u00e1ny \u010di zem\u011bt\u0159esen\u00ed. NASA, NOAA i evropsk\u00e9 observato\u0159e pravideln\u011b vyd\u00e1vaj\u00ed p\u0159edpov\u011bdi a varov\u00e1n\u00ed.<\/p>\n\n\n\n<p class=\"wp-block-paragraph\">Sou\u010dasn\u00fd cyklus 25, kter\u00fd vrchol\u00ed pr\u00e1v\u011b v roce 2024, ukazuje, \u017ee Slunce z\u016fst\u00e1v\u00e1 nevyzpytateln\u00fdm partnerem. A\u0165 u\u017e v\u011b\u0159\u00edme na souvislosti mezi jeho rytmem a lidsk\u00fdmi d\u011bjinami, jedno je jist\u00e9: d\u011bjiny Zem\u011b a Slunce jsou propojeny v\u00edc, ne\u017e jsme si ochotni p\u0159ipustit.<\/p>\n\n\n\n<h2 class=\"wp-block-heading\">Co n\u00e1s \u010dek\u00e1 d\u00e1l?<\/h2>\n\n\n\n<p class=\"wp-block-paragraph\">Sou\u010dasn\u00fd cyklus 25 dosahuje vrcholu. U\u017e nyn\u00ed jsme sv\u011bdky nejsiln\u011bj\u0161\u00edch pol\u00e1rn\u00edch z\u00e1\u0159\u00ed za posledn\u00ed desetilet\u00ed. Pokud se historie bude opakovat, m\u016f\u017eeme o\u010dek\u00e1vat, \u017ee i spole\u010densk\u00e9 d\u011bn\u00ed dostane nov\u00fd, bou\u0159liv\u00fd n\u00e1boj. A\u017e se v\u0161ak Slunce znovu uklidn\u00ed, z\u016fstane ot\u00e1zka: jsou tyto paralely jen n\u00e1hoda, nebo n\u00e1s Slunce vede v rytmu, kter\u00fd je star\u00fd jako samo lidstvo?<\/p>\n","protected":false},"excerpt":{"rendered":"<p>Slunce je pro lidstvo zdrojem \u017eivota, energie i sv\u011btla. Jen m\u00e1lokdo si v\u0161ak uv\u011bdomuje, \u017ee jeho prom\u011bnliv\u00e1 aktivita m\u016f\u017ee ovliv\u0148ovat b\u011bh d\u011bjin. Zm\u011bny na slune\u010dn\u00edm povrchu se odehr\u00e1vaj\u00ed v cyklech dlouh\u00fdch zhruba jeden\u00e1ct let. V obdob\u00edch maxima p\u0159ib\u00fdv\u00e1 slune\u010dn\u00edch skvrn a v\u00fdron\u016f koron\u00e1ln\u00ed hmoty, p\u0159i minimu naopak Slunce utich\u00e1. Tento rytmus \u2013 a\u010dkoliv prob\u00edh\u00e1 miliony [&hellip;]<\/p>\n","protected":false},"author":1,"featured_media":5255,"comment_status":"open","ping_status":"open","sticky":false,"template":"","format":"standard","meta":{"footnotes":""},"categories":[190,288],"tags":[410],"class_list":["post-5253","post","type-post","status-publish","format-standard","has-post-thumbnail","category-tajemstvi-existence","category-nase-planeta","tag-planeta"],"_links":{"self":[{"href":"https:\/\/d.r4.wbsprt.com\/mojesebepoznani.cz\/wp-json\/wp\/v2\/posts\/5253","targetHints":{"allow":["GET"]}}],"collection":[{"href":"https:\/\/d.r4.wbsprt.com\/mojesebepoznani.cz\/wp-json\/wp\/v2\/posts"}],"about":[{"href":"https:\/\/d.r4.wbsprt.com\/mojesebepoznani.cz\/wp-json\/wp\/v2\/types\/post"}],"author":[{"embeddable":true,"href":"https:\/\/d.r4.wbsprt.com\/mojesebepoznani.cz\/wp-json\/wp\/v2\/users\/1"}],"replies":[{"embeddable":true,"href":"https:\/\/d.r4.wbsprt.com\/mojesebepoznani.cz\/wp-json\/wp\/v2\/comments?post=5253"}],"version-history":[{"count":2,"href":"https:\/\/d.r4.wbsprt.com\/mojesebepoznani.cz\/wp-json\/wp\/v2\/posts\/5253\/revisions"}],"predecessor-version":[{"id":5266,"href":"https:\/\/d.r4.wbsprt.com\/mojesebepoznani.cz\/wp-json\/wp\/v2\/posts\/5253\/revisions\/5266"}],"wp:featuredmedia":[{"embeddable":true,"href":"https:\/\/d.r4.wbsprt.com\/mojesebepoznani.cz\/wp-json\/wp\/v2\/media\/5255"}],"wp:attachment":[{"href":"https:\/\/d.r4.wbsprt.com\/mojesebepoznani.cz\/wp-json\/wp\/v2\/media?parent=5253"}],"wp:term":[{"taxonomy":"category","embeddable":true,"href":"https:\/\/d.r4.wbsprt.com\/mojesebepoznani.cz\/wp-json\/wp\/v2\/categories?post=5253"},{"taxonomy":"post_tag","embeddable":true,"href":"https:\/\/d.r4.wbsprt.com\/mojesebepoznani.cz\/wp-json\/wp\/v2\/tags?post=5253"}],"curies":[{"name":"wp","href":"https:\/\/api.w.org\/{rel}","templated":true}]}}