{"id":5973,"date":"2026-05-25T18:57:47","date_gmt":"2026-05-25T16:57:47","guid":{"rendered":"https:\/\/www.mojesebepoznani.cz\/?p=5973"},"modified":"2026-05-25T18:57:49","modified_gmt":"2026-05-25T16:57:49","slug":"mystery-of-life-2026-zve-na-ctyri-dny-hudby-sebepoznani-a-vedomeho-setkavani","status":"publish","type":"post","link":"https:\/\/d.r4.wbsprt.com\/mojesebepoznani.cz\/mystery-of-life-2026-zve-na-ctyri-dny-hudby-sebepoznani-a-vedomeho-setkavani\/","title":{"rendered":"Mystery of Life 2026 zve na \u010dty\u0159i dny hudby, sebepozn\u00e1n\u00ed a v\u011bdom\u00e9ho setk\u00e1v\u00e1n\u00ed"},"content":{"rendered":"\n<p class=\"has-drop-cap wp-block-paragraph\">Ve dnech 11.\u201314. \u010dervna 2026 se v jiho\u010desk\u00fdch Rad\u011btic\u00edch u Bechyn\u011b uskute\u010dn\u00ed dal\u0161\u00ed ro\u010dn\u00edk festivalu Mystery of Life, kter\u00fd si za posledn\u00ed roky z\u00edskal pozornost n\u00e1v\u0161t\u011bvn\u00edk\u016f hledaj\u00edc\u00edch komorn\u011bj\u0161\u00ed alternativu k velk\u00fdm letn\u00edm festival\u016fm. Organiz\u00e1to\u0159i letos op\u011bt l\u00e1kaj\u00ed na propojen\u00ed hudby, p\u0159edn\u00e1\u0161ek, workshop\u016f a duchovn\u011b zam\u011b\u0159en\u00e9ho programu v prost\u0159ed\u00ed p\u0159\u00edrodn\u00edho resortu Cihelna.<\/p>\n\n\n\n<figure class=\"wp-block-pullquote\"><blockquote><p>\u201eNejsme lidsk\u00e9 bytosti pro\u017e\u00edvaj\u00edc\u00ed duchovn\u00ed zku\u0161enost. Jsme duchovn\u00ed bytosti pro\u017e\u00edvaj\u00edc\u00ed lidskou zku\u0161enost.\u201c<\/p><cite>Pierre Teilhard de Chardin<\/cite><\/blockquote><\/figure>\n\n\n\t\t<div class=\"related-sec related-1 is-width-right is-style-boxed\">\n\t\t\t<div class=\"inner\">\n\t\t\t\t<div class=\"block-h heading-layout-1\"><div class=\"heading-inner\"><h4 class=\"heading-title none-toc\"><span>V\u00edce \u010dl\u00e1nk\u016f<\/span><\/h4><\/div><\/div>\t\t\t\t<div class=\"block-inner\">\n\t\t\t\t\t\t\t<div class=\"p-wrap p-small p-list-small-2\" data-pid=\"2632\">\n\t\t\t\t\t<div class=\"feat-holder\">\t\t<div class=\"p-featured ratio-v1\">\n\t\t\t\t\t<a class=\"p-flink\" href=\"https:\/\/d.r4.wbsprt.com\/mojesebepoznani.cz\/konference-presah-kdyz-se-veda-setka-se-spiritualitou\/\" title=\"Konference P\u0159esah: Kdy\u017e se v\u011bda setk\u00e1 se spiritualitou\">\n\t\t\t<img loading=\"lazy\" decoding=\"async\" width=\"150\" height=\"150\" src=\"https:\/\/d.r4.wbsprt.com\/mojesebepoznani.cz\/wp-content\/uploads\/2024\/04\/Snimek-obrazovky-2025-03-05-104617-150x150.jpg\" class=\"featured-img wp-post-image\" alt=\"Konference P\u0159esah na Univerzit\u011b Palack\u00e9ho v Olomouci\" loading=\"lazy\" \/>\t\t<\/a>\n\t\t\t\t<\/div>\n\t\t<\/div>\n\t\t\t\t\t<div class=\"p-content\">\n\t\t\t<div class=\"entry-title h5\">\t\t<a class=\"p-url\" href=\"https:\/\/d.r4.wbsprt.com\/mojesebepoznani.cz\/konference-presah-kdyz-se-veda-setka-se-spiritualitou\/\" rel=\"bookmark\">\n\t\tKonference P\u0159esah: Kdy\u017e se v\u011bda setk\u00e1 se spiritualitou\t\t<\/a>\n\t\t<\/div>\t\t<\/div>\n\t\t\t\t<\/div>\n\t\t\t\t<div class=\"p-wrap p-list-inline\" data-pid=\"5426\">\n\t\t<div class=\"entry-title h6\"><i class=\"rbi rbi-plus\" aria-hidden=\"true\"><\/i>\t\t<a class=\"p-url\" href=\"https:\/\/d.r4.wbsprt.com\/mojesebepoznani.cz\/laska-a-odpusteni-dve-slova-ktera-me-dnes-rano-zmenila\/\" rel=\"bookmark\">\n\t\tL\u00e1ska a Odpu\u0161t\u011bn\u00ed: Dv\u011b slova, kter\u00e1 m\u011b dnes r\u00e1no zm\u011bnila\t\t<\/a>\n\t\t<\/div>\t\t<\/div>\n\t\t\t\t<div class=\"p-wrap p-list-inline\" data-pid=\"5760\">\n\t\t<div class=\"entry-title h6\"><i class=\"rbi rbi-plus\" aria-hidden=\"true\"><\/i>\t\t<a class=\"p-url\" href=\"https:\/\/d.r4.wbsprt.com\/mojesebepoznani.cz\/kava-napoj-bdelosti-nebo-tichy-nastroj-systemu\/\" rel=\"bookmark\">\n\t\tK\u00c1VA: N\u00e1poj bd\u011blosti, nebo tich\u00fd n\u00e1stroj syst\u00e9mu?\t\t<\/a>\n\t\t<\/div>\t\t<\/div>\n\t\t\t\t<div class=\"p-wrap p-list-inline\" data-pid=\"4557\">\n\t\t<div class=\"entry-title h6\"><i class=\"rbi rbi-plus\" aria-hidden=\"true\"><\/i>\t\t<a class=\"p-url\" href=\"https:\/\/d.r4.wbsprt.com\/mojesebepoznani.cz\/slovane-a-budoucnost-evropy-proc-je-cas-probudit-intuici\/\" rel=\"bookmark\">\n\t\tSlovan\u00e9 a budoucnost Evropy: Pro\u010d je \u010das probudit intuici?\t\t<\/a>\n\t\t<\/div>\t\t<\/div>\n\t\t\t\t<div class=\"p-wrap p-list-inline\" data-pid=\"5948\">\n\t\t<div class=\"entry-title h6\"><i class=\"rbi rbi-plus\" aria-hidden=\"true\"><\/i>\t\t<a class=\"p-url\" href=\"https:\/\/d.r4.wbsprt.com\/mojesebepoznani.cz\/slova-ktera-oteviraji-srdce\/\" rel=\"bookmark\">\n\t\tSlova, kter\u00e1 otev\u00edraj\u00ed Srdce\t\t<\/a>\n\t\t<\/div>\t\t<\/div>\n\t\t\t\t\t\t<\/div>\n\t\t\t<\/div>\n\t\t<\/div>\n\t\t\n\n\n\n<p class=\"wp-block-paragraph\">Festival je charakteristick\u00fd svou men\u0161\u00ed kapacitou, kter\u00e1 je omezena p\u0159ibli\u017en\u011b na 150 n\u00e1v\u0161t\u011bvn\u00edk\u016f. Pr\u00e1v\u011b d\u016fraz na osobn\u00ed atmosf\u00e9ru, bl\u00edzk\u00fd kontakt mezi \u00fa\u010dastn\u00edky a komorn\u00ed prost\u0159ed\u00ed pat\u0159\u00ed podle po\u0159adatel\u016f mezi hlavn\u00ed my\u0161lenky cel\u00e9 akce.<\/p>\n\n\n\n<p class=\"wp-block-paragraph\">Program nab\u00eddne p\u0159edn\u00e1\u0161ky, hudebn\u00ed vystoupen\u00ed, workshopy i relaxa\u010dn\u00ed aktivity zam\u011b\u0159en\u00e9 na osobn\u00ed rozvoj, spiritualitu, pr\u00e1ci s t\u011blem a v\u011bdom\u00fd \u017eivotn\u00ed styl. Mezi pozvan\u00fdmi hosty se objev\u00ed nap\u0159\u00edklad \u00c1da Inneman, Jana Kiara, Martin P\u00e1vek, Suene\u00e9, Alexandra McKenzie, Mon Akirah, Ji\u0159\u00ed Saharin Vondra nebo Jan Kro\u010da. Hudebn\u00ed \u010d\u00e1st festivalu dopln\u00ed mimo jin\u00e9 Guy Barrington, Marie Til\u0161arov\u00e1, skupina Shivers \u010di Mantrovn\u00edci.<\/p>\n\n\n\n<figure class=\"wp-block-image size-large\"><a href=\"https:\/\/www.mojesebepoznani.cz\/wp-content\/uploads\/2026\/05\/Mystery-of-Life-program.pdf\" rel=\"nofollow noopener\" target=\"_blank\"><img loading=\"lazy\" loading=\"lazy\" decoding=\"async\" width=\"1024\" height=\"512\" src=\"https:\/\/www.mojesebepoznani.cz\/wp-content\/uploads\/2026\/05\/Festival-Mystery-of-Life-2026-nabidne-ctyri-dny-hudby-workshopu-spirituality-tance-a-osobniho-rozvoje-1024x512.jpg\" alt=\"Program festivalu Mystery of Life - Festival Mystery of Life 2026 nab\u00eddne \u010dty\u0159i dny hudby, workshop\u016f, spirituality, tance a osobn\u00edho rozvoje v komorn\u00edm prost\u0159ed\u00ed resortu Cihelna u Bechyn\u011b.\" class=\"wp-image-5974\" srcset=\"https:\/\/d.r4.wbsprt.com\/mojesebepoznani.cz\/wp-content\/uploads\/2026\/05\/Festival-Mystery-of-Life-2026-nabidne-ctyri-dny-hudby-workshopu-spirituality-tance-a-osobniho-rozvoje-1024x512.jpg 1024w, https:\/\/d.r4.wbsprt.com\/mojesebepoznani.cz\/wp-content\/uploads\/2026\/05\/Festival-Mystery-of-Life-2026-nabidne-ctyri-dny-hudby-workshopu-spirituality-tance-a-osobniho-rozvoje-300x150.jpg 300w, https:\/\/d.r4.wbsprt.com\/mojesebepoznani.cz\/wp-content\/uploads\/2026\/05\/Festival-Mystery-of-Life-2026-nabidne-ctyri-dny-hudby-workshopu-spirituality-tance-a-osobniho-rozvoje-768x384.jpg 768w, https:\/\/d.r4.wbsprt.com\/mojesebepoznani.cz\/wp-content\/uploads\/2026\/05\/Festival-Mystery-of-Life-2026-nabidne-ctyri-dny-hudby-workshopu-spirituality-tance-a-osobniho-rozvoje-1536x768.jpg 1536w, https:\/\/d.r4.wbsprt.com\/mojesebepoznani.cz\/wp-content\/uploads\/2026\/05\/Festival-Mystery-of-Life-2026-nabidne-ctyri-dny-hudby-workshopu-spirituality-tance-a-osobniho-rozvoje-860x430.jpg 860w, https:\/\/d.r4.wbsprt.com\/mojesebepoznani.cz\/wp-content\/uploads\/2026\/05\/Festival-Mystery-of-Life-2026-nabidne-ctyri-dny-hudby-workshopu-spirituality-tance-a-osobniho-rozvoje-1320x660.jpg 1320w, https:\/\/d.r4.wbsprt.com\/mojesebepoznani.cz\/wp-content\/uploads\/2026\/05\/Festival-Mystery-of-Life-2026-nabidne-ctyri-dny-hudby-workshopu-spirituality-tance-a-osobniho-rozvoje-760x380.jpg 760w, https:\/\/d.r4.wbsprt.com\/mojesebepoznani.cz\/wp-content\/uploads\/2026\/05\/Festival-Mystery-of-Life-2026-nabidne-ctyri-dny-hudby-workshopu-spirituality-tance-a-osobniho-rozvoje.jpg 1774w\" sizes=\"auto, (max-width: 1024px) 100vw, 1024px\" \/><\/a><\/figure>\n\n\n\n<p class=\"wp-block-paragraph\">Vedle hlavn\u00edho programu budou n\u00e1v\u0161t\u011bvn\u00edk\u016fm k dispozici tak\u00e9 tematick\u00e9 workshopy a doprovodn\u00e9 aktivity. Sou\u010d\u00e1st\u00ed festivalu bude relaxa\u010dn\u011b-hudebn\u00ed stan, tvo\u0159iv\u00e1 d\u00edlna, ceremoni\u00e1ln\u00ed kakao, fire show, malov\u00e1n\u00ed, hula hoop nebo uk\u00e1zky alternativn\u00edch sm\u011br\u016f pr\u00e1ce s t\u011blem a energi\u00ed. Nab\u00eddku dopln\u00ed tak\u00e9 mas\u00e1\u017ee, ajurv\u00e9da, \u010d\u00ednsk\u00e1 medic\u00edna \u010di chiropraktick\u00e9 slu\u017eby.<\/p>\n\n\n\n<p class=\"wp-block-paragraph\">Organiz\u00e1to\u0159i kladou d\u016fraz i na pohodl\u00ed n\u00e1v\u0161t\u011bvn\u00edk\u016f. Ubytov\u00e1n\u00ed je mo\u017en\u00e9 v chatk\u00e1ch, stanech nebo vlastn\u00edch automobilech. Are\u00e1l nab\u00edz\u00ed restauraci s mo\u017enost\u00ed pln\u00e9 penze, soci\u00e1ln\u00ed z\u00e1zem\u00ed v kamenn\u00e9 budov\u011b i venkovn\u00ed baz\u00e9n, kolem kter\u00e9ho se odehr\u00e1v\u00e1 \u010d\u00e1st festivalov\u00e9ho \u017eivota.<\/p>\n\n\n\n<blockquote class=\"wp-block-quote is-layout-flow wp-block-quote-is-layout-flow\">\n<p class=\"wp-block-paragraph\">\u201eChceme vytv\u00e1\u0159et prostor, kde se lid\u00e9 mohou skute\u010dn\u011b potkat, sd\u00edlet a b\u00fdt n\u011bkolik dn\u00ed spolu v bezpe\u010dn\u00e9 a p\u0159\u00e1telsk\u00e9 atmosf\u00e9\u0159e,\u201c uv\u00e1d\u00ed organiz\u00e1to\u0159i festivalu.<\/p>\n<\/blockquote>\n\n\n\n<p class=\"wp-block-paragraph\">Zaj\u00edmavost\u00ed je tak\u00e9 rozhodnut\u00ed po\u0159adatel\u016f prod\u00e1vat vstupenky pouze na cel\u00fd festivalov\u00fd pobyt od \u010dtvrtka do ned\u011ble. Podle nich pr\u00e1v\u011b del\u0161\u00ed spole\u010dn\u011b str\u00e1ven\u00fd \u010das pom\u00e1h\u00e1 vytv\u00e1\u0159et otev\u0159en\u011bj\u0161\u00ed a d\u016fv\u011brn\u011bj\u0161\u00ed komunitn\u00ed prost\u0159ed\u00ed.<\/p>\n\n\n\n<p class=\"wp-block-paragraph\">D\u011bti do 12 let maj\u00ed letos vstup zdarma. Kapacita chatek i vstupenek je omezen\u00e1 a organiz\u00e1to\u0159i doporu\u010duj\u00ed rezervaci s p\u0159edstihem.<\/p>\n\n\n\n<p class=\"wp-block-paragraph\">Podrobn\u00e9 informace o programu, ubytov\u00e1n\u00ed i vstupenk\u00e1ch jsou dostupn\u00e9 na ofici\u00e1ln\u00edch str\u00e1nk\u00e1ch festivalu:<\/p>\n\n\n\n<p class=\"wp-block-paragraph\"><a href=\"https:\/\/www.mysteryoflife.cz\/\" data-type=\"link\" data-id=\"https:\/\/www.mysteryoflife.cz\/\" rel=\"nofollow noopener\" target=\"_blank\">Mystery of Life \u2013 ofici\u00e1ln\u00ed web festivalu<\/a><\/p>\n\n\n\n<figure class=\"wp-block-image size-large\"><a href=\"https:\/\/www.mysteryoflife.cz\/\" target=\"_blank\" rel=\" noreferrer noopener nofollow\"><img loading=\"lazy\" loading=\"lazy\" decoding=\"async\" width=\"724\" height=\"1024\" src=\"https:\/\/www.mojesebepoznani.cz\/wp-content\/uploads\/2026\/05\/Mystery-of-Life-2026-plakat-724x1024.jpg\" alt=\"\" class=\"wp-image-5977\" srcset=\"https:\/\/d.r4.wbsprt.com\/mojesebepoznani.cz\/wp-content\/uploads\/2026\/05\/Mystery-of-Life-2026-plakat-724x1024.jpg 724w, https:\/\/d.r4.wbsprt.com\/mojesebepoznani.cz\/wp-content\/uploads\/2026\/05\/Mystery-of-Life-2026-plakat-212x300.jpg 212w, https:\/\/d.r4.wbsprt.com\/mojesebepoznani.cz\/wp-content\/uploads\/2026\/05\/Mystery-of-Life-2026-plakat-768x1086.jpg 768w, https:\/\/d.r4.wbsprt.com\/mojesebepoznani.cz\/wp-content\/uploads\/2026\/05\/Mystery-of-Life-2026-plakat-1086x1536.jpg 1086w, https:\/\/d.r4.wbsprt.com\/mojesebepoznani.cz\/wp-content\/uploads\/2026\/05\/Mystery-of-Life-2026-plakat-1448x2048.jpg 1448w, https:\/\/d.r4.wbsprt.com\/mojesebepoznani.cz\/wp-content\/uploads\/2026\/05\/Mystery-of-Life-2026-plakat-860x1216.jpg 860w, https:\/\/d.r4.wbsprt.com\/mojesebepoznani.cz\/wp-content\/uploads\/2026\/05\/Mystery-of-Life-2026-plakat-1536x2172.jpg 1536w, https:\/\/d.r4.wbsprt.com\/mojesebepoznani.cz\/wp-content\/uploads\/2026\/05\/Mystery-of-Life-2026-plakat-1320x1867.jpg 1320w, https:\/\/d.r4.wbsprt.com\/mojesebepoznani.cz\/wp-content\/uploads\/2026\/05\/Mystery-of-Life-2026-plakat-760x1075.jpg 760w, https:\/\/d.r4.wbsprt.com\/mojesebepoznani.cz\/wp-content\/uploads\/2026\/05\/Mystery-of-Life-2026-plakat.jpg 1600w\" sizes=\"auto, (max-width: 724px) 100vw, 724px\" \/><\/a><\/figure>\n","protected":false},"excerpt":{"rendered":"<p>Ve dnech 11.\u201314. \u010dervna 2026 se v jiho\u010desk\u00fdch Rad\u011btic\u00edch u Bechyn\u011b uskute\u010dn\u00ed dal\u0161\u00ed ro\u010dn\u00edk festivalu Mystery of Life, kter\u00fd si za posledn\u00ed roky z\u00edskal pozornost n\u00e1v\u0161t\u011bvn\u00edk\u016f hledaj\u00edc\u00edch komorn\u011bj\u0161\u00ed alternativu k velk\u00fdm letn\u00edm festival\u016fm. Organiz\u00e1to\u0159i letos op\u011bt l\u00e1kaj\u00ed na propojen\u00ed hudby, p\u0159edn\u00e1\u0161ek, workshop\u016f a duchovn\u011b zam\u011b\u0159en\u00e9ho programu v prost\u0159ed\u00ed p\u0159\u00edrodn\u00edho resortu Cihelna. \u201eNejsme lidsk\u00e9 bytosti pro\u017e\u00edvaj\u00edc\u00ed [&hellip;]<\/p>\n","protected":false},"author":19,"featured_media":5976,"comment_status":"open","ping_status":"open","sticky":false,"template":"","format":"standard","meta":{"footnotes":""},"categories":[254],"tags":[617,616,619,621,613,618,433,615,614,620],"class_list":["post-5973","post","type-post","status-publish","format-standard","has-post-thumbnail","category-pozvanky-a-kalendar-akci","tag-duchovnifestival","tag-festival2026","tag-hudbaaleceni","tag-komunitnisetkani","tag-mysteryoflife","tag-osobnirozvoj-2","tag-sebepoznani","tag-spiritualita","tag-vedomyzivot-3","tag-workshopy"],"_links":{"self":[{"href":"https:\/\/d.r4.wbsprt.com\/mojesebepoznani.cz\/wp-json\/wp\/v2\/posts\/5973","targetHints":{"allow":["GET"]}}],"collection":[{"href":"https:\/\/d.r4.wbsprt.com\/mojesebepoznani.cz\/wp-json\/wp\/v2\/posts"}],"about":[{"href":"https:\/\/d.r4.wbsprt.com\/mojesebepoznani.cz\/wp-json\/wp\/v2\/types\/post"}],"author":[{"embeddable":true,"href":"https:\/\/d.r4.wbsprt.com\/mojesebepoznani.cz\/wp-json\/wp\/v2\/users\/19"}],"replies":[{"embeddable":true,"href":"https:\/\/d.r4.wbsprt.com\/mojesebepoznani.cz\/wp-json\/wp\/v2\/comments?post=5973"}],"version-history":[{"count":1,"href":"https:\/\/d.r4.wbsprt.com\/mojesebepoznani.cz\/wp-json\/wp\/v2\/posts\/5973\/revisions"}],"predecessor-version":[{"id":5978,"href":"https:\/\/d.r4.wbsprt.com\/mojesebepoznani.cz\/wp-json\/wp\/v2\/posts\/5973\/revisions\/5978"}],"wp:featuredmedia":[{"embeddable":true,"href":"https:\/\/d.r4.wbsprt.com\/mojesebepoznani.cz\/wp-json\/wp\/v2\/media\/5976"}],"wp:attachment":[{"href":"https:\/\/d.r4.wbsprt.com\/mojesebepoznani.cz\/wp-json\/wp\/v2\/media?parent=5973"}],"wp:term":[{"taxonomy":"category","embeddable":true,"href":"https:\/\/d.r4.wbsprt.com\/mojesebepoznani.cz\/wp-json\/wp\/v2\/categories?post=5973"},{"taxonomy":"post_tag","embeddable":true,"href":"https:\/\/d.r4.wbsprt.com\/mojesebepoznani.cz\/wp-json\/wp\/v2\/tags?post=5973"}],"curies":[{"name":"wp","href":"https:\/\/api.w.org\/{rel}","templated":true}]}}