{"id":5985,"date":"2026-05-27T14:17:56","date_gmt":"2026-05-27T12:17:56","guid":{"rendered":"https:\/\/www.mojesebepoznani.cz\/?p=5985"},"modified":"2026-05-27T14:33:50","modified_gmt":"2026-05-27T12:33:50","slug":"nad-nasimi-hlavami-probiha-neviditelny-boj","status":"publish","type":"post","link":"https:\/\/d.r4.wbsprt.com\/mojesebepoznani.cz\/nad-nasimi-hlavami-probiha-neviditelny-boj\/","title":{"rendered":"Nad na\u0161imi hlavami prob\u00edh\u00e1 neviditeln\u00fd boj"},"content":{"rendered":"\n<p class=\"has-drop-cap wp-block-paragraph\">Ka\u017ed\u00fd den dopad\u00e1 na Zemi obrovsk\u00e9 mno\u017estv\u00ed energie. Bez n\u00ed by neexistoval \u017eivot, oce\u00e1ny ani atmosf\u00e9ra. Jen\u017ee Slunce nen\u00ed stabiln\u00ed \u017e\u00e1rovka vis\u00edc\u00ed ve vesm\u00edru. Je to dynamick\u00e1 hv\u011bzda, kter\u00e1 proch\u00e1z\u00ed pravideln\u00fdmi cykly aktivity a pr\u00e1v\u011b nyn\u00ed vstupujeme do obdob\u00ed zn\u00e1m\u00e9ho jako sol\u00e1rn\u00ed maximum.<\/p>\n\n\n\n<figure class=\"wp-block-pullquote\"><blockquote><p>\u201eSomewhere, something incredible is waiting to be known.\u201c<\/p><cite>Carl Sagan<\/cite><\/blockquote><\/figure>\n\n\n\t\t<div class=\"related-sec related-1 is-width-right is-style-boxed\">\n\t\t\t<div class=\"inner\">\n\t\t\t\t<div class=\"block-h heading-layout-1\"><div class=\"heading-inner\"><h4 class=\"heading-title none-toc\"><span>V\u00edce \u010dl\u00e1nk\u016f<\/span><\/h4><\/div><\/div>\t\t\t\t<div class=\"block-inner\">\n\t\t\t\t\t\t\t<div class=\"p-wrap p-small p-list-small-2\" data-pid=\"5998\">\n\t\t\t\t\t<div class=\"feat-holder\">\t\t<div class=\"p-featured ratio-v1\">\n\t\t\t\t\t<a class=\"p-flink\" href=\"https:\/\/d.r4.wbsprt.com\/mojesebepoznani.cz\/vzestup-vedomi-proc-mladi-lide-citi-ze-se-svet-meni\/\" title=\"Vzestup v\u011bdom\u00ed: Pro\u010d mlad\u00ed lid\u00e9 c\u00edt\u00ed, \u017ee se sv\u011bt m\u011bn\u00ed\">\n\t\t\t<img loading=\"lazy\" decoding=\"async\" width=\"150\" height=\"150\" src=\"https:\/\/d.r4.wbsprt.com\/mojesebepoznani.cz\/wp-content\/uploads\/2026\/05\/Vzestup-vedomi-srozumitelne-pro-mlade-lidi-o-citlivosti-hledani-smyslu-vnitrni-pravde-a-duchovnim-vyvoji-bez-dogmat-a-natlaku-150x150.jpg\" class=\"featured-img wp-post-image\" alt=\"Vzestup v\u011bdom\u00ed srozumiteln\u011b pro mlad\u00e9 lidi: o citlivosti, hled\u00e1n\u00ed smyslu, vnit\u0159n\u00ed pravd\u011b a duchovn\u00edm v\u00fdvoji bez dogmat a n\u00e1tlaku.\" loading=\"lazy\" \/>\t\t<\/a>\n\t\t\t\t<\/div>\n\t\t<\/div>\n\t\t\t\t\t<div class=\"p-content\">\n\t\t\t<div class=\"entry-title h5\">\t\t<a class=\"p-url\" href=\"https:\/\/d.r4.wbsprt.com\/mojesebepoznani.cz\/vzestup-vedomi-proc-mladi-lide-citi-ze-se-svet-meni\/\" rel=\"bookmark\">\n\t\tVzestup v\u011bdom\u00ed: Pro\u010d mlad\u00ed lid\u00e9 c\u00edt\u00ed, \u017ee se sv\u011bt m\u011bn\u00ed\t\t<\/a>\n\t\t<\/div>\t\t<\/div>\n\t\t\t\t<\/div>\n\t\t\t\t<div class=\"p-wrap p-list-inline\" data-pid=\"4190\">\n\t\t<div class=\"entry-title h6\"><i class=\"rbi rbi-plus\" aria-hidden=\"true\"><\/i>\t\t<a class=\"p-url\" href=\"https:\/\/d.r4.wbsprt.com\/mojesebepoznani.cz\/zamysleni-co-je-to-vlastne-ta-pravda\/\" rel=\"bookmark\">\n\t\tZamy\u0161len\u00ed: Co je to vlastn\u011b TA pravda?\t\t<\/a>\n\t\t<\/div>\t\t<\/div>\n\t\t\t\t<div class=\"p-wrap p-list-inline\" data-pid=\"155\">\n\t\t<div class=\"entry-title h6\"><i class=\"rbi rbi-plus\" aria-hidden=\"true\"><\/i>\t\t<a class=\"p-url\" href=\"https:\/\/d.r4.wbsprt.com\/mojesebepoznani.cz\/posvatna-geometrie-dvanactisten-jako-zakladni-stavebni-kamen-vesmiru\/\" rel=\"bookmark\">\n\t\tPosv\u00e1tn\u00e1 geometrie: Dvan\u00e1ctist\u011bn jako z\u00e1kladn\u00ed stavebn\u00ed k\u00e1men vesm\u00edru\t\t<\/a>\n\t\t<\/div>\t\t<\/div>\n\t\t\t\t<div class=\"p-wrap p-list-inline\" data-pid=\"2360\">\n\t\t<div class=\"entry-title h6\"><i class=\"rbi rbi-plus\" aria-hidden=\"true\"><\/i>\t\t<a class=\"p-url\" href=\"https:\/\/d.r4.wbsprt.com\/mojesebepoznani.cz\/dalkove-nazirani-mytus-nebo-schopnost-mysli\/\" rel=\"bookmark\">\n\t\tD\u00e1lkov\u00e9 naz\u00edr\u00e1n\u00ed: M\u00fdtus, nebo schopnost mysli?\t\t<\/a>\n\t\t<\/div>\t\t<\/div>\n\t\t\t\t<div class=\"p-wrap p-list-inline\" data-pid=\"5795\">\n\t\t<div class=\"entry-title h6\"><i class=\"rbi rbi-plus\" aria-hidden=\"true\"><\/i>\t\t<a class=\"p-url\" href=\"https:\/\/d.r4.wbsprt.com\/mojesebepoznani.cz\/past-dokonaleho-sveta-proc-lidstvo-potrebuje-chyby-v-systemu\/\" rel=\"bookmark\">\n\t\tPast dokonal\u00e9ho sv\u011bta: Pro\u010d lidstvo pot\u0159ebuje chyby v syst\u00e9mu?\t\t<\/a>\n\t\t<\/div>\t\t<\/div>\n\t\t\t\t\t\t<\/div>\n\t\t\t<\/div>\n\t\t<\/div>\n\t\t\n\n\n\n<p class=\"wp-block-paragraph\">Na povrchu Slunce se objevuj\u00ed tmav\u00e9 skvrny, magnetick\u00e1 pole se zamot\u00e1vaj\u00ed do slo\u017eit\u00fdch struktur a hv\u011bzda vys\u00edl\u00e1 do prostoru mohutn\u00e9 erupce nabit\u00fdch \u010d\u00e1stic. Pro astronomy jde o fascinuj\u00edc\u00ed obdob\u00ed. Pro provozovatele dru\u017eic, energetick\u00fdch s\u00edt\u00ed nebo astronauty u\u017e m\u00e9n\u011b. A ve\u0159ejnost si st\u00e1le \u010dast\u011bji klade ot\u00e1zku: m\u016f\u017ee zv\u00fd\u0161en\u00e1 aktivita Slunce ovlivnit tak\u00e9 vodu na Zemi?<\/p>\n\n\n\n<h2 class=\"wp-block-heading\">Mohou oce\u00e1ny pomalu mizet do vesm\u00edru?<\/h2>\n\n\n\n<p class=\"wp-block-paragraph\">A je mo\u017en\u00e9, \u017ee Zem\u011b jednou dopadne podobn\u011b jako vyschl\u00e1 pustina planety? Odpov\u011b\u010f je p\u0159ekvapiv\u011b slo\u017eit\u00e1.<\/p>\n\n\n\n<h2 class=\"wp-block-heading\">Co je vlastn\u011b sol\u00e1rn\u00ed maximum?<\/h2>\n\n\n\n<p class=\"wp-block-paragraph\">Slunce proch\u00e1z\u00ed p\u0159ibli\u017en\u011b jeden\u00e1ctilet\u00fdm cyklem aktivity. B\u011bhem minima je jeho povrch relativn\u011b klidn\u00fd. V obdob\u00ed maxima se ale situace dramaticky m\u011bn\u00ed.<\/p>\n\n\n\n<p class=\"wp-block-paragraph\">Na slune\u010dn\u00edm povrchu se objevuj\u00ed:<\/p>\n\n\n\n<ul class=\"wp-block-list\">\n<li>rozs\u00e1hl\u00e9 slune\u010dn\u00ed skvrny,<\/li>\n\n\n\n<li>siln\u00e9 erupce,<\/li>\n\n\n\n<li>v\u00fdrony koron\u00e1ln\u00ed hmoty,<\/li>\n\n\n\n<li>intenzivn\u011bj\u0161\u00ed ultrafialov\u00e9 a rentgenov\u00e9 z\u00e1\u0159en\u00ed.<\/li>\n<\/ul>\n\n\n\n<p class=\"wp-block-paragraph\">Tyto procesy jsou d\u016fsledkem extr\u00e9mn\u011b slo\u017eit\u00e9 magnetick\u00e9 dynamiky uvnit\u0159 hv\u011bzdy. Kdy\u017e dojde k mohutn\u00e9 erupci, mohou b\u00fdt do vesm\u00edru vyvr\u017eeny miliardy tun plazmatu. Pokud je Zem\u011b v nespr\u00e1vn\u00e9 pozici, \u010d\u00e1st t\u011bchto \u010d\u00e1stic zas\u00e1hne na\u0161i magnetosf\u00e9ru. V\u00fdsledkem b\u00fdvaj\u00ed pol\u00e1rn\u00ed z\u00e1\u0159e, ru\u0161en\u00ed komunikace nebo probl\u00e9my dru\u017eicov\u00fdch syst\u00e9m\u016f.<\/p>\n\n\n\n<p class=\"wp-block-paragraph\">Jen\u017ee existuje je\u0161t\u011b jeden m\u00e9n\u011b zn\u00e1m\u00fd efekt \u2014 zv\u00fd\u0161en\u00e9 zah\u0159\u00edv\u00e1n\u00ed horn\u00edch vrstev atmosf\u00e9ry. Atmosf\u00e9ra Zem\u011b nen\u00ed pevn\u00e1 hranice. V\u011bt\u0161ina lid\u00ed si p\u0159edstavuje atmosf\u00e9ru jako jasn\u011b ohrani\u010denou vrstvu obaluj\u00edc\u00ed planetu. Ve skute\u010dnosti v\u0161ak atmosf\u00e9ra postupn\u011b \u0159\u00eddne a p\u0159ech\u00e1z\u00ed do kosmick\u00e9ho prostoru.<\/p>\n\n\n\n<p class=\"wp-block-paragraph\">Ve v\u00fd\u0161k\u00e1ch stovek kilometr\u016f u\u017e jsou molekuly plynu extr\u00e9mn\u011b rozpt\u00fdlen\u00e9. Pr\u00e1v\u011b zde za\u010d\u00edn\u00e1 oblast, kde Slunce dok\u00e1\u017ee ovliv\u0148ovat samotn\u00e9 slo\u017een\u00ed atmosf\u00e9ry. Ultrafialov\u00e9 z\u00e1\u0159en\u00ed m\u00e1 dost energie na to, aby rozb\u00edjelo molekuly vody:<\/p>\n\n\n\n<p class=\"wp-block-paragraph\"><strong>H2\u200bO\u21922H+O<\/strong><\/p>\n\n\n\n<p class=\"wp-block-paragraph\">Vod\u00edk je nejleh\u010d\u00ed prvek ve vesm\u00edru. Pokud z\u00edsk\u00e1 dostatek energie, m\u016f\u017ee uniknout gravita\u010dn\u00edmu poli Zem\u011b a odlet\u011bt do kosmick\u00e9ho prostoru. Tento proces prob\u00edh\u00e1 nep\u0159etr\u017eit\u011b u\u017e miliardy let. B\u011bhem sol\u00e1rn\u00edho maxima se v\u0161ak m\u00edrn\u011b zesiluje.<\/p>\n\n\n\n<h2 class=\"wp-block-heading\">Ztr\u00e1c\u00ed tedy Zem\u011b vodu?<\/h2>\n\n\n\n<p class=\"wp-block-paragraph\">Ano, ale mnohem pomaleji, ne\u017e si v\u011bt\u0161ina lid\u00ed p\u0159edstavuje. V\u011bdci odhaduj\u00ed, \u017ee Zem\u011b ztr\u00e1c\u00ed do vesm\u00edru n\u011bkolik kilogram\u016f vod\u00edku za sekundu. Zn\u00ed to dramaticky, jen\u017ee oce\u00e1ny obsahuj\u00ed p\u0159ibli\u017en\u011b:<\/p>\n\n\n\n<p class=\"wp-block-paragraph\"><strong><math xmlns=\"http:\/\/www.w3.org\/1998\/Math\/MathML\"><semantics><mrow><mn>1.4<\/mn><mo>\u00d7<\/mo><msup><mn>10<\/mn><mn>21<\/mn><\/msup><\/mrow><annotation encoding=\"application\/x-tex\">1.4 \\times 10^{21}<\/annotation><\/semantics><\/math><\/strong>, tedy: 1400000000000000000000 kilogram\u016f vody.<\/p>\n\n\n\n<p class=\"wp-block-paragraph\">V porovn\u00e1n\u00ed s t\u00edm jde o t\u00e9m\u011b\u0159 zanedbateln\u00e9 mno\u017estv\u00ed. Z praktick\u00e9ho hlediska tedy sou\u010dasn\u00e9 sol\u00e1rn\u00ed maximum nep\u0159edstavuje pro vodn\u00ed zdroje planety \u017e\u00e1dn\u00e9 p\u0159\u00edm\u00e9 nebezpe\u010d\u00ed. D\u00e9\u0161\u0165, \u0159eky, ledovce i podzemn\u00ed voda z\u016fst\u00e1vaj\u00ed sou\u010d\u00e1st\u00ed uzav\u0159en\u00e9ho kolob\u011bhu Zem\u011b. Kdy\u017e se voda odpa\u0159\u00ed z oce\u00e1nu, v\u011bt\u0161ina neskon\u010d\u00ed ve vesm\u00edru. Vr\u00e1t\u00ed se zp\u011bt v podob\u011b mrak\u016f a sr\u00e1\u017eek.<\/p>\n\n\n\n<h2 class=\"wp-block-heading\">Pro\u010d Zem\u011b nedopadla jako Mars?<\/h2>\n\n\n\n<p class=\"wp-block-paragraph\">Planeta je pro v\u011bdce varovn\u00fdm p\u0159\u00edkladem. Dnes jde o chladn\u00fd a such\u00fd sv\u011bt s tenkou atmosf\u00e9rou. Geologick\u00e9 stopy ale ukazuj\u00ed, \u017ee kdysi po jeho povrchu tekly \u0159eky a existovala tam jezera i mo\u017en\u00e1 oce\u00e1ny. Co se zm\u011bnilo?<\/p>\n\n\n\n<p class=\"wp-block-paragraph\">Mars je men\u0161\u00ed ne\u017e Zem\u011b a m\u00e1 slab\u0161\u00ed gravitaci. Nav\u00edc postupn\u011b p\u0159i\u0161el o glob\u00e1ln\u00ed magnetick\u00e9 pole. Bez t\u00e9to ochrany mohl slune\u010dn\u00ed v\u00edtr po miliardy let p\u0159\u00edmo bombardovat jeho atmosf\u00e9ru. Postupn\u011b tak doch\u00e1zelo k \u00faniku plyn\u016f i vody do vesm\u00edru. Zem\u011b je v mnohem lep\u0161\u00ed situaci.<\/p>\n\n\n\n<p class=\"wp-block-paragraph\">M\u00e1:<\/p>\n\n\n\n<ul class=\"wp-block-list\">\n<li>siln\u011bj\u0161\u00ed gravitaci,<\/li>\n\n\n\n<li>hust\u0161\u00ed atmosf\u00e9ru,<\/li>\n\n\n\n<li>aktivn\u00ed geologii,<\/li>\n\n\n\n<li>a p\u0159edev\u0161\u00edm siln\u00e9 magnetick\u00e9 pole.<\/li>\n<\/ul>\n\n\n\n<p class=\"wp-block-paragraph\">Pr\u00e1v\u011b magnetosf\u00e9ra funguje jako ob\u0159\u00ed \u0161t\u00edt, kter\u00fd odkl\u00e1n\u00ed velkou \u010d\u00e1st nabit\u00fdch \u010d\u00e1stic p\u0159ich\u00e1zej\u00edc\u00edch od Slunce. Bez n\u00ed by byla eroze atmosf\u00e9ry v\u00fdrazn\u011b intenzivn\u011bj\u0161\u00ed. Slunce ale p\u0159ece jen klima ovliv\u0148uje. A\u010dkoliv sol\u00e1rn\u00ed maximum nezp\u016fsob\u00ed \u00fabytek oce\u00e1n\u016f, aktivita Slunce m\u016f\u017ee ovliv\u0148ovat klima nep\u0159\u00edmo.<\/p>\n\n\n\n<p class=\"wp-block-paragraph\">V\u011bdci zkoumaj\u00ed nap\u0159\u00edklad:<\/p>\n\n\n\n<ul class=\"wp-block-list\">\n<li>zm\u011bny proud\u011bn\u00ed v atmosf\u00e9\u0159e,<\/li>\n\n\n\n<li>vliv UV z\u00e1\u0159en\u00ed na stratosf\u00e9ru,<\/li>\n\n\n\n<li>mo\u017en\u00e9 dopady na tvorbu obla\u010dnosti,<\/li>\n\n\n\n<li>nebo souvislosti s region\u00e1ln\u00edmi sr\u00e1\u017ekami.<\/li>\n<\/ul>\n\n\n\n<p class=\"wp-block-paragraph\">Tyto efekty v\u0161ak b\u00fdvaj\u00ed relativn\u011b mal\u00e9 a \u010dasto region\u00e1ln\u011b odli\u0161n\u00e9. Modern\u00ed klimatologie ukazuje, \u017ee sou\u010dasn\u00e9 glob\u00e1ln\u00ed oteplov\u00e1n\u00ed je mnohem siln\u011bji spojeno s emisemi sklen\u00edkov\u00fdch plyn\u016f ne\u017e s b\u011b\u017en\u00fdm slune\u010dn\u00edm cyklem. P\u0159esto m\u016f\u017ee slune\u010dn\u00ed aktivita do\u010dasn\u011b ovliv\u0148ovat n\u011bkter\u00e9 klimatick\u00e9 vzorce nebo intenzitu extr\u00e9mn\u00edch jev\u016f.<\/p>\n\n\n\n<h2 class=\"wp-block-heading\">Budoucnost Zem\u011b: pomal\u00fd osud modr\u00e9 planety<\/h2>\n\n\n\n<p class=\"wp-block-paragraph\">Skute\u010dn\u00e9 nebezpe\u010d\u00ed pro vodu na Zemi nele\u017e\u00ed v sou\u010dasn\u00e9m sol\u00e1rn\u00edm maximu. Nach\u00e1z\u00ed se v extr\u00e9mn\u011b vzd\u00e1len\u00e9 budoucnosti. Slunce toti\u017e b\u011bhem miliard let postupn\u011b zvy\u0161uje sv\u016fj v\u00fdkon. Jak bude hv\u011bzda st\u00e1rnout, poroste mno\u017estv\u00ed energie dopadaj\u00edc\u00ed na Zemi. Vy\u0161\u0161\u00ed teploty povedou k intenzivn\u011bj\u0161\u00edmu odpa\u0159ov\u00e1n\u00ed oce\u00e1n\u016f. Vodn\u00ed p\u00e1ra se bude dost\u00e1vat do vy\u0161\u0161\u00edch vrstev atmosf\u00e9ry, kde ji ultrafialov\u00e9 z\u00e1\u0159en\u00ed rozlo\u017e\u00ed. A pr\u00e1v\u011b tehdy za\u010dne \u00fanik vod\u00edku do vesm\u00edru nab\u00fdvat v\u00fdznamn\u011bj\u0161\u00edch rozm\u011br\u016f. Na\u0161t\u011bst\u00ed jde o sc\u00e9n\u00e1\u0159 vzd\u00e1len\u00fd stovky milion\u016f a\u017e miliardy let.<\/p>\n\n\n\n<h2 class=\"wp-block-heading\">Voda na Zemi zat\u00edm z\u016fst\u00e1v\u00e1<\/h2>\n\n\n\n<p class=\"wp-block-paragraph\">P\u0159esto\u017ee sol\u00e1rn\u00ed maximum p\u0159in\u00e1\u0161\u00ed v\u00fdrazn\u00e9 pol\u00e1rn\u00ed z\u00e1\u0159e a bou\u0159liv\u011bj\u0161\u00ed vesm\u00edrn\u00e9 po\u010das\u00ed, oce\u00e1ny kv\u016fli n\u011bmu nezmiz\u00ed. Zem\u011b je p\u0159ekvapiv\u011b odoln\u00fd syst\u00e9m. Atmosf\u00e9ra, gravitace, magnetick\u00e9 pole i glob\u00e1ln\u00ed kolob\u011bh vody spole\u010dn\u011b vytv\u00e1\u0159ej\u00ed mechanismus, kter\u00fd u\u017e miliardy let udr\u017euje na\u0161i planetu obyvatelnou.<\/p>\n\n\n\n<p class=\"wp-block-paragraph\">Ka\u017ed\u00e1 kapka vody v de\u0161ti, ka\u017ed\u00e1 vlo\u010dka sn\u011bhu i ka\u017ed\u00e1 mo\u0159sk\u00e1 vlna jsou sou\u010d\u00e1st\u00ed procesu star\u00e9ho t\u00e9m\u011b\u0159 jako samotn\u00e1 planeta. A zat\u00edmco nad na\u0161imi hlavami zu\u0159\u00ed magnetick\u00e9 bou\u0159e a Slunce vstupuje do dal\u0161\u00edho obdob\u00ed zv\u00fd\u0161en\u00e9 aktivity, modr\u00e1 planeta sv\u016fj nejcenn\u011bj\u0161\u00ed zdroj st\u00e1le bezpe\u010dn\u011b chr\u00e1n\u00ed.<\/p>\n\n\n\n<h2 class=\"wp-block-heading\">Doporu\u010den\u00e9 v\u011bdeck\u00e9 a populariza\u010dn\u00ed zdroje<\/h2>\n\n\n\n<h3 class=\"wp-block-heading\">Ofici\u00e1ln\u00ed v\u011bdeck\u00e9 instituce<\/h3>\n\n\n\n<ul class=\"wp-block-list\">\n<li><strong>NASA \u2013 Solar Cycle Overview<\/strong><br>P\u0159ehled slune\u010dn\u00edho cyklu, sol\u00e1rn\u00edho maxima a vlivu Slunce na Zemi.<\/li>\n\n\n\n<li><a href=\"https:\/\/www.nasa.gov\" target=\"_blank\" rel=\"noreferrer noopener nofollow\">NASA \u2013 Earth and Space Science<\/a><br>Obsahuje \u010dl\u00e1nky o atmosf\u00e9\u0159e Zem\u011b, \u00faniku vod\u00edku do vesm\u00edru a klimatick\u00fdch procesech.<\/li>\n\n\n\n<li><a href=\"https:\/\/www.swpc.noaa.gov\/\" target=\"_blank\" rel=\"noreferrer noopener nofollow\">NOAA Space Weather Prediction Center<\/a><br>Nejlep\u0161\u00ed zdroj pro aktu\u00e1ln\u00ed vesm\u00edrn\u00e9 po\u010das\u00ed, geomagnetick\u00e9 bou\u0159e a p\u0159edpov\u011bdi slune\u010dn\u00ed aktivity.<\/li>\n\n\n\n<li><a href=\"https:\/\/www.esa.int\/Space_Safety\/Space_weather\/Space_Weather_Office\" target=\"_blank\" rel=\"noreferrer noopener nofollow\">ESA \u2013 Space Weather Office<\/a><br>Evropsk\u00e1 kosmick\u00e1 agentura vysv\u011btluje dopady slune\u010dn\u00ed aktivity na dru\u017eice, atmosf\u00e9ru i technologie.<\/li>\n\n\n\n<li><a href=\"https:\/\/swe.ssa.esa.int\/\" target=\"_blank\" rel=\"noreferrer noopener nofollow\">ESA Space Weather Dashboard<\/a><br>\u017div\u00e1 data o aktu\u00e1ln\u00edm stavu vesm\u00edrn\u00e9ho po\u010das\u00ed.<\/li>\n<\/ul>\n\n\n\n<hr class=\"wp-block-separator has-alpha-channel-opacity\"\/>\n\n\n\n<h2 class=\"wp-block-heading\">Doporu\u010den\u00e9 knihy<\/h2>\n\n\n\n<h3 class=\"wp-block-heading\">Popul\u00e1rn\u011b nau\u010dn\u00e9<\/h3>\n\n\n\n<ul class=\"wp-block-list\">\n<li>A Brief History of Time \u2014 srozumiteln\u00fd \u00favod do kosmologie a fungov\u00e1n\u00ed vesm\u00edru.<\/li>\n\n\n\n<li>Cosmos \u2014 klasick\u00e1 kniha propojuj\u00edc\u00ed astronomii, historii a v\u00fdvoj Zem\u011b.<\/li>\n\n\n\n<li>The Sun&#8217;s Heartbeat \u2014 \u010dtiv\u011b vysv\u011btluje slune\u010dn\u00ed cykly a aktivitu Slunce.<\/li>\n\n\n\n<li>Rare Earth \u2014 pro\u010d je Zem\u011b v\u00fdjime\u010dn\u011b obyvateln\u00e1 planeta.<\/li>\n<\/ul>\n","protected":false},"excerpt":{"rendered":"<p>Ka\u017ed\u00fd den dopad\u00e1 na Zemi obrovsk\u00e9 mno\u017estv\u00ed energie. Bez n\u00ed by neexistoval \u017eivot, oce\u00e1ny ani atmosf\u00e9ra. Jen\u017ee Slunce nen\u00ed stabiln\u00ed \u017e\u00e1rovka vis\u00edc\u00ed ve vesm\u00edru. Je to dynamick\u00e1 hv\u011bzda, kter\u00e1 proch\u00e1z\u00ed pravideln\u00fdmi cykly aktivity a pr\u00e1v\u011b nyn\u00ed vstupujeme do obdob\u00ed zn\u00e1m\u00e9ho jako sol\u00e1rn\u00ed maximum. \u201eSomewhere, something incredible is waiting to be known.\u201c Carl Sagan Na povrchu [&hellip;]<\/p>\n","protected":false},"author":17,"featured_media":5986,"comment_status":"open","ping_status":"open","sticky":false,"template":"","format":"standard","meta":{"footnotes":""},"categories":[190,288],"tags":[634,632,611],"class_list":["post-5985","post","type-post","status-publish","format-standard","has-post-thumbnail","category-tajemstvi-existence","category-nase-planeta","tag-astronomie","tag-solarnimaximum","tag-vesmir-2"],"_links":{"self":[{"href":"https:\/\/d.r4.wbsprt.com\/mojesebepoznani.cz\/wp-json\/wp\/v2\/posts\/5985","targetHints":{"allow":["GET"]}}],"collection":[{"href":"https:\/\/d.r4.wbsprt.com\/mojesebepoznani.cz\/wp-json\/wp\/v2\/posts"}],"about":[{"href":"https:\/\/d.r4.wbsprt.com\/mojesebepoznani.cz\/wp-json\/wp\/v2\/types\/post"}],"author":[{"embeddable":true,"href":"https:\/\/d.r4.wbsprt.com\/mojesebepoznani.cz\/wp-json\/wp\/v2\/users\/17"}],"replies":[{"embeddable":true,"href":"https:\/\/d.r4.wbsprt.com\/mojesebepoznani.cz\/wp-json\/wp\/v2\/comments?post=5985"}],"version-history":[{"count":7,"href":"https:\/\/d.r4.wbsprt.com\/mojesebepoznani.cz\/wp-json\/wp\/v2\/posts\/5985\/revisions"}],"predecessor-version":[{"id":5997,"href":"https:\/\/d.r4.wbsprt.com\/mojesebepoznani.cz\/wp-json\/wp\/v2\/posts\/5985\/revisions\/5997"}],"wp:featuredmedia":[{"embeddable":true,"href":"https:\/\/d.r4.wbsprt.com\/mojesebepoznani.cz\/wp-json\/wp\/v2\/media\/5986"}],"wp:attachment":[{"href":"https:\/\/d.r4.wbsprt.com\/mojesebepoznani.cz\/wp-json\/wp\/v2\/media?parent=5985"}],"wp:term":[{"taxonomy":"category","embeddable":true,"href":"https:\/\/d.r4.wbsprt.com\/mojesebepoznani.cz\/wp-json\/wp\/v2\/categories?post=5985"},{"taxonomy":"post_tag","embeddable":true,"href":"https:\/\/d.r4.wbsprt.com\/mojesebepoznani.cz\/wp-json\/wp\/v2\/tags?post=5985"}],"curies":[{"name":"wp","href":"https:\/\/api.w.org\/{rel}","templated":true}]}}