{"id":5998,"date":"2026-05-13T09:03:23","date_gmt":"2026-05-13T07:03:23","guid":{"rendered":"https:\/\/www.mojesebepoznani.cz\/?p=5998"},"modified":"2026-05-29T14:47:59","modified_gmt":"2026-05-29T12:47:59","slug":"vzestup-vedomi-proc-mladi-lide-citi-ze-se-svet-meni","status":"publish","type":"post","link":"https:\/\/d.r4.wbsprt.com\/mojesebepoznani.cz\/vzestup-vedomi-proc-mladi-lide-citi-ze-se-svet-meni\/","title":{"rendered":"Vzestup v\u011bdom\u00ed: Pro\u010d mlad\u00ed lid\u00e9 c\u00edt\u00ed, \u017ee se sv\u011bt m\u011bn\u00ed"},"content":{"rendered":"\n<p class=\"has-drop-cap wp-block-paragraph\">Mnoho mlad\u00fdch lid\u00ed dnes vn\u00edm\u00e1, \u017ee se kolem nich i v nich samotn\u00fdch n\u011bco m\u011bn\u00ed. Nejde jen o rychl\u00fd v\u00fdvoj technologi\u00ed, soci\u00e1ln\u00edch s\u00edt\u00ed, um\u011bl\u00e9 inteligence nebo prom\u011bny spole\u010dnosti. St\u00e1le \u010dast\u011bji se objevuje hlub\u0161\u00ed ot\u00e1zka: Kdo vlastn\u011b jsem, pro\u010d tu jsem a jak chci \u017e\u00edt?<\/p>\n\n\n\n<figure class=\"wp-block-pullquote\"><blockquote><p>\u201eVzestup v\u011bdom\u00ed znamen\u00e1, \u017ee \u010dlov\u011bk se postupn\u011b probouz\u00ed z automatick\u00e9ho \u017eivota do v\u011bdom\u00e9ho \u017eivota \u2014 za\u010d\u00edn\u00e1 m\u00e9n\u011b jednat ze strachu a v\u00edc z pravdy, l\u00e1sky a vlastn\u00ed vnit\u0159n\u00ed integrity.\u201c<\/p><cite>zamy\u0161len\u00ed<\/cite><\/blockquote><\/figure>\n\n\n\t\t<div class=\"related-sec related-1 is-width-right is-style-boxed\">\n\t\t\t<div class=\"inner\">\n\t\t\t\t<div class=\"block-h heading-layout-1\"><div class=\"heading-inner\"><h4 class=\"heading-title none-toc\"><span>V\u00edce \u010dl\u00e1nk\u016f<\/span><\/h4><\/div><\/div>\t\t\t\t<div class=\"block-inner\">\n\t\t\t\t\t\t\t<div class=\"p-wrap p-small p-list-small-2\" data-pid=\"5945\">\n\t\t\t\t\t<div class=\"feat-holder\">\t\t<div class=\"p-featured ratio-v1\">\n\t\t\t\t\t<a class=\"p-flink\" href=\"https:\/\/d.r4.wbsprt.com\/mojesebepoznani.cz\/cisla-jako-vibrace-lasky-kdyz-vesmir-promlouva-reci-srdce\/\" title=\"\u010c\u00edsla jako vibrace L\u00e1sky: Kdy\u017e Vesm\u00edr promlouv\u00e1 \u0159e\u010d\u00ed Srdce\">\n\t\t\t<img loading=\"lazy\" decoding=\"async\" width=\"150\" height=\"150\" src=\"https:\/\/d.r4.wbsprt.com\/mojesebepoznani.cz\/wp-content\/uploads\/2026\/05\/Clanek-o-sile-srdce-Bozske-pritomnosti-a-prave-lasce-jako-stavu-byti-150x150.jpg\" class=\"featured-img wp-post-image\" alt=\"\u010cl\u00e1nek o s\u00edle srdce, Bo\u017esk\u00e9 p\u0159\u00edtomnosti a prav\u00e9 l\u00e1sce jako stavu byt\u00ed.\" loading=\"lazy\" \/>\t\t<\/a>\n\t\t\t\t<\/div>\n\t\t<\/div>\n\t\t\t\t\t<div class=\"p-content\">\n\t\t\t<div class=\"entry-title h5\">\t\t<a class=\"p-url\" href=\"https:\/\/d.r4.wbsprt.com\/mojesebepoznani.cz\/cisla-jako-vibrace-lasky-kdyz-vesmir-promlouva-reci-srdce\/\" rel=\"bookmark\">\n\t\t\u010c\u00edsla jako vibrace L\u00e1sky: Kdy\u017e Vesm\u00edr promlouv\u00e1 \u0159e\u010d\u00ed Srdce\t\t<\/a>\n\t\t<\/div>\t\t<\/div>\n\t\t\t\t<\/div>\n\t\t\t\t<div class=\"p-wrap p-list-inline\" data-pid=\"5601\">\n\t\t<div class=\"entry-title h6\"><i class=\"rbi rbi-plus\" aria-hidden=\"true\"><\/i>\t\t<a class=\"p-url\" href=\"https:\/\/d.r4.wbsprt.com\/mojesebepoznani.cz\/rozhovor-z-hloubi-tkane-vidime-te-skrze-tvou-krev\/\" rel=\"bookmark\">\n\t\tRozhovor z hloubi tk\u00e1n\u011b: \u201eVid\u00edme t\u011b skrze tvou krev\u201c\t\t<\/a>\n\t\t<\/div>\t\t<\/div>\n\t\t\t\t<div class=\"p-wrap p-list-inline\" data-pid=\"5596\">\n\t\t<div class=\"entry-title h6\"><i class=\"rbi rbi-plus\" aria-hidden=\"true\"><\/i>\t\t<a class=\"p-url\" href=\"https:\/\/d.r4.wbsprt.com\/mojesebepoznani.cz\/mezi-mikrokosmem-a-absolutnem-denik-jedne-bunky-na-ceste-za-pravdou\/\" rel=\"bookmark\">\n\t\tMezi mikrokosmem a absolutnem: Den\u00edk jedn\u00e9 bu\u0148ky na cest\u011b za Pravdou\t\t<\/a>\n\t\t<\/div>\t\t<\/div>\n\t\t\t\t<div class=\"p-wrap p-list-inline\" data-pid=\"2501\">\n\t\t<div class=\"entry-title h6\"><i class=\"rbi rbi-plus\" aria-hidden=\"true\"><\/i>\t\t<a class=\"p-url\" href=\"https:\/\/d.r4.wbsprt.com\/mojesebepoznani.cz\/jak-zvladat-emocni-vycerpani-a-obnovit-svou-vnitrni-energii\/\" rel=\"bookmark\">\n\t\tJak zvl\u00e1dat emo\u010dn\u00ed vy\u010derp\u00e1n\u00ed a obnovit svou vnit\u0159n\u00ed energii\t\t<\/a>\n\t\t<\/div>\t\t<\/div>\n\t\t\t\t<div class=\"p-wrap p-list-inline\" data-pid=\"3401\">\n\t\t<div class=\"entry-title h6\"><i class=\"rbi rbi-plus\" aria-hidden=\"true\"><\/i>\t\t<a class=\"p-url\" href=\"https:\/\/d.r4.wbsprt.com\/mojesebepoznani.cz\/geomagneticke-pole-zeme-a-posun-geomagnetickych-polu\/\" rel=\"bookmark\">\n\t\tGeomagnetick\u00e9 pole Zem\u011b a posun geomagnetick\u00fdch p\u00f3l\u016f\t\t<\/a>\n\t\t<\/div>\t\t<\/div>\n\t\t\t\t\t\t<\/div>\n\t\t\t<\/div>\n\t\t<\/div>\n\t\t\n\n\n\n<p class=\"wp-block-paragraph\">Tento vnit\u0159n\u00ed posun b\u00fdv\u00e1 n\u011bkdy ozna\u010dov\u00e1n jako <strong>vzestup v\u011bdom\u00ed<\/strong>. Pro n\u011bkoho m\u016f\u017ee takov\u00fd pojem zn\u00edt p\u0159\u00edli\u0161 duchovn\u011b nebo neuchopiteln\u011b. Ve sv\u00e9 podstat\u011b v\u0161ak nemus\u00ed znamenat nic tajemn\u00e9ho. D\u00e1 se ch\u00e1pat jako proces, kdy \u010dlov\u011bk za\u010d\u00edn\u00e1 v\u00edce vn\u00edmat s\u00e1m sebe, sv\u00e9 my\u0161lenky, emoce, strachy, rozhodnut\u00ed i hodnoty, podle kter\u00fdch \u017eije.<\/p>\n\n\n\n<p class=\"wp-block-paragraph\">Vzestup v\u011bdom\u00ed nen\u00ed \u00fat\u011bk z b\u011b\u017en\u00e9ho \u017eivota. Neznamen\u00e1 to p\u0159estat studovat, pracovat nebo \u0159e\u0161it praktick\u00e9 v\u011bci. Naopak. Znamen\u00e1 to b\u00fdt v \u017eivot\u011b v\u00edce p\u0159\u00edtomn\u00fd. \u010clov\u011bk si za\u010d\u00edn\u00e1 kl\u00e1st ot\u00e1zky, kter\u00e9 d\u0159\u00edve mo\u017en\u00e1 p\u0159ehl\u00ed\u017eel: D\u011bl\u00e1m to, co opravdu chci? \u017diju podle sebe, nebo jen podle o\u010dek\u00e1v\u00e1n\u00ed druh\u00fdch? Reaguji ze strachu, nebo z vnit\u0159n\u00ed pravdy?<\/p>\n\n\n\n<p class=\"wp-block-paragraph\">Mlad\u00e1 generace \u010dasto velmi citliv\u011b vn\u00edm\u00e1 tlak v\u00fdkonu, porovn\u00e1v\u00e1n\u00ed a neust\u00e1l\u00e9ho sp\u011bchu. Mnoz\u00ed mlad\u00ed lid\u00e9 vyr\u016fstaj\u00ed ve sv\u011bt\u011b, kde se \u00fasp\u011bch m\u011b\u0159\u00ed zn\u00e1mkami, pen\u011bzi, vzhledem, sledovanost\u00ed nebo rychlost\u00ed, s jakou \u010dlov\u011bk zapadne do syst\u00e9mu. P\u0159esto st\u00e1le v\u00edce z nich c\u00edt\u00ed, \u017ee takov\u00fd pohled na \u017eivot nesta\u010d\u00ed.<\/p>\n\n\n\n<p class=\"wp-block-paragraph\">Pr\u00e1v\u011b zde za\u010d\u00edn\u00e1 duchovn\u00ed vrstva v\u00fdvoje. Nemus\u00ed j\u00edt o n\u00e1bo\u017eenstv\u00ed, v\u00edru v konkr\u00e9tn\u00ed u\u010den\u00ed nebo odm\u00edtnut\u00ed rozumu. Duchovn\u00ed v\u00fdvoj m\u016f\u017ee znamenat jednoduchou, ale z\u00e1sadn\u00ed v\u011bc: \u010dlov\u011bk se u\u010d\u00ed \u017e\u00edt v\u011bdom\u011bji, pravdiv\u011bji a laskav\u011bji. U\u010d\u00ed se rozli\u0161ovat mezi t\u00edm, co je skute\u010dn\u011b jeho, a t\u00edm, co jen p\u0159evzal od okol\u00ed.<\/p>\n\n\n\n<p class=\"wp-block-paragraph\">Dne\u0161n\u00ed doba tak\u00e9 odhaluje star\u00e9 vzorce. Mnoho lid\u00ed si za\u010d\u00edn\u00e1 v\u0161\u00edmat, \u017ee spole\u010dnost \u010dasto funguje na strachu, kontrole, sout\u011b\u017ei a spot\u0159eb\u011b. To neznamen\u00e1, \u017ee je t\u0159eba sv\u011bt odm\u00edtnout nebo s n\u00edm bojovat. Znamen\u00e1 to za\u010d\u00edt se pt\u00e1t, jak v n\u011bm \u017e\u00edt svobodn\u011bji a odpov\u011bdn\u011bji.<\/p>\n\n\n\n<p class=\"wp-block-paragraph\">Citlivost, kterou mlad\u00ed lid\u00e9 c\u00edt\u00ed, nen\u00ed slabost. Pokud n\u011bkdo siln\u011bji vn\u00edm\u00e1 atmosf\u00e9ru ve t\u0159\u00edd\u011b, nap\u011bt\u00ed doma, nepravdivost ve vztaz\u00edch nebo tlak okol\u00ed, nemus\u00ed b\u00fdt \u201edivn\u00fd\u201c. M\u016f\u017ee m\u00edt jen jemn\u011bj\u0161\u00ed vn\u00edm\u00e1n\u00ed. D\u016fle\u017eit\u00e9 je nau\u010dit se s touto citlivost\u00ed zach\u00e1zet, aby \u010dlov\u011bka nep\u0159et\u011b\u017eovala, ale stala se zdrojem porozum\u011bn\u00ed.<\/p>\n\n\n\n<p class=\"wp-block-paragraph\">Vzestup v\u011bdom\u00ed tedy nen\u00ed o tom, kdo pou\u017e\u00edv\u00e1 duchovn\u00ed slova nebo komu se poda\u0159\u00ed p\u0159esv\u011bd\u010dit ostatn\u00ed. Skute\u010dn\u00e1 zm\u011bna se pozn\u00e1 jednodu\u0161eji. \u010clov\u011bk za\u010d\u00edn\u00e1 b\u00fdt klidn\u011bj\u0161\u00ed, up\u0159\u00edmn\u011bj\u0161\u00ed, m\u00e9n\u011b ovl\u00e1dan\u00fd strachem a v\u00edce spojen\u00fd se sv\u00fdm sv\u011bdom\u00edm. P\u0159est\u00e1v\u00e1 \u017e\u00edt jen automaticky a za\u010d\u00edn\u00e1 se v\u011bdom\u011b rozhodovat.<\/p>\n\n\n\n<blockquote class=\"wp-block-quote is-layout-flow wp-block-quote-is-layout-flow\">\n<p class=\"wp-block-paragraph\">\u201eV\u0161imli jste si n\u011bkdy, \u017ee n\u011bco ve sv\u011bt\u011b nebo ve va\u0161em \u017eivot\u011b p\u016fsob\u00ed jako divadlo, a z\u00e1rove\u0148 c\u00edt\u00edte, \u017ee uvnit\u0159 v\u00e1s je n\u011bco opravdov\u011bj\u0161\u00edho?\u201c<\/p>\n<\/blockquote>\n\n\n\n<p class=\"wp-block-paragraph\">Pro mlad\u00e9 lidi z pragmatick\u00e9ho prost\u0159ed\u00ed m\u016f\u017ee b\u00fdt d\u016fle\u017eit\u00e9 sly\u0161et, \u017ee duchovn\u00ed rozm\u011br \u017eivota nen\u00ed v rozporu s rozumem. Rozum pom\u00e1h\u00e1 ch\u00e1pat sv\u011bt, ale srdce pom\u00e1h\u00e1 ch\u00e1pat smysl. Kdy\u017e se tyto dv\u011b roviny spoj\u00ed, \u010dlov\u011bk m\u016f\u017ee b\u00fdt praktick\u00fd a z\u00e1rove\u0148 hlubok\u00fd, siln\u00fd a z\u00e1rove\u0148 citliv\u00fd, svobodn\u00fd a z\u00e1rove\u0148 odpov\u011bdn\u00fd.<\/p>\n\n\n\n<p class=\"wp-block-paragraph\">Mo\u017en\u00e1 pr\u00e1v\u011b to je jedn\u00edm z hlavn\u00edch znamen\u00ed dne\u0161n\u00ed doby. St\u00e1le v\u00edce lid\u00ed c\u00edt\u00ed, \u017ee nesta\u010d\u00ed jen p\u0159e\u017e\u00edvat, usp\u011bt nebo zapadnout. Tou\u017e\u00ed \u017e\u00edt opravdov\u011bji. A pr\u00e1v\u011b tato touha po pravd\u011b, smyslu a vnit\u0159n\u00ed svobod\u011b m\u016f\u017ee b\u00fdt t\u00edm, \u010demu \u0159\u00edk\u00e1me vzestup v\u011bdom\u00ed.<\/p>\n\n\n\n<p class=\"wp-block-paragraph\">Nejde o n\u00e1lepku. Jde o probouzen\u00ed. O tich\u00fd n\u00e1vrat \u010dlov\u011bka k sob\u011b sam\u00e9mu.<\/p>\n","protected":false},"excerpt":{"rendered":"<p>Mnoho mlad\u00fdch lid\u00ed dnes vn\u00edm\u00e1, \u017ee se kolem nich i v nich samotn\u00fdch n\u011bco m\u011bn\u00ed. Nejde jen o rychl\u00fd v\u00fdvoj technologi\u00ed, soci\u00e1ln\u00edch s\u00edt\u00ed, um\u011bl\u00e9 inteligence nebo prom\u011bny spole\u010dnosti. St\u00e1le \u010dast\u011bji se objevuje hlub\u0161\u00ed ot\u00e1zka: Kdo vlastn\u011b jsem, pro\u010d tu jsem a jak chci \u017e\u00edt? \u201eVzestup v\u011bdom\u00ed znamen\u00e1, \u017ee \u010dlov\u011bk se postupn\u011b probouz\u00ed z automatick\u00e9ho \u017eivota [&hellip;]<\/p>\n","protected":false},"author":1,"featured_media":5999,"comment_status":"open","ping_status":"open","sticky":false,"template":"","format":"standard","meta":{"footnotes":""},"categories":[190,288],"tags":[635,638,637,614,636],"class_list":["post-5998","post","type-post","status-publish","format-standard","has-post-thumbnail","category-tajemstvi-existence","category-nase-planeta","tag-duchovnivyvoj","tag-hledanismyslu","tag-mladagenerace","tag-vedomyzivot-3","tag-vzestupvedomi"],"_links":{"self":[{"href":"https:\/\/d.r4.wbsprt.com\/mojesebepoznani.cz\/wp-json\/wp\/v2\/posts\/5998","targetHints":{"allow":["GET"]}}],"collection":[{"href":"https:\/\/d.r4.wbsprt.com\/mojesebepoznani.cz\/wp-json\/wp\/v2\/posts"}],"about":[{"href":"https:\/\/d.r4.wbsprt.com\/mojesebepoznani.cz\/wp-json\/wp\/v2\/types\/post"}],"author":[{"embeddable":true,"href":"https:\/\/d.r4.wbsprt.com\/mojesebepoznani.cz\/wp-json\/wp\/v2\/users\/1"}],"replies":[{"embeddable":true,"href":"https:\/\/d.r4.wbsprt.com\/mojesebepoznani.cz\/wp-json\/wp\/v2\/comments?post=5998"}],"version-history":[{"count":1,"href":"https:\/\/d.r4.wbsprt.com\/mojesebepoznani.cz\/wp-json\/wp\/v2\/posts\/5998\/revisions"}],"predecessor-version":[{"id":6000,"href":"https:\/\/d.r4.wbsprt.com\/mojesebepoznani.cz\/wp-json\/wp\/v2\/posts\/5998\/revisions\/6000"}],"wp:featuredmedia":[{"embeddable":true,"href":"https:\/\/d.r4.wbsprt.com\/mojesebepoznani.cz\/wp-json\/wp\/v2\/media\/5999"}],"wp:attachment":[{"href":"https:\/\/d.r4.wbsprt.com\/mojesebepoznani.cz\/wp-json\/wp\/v2\/media?parent=5998"}],"wp:term":[{"taxonomy":"category","embeddable":true,"href":"https:\/\/d.r4.wbsprt.com\/mojesebepoznani.cz\/wp-json\/wp\/v2\/categories?post=5998"},{"taxonomy":"post_tag","embeddable":true,"href":"https:\/\/d.r4.wbsprt.com\/mojesebepoznani.cz\/wp-json\/wp\/v2\/tags?post=5998"}],"curies":[{"name":"wp","href":"https:\/\/api.w.org\/{rel}","templated":true}]}}