{"id":6091,"date":"2026-06-18T20:53:45","date_gmt":"2026-06-18T18:53:45","guid":{"rendered":"https:\/\/www.mojesebepoznani.cz\/?p=6091"},"modified":"2026-09-03T21:20:41","modified_gmt":"2026-09-03T19:20:41","slug":"quebec-otevrel-citlivou-debatu-o-asistovanem-ukonceni-zivota-novorozencu-co-lekari-skutecne-navrhli-a-co-dovoluje-zakon","status":"publish","type":"post","link":"https:\/\/d.r4.wbsprt.com\/mojesebepoznani.cz\/quebec-otevrel-citlivou-debatu-o-asistovanem-ukonceni-zivota-novorozencu-co-lekari-skutecne-navrhli-a-co-dovoluje-zakon\/","title":{"rendered":"Qu\u00e9bec otev\u0159el citlivou debatu o asistovan\u00e9m ukon\u010den\u00ed \u017eivota novorozenc\u016f. Co l\u00e9ka\u0159i skute\u010dn\u011b navrhli a co dovoluje z\u00e1kon?"},"content":{"rendered":"\n<p class=\"has-drop-cap wp-block-paragraph\">Qu\u00e9beck\u00e1 l\u00e9ka\u0159sk\u00e1 profesn\u00ed organizace skute\u010dn\u011b v roce 2021 p\u0159ipustila, \u017ee za mimo\u0159\u00e1dn\u00fdch okolnost\u00ed by l\u00e9ka\u0159sk\u00e1 pomoc p\u0159i um\u00edr\u00e1n\u00ed mohla b\u00fdt u n\u011bkter\u00fdch t\u011b\u017ece nemocn\u00fdch d\u011bt\u00ed do jednoho roku pova\u017eov\u00e1na za \u201evhodnou p\u00e9\u010di\u201c. V\u00fdrok je autentick\u00fd a organizace jej pozd\u011bji ve\u0159ejn\u011b obhajovala. Neznamen\u00e1 to v\u0161ak, \u017ee Kanada nebo Qu\u00e9bec eutanazii novorozenc\u016f legalizovaly. Platn\u00e9 kanadsk\u00e9 pr\u00e1vo je v tomto sm\u011bru jednozna\u010dn\u00e9: MAID je ur\u010dena pouze osob\u00e1m od 18 let, kter\u00e9 jsou schopn\u00e9 rozhodovat o sv\u00e9 zdravotn\u00ed p\u00e9\u010di.<\/p>\n\n\n\n<figure class=\"wp-block-pullquote\"><blockquote><p>\u201eNesm\u00edme ztr\u00e1cet ze z\u0159etele, \u017ee i tito novorozenci jsou pacienty a m\u011bli by m\u00edt pr\u00e1vo na tuto p\u00e9\u010di, na \u017e\u00e1dost rodi\u010d\u016f, v p\u0159\u00edpadech nezm\u00edrniteln\u00e9ho utrpen\u00ed a p\u0159i absenci jak\u00e9koli vyhl\u00eddky na p\u0159e\u017eit\u00ed.\u201c<\/p><cite>Dr. Mauril Gaudreault, prezident Coll\u00e8ge des m\u00e9decins du Qu\u00e9bec<\/cite><\/blockquote><\/figure>\n\n\n\t\t<div class=\"related-sec related-1 is-width-right is-style-boxed\">\n\t\t\t<div class=\"inner\">\n\t\t\t\t<div class=\"block-h heading-layout-1\"><div class=\"heading-inner\"><h4 class=\"heading-title none-toc\"><span>V\u00edce \u010dl\u00e1nk\u016f<\/span><\/h4><\/div><\/div>\t\t\t\t<div class=\"block-inner\">\n\t\t\t\t\t\t\t<div class=\"p-wrap p-small p-list-small-2\" data-pid=\"3075\">\n\t\t\t\t\t<div class=\"feat-holder\">\t\t<div class=\"p-featured ratio-v1\">\n\t\t\t\t\t<a class=\"p-flink\" href=\"https:\/\/d.r4.wbsprt.com\/mojesebepoznani.cz\/obeti-zneuzivani-v-cirkvi-vyzyvaji-stat-k-odmitnuti-smlouvy-s-vatikanem\/\" title=\"Ob\u011bti zneu\u017e\u00edv\u00e1n\u00ed v c\u00edrkvi vyz\u00fdvaj\u00ed st\u00e1t k odm\u00edtnut\u00ed smlouvy s Vatik\u00e1nem\">\n\t\t\t<img loading=\"lazy\" decoding=\"async\" width=\"150\" height=\"150\" src=\"https:\/\/d.r4.wbsprt.com\/mojesebepoznani.cz\/wp-content\/uploads\/2025\/02\/image-19-150x150.png\" class=\"featured-img wp-post-image\" alt=\"Ob\u011bti zneu\u017e\u00edv\u00e1n\u00ed v c\u00edrkvi vyz\u00fdvaj\u00ed st\u00e1t k odm\u00edtnut\u00ed smlouvy s Vatik\u00e1nem\" loading=\"lazy\" \/>\t\t<\/a>\n\t\t\t\t<\/div>\n\t\t<\/div>\n\t\t\t\t\t<div class=\"p-content\">\n\t\t\t<div class=\"entry-title h5\">\t\t<a class=\"p-url\" href=\"https:\/\/d.r4.wbsprt.com\/mojesebepoznani.cz\/obeti-zneuzivani-v-cirkvi-vyzyvaji-stat-k-odmitnuti-smlouvy-s-vatikanem\/\" rel=\"bookmark\">\n\t\tOb\u011bti zneu\u017e\u00edv\u00e1n\u00ed v c\u00edrkvi vyz\u00fdvaj\u00ed st\u00e1t k odm\u00edtnut\u00ed smlouvy s Vatik\u00e1nem\t\t<\/a>\n\t\t<\/div>\t\t<\/div>\n\t\t\t\t<\/div>\n\t\t\t\t<div class=\"p-wrap p-list-inline\" data-pid=\"3386\">\n\t\t<div class=\"entry-title h6\"><i class=\"rbi rbi-plus\" aria-hidden=\"true\"><\/i>\t\t<a class=\"p-url\" href=\"https:\/\/d.r4.wbsprt.com\/mojesebepoznani.cz\/umela-inteligence-a-vedomy-zivot-jak-si-zachovat-autenticitu-v-digitalni-dobe\/\" rel=\"bookmark\">\n\t\tUm\u011bl\u00e1 inteligence a v\u011bdom\u00fd \u017eivot: Jak si zachovat autenticitu v digit\u00e1ln\u00ed dob\u011b\t\t<\/a>\n\t\t<\/div>\t\t<\/div>\n\t\t\t\t<div class=\"p-wrap p-list-inline\" data-pid=\"5345\">\n\t\t<div class=\"entry-title h6\"><i class=\"rbi rbi-plus\" aria-hidden=\"true\"><\/i>\t\t<a class=\"p-url\" href=\"https:\/\/d.r4.wbsprt.com\/mojesebepoznani.cz\/tajemny-objekt-v-australii-pad-z-nebe-nebo-neco-vic\/\" rel=\"bookmark\">\n\t\tTajemn\u00fd objekt v Austr\u00e1lii: p\u00e1d z nebe nebo n\u011bco v\u00edc?\t\t<\/a>\n\t\t<\/div>\t\t<\/div>\n\t\t\t\t<div class=\"p-wrap p-list-inline\" data-pid=\"6105\">\n\t\t<div class=\"entry-title h6\"><i class=\"rbi rbi-plus\" aria-hidden=\"true\"><\/i>\t\t<a class=\"p-url\" href=\"https:\/\/d.r4.wbsprt.com\/mojesebepoznani.cz\/komu-patri-havaj-desitky-miliardaru-vlastni-jedenact-procent-soukrome-pudy-skutecny-pribeh-je-ale-mnohem-hlubsi\/\" rel=\"bookmark\">\n\t\tKomu pat\u0159\u00ed Havaj? Des\u00edtky miliard\u00e1\u0159\u016f vlastn\u00ed jeden\u00e1ct procent soukrom\u00e9 p\u016fdy. Skute\u010dn\u00fd p\u0159\u00edb\u011bh je ale mnohem hlub\u0161\u00ed\t\t<\/a>\n\t\t<\/div>\t\t<\/div>\n\t\t\t\t<div class=\"p-wrap p-list-inline\" data-pid=\"2504\">\n\t\t<div class=\"entry-title h6\"><i class=\"rbi rbi-plus\" aria-hidden=\"true\"><\/i>\t\t<a class=\"p-url\" href=\"https:\/\/d.r4.wbsprt.com\/mojesebepoznani.cz\/aktualni-trend-seberozvoje-psychicka-odolnost\/\" rel=\"bookmark\">\n\t\tAktu\u00e1ln\u00ed trend seberozvoje \u2013 psychick\u00e1 odolnost\t\t<\/a>\n\t\t<\/div>\t\t<\/div>\n\t\t\t\t\t\t<\/div>\n\t\t\t<\/div>\n\t\t<\/div>\n\t\t\n\n\n\n<p class=\"wp-block-paragraph\">Debata o l\u00e9ka\u0159sky asistovan\u00e9m ukon\u010den\u00ed \u017eivota pat\u0159\u00ed v Kanad\u011b k nejcitliv\u011bj\u0161\u00edm spole\u010densk\u00fdm a bioetick\u00fdm ot\u00e1zk\u00e1m posledn\u00edho desetilet\u00ed. Zvl\u00e1\u0161tn\u00ed pozornost vyvolalo stanovisko <strong>Coll\u00e8ge des m\u00e9decins du Qu\u00e9bec (CMQ)<\/strong>, profesn\u00ed organizace reguluj\u00edc\u00ed l\u00e9ka\u0159sk\u00e9 povol\u00e1n\u00ed v provincii Qu\u00e9bec. V dokumentu zve\u0159ejn\u011bn\u00e9m na konci roku 2021 toti\u017e CMQ otev\u0159elo ot\u00e1zku, kter\u00e1 jde podstatn\u011b d\u00e1l ne\u017e obvykl\u00e1 diskuse o pr\u00e1vu nevyl\u00e9\u010diteln\u011b nemocn\u00e9ho dosp\u011bl\u00e9ho rozhodovat o konci sv\u00e9ho \u017eivota. Organizace se v\u00fdslovn\u011b zab\u00fdvala tak\u00e9 d\u011btmi ve v\u011bku <strong>0 a\u017e 1 rok<\/strong>. A pr\u00e1v\u011b zde se nach\u00e1z\u00ed v\u011bta, kter\u00e1 pozd\u011bji vyvolala zna\u010dnou kontroverzi.<\/p>\n\n\n\n<h2 class=\"wp-block-heading\">\u201eM\u016f\u017ee b\u00fdt vhodnou p\u00e9\u010d\u00ed\u201c<\/h2>\n\n\n\n<p class=\"wp-block-paragraph\">P\u016fvodn\u00ed dokument nese n\u00e1zev <strong>Recommandation de positionnement du groupe de r\u00e9flexion sur l\u2019aide m\u00e9dicale \u00e0 mourir et les soins de fin de vie<\/strong>. Vypracovala jej pracovn\u00ed skupina vytvo\u0159en\u00e1 spr\u00e1vn\u00ed radou Coll\u00e8ge des m\u00e9decins du Qu\u00e9bec v dubnu 2021. Spr\u00e1vn\u00ed rada CMQ navr\u017een\u00e9 stanovisko v prosinci 2021 jednomysln\u011b p\u0159ijala. V kapitole v\u011bnovan\u00e9 nezletil\u00fdm dokument samostatn\u011b rozd\u011bluje dv\u011b skupiny: d\u011bti <strong>0\u20131 rok<\/strong> a nezletil\u00e9 <strong>14\u201318 let<\/strong>.<\/p>\n\n\n\n<p class=\"wp-block-paragraph\">U nejmen\u0161\u00edch d\u011bt\u00ed CMQ hovo\u0159\u00ed o p\u0159\u00edpadech z\u00e1va\u017en\u00fdch vrozen\u00fdch malformac\u00ed nebo komplexn\u00edch t\u011b\u017ek\u00fdch syndrom\u016f s mimo\u0159\u00e1dn\u011b nep\u0159\u00edznivou progn\u00f3zou, kdy podle dokumentu nen\u00ed perspektiva \u00falevy ani p\u0159e\u017eit\u00ed.<\/p>\n\n\n\n<p class=\"wp-block-paragraph\">N\u00e1sleduje kl\u00ed\u010dov\u00e1 v\u011bta:<\/p>\n\n\n\n<blockquote class=\"wp-block-quote is-layout-flow wp-block-quote-is-layout-flow\">\n<p class=\"wp-block-paragraph\">\u201e\u2026l\u2019aide m\u00e9dicale \u00e0 mourir [\u2026] peut \u00eatre un soin appropri\u00e9.\u201c<\/p>\n<\/blockquote>\n\n\n\n<p class=\"wp-block-paragraph\">Tedy v p\u0159ekladu p\u0159ibli\u017en\u011b:<\/p>\n\n\n\n<p class=\"wp-block-paragraph\"><strong>\u201eL\u00e9ka\u0159sk\u00e1 pomoc p\u0159i um\u00edr\u00e1n\u00ed m\u016f\u017ee b\u00fdt vhodnou \u010di p\u0159im\u011b\u0159enou p\u00e9\u010d\u00ed.\u201c<\/strong><\/p>\n\n\n\n<p class=\"wp-block-paragraph\">CMQ z\u00e1rove\u0148 po\u017eadovalo, aby p\u0159\u00edpadn\u00fd takov\u00fd postup podl\u00e9hal p\u0159\u00edsn\u00e9mu protokolu, a jako model hodn\u00fd dal\u0161\u00edho zkoum\u00e1n\u00ed v\u00fdslovn\u011b uvedlo zku\u0161enost Nizozemska a <strong>Groningensk\u00fd protokol<\/strong>. Tuto skute\u010dnost tedy nen\u00ed mo\u017en\u00e9 odb\u00fdt jako medi\u00e1ln\u00ed v\u00fdmysl \u010di chybn\u011b p\u0159elo\u017een\u00fd v\u00fdrok.<\/p>\n\n\n\n<p class=\"wp-block-paragraph\"><strong>Qu\u00e9beck\u00e1 l\u00e9ka\u0159sk\u00e1 organizace skute\u010dn\u011b otev\u0159ela mo\u017enost aktivn\u00ed l\u00e9ka\u0159sk\u00e9 pomoci p\u0159i ukon\u010den\u00ed \u017eivota n\u011bkter\u00fdch novorozenc\u016f.<\/strong><\/p>\n\n\n\n<p class=\"wp-block-paragraph\">To je ov\u011b\u0159en\u00fd fakt.<\/p>\n\n\n\n<h2 class=\"wp-block-heading\">Ne\u0161lo v\u0161ak o z\u00e1kon<\/h2>\n\n\n\n<p class=\"wp-block-paragraph\">Zde ale vznik\u00e1 z\u00e1sadn\u00ed hranice mezi skute\u010dnost\u00ed a jej\u00ed mo\u017enou medi\u00e1ln\u00ed interpretac\u00ed. Coll\u00e8ge des m\u00e9decins du Qu\u00e9bec <strong>nen\u00ed parlament ani vl\u00e1da provincie Qu\u00e9bec<\/strong>. Je to profesn\u00ed regula\u010dn\u00ed organizace l\u00e9ka\u0159\u016f. Jej\u00ed stanovisko proto samo o sob\u011b nemohlo legalizovat nov\u00fd zp\u016fsob zdravotn\u00ed p\u00e9\u010de. A nic takov\u00e9ho se ani nestalo.<\/p>\n\n\n\n<p class=\"wp-block-paragraph\">Kanadsk\u00fd <strong>Criminal Code<\/strong>, kter\u00fd stanovuje z\u00e1kladn\u00ed pravidla pro Medical Assistance in Dying \u2013 MAID, dnes \u0159\u00edk\u00e1 zcela jednozna\u010dn\u011b, \u017ee \u017eadatel mus\u00ed b\u00fdt:<\/p>\n\n\n\n<p class=\"wp-block-paragraph\"><strong>\u201eat least 18 years of age and capable of making decisions with respect to their health\u201c<\/strong><\/p>\n\n\n\n<p class=\"wp-block-paragraph\">\u2013 tedy nejm\u00e9n\u011b osmn\u00e1ctilet\u00fd a schopn\u00fd rozhodovat o sv\u00e9 zdravotn\u00ed p\u00e9\u010di.<\/p>\n\n\n\n<p class=\"wp-block-paragraph\">Krom\u011b toho mus\u00ed splnit dal\u0161\u00ed podm\u00ednky, nap\u0159\u00edklad m\u00edt z\u00e1va\u017en\u00fd a nenapraviteln\u00fd zdravotn\u00ed stav, u\u010dinit dobrovolnou \u017e\u00e1dost a d\u00e1t informovan\u00fd souhlas. Novorozenec tyto podm\u00ednky z podstaty v\u011bci spl\u0148ovat nem\u016f\u017ee.<\/p>\n\n\n\n<h2 class=\"wp-block-heading\">Ani Qu\u00e9bec dnes MAID d\u011btem nepovoluje<\/h2>\n\n\n\n<p class=\"wp-block-paragraph\">Stejn\u011b jednozna\u010dn\u00fd je sou\u010dasn\u00fd qu\u00e9beck\u00fd <strong>Loi concernant les soins de fin de vie \u2013 Z\u00e1kon o p\u00e9\u010di na konci \u017eivota<\/strong>. Jeho \u010dl\u00e1nek 26 stanov\u00ed, \u017ee \u010dlov\u011bk \u017e\u00e1daj\u00edc\u00ed v sou\u010dasnosti o MAID mus\u00ed b\u00fdt <strong>plnolet\u00fd a schopn\u00fd souhlasit se zdravotn\u00ed p\u00e9\u010d\u00ed<\/strong>. \u017d\u00e1dost mus\u00ed podat s\u00e1m za sebe.<\/p>\n\n\n\n<p class=\"wp-block-paragraph\">Dokonce i sou\u010dasn\u00e1 informa\u010dn\u00ed str\u00e1nka samotn\u00e9ho Coll\u00e8ge des m\u00e9decins du Qu\u00e9bec dnes v\u00fdslovn\u011b uv\u00e1d\u00ed, \u017ee MAID je z\u00e1konem povolena pouze pro plnolet\u00e9 osoby zp\u016fsobil\u00e9 k souhlasu. Pro nezletil\u00e9 podle CMQ nad\u00e1le z\u016fst\u00e1v\u00e1 referen\u010dn\u00edm r\u00e1mcem standardn\u00ed p\u00e9\u010de na konci \u017eivota. <strong>Eutanazie nebo MAID novorozenc\u016f tedy nejsou v Qu\u00e9becu leg\u00e1ln\u00ed.<\/strong><\/p>\n\n\n\n<h2 class=\"wp-block-heading\">CMQ sv\u00e9 stanovisko nezap\u0159elo. Naopak jej v roce 2022 zopakovalo<\/h2>\n\n\n\n<p class=\"wp-block-paragraph\">Zaj\u00edmav\u00e9 je, \u017ee po vypuknut\u00ed ve\u0159ejn\u00e9 kontroverze CMQ od sv\u00e9ho postoje neustoupilo. Dne 18. listopadu 2022 organizace vydala vysv\u011btlen\u00ed, v n\u011bm\u017e reagovala na podle n\u00ed zkreslen\u00e9 interpretace sv\u00e9 pozice. Up\u0159esnila, \u017ee nem\u00e1 na mysli obecn\u011b d\u011bti narozen\u00e9 se zdravotn\u00edm posti\u017een\u00edm ani v\u0161echny v\u00e1\u017en\u011b nemocn\u00e9 novorozence. Podle CMQ by mo\u017enost p\u0159ipadala v \u00favahu pouze ve <strong>v\u00fdjime\u010dn\u00fdch situac\u00edch<\/strong>, kdy d\u00edt\u011b podle l\u00e9ka\u0159sk\u00e9ho posouzen\u00ed nem\u00e1 perspektivu p\u0159e\u017eit\u00ed a jeho extr\u00e9mn\u00ed utrpen\u00ed nen\u00ed mo\u017en\u00e9 zm\u00edrnit.<\/p>\n\n\n\n<p class=\"wp-block-paragraph\">Prezident CMQ Mauril Gaudreault tehdy uvedl, \u017ee takov\u00e9 d\u011bti jsou rovn\u011b\u017e pacienty a podle n\u00e1zoru organizace by jejich rodi\u010de m\u011bli m\u00edt za p\u0159esn\u011b stanoven\u00fdch okolnost\u00ed mo\u017enost o tuto p\u00e9\u010di po\u017e\u00e1dat. T\u00edm se potvrzuje d\u016fle\u017eit\u00e1 skute\u010dnost:<\/p>\n\n\n\n<p class=\"wp-block-paragraph\"><strong>Ne\u0161lo pouze o ne\u0161\u0165astnou formulaci jednoho intern\u00edho dokumentu. Byla to skute\u010dn\u00e1 odborn\u011b-politick\u00e1 pozice tehdej\u0161\u00edho veden\u00ed CMQ.<\/strong><\/p>\n\n\n\n<h2 class=\"wp-block-heading\">Eutanazie nen\u00ed tot\u00e9\u017e jako ukon\u010den\u00ed marn\u00e9 l\u00e9\u010dby<\/h2>\n\n\n\n<p class=\"wp-block-paragraph\">Pr\u00e1v\u011b zde je nutn\u00e9 rozli\u0161ovat pojmy, kter\u00e9 jsou v emocion\u00e1ln\u011b vypjat\u00e9 debat\u011b \u010dasto zam\u011b\u0148ov\u00e1ny. V neonatologii existuj\u00ed situace, kdy l\u00e9ka\u0159i spole\u010dn\u011b s rodi\u010di dosp\u011bj\u00ed k z\u00e1v\u011bru, \u017ee dal\u0161\u00ed agresivn\u00ed intenzivn\u00ed l\u00e9\u010dba ji\u017e d\u00edt\u011bti neposkytuje re\u00e1ln\u00fd prosp\u011bch, pouze prodlu\u017euje proces um\u00edr\u00e1n\u00ed nebo p\u0159in\u00e1\u0161\u00ed nep\u0159im\u011b\u0159enou z\u00e1t\u011b\u017e.<\/p>\n\n\n\n<p class=\"wp-block-paragraph\">Pak m\u016f\u017ee b\u00fdt rozhodnuto nap\u0159\u00edklad o:<\/p>\n\n\n\n<ul class=\"wp-block-list\">\n<li>nezah\u00e1jen\u00ed ur\u010dit\u00e9 dal\u0161\u00ed l\u00e9\u010dby,<\/li>\n\n\n\n<li>ukon\u010den\u00ed neprosp\u011b\u0161n\u00e9 \u017eivot udr\u017euj\u00edc\u00ed l\u00e9\u010dby,<\/li>\n\n\n\n<li>p\u0159echodu na paliativn\u00ed p\u00e9\u010di,<\/li>\n\n\n\n<li>l\u00e9\u010db\u011b bolesti a dal\u0161\u00edch obt\u00ed\u017e\u00ed.<\/li>\n<\/ul>\n\n\n\n<p class=\"wp-block-paragraph\">Smyslem takov\u00e9ho rozhodnut\u00ed nen\u00ed aktivn\u011b zp\u016fsobit smrt. P\u0159\u00ed\u010dinou smrti z\u016fst\u00e1v\u00e1 z\u00e1kladn\u00ed onemocn\u011bn\u00ed \u010di stav d\u00edt\u011bte. <strong>Aktivn\u00ed ukon\u010den\u00ed \u017eivota je n\u011bco jin\u00e9ho.<\/strong> A p\u016fvodn\u00ed dokument CMQ nelze vysv\u011btlit pouze jako debatu o ukon\u010dov\u00e1n\u00ed marn\u00e9 l\u00e9\u010dby. Pou\u017e\u00edv\u00e1 toti\u017e p\u0159\u00edmo v\u00fdraz <strong>aide m\u00e9dicale \u00e0 mourir<\/strong> a jako model uv\u00e1d\u00ed nizozemsk\u00fd Groningensk\u00fd protokol. To je pro pochopen\u00ed cel\u00e9 kontroverze podstatn\u00e9.<\/p>\n\n\n\n<h2 class=\"wp-block-heading\">Groningen: cesta, kterou cht\u011bli qu\u00e9be\u010dt\u00ed l\u00e9ka\u0159i \u201eprozkoumat\u201c<\/h2>\n\n\n\n<p class=\"wp-block-paragraph\">Nizozemsko m\u00e1 v t\u00e9to oblasti zcela v\u00fdjime\u010dn\u00e9 postaven\u00ed. Pro velmi vz\u00e1cn\u00e9 p\u0159\u00edpady v\u00e1\u017en\u011b nemocn\u00fdch novorozenc\u016f zde vznikl tzv. <strong>Groningensk\u00fd protokol<\/strong>. Jde o r\u00e1mec stanovuj\u00edc\u00ed mimo\u0159\u00e1dn\u011b p\u0159\u00edsn\u00e9 podm\u00ednky, podle nich\u017e jsou posuzov\u00e1ny p\u0159\u00edpady aktivn\u00edho ukon\u010den\u00ed \u017eivota d\u00edt\u011bte, kter\u00e9 samo samoz\u0159ejm\u011b nem\u016f\u017ee o takov\u00fd z\u00e1krok po\u017e\u00e1dat. Nejde jednodu\u0161e o b\u011b\u017enou eutanazii dosp\u011bl\u00fdch p\u0159enesenou na d\u011bti. Jde o zvl\u00e1\u0161tn\u00ed syst\u00e9m s vlastn\u00edmi podm\u00ednkami a n\u00e1sledn\u00fdm pr\u00e1vn\u00edm a odborn\u00fdm p\u0159ezkumem. Pr\u00e1v\u011b tento model ozna\u010dil dokument qu\u00e9beck\u00e9ho CMQ za <strong>\u201evoie \u00e0 explorer\u201c \u2013 cestu, kterou stoj\u00ed za to prozkoumat<\/strong>. To z\u00e1rove\u0148 potvrzuje, \u017ee diskuse CMQ skute\u010dn\u011b p\u0159esahovala standardn\u00ed paliativn\u00ed p\u00e9\u010di.<\/p>\n\n\n\n<h2 class=\"wp-block-heading\">Novorozenec a \u201emature minor\u201c nejsou tot\u00e9\u017e<\/h2>\n\n\n\n<p class=\"wp-block-paragraph\">Do kanadsk\u00e9 diskuse o MAID vstupuje je\u0161t\u011b dal\u0161\u00ed pojem \u2013 <strong>mature minors<\/strong>, tedy nezletil\u00ed, kte\u0159\u00ed maj\u00ed dostate\u010dnou rozhodovac\u00ed schopnost pochopit sv\u016fj zdravotn\u00ed stav, mo\u017enosti l\u00e9\u010dby a d\u016fsledky vlastn\u00edho rozhodnut\u00ed. Kanadsk\u00e9 parlamentn\u00ed v\u00fdbory skute\u010dn\u011b zva\u017eovaly, zda by v budoucnu nem\u011bla b\u00fdt MAID za ur\u010dit\u00fdch podm\u00ednek p\u0159\u00edstupn\u00e1 tak\u00e9 t\u011bmto dosp\u00edvaj\u00edc\u00edm. V roce 2023 zvl\u00e1\u0161tn\u00ed parlamentn\u00ed v\u00fdbor dokonce doporu\u010dil, aby feder\u00e1ln\u00ed vl\u00e1da zv\u00e1\u017eila zm\u011bnu Criminal Code a umo\u017enila p\u0159\u00edstup nezletil\u00fdm, u nich\u017e bude dostate\u010dn\u00e1 rozhodovac\u00ed schopnost odborn\u011b potvrzena. Ani toto doporu\u010den\u00ed se v\u0161ak nestalo platn\u00fdm pr\u00e1vem. A hlavn\u011b: <strong>Mature minor nen\u00ed novorozenec.<\/strong><\/p>\n\n\n\n<p class=\"wp-block-paragraph\">Dokonce i p\u016fvodn\u00ed dokument CMQ oba probl\u00e9my p\u0159\u00edsn\u011b odd\u011bluje. Pro d\u011bti <strong>0\u20131 rok<\/strong> diskutuje rozhodov\u00e1n\u00ed zalo\u017een\u00e9 na zdravotn\u00edm stavu d\u00edt\u011bte a roli rodi\u010d\u016f. Pro skupinu <strong>14\u201318 let<\/strong> argumentuje schopnost\u00ed samotn\u00e9ho nezletil\u00e9ho pod\u00edlet se na zdravotn\u00edm rozhodov\u00e1n\u00ed. Sm\u011b\u0161ovat ob\u011b skupiny do jednoho tvrzen\u00ed o \u201eeutanazii nezletil\u00fdch\u201c proto podstatnou \u010d\u00e1st probl\u00e9mu zakr\u00fdv\u00e1.<\/p>\n\n\n\n<h2 class=\"wp-block-heading\">A co p\u0159ed\u010dasn\u011b narozen\u00e9 d\u011bti v\u00e1\u017e\u00edc\u00ed 800 gram\u016f?<\/h2>\n\n\n\n<p class=\"wp-block-paragraph\">V n\u011bkter\u00fdch koment\u00e1\u0159\u00edch k t\u00e9matu se objevuj\u00ed osobn\u00ed zku\u0161enosti s extr\u00e9mn\u011b p\u0159ed\u010dasn\u011b narozen\u00fdmi d\u011btmi, kter\u00fdm l\u00e9ka\u0159i zpo\u010d\u00e1tku d\u00e1vali velmi nejistou progn\u00f3zu, ale pozd\u011bji se vyv\u00edjely dob\u0159e. Takov\u00e9 p\u0159\u00edb\u011bhy jsou lidsky mimo\u0159\u00e1dn\u011b siln\u00e9. Jako medic\u00ednsk\u00fd d\u016fkaz v\u0161ak nesta\u010d\u00ed. Sou\u010dasn\u011b ale upozor\u0148uj\u00ed na <strong>jeden skute\u010dn\u011b z\u00e1sadn\u00ed probl\u00e9m neonatologie \u2013 prognostickou nejistotu<\/strong>.<\/p>\n\n\n\n<p class=\"wp-block-paragraph\">Canadian Paediatric Society doporu\u010duje p\u0159i rozhodov\u00e1n\u00ed o p\u00e9\u010di u extr\u00e9mn\u011b p\u0159ed\u010dasn\u00fdch porod\u016f hodnotit \u0159adu faktor\u016f. Nejen porodn\u00ed hmotnost, ale p\u0159edev\u0161\u00edm gesta\u010dn\u00ed v\u011bk, r\u016fst plodu, pod\u00e1n\u00ed kortikosteroid\u016f p\u0159ed porodem, jedno\u010detn\u00e9 \u010di v\u00edce\u010detn\u00e9 t\u011bhotenstv\u00ed, vrozen\u00e9 vady, stav d\u00edt\u011bte a mo\u017enosti specializovan\u00e9ho pracovi\u0161t\u011b. Rodi\u010d\u016fm maj\u00ed l\u00e9ka\u0159i poskytovat individu\u00e1ln\u00ed progn\u00f3zu a otev\u0159en\u011b komunikovat tak\u00e9 jej\u00ed nejistotu.<\/p>\n\n\n\n<p class=\"wp-block-paragraph\">Z toho plyne d\u016fle\u017eit\u00fd z\u00e1v\u011br:<\/p>\n\n\n\n<p class=\"wp-block-paragraph\"><strong>Porodn\u00ed hmotnost nap\u0159\u00edklad 800 nebo 1 100 gram\u016f sama o sob\u011b nen\u00ed d\u016fvodem k ukon\u010den\u00ed l\u00e9\u010dby \u2013 nato\u017e k MAID.<\/strong><\/p>\n\n\n\n<p class=\"wp-block-paragraph\">A p\u016fvodn\u00ed stanovisko CMQ \u017e\u00e1dnou konkr\u00e9tn\u00ed porodn\u00ed hmotnost jako krit\u00e9rium v\u016fbec neuv\u00e1d\u00ed. Hovo\u0159\u00ed o zcela jin\u00e9 kategorii p\u0159\u00edpad\u016f: o z\u00e1va\u017en\u00fdch malformac\u00edch \u010di komplexn\u00edch syndromech s mimo\u0159\u00e1dn\u011b nep\u0159\u00edznivou progn\u00f3zou a bez perspektivy \u00falevy a p\u0159e\u017eit\u00ed. Proto by bylo zav\u00e1d\u011bj\u00edc\u00ed tvrdit, \u017ee n\u00e1vrh CMQ znamenal mo\u017enost ukon\u010dit \u017eivot d\u00edt\u011bte jednodu\u0161e proto, \u017ee se narodilo extr\u00e9mn\u011b p\u0159ed\u010dasn\u011b nebo m\u011blo velmi n\u00edzkou porodn\u00ed hmotnost.<\/p>\n\n\n\n<h2 class=\"wp-block-heading\">Nejt\u011b\u017e\u0161\u00ed ot\u00e1zka: kdo rozhoduje za \u010dlov\u011bka, kter\u00fd rozhodnout nem\u016f\u017ee?<\/h2>\n\n\n\n<p class=\"wp-block-paragraph\">Cel\u00e1 debata t\u00edm nar\u00e1\u017e\u00ed na mnohem hlub\u0161\u00ed etick\u00fd probl\u00e9m. Kanadsk\u00fd syst\u00e9m MAID byl vybudov\u00e1n p\u0159edev\u0161\u00edm na principu <strong>autonomie pacienta<\/strong>. \u010clov\u011bk mus\u00ed svou \u017e\u00e1dost u\u010dinit dobrovoln\u011b a po z\u00edsk\u00e1n\u00ed pot\u0159ebn\u00fdch informac\u00ed. U novorozence tento princip pou\u017e\u00edt nelze. D\u00edt\u011b nem\u016f\u017ee sv\u016fj n\u00e1zor formulovat, nem\u016f\u017ee vyhodnotit alternativy a nem\u016f\u017ee d\u00e1t informovan\u00fd souhlas. Rozhodov\u00e1n\u00ed proto p\u0159ech\u00e1z\u00ed k principu <strong>nejlep\u0161\u00edho z\u00e1jmu d\u00edt\u011bte<\/strong>, k rodi\u010d\u016fm a zdravotnick\u00e9mu t\u00fdmu. Pr\u00e1v\u011b t\u00edm se neonatal MAID z\u00e1sadn\u011b li\u0161\u00ed od pomoci p\u0159i um\u00edr\u00e1n\u00ed dosp\u011bl\u00e9mu \u010dlov\u011bku, kter\u00fd ji s\u00e1m po\u017eaduje.<\/p>\n\n\n\n<p class=\"wp-block-paragraph\">Zast\u00e1nci mo\u017enosti aktivn\u00edho ukon\u010den\u00ed \u017eivota v naprosto extr\u00e9mn\u00edch p\u0159\u00edpadech argumentuj\u00ed p\u0159edev\u0161\u00edm t\u00edm, \u017ee nen\u00ed etick\u00e9 bez\u00fa\u010deln\u011b prodlu\u017eovat nezm\u00edrniteln\u00e9 utrpen\u00ed d\u00edt\u011bte, kter\u00e9 nem\u00e1 re\u00e1lnou \u0161anci p\u0159e\u017e\u00edt. Kritici naopak upozor\u0148uj\u00ed na riziko chybn\u00e9 progn\u00f3zy, nedostate\u010dn\u00e9 paliativn\u00ed p\u00e9\u010de, subjektivn\u00edho posuzov\u00e1n\u00ed kvality \u017eivota a zejm\u00e9na na skute\u010dnost, \u017ee osoba, jej\u00ed\u017e \u017eivot m\u00e1 b\u00fdt ukon\u010den, nem\u016f\u017ee d\u00e1t souhlas. Velmi citliv\u00fdm bodem je tak\u00e9 zdravotn\u00ed posti\u017een\u00ed.<\/p>\n\n\n\n<p class=\"wp-block-paragraph\">P\u0159edstavy zdrav\u00e9ho \u010dlov\u011bka o tom, jakou kvalitu m\u00e1 \u017eivot n\u011bkoho s v\u00fdznamn\u00fdm posti\u017een\u00edm, nemus\u00ed odpov\u00eddat tomu, jak vlastn\u00ed \u017eivot hodnot\u00ed samotn\u00ed lid\u00e9 se zdravotn\u00edm posti\u017een\u00edm. Pr\u00e1v\u011b proto je zde mimo\u0159\u00e1dn\u011b d\u016fle\u017eit\u00e9 rozli\u0161ovat mezi <strong>nevyl\u00e9\u010diteln\u00fdm stavem bez perspektivy p\u0159e\u017eit\u00ed<\/strong> a \u017eivotem s posti\u017een\u00edm.<\/p>\n\n\n\n<h2 class=\"wp-block-heading\">Dokument z roku 2021 nen\u00ed nov\u00fdm z\u00e1konem roku 2026<\/h2>\n\n\n\n<p class=\"wp-block-paragraph\">Nem\u00e9n\u011b d\u016fle\u017eit\u00fd je \u010dasov\u00fd kontext. Kontroverzn\u00ed dokument CMQ vznikl <strong>v roce 2021<\/strong>. V\u00fdrazn\u011bj\u0161\u00ed ve\u0159ejn\u00e1 a parlamentn\u00ed diskuse o jeho stanovisku n\u00e1sledovala zejm\u00e9na <strong>v roce 2022<\/strong>. V roce 2023 pokra\u010dovala feder\u00e1ln\u00ed parlamentn\u00ed debata p\u0159edev\u0161\u00edm o mo\u017enosti MAID pro tzv. mature minors. V\u00fdbor doporu\u010dil dal\u0161\u00ed roz\u0161\u00ed\u0159en\u00ed syst\u00e9mu, legislativa v\u0161ak v\u011bkovou hranici nezm\u011bnila. K sou\u010dasn\u00e9mu pr\u00e1vn\u00edmu stavu z\u016fst\u00e1v\u00e1 feder\u00e1ln\u00ed kanadsk\u00fd z\u00e1kon jednozna\u010dn\u00fd:<\/p>\n\n\n\n<p class=\"wp-block-paragraph\"><strong>MAID pouze od 18 let.<\/strong><\/p>\n\n\n\n<p class=\"wp-block-paragraph\">Pokud je tedy stanovisko z roku 2021 prezentov\u00e1no jako nov\u00e1 aktu\u00e1ln\u00ed legalizace \u201eeutanazie novorozenc\u016f v Kanad\u011b\u201c, informace je zav\u00e1d\u011bj\u00edc\u00ed. Pokud je v\u0161ak tvrzen\u00ed formulov\u00e1no n\u00e1sledovn\u011b:<\/p>\n\n\n\n<p class=\"wp-block-paragraph\"><strong>\u201eV\u00fdznamn\u00e1 qu\u00e9beck\u00e1 l\u00e9ka\u0159sk\u00e1 profesn\u00ed organizace skute\u010dn\u011b navrhovala, aby se za velmi \u00fazce vymezen\u00fdch podm\u00ednek prozkoumala mo\u017enost MAID tak\u00e9 u d\u011bt\u00ed do jednoho roku,\u201c<\/strong> pak je toto tvrzen\u00ed dolo\u017eiteln\u00e9 p\u016fvodn\u00edm dokumentem.<\/p>\n\n\n\n<h2 class=\"wp-block-heading\">Fakt, kter\u00fd nepot\u0159ebuje senzaci<\/h2>\n\n\n\n<p class=\"wp-block-paragraph\">Cel\u00fd p\u0159\u00edpad nab\u00edz\u00ed z\u00e1rove\u0148 pou\u010den\u00ed pro zp\u016fsob, jak\u00fdm dnes p\u0159ij\u00edm\u00e1me informace. Na jedn\u00e9 stran\u011b by bylo chybou skute\u010dn\u00e9 stanovisko CMQ bagatelizovat. Obsahovalo eticky velmi z\u00e1va\u017en\u00fd n\u00e1vrh a organizace jej n\u00e1sledn\u011b ve\u0159ejn\u011b zopakovala. Na druh\u00e9 stran\u011b by bylo stejn\u011b chybn\u00e9 prom\u011bnit odborn\u00fd n\u00e1vrh v tvrzen\u00ed, \u017ee Kanada ji\u017e umo\u017e\u0148uje eutanazii novorozenc\u016f nebo \u017ee p\u0159ed\u010dasn\u011b narozen\u00e9 d\u00edt\u011b m\u016f\u017ee b\u00fdt usmrceno na z\u00e1klad\u011b n\u00edzk\u00e9 porodn\u00ed hmotnosti. Ani jedno z toho sou\u010dasn\u00e9 pr\u00e1vo neumo\u017e\u0148uje. Skute\u010dn\u00e1 ot\u00e1zka je mo\u017en\u00e1 je\u0161t\u011b z\u00e1va\u017en\u011bj\u0161\u00ed ne\u017e jej\u00ed zjednodu\u0161en\u00e1 medi\u00e1ln\u00ed verze:<\/p>\n\n\n\n<p class=\"wp-block-paragraph\"><strong>Existuj\u00ed okolnosti, za nich\u017e m\u016f\u017ee spole\u010dnost pova\u017eovat aktivn\u00ed ukon\u010den\u00ed \u017eivota \u010dlov\u011bka, kter\u00fd nikdy nemohl projevit vlastn\u00ed v\u016fli, za p\u00e9\u010di v jeho nejlep\u0161\u00edm z\u00e1jmu?<\/strong> Coll\u00e8ge des m\u00e9decins du Qu\u00e9bec na tuto ot\u00e1zku v roce 2021 odpov\u011bd\u011blo, \u017ee za mimo\u0159\u00e1dn\u00fdch okolnost\u00ed stoj\u00ed tato mo\u017enost p\u0159inejmen\u0161\u00edm za prozkoum\u00e1n\u00ed. Kanadsk\u00fd z\u00e1konod\u00e1rce ji v\u0161ak do dne\u0161n\u00edho dne nep\u0159ijal. A pr\u00e1v\u011b mezi t\u011bmito dv\u011bma skute\u010dnostmi \u2013 <strong>odborn\u00fdm n\u00e1vrhem a platn\u00fdm pr\u00e1vem<\/strong> \u2013 le\u017e\u00ed hranice, kterou by \u017e\u00e1dn\u00e1 seri\u00f3zn\u00ed debata o tomto t\u00e9matu nem\u011bla p\u0159ekra\u010dovat.<\/p>\n\n\n\n<h2 class=\"wp-block-heading\">Zdroje informac\u00ed<\/h2>\n\n\n\n<ol class=\"wp-block-list\">\n<li><strong>Coll\u00e8ge des m\u00e9decins du Qu\u00e9bec (CMQ) \u2013 p\u016fvodn\u00ed stanovisko k MAID a p\u00e9\u010di na konci \u017eivota, 2021<\/strong><br>Jde o kl\u00ed\u010dov\u00fd prim\u00e1rn\u00ed dokument, z n\u011bho\u017e poch\u00e1z\u00ed stanovisko t\u00fdkaj\u00edc\u00ed se d\u011bt\u00ed ve v\u011bku 0\u20131 rok a formulace, \u017ee p\u0159\u00edsn\u011b regulovan\u00e1 MAID m\u016f\u017ee za mimo\u0159\u00e1dn\u00fdch okolnost\u00ed p\u0159edstavovat \u201esoin appropri\u00e9\u201c. Dokument tak\u00e9 odkazuje na nizozemsk\u00fd model. <a href=\"https:\/\/cms.cmq.org\/files\/documents\/A-propos\/CA\/pv-cda-20211210-vweb.pdf\" target=\"_blank\" rel=\"noreferrer noopener nofollow\">P\u016fvodn\u00ed dokument CMQ<\/a><\/li>\n\n\n\n<li><strong>Criminal Code of Canada \u2013 \u00a7 241.2, Medical Assistance in Dying<\/strong><br>Z\u00e1kladn\u00ed a nejd\u016fle\u017eit\u011bj\u0161\u00ed zdroj pro sou\u010dasn\u00fd feder\u00e1ln\u00ed pr\u00e1vn\u00ed stav. Z\u00e1kon stanov\u00ed, \u017ee MAID m\u016f\u017ee z\u00edskat pouze osoba, kter\u00e1 je <strong>nejm\u00e9n\u011b 18let\u00e1 a schopn\u00e1 rozhodovat o sv\u00e9 zdravotn\u00ed p\u00e9\u010di<\/strong>. Novorozenci ani nezletil\u00ed tedy podle sou\u010dasn\u00e9ho feder\u00e1ln\u00edho re\u017eimu zp\u016fsobil\u00ed nejsou. <a href=\"https:\/\/laws-lois.justice.gc.ca\/eng\/acts\/C-46\/section-241.2.html\" target=\"_blank\" rel=\"noreferrer noopener nofollow\">Criminal Code \u2013 \u00a7 241.2<\/a><\/li>\n\n\n\n<li><strong>Qu\u00e9bec \u2013 Loi concernant les soins de fin de vie<\/strong><br>Aktu\u00e1ln\u00ed qu\u00e9beck\u00fd z\u00e1kon o p\u00e9\u010di na konci \u017eivota. \u010cl\u00e1nek 26 stanov\u00ed, \u017ee osoba \u017e\u00e1daj\u00edc\u00ed o MAID mus\u00ed b\u00fdt <strong>plnolet\u00e1 a zp\u016fsobil\u00e1 souhlasit s p\u00e9\u010d\u00ed<\/strong>. Ofici\u00e1ln\u00ed konsolidovan\u00e9 zn\u011bn\u00ed bylo p\u0159i ov\u011b\u0159en\u00ed aktu\u00e1ln\u00ed k roku 2026. <a href=\"https:\/\/www.legisquebec.gouv.qc.ca\/fr\/document\/lc\/S-32.0001\" target=\"_blank\" rel=\"noreferrer noopener nofollow\">Ofici\u00e1ln\u00ed z\u00e1kon Qu\u00e9becu<\/a><\/li>\n\n\n\n<li><strong>Parliament of Canada \u2013 Medical Assistance in Dying in Canada: Choices for Canadians, 2023<\/strong><br>Zpr\u00e1va zvl\u00e1\u0161tn\u00edho spole\u010dn\u00e9ho parlamentn\u00edho v\u00fdboru. Obsahuje rozs\u00e1hlou kapitolu o <strong>mature minors<\/strong>. V\u00fdbor v doporu\u010den\u00ed \u010d. 16 navrhoval roz\u0161\u00ed\u0159en\u00ed zp\u016fsobilosti na nezletil\u00e9 s dostate\u010dnou rozhodovac\u00ed schopnost\u00ed; doporu\u010den\u00ed \u010d. 17 navrhovalo alespo\u0148 zpo\u010d\u00e1tku omezen\u00ed na p\u0159\u00edpady s rozumn\u011b p\u0159edv\u00eddatelnou p\u0159irozenou smrt\u00ed. Jde v\u0161ak o <strong>doporu\u010den\u00ed v\u00fdboru, nikoli platn\u00fd z\u00e1kon<\/strong>. <a href=\"https:\/\/www.parl.ca\/DocumentViewer\/en\/44-1\/AMAD\/report-2\" target=\"_blank\" rel=\"noreferrer noopener nofollow\">Zpr\u00e1va Parlamentu Kanady<\/a><\/li>\n\n\n\n<li><strong>Government of the Netherlands \u2013 Termination of life of newborn infants<\/strong><br>Velmi d\u016fle\u017eit\u00fd zdroj pro vysv\u011btlen\u00ed nizozemsk\u00e9ho modelu, na kter\u00fd CMQ odkazovalo. Nizozemsk\u00e1 vl\u00e1da uv\u00e1d\u00ed zvl\u00e1\u0161tn\u00ed krit\u00e9ria pro mimo\u0159\u00e1dn\u00e9 p\u0159\u00edpady ukon\u010den\u00ed \u017eivota novorozence: nesnesiteln\u00e9 utrpen\u00ed bez perspektivy zlep\u0161en\u00ed, jistotu diagn\u00f3zy a progn\u00f3zy, neexistenci rozumn\u00e9 alternativy, souhlas rodi\u010d\u016f a nez\u00e1visl\u00fd l\u00e9ka\u0159sk\u00fd posudek. <a href=\"https:\/\/www.government.nl\/themes\/family-health-and-care\/euthanasia\/late-term-abortion-and-termination-of-life-newborn-infants\" target=\"_blank\" rel=\"noreferrer noopener nofollow\">Government of the Netherlands \u2013 novorozenci<\/a><\/li>\n\n\n\n<li><strong>Government of the Netherlands \u2013 Euthanasia<\/strong><br>U\u017eite\u010dn\u00fd ofici\u00e1ln\u00ed zdroj pro rozli\u0161en\u00ed b\u011b\u017en\u00e9ho nizozemsk\u00e9ho re\u017eimu eutanazie na \u017e\u00e1dost pacienta od zvl\u00e1\u0161tn\u00edho re\u017eimu ukon\u010den\u00ed \u017eivota novorozenc\u016f. Nizozemsk\u00e1 vl\u00e1da sama tyto oblasti odd\u011bluje. <a href=\"https:\/\/www.government.nl\/themes\/family-health-and-care\/euthanasia\" target=\"_blank\" rel=\"noreferrer noopener nofollow\">Nizozemsk\u00e1 vl\u00e1da \u2013 euthanasia<\/a><\/li>\n\n\n\n<li><strong>Government of the Netherlands \u2013 Termination of life for terminally ill children aged 1\u201312<\/strong><br>Pro aktu\u00e1ln\u00ed mezin\u00e1rodn\u00ed srovn\u00e1n\u00ed je d\u016fle\u017eit\u00e9, \u017ee Nizozemsko m\u00e1 dnes zvl\u00e1\u0161tn\u00ed re\u017eim tak\u00e9 pro termin\u00e1ln\u011b nemocn\u00e9 d\u011bti ve v\u011bku 1\u201312 let. Podm\u00ednkou je mimo jin\u00e9 termin\u00e1ln\u00ed onemocn\u011bn\u00ed, nesnesiteln\u00e9 utrpen\u00ed bez perspektivy zlep\u0161en\u00ed a absence rozumn\u00e9 alternativy v\u010detn\u011b paliativn\u00ed l\u00e9\u010dby. <a href=\"https:\/\/www.government.nl\/themes\/family-health-and-care\/euthanasia\/termination-of-life-for-terminally-ill-children-aged-1-to-12\" target=\"_blank\" rel=\"noreferrer noopener nofollow\">Nizozemsk\u00e1 vl\u00e1da \u2013 d\u011bti 1 a\u017e 12 let<\/a><\/li>\n<\/ol>\n","protected":false},"excerpt":{"rendered":"<p>Qu\u00e9beck\u00e1 l\u00e9ka\u0159sk\u00e1 profesn\u00ed organizace skute\u010dn\u011b v roce 2021 p\u0159ipustila, \u017ee za mimo\u0159\u00e1dn\u00fdch okolnost\u00ed by l\u00e9ka\u0159sk\u00e1 pomoc p\u0159i um\u00edr\u00e1n\u00ed mohla b\u00fdt u n\u011bkter\u00fdch t\u011b\u017ece nemocn\u00fdch d\u011bt\u00ed do jednoho roku pova\u017eov\u00e1na za \u201evhodnou p\u00e9\u010di\u201c. V\u00fdrok je autentick\u00fd a organizace jej pozd\u011bji ve\u0159ejn\u011b obhajovala. Neznamen\u00e1 to v\u0161ak, \u017ee Kanada nebo Qu\u00e9bec eutanazii novorozenc\u016f legalizovaly. Platn\u00e9 kanadsk\u00e9 pr\u00e1vo je [&hellip;]<\/p>\n","protected":false},"author":17,"featured_media":6092,"comment_status":"open","ping_status":"open","sticky":false,"template":"","format":"standard","meta":{"footnotes":""},"categories":[9],"tags":[666,664,665,667,663],"class_list":["post-6091","post","type-post","status-publish","format-standard","has-post-thumbnail","category-aktuality-ze-sveta-sebepoznani","tag-bioetika","tag-maid","tag-neonatologie","tag-pravonakoncizivota","tag-quebec"],"_links":{"self":[{"href":"https:\/\/d.r4.wbsprt.com\/mojesebepoznani.cz\/wp-json\/wp\/v2\/posts\/6091","targetHints":{"allow":["GET"]}}],"collection":[{"href":"https:\/\/d.r4.wbsprt.com\/mojesebepoznani.cz\/wp-json\/wp\/v2\/posts"}],"about":[{"href":"https:\/\/d.r4.wbsprt.com\/mojesebepoznani.cz\/wp-json\/wp\/v2\/types\/post"}],"author":[{"embeddable":true,"href":"https:\/\/d.r4.wbsprt.com\/mojesebepoznani.cz\/wp-json\/wp\/v2\/users\/17"}],"replies":[{"embeddable":true,"href":"https:\/\/d.r4.wbsprt.com\/mojesebepoznani.cz\/wp-json\/wp\/v2\/comments?post=6091"}],"version-history":[{"count":5,"href":"https:\/\/d.r4.wbsprt.com\/mojesebepoznani.cz\/wp-json\/wp\/v2\/posts\/6091\/revisions"}],"predecessor-version":[{"id":6098,"href":"https:\/\/d.r4.wbsprt.com\/mojesebepoznani.cz\/wp-json\/wp\/v2\/posts\/6091\/revisions\/6098"}],"wp:featuredmedia":[{"embeddable":true,"href":"https:\/\/d.r4.wbsprt.com\/mojesebepoznani.cz\/wp-json\/wp\/v2\/media\/6092"}],"wp:attachment":[{"href":"https:\/\/d.r4.wbsprt.com\/mojesebepoznani.cz\/wp-json\/wp\/v2\/media?parent=6091"}],"wp:term":[{"taxonomy":"category","embeddable":true,"href":"https:\/\/d.r4.wbsprt.com\/mojesebepoznani.cz\/wp-json\/wp\/v2\/categories?post=6091"},{"taxonomy":"post_tag","embeddable":true,"href":"https:\/\/d.r4.wbsprt.com\/mojesebepoznani.cz\/wp-json\/wp\/v2\/tags?post=6091"}],"curies":[{"name":"wp","href":"https:\/\/api.w.org\/{rel}","templated":true}]}}