{"id":1449,"date":"2023-10-09T21:25:00","date_gmt":"2023-10-09T19:25:00","guid":{"rendered":"http:\/\/mpo.sk\/?p=1449"},"modified":"2024-08-15T19:11:10","modified_gmt":"2024-08-15T17:11:10","slug":"novinky-v-nasom-muzeu","status":"publish","type":"post","link":"https:\/\/d.r4.wbsprt.com\/mpo.sk\/novinky-v-nasom-muzeu\/","title":{"rendered":"Sobota na bunkri 9.9.2023 &#8211; Akcia pre verejnos\u0165"},"content":{"rendered":"<section class=\"wpb-content-wrapper\"><p>[vc_row][vc_column][vc_column_text]<\/p>\n<h3>Novinky v na\u0161om m\u00fazeu<\/h3>\n<p>Sobota na bunkri 9.9.2023 &#8211; Akcia pre verejnos\u0165 Podujatie, ktor\u00e9 pre V\u00e1s usporiadalo M\u00fazeum petr\u017ealsk\u00e9ho opevnenia (OZ) v spolupr\u00e1ci s Bratislava a jej Premeny (OZ). Po minuloro\u010dnom \u00faspechu sme pre v\u00e1s s priate\u013emi z Klubu leteckej hist\u00f3rie op\u00e4\u0165 pripravili zauj\u00edmav\u00fa expoz\u00edciu pozost\u00e1vaj\u00facu z pozostatkov vojensk\u00fdch lietadiel zostrelen\u00fdch na \u00fazem\u00ed Slovenska po\u010das Druhej svetovej vojny. \u010ealej ste tu mohli vydie\u0165 v\u00fdstroj a \u010dinnos\u0165 americk\u00fdch druhovojnov\u00fdch v\u00fdsadk\u00e1rov, ktor\u00e9 v\u00e1m pribl\u00ed\u017eili na\u0161i kolegovia z KVH Geronimo Reenactment group, v\u00fdstavu autentick\u00fdch zbierok v\u00fdstroja a vybavenia z r\u00f4znych vojnov\u00fdch konfliktov vr\u00e1tane vojny vo Vietname, ve\u010der o 20:00 sme V\u00e1m spolu s Bratislava a jej premeny (OZ) premietali v\u00fdber d\u00e1vnej\u0161\u00edch aj s\u00fa\u010dasn\u00fdch z\u00e1berov nakr\u00faten\u00fdch z prostredia nielen n\u00e1\u0161ho hlavn\u00e9ho mesta Bratislavy, ale aj objektu B-S 4 &#8222;L\u00e1ny&#8220;. Po\u010das cel\u00e9ho d\u0148a \u0161tandatne prebiehali organizovan\u00e9 prehliadky objektu m\u00fazea pre v\u0161etk\u00fdch n\u00e1v\u0161tevn\u00edkov. \u010eakujem v\u0161etk\u00fdm za n\u00e1v\u0161tevu a te\u0161\u00edme sa na V\u00e1s op\u00e4\u0165 o rok!<\/p>\n<\/section>","protected":false},"excerpt":{"rendered":"<p>Sobota na bunkri 9.9.2023 &#8211; Akcia pre verejnos\u0165 Podujatie, ktor\u00e9 pre V\u00e1s usporiadalo M\u00fazeum petr\u017ealsk\u00e9ho opevnenia (OZ) v spolupr\u00e1ci s Bratislava a jej Premeny (OZ).<\/p>\n","protected":false},"author":1,"featured_media":1450,"comment_status":"closed","ping_status":"closed","sticky":false,"template":"","format":"standard","meta":{"_mi_skip_tracking":false,"_monsterinsights_sitenote_active":false,"_monsterinsights_sitenote_note":"","_monsterinsights_sitenote_category":0,"footnotes":""},"categories":[55],"tags":[],"yoast_head":"<!-- This site is optimized with the Yoast SEO plugin v23.5 - https:\/\/yoast.com\/wordpress\/plugins\/seo\/ -->\n<title>Sobota na bunkri 9.9.2023 - Akcia pre verejnos\u0165 - M\u00fazeum petr\u017ealsk\u00e9ho opevnenia<\/title>\n<meta name=\"description\" content=\"Podujatie, ktor\u00e9 pre V\u00e1s usporiadalo M\u00fazeum petr\u017ealsk\u00e9ho opevnenia (OZ) v spolupr\u00e1ci s Bratislava a jej Premeny (OZ).\" \/>\n<meta name=\"robots\" content=\"index, follow, max-snippet:-1, max-image-preview:large, max-video-preview:-1\" \/>\n<link rel=\"canonical\" href=\"https:\/\/mpo.sk\/novinky-v-nasom-muzeu\/\" \/>\n<meta property=\"og:locale\" content=\"sk_SK\" \/>\n<meta property=\"og:type\" content=\"article\" \/>\n<meta property=\"og:title\" content=\"Sobota na bunkri 9.9.2023 - Akcia pre verejnos\u0165 - M\u00fazeum petr\u017ealsk\u00e9ho opevnenia\" \/>\n<meta property=\"og:description\" content=\"Podujatie, ktor\u00e9 pre V\u00e1s usporiadalo M\u00fazeum petr\u017ealsk\u00e9ho opevnenia (OZ) v spolupr\u00e1ci s Bratislava a jej Premeny (OZ).\" \/>\n<meta property=\"og:url\" content=\"https:\/\/mpo.sk\/novinky-v-nasom-muzeu\/\" \/>\n<meta property=\"og:site_name\" content=\"M\u00fazeum petr\u017ealsk\u00e9ho opevnenia\" \/>\n<meta property=\"article:publisher\" content=\"https:\/\/www.facebook.com\/bunkerbs4\" \/>\n<meta property=\"article:published_time\" content=\"2023-10-09T19:25:00+00:00\" \/>\n<meta property=\"article:modified_time\" content=\"2024-08-15T17:11:10+00:00\" \/>\n<meta property=\"og:image\" content=\"https:\/\/mpo.sk\/wp-content\/uploads\/2024\/01\/Bunker_musuem_b-S4_sobota_na_bunkri_01.jpg\" \/>\n\t<meta property=\"og:image:width\" content=\"1920\" \/>\n\t<meta property=\"og:image:height\" content=\"1209\" \/>\n\t<meta property=\"og:image:type\" content=\"image\/jpeg\" \/>\n<meta name=\"author\" content=\"WillyFog\" \/>\n<meta name=\"twitter:card\" content=\"summary_large_image\" \/>\n<meta name=\"twitter:label1\" content=\"Autor\" \/>\n\t<meta name=\"twitter:data1\" content=\"WillyFog\" \/>\n\t<meta name=\"twitter:label2\" content=\"Predpokladan\u00fd \u010das \u010d\u00edtania\" \/>\n\t<meta name=\"twitter:data2\" content=\"2 min\u00faty\" \/>\n<script type=\"application\/ld+json\" class=\"yoast-schema-graph\">{\"@context\":\"https:\/\/schema.org\",\"@graph\":[{\"@type\":\"Article\",\"@id\":\"https:\/\/mpo.sk\/novinky-v-nasom-muzeu\/#article\",\"isPartOf\":{\"@id\":\"https:\/\/mpo.sk\/novinky-v-nasom-muzeu\/\"},\"author\":{\"name\":\"WillyFog\",\"@id\":\"https:\/\/mpo.sk\/#\/schema\/person\/28fc68adf9f8faa226f9a1c15bd34259\"},\"headline\":\"Sobota na bunkri 9.9.2023 &#8211; Akcia pre verejnos\u0165\",\"datePublished\":\"2023-10-09T19:25:00+00:00\",\"dateModified\":\"2024-08-15T17:11:10+00:00\",\"mainEntityOfPage\":{\"@id\":\"https:\/\/mpo.sk\/novinky-v-nasom-muzeu\/\"},\"wordCount\":220,\"publisher\":{\"@id\":\"https:\/\/mpo.sk\/#organization\"},\"image\":{\"@id\":\"https:\/\/mpo.sk\/novinky-v-nasom-muzeu\/#primaryimage\"},\"thumbnailUrl\":\"https:\/\/d.r4.wbsprt.com\/mpo.sk\/wp-content\/uploads\/2024\/01\/Bunker_musuem_b-S4_sobota_na_bunkri_01.jpg\",\"articleSection\":[\"NOVINKY\"],\"inLanguage\":\"sk-SK\"},{\"@type\":\"WebPage\",\"@id\":\"https:\/\/mpo.sk\/novinky-v-nasom-muzeu\/\",\"url\":\"https:\/\/mpo.sk\/novinky-v-nasom-muzeu\/\",\"name\":\"Sobota na bunkri 9.9.2023 - Akcia pre verejnos\u0165 - M\u00fazeum petr\u017ealsk\u00e9ho opevnenia\",\"isPartOf\":{\"@id\":\"https:\/\/mpo.sk\/#website\"},\"primaryImageOfPage\":{\"@id\":\"https:\/\/mpo.sk\/novinky-v-nasom-muzeu\/#primaryimage\"},\"image\":{\"@id\":\"https:\/\/mpo.sk\/novinky-v-nasom-muzeu\/#primaryimage\"},\"thumbnailUrl\":\"https:\/\/d.r4.wbsprt.com\/mpo.sk\/wp-content\/uploads\/2024\/01\/Bunker_musuem_b-S4_sobota_na_bunkri_01.jpg\",\"datePublished\":\"2023-10-09T19:25:00+00:00\",\"dateModified\":\"2024-08-15T17:11:10+00:00\",\"description\":\"Podujatie, ktor\u00e9 pre V\u00e1s usporiadalo M\u00fazeum petr\u017ealsk\u00e9ho opevnenia (OZ) v spolupr\u00e1ci s Bratislava a jej Premeny (OZ).\",\"breadcrumb\":{\"@id\":\"https:\/\/mpo.sk\/novinky-v-nasom-muzeu\/#breadcrumb\"},\"inLanguage\":\"sk-SK\",\"potentialAction\":[{\"@type\":\"ReadAction\",\"target\":[\"https:\/\/mpo.sk\/novinky-v-nasom-muzeu\/\"]}]},{\"@type\":\"ImageObject\",\"inLanguage\":\"sk-SK\",\"@id\":\"https:\/\/mpo.sk\/novinky-v-nasom-muzeu\/#primaryimage\",\"url\":\"https:\/\/d.r4.wbsprt.com\/mpo.sk\/wp-content\/uploads\/2024\/01\/Bunker_musuem_b-S4_sobota_na_bunkri_01.jpg\",\"contentUrl\":\"https:\/\/d.r4.wbsprt.com\/mpo.sk\/wp-content\/uploads\/2024\/01\/Bunker_musuem_b-S4_sobota_na_bunkri_01.jpg\",\"width\":1920,\"height\":1209},{\"@type\":\"BreadcrumbList\",\"@id\":\"https:\/\/mpo.sk\/novinky-v-nasom-muzeu\/#breadcrumb\",\"itemListElement\":[{\"@type\":\"ListItem\",\"position\":1,\"name\":\"Home\",\"item\":\"https:\/\/mpo.sk\/\"},{\"@type\":\"ListItem\",\"position\":2,\"name\":\"Sobota na bunkri 9.9.2023 &#8211; Akcia pre verejnos\u0165\"}]},{\"@type\":\"WebSite\",\"@id\":\"https:\/\/mpo.sk\/#website\",\"url\":\"https:\/\/mpo.sk\/\",\"name\":\"M\u00fazeum petr\u017ealsk\u00e9ho opevnenia\",\"description\":\"\u017div\u00e1 hist\u00f3ria v meste Bratislava\",\"publisher\":{\"@id\":\"https:\/\/mpo.sk\/#organization\"},\"potentialAction\":[{\"@type\":\"SearchAction\",\"target\":{\"@type\":\"EntryPoint\",\"urlTemplate\":\"https:\/\/mpo.sk\/?s={search_term_string}\"},\"query-input\":{\"@type\":\"PropertyValueSpecification\",\"valueRequired\":true,\"valueName\":\"search_term_string\"}}],\"inLanguage\":\"sk-SK\"},{\"@type\":\"Organization\",\"@id\":\"https:\/\/mpo.sk\/#organization\",\"name\":\"M\u00fazeum petr\u017ealsk\u00e9ho opevnenia (OZ)\",\"url\":\"https:\/\/mpo.sk\/\",\"logo\":{\"@type\":\"ImageObject\",\"inLanguage\":\"sk-SK\",\"@id\":\"https:\/\/mpo.sk\/#\/schema\/logo\/image\/\",\"url\":\"http:\/\/d.r4.wbsprt.com\/mpo.sk\/wp-content\/uploads\/2023\/09\/Logo-MPO-2017_upravene_OK_pre2023.png\",\"contentUrl\":\"http:\/\/d.r4.wbsprt.com\/mpo.sk\/wp-content\/uploads\/2023\/09\/Logo-MPO-2017_upravene_OK_pre2023.png\",\"width\":1872,\"height\":1860,\"caption\":\"M\u00fazeum petr\u017ealsk\u00e9ho opevnenia (OZ)\"},\"image\":{\"@id\":\"https:\/\/mpo.sk\/#\/schema\/logo\/image\/\"},\"sameAs\":[\"https:\/\/www.facebook.com\/bunkerbs4\",\"https:\/\/www.instagram.com\/muzeumpetrzalskehoopevnenia\/\"]},{\"@type\":\"Person\",\"@id\":\"https:\/\/mpo.sk\/#\/schema\/person\/28fc68adf9f8faa226f9a1c15bd34259\",\"name\":\"WillyFog\",\"image\":{\"@type\":\"ImageObject\",\"inLanguage\":\"sk-SK\",\"@id\":\"https:\/\/mpo.sk\/#\/schema\/person\/image\/\",\"url\":\"https:\/\/secure.gravatar.com\/avatar\/d5f4248f4366746194ddb66856c5c636?s=96&d=mm&r=g\",\"contentUrl\":\"https:\/\/secure.gravatar.com\/avatar\/d5f4248f4366746194ddb66856c5c636?s=96&d=mm&r=g\",\"caption\":\"WillyFog\"},\"sameAs\":[\"http:\/\/mpo.sk\"],\"url\":\"https:\/\/d.r4.wbsprt.com\/mpo.sk\/author\/willyfog\/\"}]}<\/script>\n<!-- \/ Yoast SEO plugin. -->","yoast_head_json":{"title":"Sobota na bunkri 9.9.2023 - Akcia pre verejnos\u0165 - M\u00fazeum petr\u017ealsk\u00e9ho opevnenia","description":"Podujatie, ktor\u00e9 pre V\u00e1s usporiadalo M\u00fazeum petr\u017ealsk\u00e9ho opevnenia (OZ) v spolupr\u00e1ci s Bratislava a jej Premeny (OZ).","robots":{"index":"index","follow":"follow","max-snippet":"max-snippet:-1","max-image-preview":"max-image-preview:large","max-video-preview":"max-video-preview:-1"},"canonical":"https:\/\/mpo.sk\/novinky-v-nasom-muzeu\/","og_locale":"sk_SK","og_type":"article","og_title":"Sobota na bunkri 9.9.2023 - Akcia pre verejnos\u0165 - M\u00fazeum petr\u017ealsk\u00e9ho opevnenia","og_description":"Podujatie, ktor\u00e9 pre V\u00e1s usporiadalo M\u00fazeum petr\u017ealsk\u00e9ho opevnenia (OZ) v spolupr\u00e1ci s Bratislava a jej Premeny (OZ).","og_url":"https:\/\/mpo.sk\/novinky-v-nasom-muzeu\/","og_site_name":"M\u00fazeum petr\u017ealsk\u00e9ho opevnenia","article_publisher":"https:\/\/www.facebook.com\/bunkerbs4","article_published_time":"2023-10-09T19:25:00+00:00","article_modified_time":"2024-08-15T17:11:10+00:00","og_image":[{"width":1920,"height":1209,"url":"https:\/\/mpo.sk\/wp-content\/uploads\/2024\/01\/Bunker_musuem_b-S4_sobota_na_bunkri_01.jpg","type":"image\/jpeg"}],"author":"WillyFog","twitter_card":"summary_large_image","twitter_misc":{"Autor":"WillyFog","Predpokladan\u00fd \u010das \u010d\u00edtania":"2 min\u00faty"},"schema":{"@context":"https:\/\/schema.org","@graph":[{"@type":"Article","@id":"https:\/\/mpo.sk\/novinky-v-nasom-muzeu\/#article","isPartOf":{"@id":"https:\/\/mpo.sk\/novinky-v-nasom-muzeu\/"},"author":{"name":"WillyFog","@id":"https:\/\/mpo.sk\/#\/schema\/person\/28fc68adf9f8faa226f9a1c15bd34259"},"headline":"Sobota na bunkri 9.9.2023 &#8211; Akcia pre verejnos\u0165","datePublished":"2023-10-09T19:25:00+00:00","dateModified":"2024-08-15T17:11:10+00:00","mainEntityOfPage":{"@id":"https:\/\/mpo.sk\/novinky-v-nasom-muzeu\/"},"wordCount":220,"publisher":{"@id":"https:\/\/mpo.sk\/#organization"},"image":{"@id":"https:\/\/mpo.sk\/novinky-v-nasom-muzeu\/#primaryimage"},"thumbnailUrl":"https:\/\/d.r4.wbsprt.com\/mpo.sk\/wp-content\/uploads\/2024\/01\/Bunker_musuem_b-S4_sobota_na_bunkri_01.jpg","articleSection":["NOVINKY"],"inLanguage":"sk-SK"},{"@type":"WebPage","@id":"https:\/\/mpo.sk\/novinky-v-nasom-muzeu\/","url":"https:\/\/mpo.sk\/novinky-v-nasom-muzeu\/","name":"Sobota na bunkri 9.9.2023 - Akcia pre verejnos\u0165 - M\u00fazeum petr\u017ealsk\u00e9ho opevnenia","isPartOf":{"@id":"https:\/\/mpo.sk\/#website"},"primaryImageOfPage":{"@id":"https:\/\/mpo.sk\/novinky-v-nasom-muzeu\/#primaryimage"},"image":{"@id":"https:\/\/mpo.sk\/novinky-v-nasom-muzeu\/#primaryimage"},"thumbnailUrl":"https:\/\/d.r4.wbsprt.com\/mpo.sk\/wp-content\/uploads\/2024\/01\/Bunker_musuem_b-S4_sobota_na_bunkri_01.jpg","datePublished":"2023-10-09T19:25:00+00:00","dateModified":"2024-08-15T17:11:10+00:00","description":"Podujatie, ktor\u00e9 pre V\u00e1s usporiadalo M\u00fazeum petr\u017ealsk\u00e9ho opevnenia (OZ) v spolupr\u00e1ci s Bratislava a jej Premeny (OZ).","breadcrumb":{"@id":"https:\/\/mpo.sk\/novinky-v-nasom-muzeu\/#breadcrumb"},"inLanguage":"sk-SK","potentialAction":[{"@type":"ReadAction","target":["https:\/\/mpo.sk\/novinky-v-nasom-muzeu\/"]}]},{"@type":"ImageObject","inLanguage":"sk-SK","@id":"https:\/\/mpo.sk\/novinky-v-nasom-muzeu\/#primaryimage","url":"https:\/\/d.r4.wbsprt.com\/mpo.sk\/wp-content\/uploads\/2024\/01\/Bunker_musuem_b-S4_sobota_na_bunkri_01.jpg","contentUrl":"https:\/\/d.r4.wbsprt.com\/mpo.sk\/wp-content\/uploads\/2024\/01\/Bunker_musuem_b-S4_sobota_na_bunkri_01.jpg","width":1920,"height":1209},{"@type":"BreadcrumbList","@id":"https:\/\/mpo.sk\/novinky-v-nasom-muzeu\/#breadcrumb","itemListElement":[{"@type":"ListItem","position":1,"name":"Home","item":"https:\/\/mpo.sk\/"},{"@type":"ListItem","position":2,"name":"Sobota na bunkri 9.9.2023 &#8211; Akcia pre verejnos\u0165"}]},{"@type":"WebSite","@id":"https:\/\/mpo.sk\/#website","url":"https:\/\/mpo.sk\/","name":"M\u00fazeum petr\u017ealsk\u00e9ho opevnenia","description":"\u017div\u00e1 hist\u00f3ria v meste Bratislava","publisher":{"@id":"https:\/\/mpo.sk\/#organization"},"potentialAction":[{"@type":"SearchAction","target":{"@type":"EntryPoint","urlTemplate":"https:\/\/mpo.sk\/?s={search_term_string}"},"query-input":{"@type":"PropertyValueSpecification","valueRequired":true,"valueName":"search_term_string"}}],"inLanguage":"sk-SK"},{"@type":"Organization","@id":"https:\/\/mpo.sk\/#organization","name":"M\u00fazeum petr\u017ealsk\u00e9ho opevnenia (OZ)","url":"https:\/\/mpo.sk\/","logo":{"@type":"ImageObject","inLanguage":"sk-SK","@id":"https:\/\/mpo.sk\/#\/schema\/logo\/image\/","url":"http:\/\/d.r4.wbsprt.com\/mpo.sk\/wp-content\/uploads\/2023\/09\/Logo-MPO-2017_upravene_OK_pre2023.png","contentUrl":"http:\/\/d.r4.wbsprt.com\/mpo.sk\/wp-content\/uploads\/2023\/09\/Logo-MPO-2017_upravene_OK_pre2023.png","width":1872,"height":1860,"caption":"M\u00fazeum petr\u017ealsk\u00e9ho opevnenia (OZ)"},"image":{"@id":"https:\/\/mpo.sk\/#\/schema\/logo\/image\/"},"sameAs":["https:\/\/www.facebook.com\/bunkerbs4","https:\/\/www.instagram.com\/muzeumpetrzalskehoopevnenia\/"]},{"@type":"Person","@id":"https:\/\/mpo.sk\/#\/schema\/person\/28fc68adf9f8faa226f9a1c15bd34259","name":"WillyFog","image":{"@type":"ImageObject","inLanguage":"sk-SK","@id":"https:\/\/mpo.sk\/#\/schema\/person\/image\/","url":"https:\/\/secure.gravatar.com\/avatar\/d5f4248f4366746194ddb66856c5c636?s=96&d=mm&r=g","contentUrl":"https:\/\/secure.gravatar.com\/avatar\/d5f4248f4366746194ddb66856c5c636?s=96&d=mm&r=g","caption":"WillyFog"},"sameAs":["http:\/\/mpo.sk"],"url":"https:\/\/d.r4.wbsprt.com\/mpo.sk\/author\/willyfog\/"}]}},"_links":{"self":[{"href":"https:\/\/d.r4.wbsprt.com\/mpo.sk\/wp-json\/wp\/v2\/posts\/1449"}],"collection":[{"href":"https:\/\/d.r4.wbsprt.com\/mpo.sk\/wp-json\/wp\/v2\/posts"}],"about":[{"href":"https:\/\/d.r4.wbsprt.com\/mpo.sk\/wp-json\/wp\/v2\/types\/post"}],"author":[{"embeddable":true,"href":"https:\/\/d.r4.wbsprt.com\/mpo.sk\/wp-json\/wp\/v2\/users\/1"}],"replies":[{"embeddable":true,"href":"https:\/\/d.r4.wbsprt.com\/mpo.sk\/wp-json\/wp\/v2\/comments?post=1449"}],"version-history":[{"count":6,"href":"https:\/\/d.r4.wbsprt.com\/mpo.sk\/wp-json\/wp\/v2\/posts\/1449\/revisions"}],"predecessor-version":[{"id":1474,"href":"https:\/\/d.r4.wbsprt.com\/mpo.sk\/wp-json\/wp\/v2\/posts\/1449\/revisions\/1474"}],"wp:featuredmedia":[{"embeddable":true,"href":"https:\/\/d.r4.wbsprt.com\/mpo.sk\/wp-json\/wp\/v2\/media\/1450"}],"wp:attachment":[{"href":"https:\/\/d.r4.wbsprt.com\/mpo.sk\/wp-json\/wp\/v2\/media?parent=1449"}],"wp:term":[{"taxonomy":"category","embeddable":true,"href":"https:\/\/d.r4.wbsprt.com\/mpo.sk\/wp-json\/wp\/v2\/categories?post=1449"},{"taxonomy":"post_tag","embeddable":true,"href":"https:\/\/d.r4.wbsprt.com\/mpo.sk\/wp-json\/wp\/v2\/tags?post=1449"}],"curies":[{"name":"wp","href":"https:\/\/api.w.org\/{rel}","templated":true}]}}