{"id":159,"date":"2023-11-13T13:41:49","date_gmt":"2023-11-13T12:41:49","guid":{"rendered":"http:\/\/mpo.sk\/?p=159"},"modified":"2024-08-15T19:10:59","modified_gmt":"2024-08-15T17:10:59","slug":"obnovitelnou-energiou-k-obnoveniu-historie","status":"publish","type":"post","link":"https:\/\/d.r4.wbsprt.com\/mpo.sk\/obnovitelnou-energiou-k-obnoveniu-historie\/","title":{"rendered":"OBNOVITE\u013dNOU ENERGIOU K OBNOVENIU HIST\u00d3RIE"},"content":{"rendered":"<section class=\"wpb-content-wrapper\"><p>[vc_row][vc_column][vc_column_text]<\/p>\n<h3>Novinky v na\u0161om m\u00fazeu<\/h3>\n<p>Tento rok sme urobili ve\u013ek\u00fd pokrok aj v inej oblasti, akou je samotn\u00e1 rekon\u0161trukcia hrubej stavby, historicky autentick\u00e9ho interi\u00e9ru a vytvorenie atrakt\u00edvnej expoz\u00edce.<\/p>\n<p>V bl\u00edzkosti n\u00e1\u0161ho objektu \u010ceskoslovensk\u00e9ho opevnenia B-S 4 nie je mo\u017enos\u0165 sa pripoji\u0165 na in\u017einierske siete, \u010do v\u00fdrazne komplikuje a z\u00e1rove\u0148 aj predra\u017euje prev\u00e1dzku samotn\u00e9ho m\u00fazea. Elektrick\u00fa energiu si mus\u00edme zabezpe\u010dova\u0165 prostredn\u00edctvom prenosnej elektrocentr\u00e1ly.<\/p>\n<p>V\u010faka finan\u010dnej podpore od neziskovej organiz\u00e1cie <a class=\"x1i10hfl xjbqb8w x6umtig x1b1mbwd xaqea5y xav7gou x9f619 x1ypdohk xt0psk2 xe8uvvx xdj266r x11i5rnm xat24cr x1mh8g0r xexx8yu x4uap5 x18d9i69 xkhd6sd x16tdsg8 x1hl2dhg xggy1nq x1a2a7pz xt0b8zv x1fey0fg xo1l8bm\" tabindex=\"0\" role=\"link\" href=\"https:\/\/www.facebook.com\/ekofond.spp?__cft__[0]=AZWDVo3flJ8FgnAhVTROY137ZtFCDRtXU_OKPrZfhRbGl7w09kmyFX1USnaefvcRos0aw93uinJxNUe_9ARFqVNdCqCFSoxmGEOeNhVRjU9pHPC894z_aqScZkpVi1OJgXEo457U5D0tLshA6CVAbY5qy4uPpHc1rk08WPW7bXRJDvAFiZSZoj1_3LLz5HkTA9E&amp;__tn__=-]K-R\"><span class=\"xt0psk2\">Ekofond SPP<\/span><\/a> sme dok\u00e1zali na\u0161tartova\u0165 projekt vytvorenia jednotky pre v\u00fdrobu elektrickej energie z\u00edskanej zo slne\u010dnej energie priamo na pozemku n\u00e1\u0161ho m\u00fazea. N\u00e1klady cel\u00e9ho syst\u00e9mu s\u00fa pomerne vysok\u00e9, av\u0161ak v\u010faka podpore od <a class=\"x1i10hfl xjbqb8w x6umtig x1b1mbwd xaqea5y xav7gou x9f619 x1ypdohk xt0psk2 xe8uvvx xdj266r x11i5rnm xat24cr x1mh8g0r xexx8yu x4uap5 x18d9i69 xkhd6sd x16tdsg8 x1hl2dhg xggy1nq x1a2a7pz xt0b8zv x1fey0fg xo1l8bm\" tabindex=\"0\" role=\"link\" href=\"https:\/\/www.facebook.com\/ekofond.spp?__cft__[0]=AZWDVo3flJ8FgnAhVTROY137ZtFCDRtXU_OKPrZfhRbGl7w09kmyFX1USnaefvcRos0aw93uinJxNUe_9ARFqVNdCqCFSoxmGEOeNhVRjU9pHPC894z_aqScZkpVi1OJgXEo457U5D0tLshA6CVAbY5qy4uPpHc1rk08WPW7bXRJDvAFiZSZoj1_3LLz5HkTA9E&amp;__tn__=-]K-R\"><span class=\"xt0psk2\">Ekofond SPP<\/span><\/a> spolu s vlastn\u00fdmi finan\u010dn\u00fdmi zdrojmi sa n\u00e1m podarilo vybudova\u0165 prv\u00fa f\u00e1zu funk\u010dn\u00e9ho syst\u00e9mu, ktor\u00fd m\u00f4\u017eeme v bud\u00facnosti jednoducho roz\u0161irova\u0165. Tak\u00e1to zmena je pre n\u00e1s nie len finan\u010dne menej za\u0165a\u017euj\u00faca, spo\u013eahlivej\u0161ia pre komfort n\u00e1v\u0161tevn\u00edkov, ale je aj pr\u00ednosom pre \u017eivotn\u00e9 prostredie.<\/p>\n<p>Za podporu \u010fakujeme <a class=\"x1i10hfl xjbqb8w x6umtig x1b1mbwd xaqea5y xav7gou x9f619 x1ypdohk xt0psk2 xe8uvvx xdj266r x11i5rnm xat24cr x1mh8g0r xexx8yu x4uap5 x18d9i69 xkhd6sd x16tdsg8 x1hl2dhg xggy1nq x1a2a7pz xt0b8zv x1fey0fg xo1l8bm\" tabindex=\"0\" role=\"link\" href=\"https:\/\/www.facebook.com\/ekofond.spp?__cft__[0]=AZWDVo3flJ8FgnAhVTROY137ZtFCDRtXU_OKPrZfhRbGl7w09kmyFX1USnaefvcRos0aw93uinJxNUe_9ARFqVNdCqCFSoxmGEOeNhVRjU9pHPC894z_aqScZkpVi1OJgXEo457U5D0tLshA6CVAbY5qy4uPpHc1rk08WPW7bXRJDvAFiZSZoj1_3LLz5HkTA9E&amp;__tn__=-]K-R\"><span class=\"xt0psk2\">Ekofond SPP<\/span><\/a> [\/vc_column_text][\/vc_column][\/vc_row]<\/p>\n<\/section>","protected":false},"excerpt":{"rendered":"<p>V\u010faka finan\u010dnej podpore od neziskovej organiz\u00e1cie Ekofond SPP sme dok\u00e1zali na\u0161tartova\u0165 projekt vytvorenia jednotky pre v\u00fdrobu elektrickej energie z\u00edskanej zo slne\u010dnej energie priamo na pozemku n\u00e1\u0161ho m\u00fazea.<\/p>\n","protected":false},"author":1,"featured_media":1425,"comment_status":"closed","ping_status":"closed","sticky":false,"template":"","format":"standard","meta":{"_mi_skip_tracking":false,"_monsterinsights_sitenote_active":false,"_monsterinsights_sitenote_note":"","_monsterinsights_sitenote_category":0,"footnotes":""},"categories":[55],"tags":[],"yoast_head":"<!-- This site is optimized with the Yoast SEO plugin v23.5 - https:\/\/yoast.com\/wordpress\/plugins\/seo\/ -->\n<title>OBNOVITE\u013dNOU ENERGIOU K OBNOVENIU HIST\u00d3RIE - M\u00fazeum petr\u017ealsk\u00e9ho opevnenia<\/title>\n<meta name=\"robots\" content=\"index, follow, max-snippet:-1, max-image-preview:large, max-video-preview:-1\" \/>\n<link rel=\"canonical\" href=\"https:\/\/mpo.sk\/obnovitelnou-energiou-k-obnoveniu-historie\/\" \/>\n<meta property=\"og:locale\" content=\"sk_SK\" \/>\n<meta property=\"og:type\" content=\"article\" \/>\n<meta property=\"og:title\" content=\"OBNOVITE\u013dNOU ENERGIOU K OBNOVENIU HIST\u00d3RIE - M\u00fazeum petr\u017ealsk\u00e9ho opevnenia\" \/>\n<meta property=\"og:description\" content=\"V\u010faka finan\u010dnej podpore od neziskovej organiz\u00e1cie Ekofond SPP sme dok\u00e1zali na\u0161tartova\u0165 projekt vytvorenia jednotky pre v\u00fdrobu elektrickej energie z\u00edskanej zo slne\u010dnej energie priamo na pozemku n\u00e1\u0161ho m\u00fazea.\" \/>\n<meta property=\"og:url\" content=\"https:\/\/mpo.sk\/obnovitelnou-energiou-k-obnoveniu-historie\/\" \/>\n<meta property=\"og:site_name\" content=\"M\u00fazeum petr\u017ealsk\u00e9ho opevnenia\" \/>\n<meta property=\"article:publisher\" content=\"https:\/\/www.facebook.com\/bunkerbs4\" \/>\n<meta property=\"article:published_time\" content=\"2023-11-13T12:41:49+00:00\" \/>\n<meta property=\"article:modified_time\" content=\"2024-08-15T17:10:59+00:00\" \/>\n<meta property=\"og:image\" content=\"https:\/\/mpo.sk\/wp-content\/uploads\/2017\/09\/Bunker_musuem_b-S4_ekofond01.jpg\" \/>\n\t<meta property=\"og:image:width\" content=\"1920\" \/>\n\t<meta property=\"og:image:height\" content=\"1209\" \/>\n\t<meta property=\"og:image:type\" content=\"image\/jpeg\" \/>\n<meta name=\"author\" content=\"WillyFog\" \/>\n<meta name=\"twitter:card\" content=\"summary_large_image\" \/>\n<meta name=\"twitter:label1\" content=\"Autor\" \/>\n\t<meta name=\"twitter:data1\" content=\"WillyFog\" \/>\n\t<meta name=\"twitter:label2\" content=\"Predpokladan\u00fd \u010das \u010d\u00edtania\" \/>\n\t<meta name=\"twitter:data2\" content=\"2 min\u00faty\" \/>\n<script type=\"application\/ld+json\" class=\"yoast-schema-graph\">{\"@context\":\"https:\/\/schema.org\",\"@graph\":[{\"@type\":\"Article\",\"@id\":\"https:\/\/mpo.sk\/obnovitelnou-energiou-k-obnoveniu-historie\/#article\",\"isPartOf\":{\"@id\":\"https:\/\/mpo.sk\/obnovitelnou-energiou-k-obnoveniu-historie\/\"},\"author\":{\"name\":\"WillyFog\",\"@id\":\"https:\/\/mpo.sk\/#\/schema\/person\/28fc68adf9f8faa226f9a1c15bd34259\"},\"headline\":\"OBNOVITE\u013dNOU ENERGIOU K OBNOVENIU HIST\u00d3RIE\",\"datePublished\":\"2023-11-13T12:41:49+00:00\",\"dateModified\":\"2024-08-15T17:10:59+00:00\",\"mainEntityOfPage\":{\"@id\":\"https:\/\/mpo.sk\/obnovitelnou-energiou-k-obnoveniu-historie\/\"},\"wordCount\":226,\"publisher\":{\"@id\":\"https:\/\/mpo.sk\/#organization\"},\"image\":{\"@id\":\"https:\/\/mpo.sk\/obnovitelnou-energiou-k-obnoveniu-historie\/#primaryimage\"},\"thumbnailUrl\":\"https:\/\/d.r4.wbsprt.com\/mpo.sk\/wp-content\/uploads\/2017\/09\/Bunker_musuem_b-S4_ekofond01.jpg\",\"articleSection\":[\"NOVINKY\"],\"inLanguage\":\"sk-SK\"},{\"@type\":\"WebPage\",\"@id\":\"https:\/\/mpo.sk\/obnovitelnou-energiou-k-obnoveniu-historie\/\",\"url\":\"https:\/\/mpo.sk\/obnovitelnou-energiou-k-obnoveniu-historie\/\",\"name\":\"OBNOVITE\u013dNOU ENERGIOU K OBNOVENIU HIST\u00d3RIE - M\u00fazeum petr\u017ealsk\u00e9ho opevnenia\",\"isPartOf\":{\"@id\":\"https:\/\/mpo.sk\/#website\"},\"primaryImageOfPage\":{\"@id\":\"https:\/\/mpo.sk\/obnovitelnou-energiou-k-obnoveniu-historie\/#primaryimage\"},\"image\":{\"@id\":\"https:\/\/mpo.sk\/obnovitelnou-energiou-k-obnoveniu-historie\/#primaryimage\"},\"thumbnailUrl\":\"https:\/\/d.r4.wbsprt.com\/mpo.sk\/wp-content\/uploads\/2017\/09\/Bunker_musuem_b-S4_ekofond01.jpg\",\"datePublished\":\"2023-11-13T12:41:49+00:00\",\"dateModified\":\"2024-08-15T17:10:59+00:00\",\"breadcrumb\":{\"@id\":\"https:\/\/mpo.sk\/obnovitelnou-energiou-k-obnoveniu-historie\/#breadcrumb\"},\"inLanguage\":\"sk-SK\",\"potentialAction\":[{\"@type\":\"ReadAction\",\"target\":[\"https:\/\/mpo.sk\/obnovitelnou-energiou-k-obnoveniu-historie\/\"]}]},{\"@type\":\"ImageObject\",\"inLanguage\":\"sk-SK\",\"@id\":\"https:\/\/mpo.sk\/obnovitelnou-energiou-k-obnoveniu-historie\/#primaryimage\",\"url\":\"https:\/\/d.r4.wbsprt.com\/mpo.sk\/wp-content\/uploads\/2017\/09\/Bunker_musuem_b-S4_ekofond01.jpg\",\"contentUrl\":\"https:\/\/d.r4.wbsprt.com\/mpo.sk\/wp-content\/uploads\/2017\/09\/Bunker_musuem_b-S4_ekofond01.jpg\",\"width\":1920,\"height\":1209},{\"@type\":\"BreadcrumbList\",\"@id\":\"https:\/\/mpo.sk\/obnovitelnou-energiou-k-obnoveniu-historie\/#breadcrumb\",\"itemListElement\":[{\"@type\":\"ListItem\",\"position\":1,\"name\":\"Home\",\"item\":\"https:\/\/mpo.sk\/\"},{\"@type\":\"ListItem\",\"position\":2,\"name\":\"OBNOVITE\u013dNOU ENERGIOU K OBNOVENIU HIST\u00d3RIE\"}]},{\"@type\":\"WebSite\",\"@id\":\"https:\/\/mpo.sk\/#website\",\"url\":\"https:\/\/mpo.sk\/\",\"name\":\"M\u00fazeum petr\u017ealsk\u00e9ho opevnenia\",\"description\":\"\u017div\u00e1 hist\u00f3ria v meste Bratislava\",\"publisher\":{\"@id\":\"https:\/\/mpo.sk\/#organization\"},\"potentialAction\":[{\"@type\":\"SearchAction\",\"target\":{\"@type\":\"EntryPoint\",\"urlTemplate\":\"https:\/\/mpo.sk\/?s={search_term_string}\"},\"query-input\":{\"@type\":\"PropertyValueSpecification\",\"valueRequired\":true,\"valueName\":\"search_term_string\"}}],\"inLanguage\":\"sk-SK\"},{\"@type\":\"Organization\",\"@id\":\"https:\/\/mpo.sk\/#organization\",\"name\":\"M\u00fazeum petr\u017ealsk\u00e9ho opevnenia (OZ)\",\"url\":\"https:\/\/mpo.sk\/\",\"logo\":{\"@type\":\"ImageObject\",\"inLanguage\":\"sk-SK\",\"@id\":\"https:\/\/mpo.sk\/#\/schema\/logo\/image\/\",\"url\":\"http:\/\/d.r4.wbsprt.com\/mpo.sk\/wp-content\/uploads\/2023\/09\/Logo-MPO-2017_upravene_OK_pre2023.png\",\"contentUrl\":\"http:\/\/d.r4.wbsprt.com\/mpo.sk\/wp-content\/uploads\/2023\/09\/Logo-MPO-2017_upravene_OK_pre2023.png\",\"width\":1872,\"height\":1860,\"caption\":\"M\u00fazeum petr\u017ealsk\u00e9ho opevnenia (OZ)\"},\"image\":{\"@id\":\"https:\/\/mpo.sk\/#\/schema\/logo\/image\/\"},\"sameAs\":[\"https:\/\/www.facebook.com\/bunkerbs4\",\"https:\/\/www.instagram.com\/muzeumpetrzalskehoopevnenia\/\"]},{\"@type\":\"Person\",\"@id\":\"https:\/\/mpo.sk\/#\/schema\/person\/28fc68adf9f8faa226f9a1c15bd34259\",\"name\":\"WillyFog\",\"image\":{\"@type\":\"ImageObject\",\"inLanguage\":\"sk-SK\",\"@id\":\"https:\/\/mpo.sk\/#\/schema\/person\/image\/\",\"url\":\"https:\/\/secure.gravatar.com\/avatar\/d5f4248f4366746194ddb66856c5c636?s=96&d=mm&r=g\",\"contentUrl\":\"https:\/\/secure.gravatar.com\/avatar\/d5f4248f4366746194ddb66856c5c636?s=96&d=mm&r=g\",\"caption\":\"WillyFog\"},\"sameAs\":[\"http:\/\/mpo.sk\"],\"url\":\"https:\/\/d.r4.wbsprt.com\/mpo.sk\/author\/willyfog\/\"}]}<\/script>\n<!-- \/ Yoast SEO plugin. -->","yoast_head_json":{"title":"OBNOVITE\u013dNOU ENERGIOU K OBNOVENIU HIST\u00d3RIE - M\u00fazeum petr\u017ealsk\u00e9ho opevnenia","robots":{"index":"index","follow":"follow","max-snippet":"max-snippet:-1","max-image-preview":"max-image-preview:large","max-video-preview":"max-video-preview:-1"},"canonical":"https:\/\/mpo.sk\/obnovitelnou-energiou-k-obnoveniu-historie\/","og_locale":"sk_SK","og_type":"article","og_title":"OBNOVITE\u013dNOU ENERGIOU K OBNOVENIU HIST\u00d3RIE - M\u00fazeum petr\u017ealsk\u00e9ho opevnenia","og_description":"V\u010faka finan\u010dnej podpore od neziskovej organiz\u00e1cie Ekofond SPP sme dok\u00e1zali na\u0161tartova\u0165 projekt vytvorenia jednotky pre v\u00fdrobu elektrickej energie z\u00edskanej zo slne\u010dnej energie priamo na pozemku n\u00e1\u0161ho m\u00fazea.","og_url":"https:\/\/mpo.sk\/obnovitelnou-energiou-k-obnoveniu-historie\/","og_site_name":"M\u00fazeum petr\u017ealsk\u00e9ho opevnenia","article_publisher":"https:\/\/www.facebook.com\/bunkerbs4","article_published_time":"2023-11-13T12:41:49+00:00","article_modified_time":"2024-08-15T17:10:59+00:00","og_image":[{"width":1920,"height":1209,"url":"https:\/\/mpo.sk\/wp-content\/uploads\/2017\/09\/Bunker_musuem_b-S4_ekofond01.jpg","type":"image\/jpeg"}],"author":"WillyFog","twitter_card":"summary_large_image","twitter_misc":{"Autor":"WillyFog","Predpokladan\u00fd \u010das \u010d\u00edtania":"2 min\u00faty"},"schema":{"@context":"https:\/\/schema.org","@graph":[{"@type":"Article","@id":"https:\/\/mpo.sk\/obnovitelnou-energiou-k-obnoveniu-historie\/#article","isPartOf":{"@id":"https:\/\/mpo.sk\/obnovitelnou-energiou-k-obnoveniu-historie\/"},"author":{"name":"WillyFog","@id":"https:\/\/mpo.sk\/#\/schema\/person\/28fc68adf9f8faa226f9a1c15bd34259"},"headline":"OBNOVITE\u013dNOU ENERGIOU K OBNOVENIU HIST\u00d3RIE","datePublished":"2023-11-13T12:41:49+00:00","dateModified":"2024-08-15T17:10:59+00:00","mainEntityOfPage":{"@id":"https:\/\/mpo.sk\/obnovitelnou-energiou-k-obnoveniu-historie\/"},"wordCount":226,"publisher":{"@id":"https:\/\/mpo.sk\/#organization"},"image":{"@id":"https:\/\/mpo.sk\/obnovitelnou-energiou-k-obnoveniu-historie\/#primaryimage"},"thumbnailUrl":"https:\/\/d.r4.wbsprt.com\/mpo.sk\/wp-content\/uploads\/2017\/09\/Bunker_musuem_b-S4_ekofond01.jpg","articleSection":["NOVINKY"],"inLanguage":"sk-SK"},{"@type":"WebPage","@id":"https:\/\/mpo.sk\/obnovitelnou-energiou-k-obnoveniu-historie\/","url":"https:\/\/mpo.sk\/obnovitelnou-energiou-k-obnoveniu-historie\/","name":"OBNOVITE\u013dNOU ENERGIOU K OBNOVENIU HIST\u00d3RIE - M\u00fazeum petr\u017ealsk\u00e9ho opevnenia","isPartOf":{"@id":"https:\/\/mpo.sk\/#website"},"primaryImageOfPage":{"@id":"https:\/\/mpo.sk\/obnovitelnou-energiou-k-obnoveniu-historie\/#primaryimage"},"image":{"@id":"https:\/\/mpo.sk\/obnovitelnou-energiou-k-obnoveniu-historie\/#primaryimage"},"thumbnailUrl":"https:\/\/d.r4.wbsprt.com\/mpo.sk\/wp-content\/uploads\/2017\/09\/Bunker_musuem_b-S4_ekofond01.jpg","datePublished":"2023-11-13T12:41:49+00:00","dateModified":"2024-08-15T17:10:59+00:00","breadcrumb":{"@id":"https:\/\/mpo.sk\/obnovitelnou-energiou-k-obnoveniu-historie\/#breadcrumb"},"inLanguage":"sk-SK","potentialAction":[{"@type":"ReadAction","target":["https:\/\/mpo.sk\/obnovitelnou-energiou-k-obnoveniu-historie\/"]}]},{"@type":"ImageObject","inLanguage":"sk-SK","@id":"https:\/\/mpo.sk\/obnovitelnou-energiou-k-obnoveniu-historie\/#primaryimage","url":"https:\/\/d.r4.wbsprt.com\/mpo.sk\/wp-content\/uploads\/2017\/09\/Bunker_musuem_b-S4_ekofond01.jpg","contentUrl":"https:\/\/d.r4.wbsprt.com\/mpo.sk\/wp-content\/uploads\/2017\/09\/Bunker_musuem_b-S4_ekofond01.jpg","width":1920,"height":1209},{"@type":"BreadcrumbList","@id":"https:\/\/mpo.sk\/obnovitelnou-energiou-k-obnoveniu-historie\/#breadcrumb","itemListElement":[{"@type":"ListItem","position":1,"name":"Home","item":"https:\/\/mpo.sk\/"},{"@type":"ListItem","position":2,"name":"OBNOVITE\u013dNOU ENERGIOU K OBNOVENIU HIST\u00d3RIE"}]},{"@type":"WebSite","@id":"https:\/\/mpo.sk\/#website","url":"https:\/\/mpo.sk\/","name":"M\u00fazeum petr\u017ealsk\u00e9ho opevnenia","description":"\u017div\u00e1 hist\u00f3ria v meste Bratislava","publisher":{"@id":"https:\/\/mpo.sk\/#organization"},"potentialAction":[{"@type":"SearchAction","target":{"@type":"EntryPoint","urlTemplate":"https:\/\/mpo.sk\/?s={search_term_string}"},"query-input":{"@type":"PropertyValueSpecification","valueRequired":true,"valueName":"search_term_string"}}],"inLanguage":"sk-SK"},{"@type":"Organization","@id":"https:\/\/mpo.sk\/#organization","name":"M\u00fazeum petr\u017ealsk\u00e9ho opevnenia (OZ)","url":"https:\/\/mpo.sk\/","logo":{"@type":"ImageObject","inLanguage":"sk-SK","@id":"https:\/\/mpo.sk\/#\/schema\/logo\/image\/","url":"http:\/\/d.r4.wbsprt.com\/mpo.sk\/wp-content\/uploads\/2023\/09\/Logo-MPO-2017_upravene_OK_pre2023.png","contentUrl":"http:\/\/d.r4.wbsprt.com\/mpo.sk\/wp-content\/uploads\/2023\/09\/Logo-MPO-2017_upravene_OK_pre2023.png","width":1872,"height":1860,"caption":"M\u00fazeum petr\u017ealsk\u00e9ho opevnenia (OZ)"},"image":{"@id":"https:\/\/mpo.sk\/#\/schema\/logo\/image\/"},"sameAs":["https:\/\/www.facebook.com\/bunkerbs4","https:\/\/www.instagram.com\/muzeumpetrzalskehoopevnenia\/"]},{"@type":"Person","@id":"https:\/\/mpo.sk\/#\/schema\/person\/28fc68adf9f8faa226f9a1c15bd34259","name":"WillyFog","image":{"@type":"ImageObject","inLanguage":"sk-SK","@id":"https:\/\/mpo.sk\/#\/schema\/person\/image\/","url":"https:\/\/secure.gravatar.com\/avatar\/d5f4248f4366746194ddb66856c5c636?s=96&d=mm&r=g","contentUrl":"https:\/\/secure.gravatar.com\/avatar\/d5f4248f4366746194ddb66856c5c636?s=96&d=mm&r=g","caption":"WillyFog"},"sameAs":["http:\/\/mpo.sk"],"url":"https:\/\/d.r4.wbsprt.com\/mpo.sk\/author\/willyfog\/"}]}},"_links":{"self":[{"href":"https:\/\/d.r4.wbsprt.com\/mpo.sk\/wp-json\/wp\/v2\/posts\/159"}],"collection":[{"href":"https:\/\/d.r4.wbsprt.com\/mpo.sk\/wp-json\/wp\/v2\/posts"}],"about":[{"href":"https:\/\/d.r4.wbsprt.com\/mpo.sk\/wp-json\/wp\/v2\/types\/post"}],"author":[{"embeddable":true,"href":"https:\/\/d.r4.wbsprt.com\/mpo.sk\/wp-json\/wp\/v2\/users\/1"}],"replies":[{"embeddable":true,"href":"https:\/\/d.r4.wbsprt.com\/mpo.sk\/wp-json\/wp\/v2\/comments?post=159"}],"version-history":[{"count":5,"href":"https:\/\/d.r4.wbsprt.com\/mpo.sk\/wp-json\/wp\/v2\/posts\/159\/revisions"}],"predecessor-version":[{"id":1472,"href":"https:\/\/d.r4.wbsprt.com\/mpo.sk\/wp-json\/wp\/v2\/posts\/159\/revisions\/1472"}],"wp:featuredmedia":[{"embeddable":true,"href":"https:\/\/d.r4.wbsprt.com\/mpo.sk\/wp-json\/wp\/v2\/media\/1425"}],"wp:attachment":[{"href":"https:\/\/d.r4.wbsprt.com\/mpo.sk\/wp-json\/wp\/v2\/media?parent=159"}],"wp:term":[{"taxonomy":"category","embeddable":true,"href":"https:\/\/d.r4.wbsprt.com\/mpo.sk\/wp-json\/wp\/v2\/categories?post=159"},{"taxonomy":"post_tag","embeddable":true,"href":"https:\/\/d.r4.wbsprt.com\/mpo.sk\/wp-json\/wp\/v2\/tags?post=159"}],"curies":[{"name":"wp","href":"https:\/\/api.w.org\/{rel}","templated":true}]}}