{"id":53,"date":"2015-06-20T09:29:01","date_gmt":"2015-06-20T07:29:01","guid":{"rendered":"http:\/\/mpo.sk\/?p=53"},"modified":"2024-09-19T21:03:55","modified_gmt":"2024-09-19T19:03:55","slug":"vojensky-cin-roka-2014","status":"publish","type":"post","link":"https:\/\/d.r4.wbsprt.com\/mpo.sk\/vojensky-cin-roka-2014\/","title":{"rendered":"Vojensk\u00fd \u010din roka 2014"},"content":{"rendered":"<section class=\"wpb-content-wrapper\"><p>[vc_row][vc_column][vc_column_text]<\/p>\n<h3>Nomin\u00e1cia Vojensk\u00fd \u010din roka 2014<\/h3>\n<p>Ministerstvo obrany Slovenskej republiky nominovalo M\u00fazeum petr\u017ealsk\u00e9ho opevnenia, OZ v ankete Vojensk\u00fd \u010din roka 2014 v kateg\u00f3rii &#8222;Priate\u013e arm\u00e1dy&#8220;. Ocenenie za nomin\u00e1ciu bolo sl\u00e1vnostne odovzdan\u00e9 22.6.2015 v Bratislave.<\/p>\n<p>&nbsp;<\/p>\n<p>[\/vc_column_text][\/vc_column][\/vc_row]<\/p>\n<\/section>","protected":false},"excerpt":{"rendered":"<p>[vc_row][vc_column][vc_column_text] Nomin\u00e1cia Vojensk\u00fd \u010din roka 2014 Ministerstvo obrany Slovenskej republiky nominovalo M\u00fazeum petr\u017ealsk\u00e9ho opevnenia, OZ v ankete Vojensk\u00fd \u010din roka 2014 v kateg\u00f3rii &#8222;Priate\u013e arm\u00e1dy&#8220;. Ocenenie za nomin\u00e1ciu bolo sl\u00e1vnostne odovzdan\u00e9 22.6.2015 v Bratislave. &nbsp; [\/vc_column_text][\/vc_column][\/vc_row]<\/p>\n","protected":false},"author":1,"featured_media":1529,"comment_status":"open","ping_status":"open","sticky":false,"template":"","format":"standard","meta":{"_mi_skip_tracking":false,"_monsterinsights_sitenote_active":false,"_monsterinsights_sitenote_note":"","_monsterinsights_sitenote_category":0,"footnotes":""},"categories":[55],"tags":[],"yoast_head":"<!-- This site is optimized with the Yoast SEO plugin v23.5 - https:\/\/yoast.com\/wordpress\/plugins\/seo\/ -->\n<title>Vojensk\u00fd \u010din roka 2014 - M\u00fazeum petr\u017ealsk\u00e9ho opevnenia<\/title>\n<meta name=\"robots\" content=\"index, follow, max-snippet:-1, max-image-preview:large, max-video-preview:-1\" \/>\n<link rel=\"canonical\" href=\"https:\/\/mpo.sk\/vojensky-cin-roka-2014\/\" \/>\n<meta property=\"og:locale\" content=\"sk_SK\" \/>\n<meta property=\"og:type\" content=\"article\" \/>\n<meta property=\"og:title\" content=\"Vojensk\u00fd \u010din roka 2014 - M\u00fazeum petr\u017ealsk\u00e9ho opevnenia\" \/>\n<meta property=\"og:description\" content=\"[vc_row][vc_column][vc_column_text] Nomin\u00e1cia Vojensk\u00fd \u010din roka 2014 Ministerstvo obrany Slovenskej republiky nominovalo M\u00fazeum petr\u017ealsk\u00e9ho opevnenia, OZ v ankete Vojensk\u00fd \u010din roka 2014 v kateg\u00f3rii &#8222;Priate\u013e arm\u00e1dy&#8220;. Ocenenie za nomin\u00e1ciu bolo sl\u00e1vnostne odovzdan\u00e9 22.6.2015 v Bratislave. &nbsp; [\/vc_column_text][\/vc_column][\/vc_row]\" \/>\n<meta property=\"og:url\" content=\"https:\/\/mpo.sk\/vojensky-cin-roka-2014\/\" \/>\n<meta property=\"og:site_name\" content=\"M\u00fazeum petr\u017ealsk\u00e9ho opevnenia\" \/>\n<meta property=\"article:publisher\" content=\"https:\/\/www.facebook.com\/bunkerbs4\" \/>\n<meta property=\"article:published_time\" content=\"2015-06-20T07:29:01+00:00\" \/>\n<meta property=\"article:modified_time\" content=\"2024-09-19T19:03:55+00:00\" \/>\n<meta property=\"og:image\" content=\"https:\/\/mpo.sk\/wp-content\/uploads\/2015\/06\/Muzeum_bunker_B-S4_Vojensky_cin_roka_03.jpg\" \/>\n\t<meta property=\"og:image:width\" content=\"1920\" \/>\n\t<meta property=\"og:image:height\" content=\"1209\" \/>\n\t<meta property=\"og:image:type\" content=\"image\/jpeg\" \/>\n<meta name=\"author\" content=\"WillyFog\" \/>\n<meta name=\"twitter:card\" content=\"summary_large_image\" \/>\n<meta name=\"twitter:label1\" content=\"Autor\" \/>\n\t<meta name=\"twitter:data1\" content=\"WillyFog\" \/>\n\t<meta name=\"twitter:label2\" content=\"Predpokladan\u00fd \u010das \u010d\u00edtania\" \/>\n\t<meta name=\"twitter:data2\" content=\"1 min\u00fata\" \/>\n<script type=\"application\/ld+json\" class=\"yoast-schema-graph\">{\"@context\":\"https:\/\/schema.org\",\"@graph\":[{\"@type\":\"Article\",\"@id\":\"https:\/\/mpo.sk\/vojensky-cin-roka-2014\/#article\",\"isPartOf\":{\"@id\":\"https:\/\/mpo.sk\/vojensky-cin-roka-2014\/\"},\"author\":{\"name\":\"WillyFog\",\"@id\":\"https:\/\/mpo.sk\/#\/schema\/person\/28fc68adf9f8faa226f9a1c15bd34259\"},\"headline\":\"Vojensk\u00fd \u010din roka 2014\",\"datePublished\":\"2015-06-20T07:29:01+00:00\",\"dateModified\":\"2024-09-19T19:03:55+00:00\",\"mainEntityOfPage\":{\"@id\":\"https:\/\/mpo.sk\/vojensky-cin-roka-2014\/\"},\"wordCount\":56,\"commentCount\":0,\"publisher\":{\"@id\":\"https:\/\/mpo.sk\/#organization\"},\"image\":{\"@id\":\"https:\/\/mpo.sk\/vojensky-cin-roka-2014\/#primaryimage\"},\"thumbnailUrl\":\"https:\/\/d.r4.wbsprt.com\/mpo.sk\/wp-content\/uploads\/2015\/06\/Muzeum_bunker_B-S4_Vojensky_cin_roka_03.jpg\",\"articleSection\":[\"NOVINKY\"],\"inLanguage\":\"sk-SK\",\"potentialAction\":[{\"@type\":\"CommentAction\",\"name\":\"Comment\",\"target\":[\"https:\/\/mpo.sk\/vojensky-cin-roka-2014\/#respond\"]}]},{\"@type\":\"WebPage\",\"@id\":\"https:\/\/mpo.sk\/vojensky-cin-roka-2014\/\",\"url\":\"https:\/\/mpo.sk\/vojensky-cin-roka-2014\/\",\"name\":\"Vojensk\u00fd \u010din roka 2014 - M\u00fazeum petr\u017ealsk\u00e9ho opevnenia\",\"isPartOf\":{\"@id\":\"https:\/\/mpo.sk\/#website\"},\"primaryImageOfPage\":{\"@id\":\"https:\/\/mpo.sk\/vojensky-cin-roka-2014\/#primaryimage\"},\"image\":{\"@id\":\"https:\/\/mpo.sk\/vojensky-cin-roka-2014\/#primaryimage\"},\"thumbnailUrl\":\"https:\/\/d.r4.wbsprt.com\/mpo.sk\/wp-content\/uploads\/2015\/06\/Muzeum_bunker_B-S4_Vojensky_cin_roka_03.jpg\",\"datePublished\":\"2015-06-20T07:29:01+00:00\",\"dateModified\":\"2024-09-19T19:03:55+00:00\",\"breadcrumb\":{\"@id\":\"https:\/\/mpo.sk\/vojensky-cin-roka-2014\/#breadcrumb\"},\"inLanguage\":\"sk-SK\",\"potentialAction\":[{\"@type\":\"ReadAction\",\"target\":[\"https:\/\/mpo.sk\/vojensky-cin-roka-2014\/\"]}]},{\"@type\":\"ImageObject\",\"inLanguage\":\"sk-SK\",\"@id\":\"https:\/\/mpo.sk\/vojensky-cin-roka-2014\/#primaryimage\",\"url\":\"https:\/\/d.r4.wbsprt.com\/mpo.sk\/wp-content\/uploads\/2015\/06\/Muzeum_bunker_B-S4_Vojensky_cin_roka_03.jpg\",\"contentUrl\":\"https:\/\/d.r4.wbsprt.com\/mpo.sk\/wp-content\/uploads\/2015\/06\/Muzeum_bunker_B-S4_Vojensky_cin_roka_03.jpg\",\"width\":1920,\"height\":1209},{\"@type\":\"BreadcrumbList\",\"@id\":\"https:\/\/mpo.sk\/vojensky-cin-roka-2014\/#breadcrumb\",\"itemListElement\":[{\"@type\":\"ListItem\",\"position\":1,\"name\":\"Home\",\"item\":\"https:\/\/mpo.sk\/\"},{\"@type\":\"ListItem\",\"position\":2,\"name\":\"Vojensk\u00fd \u010din roka 2014\"}]},{\"@type\":\"WebSite\",\"@id\":\"https:\/\/mpo.sk\/#website\",\"url\":\"https:\/\/mpo.sk\/\",\"name\":\"M\u00fazeum petr\u017ealsk\u00e9ho opevnenia\",\"description\":\"\u017div\u00e1 hist\u00f3ria v meste Bratislava\",\"publisher\":{\"@id\":\"https:\/\/mpo.sk\/#organization\"},\"potentialAction\":[{\"@type\":\"SearchAction\",\"target\":{\"@type\":\"EntryPoint\",\"urlTemplate\":\"https:\/\/mpo.sk\/?s={search_term_string}\"},\"query-input\":{\"@type\":\"PropertyValueSpecification\",\"valueRequired\":true,\"valueName\":\"search_term_string\"}}],\"inLanguage\":\"sk-SK\"},{\"@type\":\"Organization\",\"@id\":\"https:\/\/mpo.sk\/#organization\",\"name\":\"M\u00fazeum petr\u017ealsk\u00e9ho opevnenia (OZ)\",\"url\":\"https:\/\/mpo.sk\/\",\"logo\":{\"@type\":\"ImageObject\",\"inLanguage\":\"sk-SK\",\"@id\":\"https:\/\/mpo.sk\/#\/schema\/logo\/image\/\",\"url\":\"http:\/\/d.r4.wbsprt.com\/mpo.sk\/wp-content\/uploads\/2023\/09\/Logo-MPO-2017_upravene_OK_pre2023.png\",\"contentUrl\":\"http:\/\/d.r4.wbsprt.com\/mpo.sk\/wp-content\/uploads\/2023\/09\/Logo-MPO-2017_upravene_OK_pre2023.png\",\"width\":1872,\"height\":1860,\"caption\":\"M\u00fazeum petr\u017ealsk\u00e9ho opevnenia (OZ)\"},\"image\":{\"@id\":\"https:\/\/mpo.sk\/#\/schema\/logo\/image\/\"},\"sameAs\":[\"https:\/\/www.facebook.com\/bunkerbs4\",\"https:\/\/www.instagram.com\/muzeumpetrzalskehoopevnenia\/\"]},{\"@type\":\"Person\",\"@id\":\"https:\/\/mpo.sk\/#\/schema\/person\/28fc68adf9f8faa226f9a1c15bd34259\",\"name\":\"WillyFog\",\"image\":{\"@type\":\"ImageObject\",\"inLanguage\":\"sk-SK\",\"@id\":\"https:\/\/mpo.sk\/#\/schema\/person\/image\/\",\"url\":\"https:\/\/secure.gravatar.com\/avatar\/d5f4248f4366746194ddb66856c5c636?s=96&d=mm&r=g\",\"contentUrl\":\"https:\/\/secure.gravatar.com\/avatar\/d5f4248f4366746194ddb66856c5c636?s=96&d=mm&r=g\",\"caption\":\"WillyFog\"},\"sameAs\":[\"http:\/\/mpo.sk\"],\"url\":\"https:\/\/d.r4.wbsprt.com\/mpo.sk\/author\/willyfog\/\"}]}<\/script>\n<!-- \/ Yoast SEO plugin. -->","yoast_head_json":{"title":"Vojensk\u00fd \u010din roka 2014 - M\u00fazeum petr\u017ealsk\u00e9ho opevnenia","robots":{"index":"index","follow":"follow","max-snippet":"max-snippet:-1","max-image-preview":"max-image-preview:large","max-video-preview":"max-video-preview:-1"},"canonical":"https:\/\/mpo.sk\/vojensky-cin-roka-2014\/","og_locale":"sk_SK","og_type":"article","og_title":"Vojensk\u00fd \u010din roka 2014 - M\u00fazeum petr\u017ealsk\u00e9ho opevnenia","og_description":"[vc_row][vc_column][vc_column_text] Nomin\u00e1cia Vojensk\u00fd \u010din roka 2014 Ministerstvo obrany Slovenskej republiky nominovalo M\u00fazeum petr\u017ealsk\u00e9ho opevnenia, OZ v ankete Vojensk\u00fd \u010din roka 2014 v kateg\u00f3rii &#8222;Priate\u013e arm\u00e1dy&#8220;. Ocenenie za nomin\u00e1ciu bolo sl\u00e1vnostne odovzdan\u00e9 22.6.2015 v Bratislave. &nbsp; [\/vc_column_text][\/vc_column][\/vc_row]","og_url":"https:\/\/mpo.sk\/vojensky-cin-roka-2014\/","og_site_name":"M\u00fazeum petr\u017ealsk\u00e9ho opevnenia","article_publisher":"https:\/\/www.facebook.com\/bunkerbs4","article_published_time":"2015-06-20T07:29:01+00:00","article_modified_time":"2024-09-19T19:03:55+00:00","og_image":[{"width":1920,"height":1209,"url":"https:\/\/mpo.sk\/wp-content\/uploads\/2015\/06\/Muzeum_bunker_B-S4_Vojensky_cin_roka_03.jpg","type":"image\/jpeg"}],"author":"WillyFog","twitter_card":"summary_large_image","twitter_misc":{"Autor":"WillyFog","Predpokladan\u00fd \u010das \u010d\u00edtania":"1 min\u00fata"},"schema":{"@context":"https:\/\/schema.org","@graph":[{"@type":"Article","@id":"https:\/\/mpo.sk\/vojensky-cin-roka-2014\/#article","isPartOf":{"@id":"https:\/\/mpo.sk\/vojensky-cin-roka-2014\/"},"author":{"name":"WillyFog","@id":"https:\/\/mpo.sk\/#\/schema\/person\/28fc68adf9f8faa226f9a1c15bd34259"},"headline":"Vojensk\u00fd \u010din roka 2014","datePublished":"2015-06-20T07:29:01+00:00","dateModified":"2024-09-19T19:03:55+00:00","mainEntityOfPage":{"@id":"https:\/\/mpo.sk\/vojensky-cin-roka-2014\/"},"wordCount":56,"commentCount":0,"publisher":{"@id":"https:\/\/mpo.sk\/#organization"},"image":{"@id":"https:\/\/mpo.sk\/vojensky-cin-roka-2014\/#primaryimage"},"thumbnailUrl":"https:\/\/d.r4.wbsprt.com\/mpo.sk\/wp-content\/uploads\/2015\/06\/Muzeum_bunker_B-S4_Vojensky_cin_roka_03.jpg","articleSection":["NOVINKY"],"inLanguage":"sk-SK","potentialAction":[{"@type":"CommentAction","name":"Comment","target":["https:\/\/mpo.sk\/vojensky-cin-roka-2014\/#respond"]}]},{"@type":"WebPage","@id":"https:\/\/mpo.sk\/vojensky-cin-roka-2014\/","url":"https:\/\/mpo.sk\/vojensky-cin-roka-2014\/","name":"Vojensk\u00fd \u010din roka 2014 - M\u00fazeum petr\u017ealsk\u00e9ho opevnenia","isPartOf":{"@id":"https:\/\/mpo.sk\/#website"},"primaryImageOfPage":{"@id":"https:\/\/mpo.sk\/vojensky-cin-roka-2014\/#primaryimage"},"image":{"@id":"https:\/\/mpo.sk\/vojensky-cin-roka-2014\/#primaryimage"},"thumbnailUrl":"https:\/\/d.r4.wbsprt.com\/mpo.sk\/wp-content\/uploads\/2015\/06\/Muzeum_bunker_B-S4_Vojensky_cin_roka_03.jpg","datePublished":"2015-06-20T07:29:01+00:00","dateModified":"2024-09-19T19:03:55+00:00","breadcrumb":{"@id":"https:\/\/mpo.sk\/vojensky-cin-roka-2014\/#breadcrumb"},"inLanguage":"sk-SK","potentialAction":[{"@type":"ReadAction","target":["https:\/\/mpo.sk\/vojensky-cin-roka-2014\/"]}]},{"@type":"ImageObject","inLanguage":"sk-SK","@id":"https:\/\/mpo.sk\/vojensky-cin-roka-2014\/#primaryimage","url":"https:\/\/d.r4.wbsprt.com\/mpo.sk\/wp-content\/uploads\/2015\/06\/Muzeum_bunker_B-S4_Vojensky_cin_roka_03.jpg","contentUrl":"https:\/\/d.r4.wbsprt.com\/mpo.sk\/wp-content\/uploads\/2015\/06\/Muzeum_bunker_B-S4_Vojensky_cin_roka_03.jpg","width":1920,"height":1209},{"@type":"BreadcrumbList","@id":"https:\/\/mpo.sk\/vojensky-cin-roka-2014\/#breadcrumb","itemListElement":[{"@type":"ListItem","position":1,"name":"Home","item":"https:\/\/mpo.sk\/"},{"@type":"ListItem","position":2,"name":"Vojensk\u00fd \u010din roka 2014"}]},{"@type":"WebSite","@id":"https:\/\/mpo.sk\/#website","url":"https:\/\/mpo.sk\/","name":"M\u00fazeum petr\u017ealsk\u00e9ho opevnenia","description":"\u017div\u00e1 hist\u00f3ria v meste Bratislava","publisher":{"@id":"https:\/\/mpo.sk\/#organization"},"potentialAction":[{"@type":"SearchAction","target":{"@type":"EntryPoint","urlTemplate":"https:\/\/mpo.sk\/?s={search_term_string}"},"query-input":{"@type":"PropertyValueSpecification","valueRequired":true,"valueName":"search_term_string"}}],"inLanguage":"sk-SK"},{"@type":"Organization","@id":"https:\/\/mpo.sk\/#organization","name":"M\u00fazeum petr\u017ealsk\u00e9ho opevnenia (OZ)","url":"https:\/\/mpo.sk\/","logo":{"@type":"ImageObject","inLanguage":"sk-SK","@id":"https:\/\/mpo.sk\/#\/schema\/logo\/image\/","url":"http:\/\/d.r4.wbsprt.com\/mpo.sk\/wp-content\/uploads\/2023\/09\/Logo-MPO-2017_upravene_OK_pre2023.png","contentUrl":"http:\/\/d.r4.wbsprt.com\/mpo.sk\/wp-content\/uploads\/2023\/09\/Logo-MPO-2017_upravene_OK_pre2023.png","width":1872,"height":1860,"caption":"M\u00fazeum petr\u017ealsk\u00e9ho opevnenia (OZ)"},"image":{"@id":"https:\/\/mpo.sk\/#\/schema\/logo\/image\/"},"sameAs":["https:\/\/www.facebook.com\/bunkerbs4","https:\/\/www.instagram.com\/muzeumpetrzalskehoopevnenia\/"]},{"@type":"Person","@id":"https:\/\/mpo.sk\/#\/schema\/person\/28fc68adf9f8faa226f9a1c15bd34259","name":"WillyFog","image":{"@type":"ImageObject","inLanguage":"sk-SK","@id":"https:\/\/mpo.sk\/#\/schema\/person\/image\/","url":"https:\/\/secure.gravatar.com\/avatar\/d5f4248f4366746194ddb66856c5c636?s=96&d=mm&r=g","contentUrl":"https:\/\/secure.gravatar.com\/avatar\/d5f4248f4366746194ddb66856c5c636?s=96&d=mm&r=g","caption":"WillyFog"},"sameAs":["http:\/\/mpo.sk"],"url":"https:\/\/d.r4.wbsprt.com\/mpo.sk\/author\/willyfog\/"}]}},"_links":{"self":[{"href":"https:\/\/d.r4.wbsprt.com\/mpo.sk\/wp-json\/wp\/v2\/posts\/53"}],"collection":[{"href":"https:\/\/d.r4.wbsprt.com\/mpo.sk\/wp-json\/wp\/v2\/posts"}],"about":[{"href":"https:\/\/d.r4.wbsprt.com\/mpo.sk\/wp-json\/wp\/v2\/types\/post"}],"author":[{"embeddable":true,"href":"https:\/\/d.r4.wbsprt.com\/mpo.sk\/wp-json\/wp\/v2\/users\/1"}],"replies":[{"embeddable":true,"href":"https:\/\/d.r4.wbsprt.com\/mpo.sk\/wp-json\/wp\/v2\/comments?post=53"}],"version-history":[{"count":4,"href":"https:\/\/d.r4.wbsprt.com\/mpo.sk\/wp-json\/wp\/v2\/posts\/53\/revisions"}],"predecessor-version":[{"id":1527,"href":"https:\/\/d.r4.wbsprt.com\/mpo.sk\/wp-json\/wp\/v2\/posts\/53\/revisions\/1527"}],"wp:featuredmedia":[{"embeddable":true,"href":"https:\/\/d.r4.wbsprt.com\/mpo.sk\/wp-json\/wp\/v2\/media\/1529"}],"wp:attachment":[{"href":"https:\/\/d.r4.wbsprt.com\/mpo.sk\/wp-json\/wp\/v2\/media?parent=53"}],"wp:term":[{"taxonomy":"category","embeddable":true,"href":"https:\/\/d.r4.wbsprt.com\/mpo.sk\/wp-json\/wp\/v2\/categories?post=53"},{"taxonomy":"post_tag","embeddable":true,"href":"https:\/\/d.r4.wbsprt.com\/mpo.sk\/wp-json\/wp\/v2\/tags?post=53"}],"curies":[{"name":"wp","href":"https:\/\/api.w.org\/{rel}","templated":true}]}}