{"id":1876,"date":"2023-05-23T12:23:16","date_gmt":"2023-05-23T10:23:16","guid":{"rendered":"https:\/\/tatianajelinek.com\/?p=1876"},"modified":"2023-05-23T12:35:14","modified_gmt":"2023-05-23T10:35:14","slug":"cistenie-a-liecenie","status":"publish","type":"post","link":"https:\/\/d.r4.wbsprt.com\/tatianajelinek.com\/cistenie-a-liecenie\/","title":{"rendered":"\u010cistenie a lie\u010denie, ako ho vn\u00edm\u00e1m ja?"},"content":{"rendered":"\n<p>Ve\u013ea po\u010dujem a \u010d\u00edtam o tom, \u017ee \u013eudia prech\u00e1dzaj\u00fa rozli\u010dn\u00fdmi h\u013abkami \u010disten\u00ed. \u010cistenie a lie\u010denie zranen\u00ed vn\u00fatorn\u00e9ho die\u0165a\u0165a, \u010distenie rodovej l\u00ednie, kolekt\u00edvne \u010distenie. Mne pri\u0161lo, aby som nap\u00edsala o tom, ako vn\u00edmam \u010distenie\/lie\u010denie a rozp\u00fa\u0161\u0165anie ja a za\u010dala by som na \u00farovni vlastn\u00fdch em\u00f3ci\u00ed.<\/p>\n\n\n\n<p>Vn\u00edmam, \u017ee v s\u00fa\u010dasnosti ve\u013emi ve\u013ea \u013eud\u00ed prech\u00e1dza rozli\u010dn\u00fdmi \u010disteniami. U\u017e len samotn\u00e9 zvedomenie sp\u00f4sobu rozm\u00fd\u0161\u013eania, ktor\u00fd je pre n\u00e1s neu\u017eito\u010dn\u00fd je ve\u013ek\u00fd krok smerom k zmene. Napr\u00edklad, ke\u010f si mu\u017e uvedom\u00ed, \u017ee cel\u00fd \u017eivot sa chce zap\u00e1\u010di\u0165 otcovi a z\u00edska\u0165 od neho uznanie. Na z\u00e1klade nau\u010den\u00e9ho podvedom\u00e9ho spr\u00e1vania tak vyh\u013ead\u00e1va situ\u00e1cie a \u013eud\u00ed, ktor\u00ed mu zrkadlia jeho zranenie s otcom a to a\u017e do situ\u00e1cie, k\u00fdm si to uvedom\u00ed. Alebo \u017eena, ktorej bolo hovoren\u00e9, \u017ee je zl\u00e1, a \u017ee ju takto nikto nebude ma\u0165 r\u00e1d a tak za\u010dne pou\u017e\u00edva\u0165 postupy \u201cdobr\u00e9ho diev\u010datka\u201d aby zru\u0161ila \u201ckliatbu\u201d a v\u0161etk\u00fdm uk\u00e1zala, \u017ee ona je hodn\u00e1. Ale na \u00fakor svojich hran\u00edc a svojich potrieb.<\/p>\n\n\n\n<p>Jedna \u00farove\u0148 \u010distenia a lie\u010denia je teda si to uvedomi\u0165, \u017ee toto a toto mi bolo opakovan\u00e9 alebo niekedy sta\u010d\u00ed, \u017ee to bolo vysloven\u00e9 vo ve\u013emi silne emo\u010dnej situ\u00e1cii. A \u010dloveku sa to ulo\u017e\u00ed do podvedomia ako nahrat\u00fd program.<\/p>\n\n\n\n<p>Druh\u00e1, ve\u013emi d\u00f4le\u017eit\u00e1 rovina, je lie\u010denie cez odpustenie. Preto\u017ee bez odpustenia to s\u00edce je zvedomen\u00e9, ale e\u0161te to nie je pre\u010disten\u00e9 na \u00farovni bunkovej pam\u00e4te. A t\u00fdm p\u00e1dom nevie nasta\u0165 lie\u010denie na \u00farovni fyzick\u00e9ho tela.<\/p>\n\n\n\n<p>ZVEDOMENIE =&gt; ODPUSTENIE<\/p>\n\n\n\n<p>Ke\u010f teda pracujem s \u013eu\u010fmi a prech\u00e1dzame \u010disten\u00edm, zv\u00e4\u010d\u0161a d\u00e1vam klienta do hladiny tetha cez hlbok\u00fa medit\u00e1ciu, preto\u017ee dan\u00fdmi technikami potrebujeme klientovi \u201cvypn\u00fa\u0165 hlavu\u201d a spoji\u0165 ho s jeho vn\u00fatornou inteligenciou. Tou, ktor\u00e1 sa zapr\u00ed\u010di\u0148uje o rast na\u0161ich vlasov, tlkot srdca, obnovu buniek. V tejto h\u013abke spolupracujeme s jeho podvedom\u00edm a jedna z ve\u013emi z\u00e1sadn\u00fdch \u010dast\u00ed je pr\u00e1ve pre\u010distenie ODPUSTENIA. Odpustenia zo zranenia, ktor\u00e9 n\u00e1s zasiahlo, vytvorilo n\u00e1m to nepravdiv\u00e9, limituj\u00face presved\u010denie o n\u00e1s sam\u00fdch alebo podvedom\u00fd sp\u00f4sob reagovania na niektor\u00e9 situ\u00e1cie, ktor\u00fd je pre n\u00e1s neu\u017eito\u010dn\u00fd.<\/p>\n","protected":false},"excerpt":{"rendered":"<p>Ve\u013ea po\u010dujem a \u010d\u00edtam o tom, \u017ee \u013eudia prech\u00e1dzaj\u00fa rozli\u010dn\u00fdmi h\u013abkami \u010disten\u00ed. \u010cistenie a lie\u010denie zranen\u00ed vn\u00fatorn\u00e9ho die\u0165a\u0165a, \u010distenie rodovej l\u00ednie, kolekt\u00edvne \u010distenie. Mne pri\u0161lo, aby som nap\u00edsala o tom, ako vn\u00edmam \u010distenie\/lie\u010denie a rozp\u00fa\u0161\u0165anie ja a za\u010dala by som na \u00farovni vlastn\u00fdch em\u00f3ci\u00ed. Vn\u00edmam, \u017ee v s\u00fa\u010dasnosti ve\u013emi ve\u013ea \u013eud\u00ed prech\u00e1dza rozli\u010dn\u00fdmi \u010disteniami. U\u017e &hellip;<\/p>\n<p class=\"read-more\"> <a class=\"\" href=\"https:\/\/d.r4.wbsprt.com\/tatianajelinek.com\/cistenie-a-liecenie\/\"> <span class=\"screen-reader-text\">\u010cistenie a lie\u010denie, ako ho vn\u00edm\u00e1m ja?<\/span> \u010c\u00edtajte viac &raquo;<\/a><\/p>\n","protected":false},"author":1,"featured_media":0,"comment_status":"open","ping_status":"open","sticky":false,"template":"","format":"standard","meta":{"_uag_custom_page_level_css":"","_monsterinsights_skip_tracking":false,"_monsterinsights_sitenote_active":false,"_monsterinsights_sitenote_note":"","_monsterinsights_sitenote_category":0,"site-sidebar-layout":"default","site-content-layout":"default","ast-global-header-display":"","ast-main-header-display":"","ast-hfb-above-header-display":"","ast-hfb-below-header-display":"","ast-hfb-mobile-header-display":"","site-post-title":"","ast-breadcrumbs-content":"","ast-featured-img":"","footer-sml-layout":"","theme-transparent-header-meta":"","adv-header-id-meta":"","stick-header-meta":"","header-above-stick-meta":"","header-main-stick-meta":"","header-below-stick-meta":"","footnotes":""},"categories":[1],"tags":[],"class_list":["post-1876","post","type-post","status-publish","format-standard","hentry","category-nezaradene"],"yoast_head":"<!-- This site is optimized with the Yoast SEO plugin v26.1.1 - https:\/\/yoast.com\/wordpress\/plugins\/seo\/ -->\n<title>\u010cistenie a lie\u010denie, ako ho vn\u00edm\u00e1m ja? - tatianajelinek.com<\/title>\n<meta name=\"description\" content=\"Ve\u013ea po\u010dujem a \u010d\u00edtam o tom, \u017ee \u013eudia prech\u00e1dzaj\u00fa rozli\u010dn\u00fdmi h\u013abkami \u010disten\u00ed. \u010cistenie a lie\u010denie zranen\u00ed vn\u00fatorn\u00e9ho die\u0165a\u0165a, \u010distenie rodovej l\u00ednie, kolekt\u00edvne \u010distenie. Ako vn\u00edmam \u010distenie\/lie\u010denie a rozp\u00fa\u0161\u0165anie ja a za\u010dala by som na \u00farovni vlastn\u00fdch em\u00f3ci\u00ed. Vn\u00edmam, \u017ee v s\u00fa\u010dasnosti ve\u013emi ve\u013ea \u013eud\u00ed prech\u00e1dza rozli\u010dn\u00fdmi \u010disteniami. U\u017e len samotn\u00e9 zvedomenie sp\u00f4sobu rozm\u00fd\u0161\u013eania, ktor\u00fd je pre n\u00e1s neu\u017eito\u010dn\u00fd je ve\u013ek\u00fd krok smerom k zmene.\" \/>\n<meta name=\"robots\" content=\"index, follow, max-snippet:-1, max-image-preview:large, max-video-preview:-1\" \/>\n<link rel=\"canonical\" href=\"https:\/\/tatianajelinek.com\/cistenie-a-liecenie\/\" \/>\n<meta property=\"og:locale\" content=\"sk_SK\" \/>\n<meta property=\"og:type\" content=\"article\" \/>\n<meta property=\"og:title\" content=\"\u010cistenie a lie\u010denie, ako ho vn\u00edm\u00e1m ja? - tatianajelinek.com\" \/>\n<meta property=\"og:description\" content=\"Ve\u013ea po\u010dujem a \u010d\u00edtam o tom, \u017ee \u013eudia prech\u00e1dzaj\u00fa rozli\u010dn\u00fdmi h\u013abkami \u010disten\u00ed. \u010cistenie a lie\u010denie zranen\u00ed vn\u00fatorn\u00e9ho die\u0165a\u0165a, \u010distenie rodovej l\u00ednie, kolekt\u00edvne \u010distenie. Ako vn\u00edmam \u010distenie\/lie\u010denie a rozp\u00fa\u0161\u0165anie ja a za\u010dala by som na \u00farovni vlastn\u00fdch em\u00f3ci\u00ed. Vn\u00edmam, \u017ee v s\u00fa\u010dasnosti ve\u013emi ve\u013ea \u013eud\u00ed prech\u00e1dza rozli\u010dn\u00fdmi \u010disteniami. U\u017e len samotn\u00e9 zvedomenie sp\u00f4sobu rozm\u00fd\u0161\u013eania, ktor\u00fd je pre n\u00e1s neu\u017eito\u010dn\u00fd je ve\u013ek\u00fd krok smerom k zmene.\" \/>\n<meta property=\"og:url\" content=\"https:\/\/tatianajelinek.com\/cistenie-a-liecenie\/\" \/>\n<meta property=\"og:site_name\" content=\"tatianajelinek.com\" \/>\n<meta property=\"article:published_time\" content=\"2023-05-23T10:23:16+00:00\" \/>\n<meta property=\"article:modified_time\" content=\"2023-05-23T10:35:14+00:00\" \/>\n<meta name=\"author\" content=\"tatianajelinek\" \/>\n<meta name=\"twitter:card\" content=\"summary_large_image\" \/>\n<meta name=\"twitter:label1\" content=\"Autor\" \/>\n\t<meta name=\"twitter:data1\" content=\"tatianajelinek\" \/>\n\t<meta name=\"twitter:label2\" content=\"Predpokladan\u00fd \u010das \u010d\u00edtania\" \/>\n\t<meta name=\"twitter:data2\" content=\"2 min\u00faty\" \/>\n<script type=\"application\/ld+json\" class=\"yoast-schema-graph\">{\"@context\":\"https:\/\/schema.org\",\"@graph\":[{\"@type\":\"Article\",\"@id\":\"https:\/\/tatianajelinek.com\/cistenie-a-liecenie\/#article\",\"isPartOf\":{\"@id\":\"https:\/\/tatianajelinek.com\/cistenie-a-liecenie\/\"},\"author\":{\"name\":\"tatianajelinek\",\"@id\":\"https:\/\/tatianajelinek.com\/#\/schema\/person\/702a8fb3ebd6360c875fcfcb0cf0e596\"},\"headline\":\"\u010cistenie a lie\u010denie, ako ho vn\u00edm\u00e1m ja?\",\"datePublished\":\"2023-05-23T10:23:16+00:00\",\"dateModified\":\"2023-05-23T10:35:14+00:00\",\"mainEntityOfPage\":{\"@id\":\"https:\/\/tatianajelinek.com\/cistenie-a-liecenie\/\"},\"wordCount\":434,\"commentCount\":0,\"publisher\":{\"@id\":\"https:\/\/tatianajelinek.com\/#organization\"},\"inLanguage\":\"sk-SK\",\"potentialAction\":[{\"@type\":\"CommentAction\",\"name\":\"Comment\",\"target\":[\"https:\/\/tatianajelinek.com\/cistenie-a-liecenie\/#respond\"]}]},{\"@type\":\"WebPage\",\"@id\":\"https:\/\/tatianajelinek.com\/cistenie-a-liecenie\/\",\"url\":\"https:\/\/tatianajelinek.com\/cistenie-a-liecenie\/\",\"name\":\"\u010cistenie a lie\u010denie, ako ho vn\u00edm\u00e1m ja? - tatianajelinek.com\",\"isPartOf\":{\"@id\":\"https:\/\/tatianajelinek.com\/#website\"},\"datePublished\":\"2023-05-23T10:23:16+00:00\",\"dateModified\":\"2023-05-23T10:35:14+00:00\",\"description\":\"Ve\u013ea po\u010dujem a \u010d\u00edtam o tom, \u017ee \u013eudia prech\u00e1dzaj\u00fa rozli\u010dn\u00fdmi h\u013abkami \u010disten\u00ed. \u010cistenie a lie\u010denie zranen\u00ed vn\u00fatorn\u00e9ho die\u0165a\u0165a, \u010distenie rodovej l\u00ednie, kolekt\u00edvne \u010distenie. Ako vn\u00edmam \u010distenie\/lie\u010denie a rozp\u00fa\u0161\u0165anie ja a za\u010dala by som na \u00farovni vlastn\u00fdch em\u00f3ci\u00ed. Vn\u00edmam, \u017ee v s\u00fa\u010dasnosti ve\u013emi ve\u013ea \u013eud\u00ed prech\u00e1dza rozli\u010dn\u00fdmi \u010disteniami. U\u017e len samotn\u00e9 zvedomenie sp\u00f4sobu rozm\u00fd\u0161\u013eania, ktor\u00fd je pre n\u00e1s neu\u017eito\u010dn\u00fd je ve\u013ek\u00fd krok smerom k zmene.\",\"breadcrumb\":{\"@id\":\"https:\/\/tatianajelinek.com\/cistenie-a-liecenie\/#breadcrumb\"},\"inLanguage\":\"sk-SK\",\"potentialAction\":[{\"@type\":\"ReadAction\",\"target\":[\"https:\/\/tatianajelinek.com\/cistenie-a-liecenie\/\"]}]},{\"@type\":\"BreadcrumbList\",\"@id\":\"https:\/\/tatianajelinek.com\/cistenie-a-liecenie\/#breadcrumb\",\"itemListElement\":[{\"@type\":\"ListItem\",\"position\":1,\"name\":\"Home\",\"item\":\"https:\/\/tatianajelinek.com\/\"},{\"@type\":\"ListItem\",\"position\":2,\"name\":\"\u010cistenie a lie\u010denie, ako ho vn\u00edm\u00e1m ja?\"}]},{\"@type\":\"WebSite\",\"@id\":\"https:\/\/tatianajelinek.com\/#website\",\"url\":\"https:\/\/tatianajelinek.com\/\",\"name\":\"tatianajelinek.com\",\"description\":\"Osobnostn\u00fd rozvoj s princ\u00edpmi T\u010cM\",\"publisher\":{\"@id\":\"https:\/\/tatianajelinek.com\/#organization\"},\"potentialAction\":[{\"@type\":\"SearchAction\",\"target\":{\"@type\":\"EntryPoint\",\"urlTemplate\":\"https:\/\/tatianajelinek.com\/?s={search_term_string}\"},\"query-input\":{\"@type\":\"PropertyValueSpecification\",\"valueRequired\":true,\"valueName\":\"search_term_string\"}}],\"inLanguage\":\"sk-SK\"},{\"@type\":\"Organization\",\"@id\":\"https:\/\/tatianajelinek.com\/#organization\",\"name\":\"tatianajelinek.com\",\"url\":\"https:\/\/tatianajelinek.com\/\",\"logo\":{\"@type\":\"ImageObject\",\"inLanguage\":\"sk-SK\",\"@id\":\"https:\/\/tatianajelinek.com\/#\/schema\/logo\/image\/\",\"url\":\"https:\/\/d.r4.wbsprt.com\/tatianajelinek.com\/wp-content\/uploads\/2020\/02\/Tanicka-Jelinek-logo-na-web-1.png\",\"contentUrl\":\"https:\/\/d.r4.wbsprt.com\/tatianajelinek.com\/wp-content\/uploads\/2020\/02\/Tanicka-Jelinek-logo-na-web-1.png\",\"width\":360,\"height\":120,\"caption\":\"tatianajelinek.com\"},\"image\":{\"@id\":\"https:\/\/tatianajelinek.com\/#\/schema\/logo\/image\/\"}},{\"@type\":\"Person\",\"@id\":\"https:\/\/tatianajelinek.com\/#\/schema\/person\/702a8fb3ebd6360c875fcfcb0cf0e596\",\"name\":\"tatianajelinek\",\"image\":{\"@type\":\"ImageObject\",\"inLanguage\":\"sk-SK\",\"@id\":\"https:\/\/tatianajelinek.com\/#\/schema\/person\/image\/\",\"url\":\"https:\/\/secure.gravatar.com\/avatar\/25231d006d12e93690b7864ced4db050?s=96&d=mm&r=g\",\"contentUrl\":\"https:\/\/secure.gravatar.com\/avatar\/25231d006d12e93690b7864ced4db050?s=96&d=mm&r=g\",\"caption\":\"tatianajelinek\"},\"sameAs\":[\"http:\/\/tatianajelinek.com\"],\"url\":\"https:\/\/d.r4.wbsprt.com\/tatianajelinek.com\/author\/tatianajelinek\/\"}]}<\/script>\n<!-- \/ Yoast SEO plugin. -->","yoast_head_json":{"title":"\u010cistenie a lie\u010denie, ako ho vn\u00edm\u00e1m ja? - tatianajelinek.com","description":"Ve\u013ea po\u010dujem a \u010d\u00edtam o tom, \u017ee \u013eudia prech\u00e1dzaj\u00fa rozli\u010dn\u00fdmi h\u013abkami \u010disten\u00ed. \u010cistenie a lie\u010denie zranen\u00ed vn\u00fatorn\u00e9ho die\u0165a\u0165a, \u010distenie rodovej l\u00ednie, kolekt\u00edvne \u010distenie. Ako vn\u00edmam \u010distenie\/lie\u010denie a rozp\u00fa\u0161\u0165anie ja a za\u010dala by som na \u00farovni vlastn\u00fdch em\u00f3ci\u00ed. Vn\u00edmam, \u017ee v s\u00fa\u010dasnosti ve\u013emi ve\u013ea \u013eud\u00ed prech\u00e1dza rozli\u010dn\u00fdmi \u010disteniami. U\u017e len samotn\u00e9 zvedomenie sp\u00f4sobu rozm\u00fd\u0161\u013eania, ktor\u00fd je pre n\u00e1s neu\u017eito\u010dn\u00fd je ve\u013ek\u00fd krok smerom k zmene.","robots":{"index":"index","follow":"follow","max-snippet":"max-snippet:-1","max-image-preview":"max-image-preview:large","max-video-preview":"max-video-preview:-1"},"canonical":"https:\/\/tatianajelinek.com\/cistenie-a-liecenie\/","og_locale":"sk_SK","og_type":"article","og_title":"\u010cistenie a lie\u010denie, ako ho vn\u00edm\u00e1m ja? - tatianajelinek.com","og_description":"Ve\u013ea po\u010dujem a \u010d\u00edtam o tom, \u017ee \u013eudia prech\u00e1dzaj\u00fa rozli\u010dn\u00fdmi h\u013abkami \u010disten\u00ed. \u010cistenie a lie\u010denie zranen\u00ed vn\u00fatorn\u00e9ho die\u0165a\u0165a, \u010distenie rodovej l\u00ednie, kolekt\u00edvne \u010distenie. Ako vn\u00edmam \u010distenie\/lie\u010denie a rozp\u00fa\u0161\u0165anie ja a za\u010dala by som na \u00farovni vlastn\u00fdch em\u00f3ci\u00ed. Vn\u00edmam, \u017ee v s\u00fa\u010dasnosti ve\u013emi ve\u013ea \u013eud\u00ed prech\u00e1dza rozli\u010dn\u00fdmi \u010disteniami. U\u017e len samotn\u00e9 zvedomenie sp\u00f4sobu rozm\u00fd\u0161\u013eania, ktor\u00fd je pre n\u00e1s neu\u017eito\u010dn\u00fd je ve\u013ek\u00fd krok smerom k zmene.","og_url":"https:\/\/tatianajelinek.com\/cistenie-a-liecenie\/","og_site_name":"tatianajelinek.com","article_published_time":"2023-05-23T10:23:16+00:00","article_modified_time":"2023-05-23T10:35:14+00:00","author":"tatianajelinek","twitter_card":"summary_large_image","twitter_misc":{"Autor":"tatianajelinek","Predpokladan\u00fd \u010das \u010d\u00edtania":"2 min\u00faty"},"schema":{"@context":"https:\/\/schema.org","@graph":[{"@type":"Article","@id":"https:\/\/tatianajelinek.com\/cistenie-a-liecenie\/#article","isPartOf":{"@id":"https:\/\/tatianajelinek.com\/cistenie-a-liecenie\/"},"author":{"name":"tatianajelinek","@id":"https:\/\/tatianajelinek.com\/#\/schema\/person\/702a8fb3ebd6360c875fcfcb0cf0e596"},"headline":"\u010cistenie a lie\u010denie, ako ho vn\u00edm\u00e1m ja?","datePublished":"2023-05-23T10:23:16+00:00","dateModified":"2023-05-23T10:35:14+00:00","mainEntityOfPage":{"@id":"https:\/\/tatianajelinek.com\/cistenie-a-liecenie\/"},"wordCount":434,"commentCount":0,"publisher":{"@id":"https:\/\/tatianajelinek.com\/#organization"},"inLanguage":"sk-SK","potentialAction":[{"@type":"CommentAction","name":"Comment","target":["https:\/\/tatianajelinek.com\/cistenie-a-liecenie\/#respond"]}]},{"@type":"WebPage","@id":"https:\/\/tatianajelinek.com\/cistenie-a-liecenie\/","url":"https:\/\/tatianajelinek.com\/cistenie-a-liecenie\/","name":"\u010cistenie a lie\u010denie, ako ho vn\u00edm\u00e1m ja? - tatianajelinek.com","isPartOf":{"@id":"https:\/\/tatianajelinek.com\/#website"},"datePublished":"2023-05-23T10:23:16+00:00","dateModified":"2023-05-23T10:35:14+00:00","description":"Ve\u013ea po\u010dujem a \u010d\u00edtam o tom, \u017ee \u013eudia prech\u00e1dzaj\u00fa rozli\u010dn\u00fdmi h\u013abkami \u010disten\u00ed. \u010cistenie a lie\u010denie zranen\u00ed vn\u00fatorn\u00e9ho die\u0165a\u0165a, \u010distenie rodovej l\u00ednie, kolekt\u00edvne \u010distenie. Ako vn\u00edmam \u010distenie\/lie\u010denie a rozp\u00fa\u0161\u0165anie ja a za\u010dala by som na \u00farovni vlastn\u00fdch em\u00f3ci\u00ed. Vn\u00edmam, \u017ee v s\u00fa\u010dasnosti ve\u013emi ve\u013ea \u013eud\u00ed prech\u00e1dza rozli\u010dn\u00fdmi \u010disteniami. U\u017e len samotn\u00e9 zvedomenie sp\u00f4sobu rozm\u00fd\u0161\u013eania, ktor\u00fd je pre n\u00e1s neu\u017eito\u010dn\u00fd je ve\u013ek\u00fd krok smerom k zmene.","breadcrumb":{"@id":"https:\/\/tatianajelinek.com\/cistenie-a-liecenie\/#breadcrumb"},"inLanguage":"sk-SK","potentialAction":[{"@type":"ReadAction","target":["https:\/\/tatianajelinek.com\/cistenie-a-liecenie\/"]}]},{"@type":"BreadcrumbList","@id":"https:\/\/tatianajelinek.com\/cistenie-a-liecenie\/#breadcrumb","itemListElement":[{"@type":"ListItem","position":1,"name":"Home","item":"https:\/\/tatianajelinek.com\/"},{"@type":"ListItem","position":2,"name":"\u010cistenie a lie\u010denie, ako ho vn\u00edm\u00e1m ja?"}]},{"@type":"WebSite","@id":"https:\/\/tatianajelinek.com\/#website","url":"https:\/\/tatianajelinek.com\/","name":"tatianajelinek.com","description":"Osobnostn\u00fd rozvoj s princ\u00edpmi T\u010cM","publisher":{"@id":"https:\/\/tatianajelinek.com\/#organization"},"potentialAction":[{"@type":"SearchAction","target":{"@type":"EntryPoint","urlTemplate":"https:\/\/tatianajelinek.com\/?s={search_term_string}"},"query-input":{"@type":"PropertyValueSpecification","valueRequired":true,"valueName":"search_term_string"}}],"inLanguage":"sk-SK"},{"@type":"Organization","@id":"https:\/\/tatianajelinek.com\/#organization","name":"tatianajelinek.com","url":"https:\/\/tatianajelinek.com\/","logo":{"@type":"ImageObject","inLanguage":"sk-SK","@id":"https:\/\/tatianajelinek.com\/#\/schema\/logo\/image\/","url":"https:\/\/d.r4.wbsprt.com\/tatianajelinek.com\/wp-content\/uploads\/2020\/02\/Tanicka-Jelinek-logo-na-web-1.png","contentUrl":"https:\/\/d.r4.wbsprt.com\/tatianajelinek.com\/wp-content\/uploads\/2020\/02\/Tanicka-Jelinek-logo-na-web-1.png","width":360,"height":120,"caption":"tatianajelinek.com"},"image":{"@id":"https:\/\/tatianajelinek.com\/#\/schema\/logo\/image\/"}},{"@type":"Person","@id":"https:\/\/tatianajelinek.com\/#\/schema\/person\/702a8fb3ebd6360c875fcfcb0cf0e596","name":"tatianajelinek","image":{"@type":"ImageObject","inLanguage":"sk-SK","@id":"https:\/\/tatianajelinek.com\/#\/schema\/person\/image\/","url":"https:\/\/secure.gravatar.com\/avatar\/25231d006d12e93690b7864ced4db050?s=96&d=mm&r=g","contentUrl":"https:\/\/secure.gravatar.com\/avatar\/25231d006d12e93690b7864ced4db050?s=96&d=mm&r=g","caption":"tatianajelinek"},"sameAs":["http:\/\/tatianajelinek.com"],"url":"https:\/\/d.r4.wbsprt.com\/tatianajelinek.com\/author\/tatianajelinek\/"}]}},"uagb_featured_image_src":{"full":false,"thumbnail":false,"medium":false,"medium_large":false,"large":false,"1536x1536":false,"2048x2048":false},"uagb_author_info":{"display_name":"tatianajelinek","author_link":"https:\/\/d.r4.wbsprt.com\/tatianajelinek.com\/author\/tatianajelinek\/"},"uagb_comment_info":56,"uagb_excerpt":"Ve\u013ea po\u010dujem a \u010d\u00edtam o tom, \u017ee \u013eudia prech\u00e1dzaj\u00fa rozli\u010dn\u00fdmi h\u013abkami \u010disten\u00ed. \u010cistenie a lie\u010denie zranen\u00ed vn\u00fatorn\u00e9ho die\u0165a\u0165a, \u010distenie rodovej l\u00ednie, kolekt\u00edvne \u010distenie. Mne pri\u0161lo, aby som nap\u00edsala o tom, ako vn\u00edmam \u010distenie\/lie\u010denie a rozp\u00fa\u0161\u0165anie ja a za\u010dala by som na \u00farovni vlastn\u00fdch em\u00f3ci\u00ed. Vn\u00edmam, \u017ee v s\u00fa\u010dasnosti ve\u013emi ve\u013ea \u013eud\u00ed prech\u00e1dza rozli\u010dn\u00fdmi \u010disteniami. U\u017e&hellip;","_links":{"self":[{"href":"https:\/\/d.r4.wbsprt.com\/tatianajelinek.com\/wp-json\/wp\/v2\/posts\/1876","targetHints":{"allow":["GET"]}}],"collection":[{"href":"https:\/\/d.r4.wbsprt.com\/tatianajelinek.com\/wp-json\/wp\/v2\/posts"}],"about":[{"href":"https:\/\/d.r4.wbsprt.com\/tatianajelinek.com\/wp-json\/wp\/v2\/types\/post"}],"author":[{"embeddable":true,"href":"https:\/\/d.r4.wbsprt.com\/tatianajelinek.com\/wp-json\/wp\/v2\/users\/1"}],"replies":[{"embeddable":true,"href":"https:\/\/d.r4.wbsprt.com\/tatianajelinek.com\/wp-json\/wp\/v2\/comments?post=1876"}],"version-history":[{"count":1,"href":"https:\/\/d.r4.wbsprt.com\/tatianajelinek.com\/wp-json\/wp\/v2\/posts\/1876\/revisions"}],"predecessor-version":[{"id":1877,"href":"https:\/\/d.r4.wbsprt.com\/tatianajelinek.com\/wp-json\/wp\/v2\/posts\/1876\/revisions\/1877"}],"wp:attachment":[{"href":"https:\/\/d.r4.wbsprt.com\/tatianajelinek.com\/wp-json\/wp\/v2\/media?parent=1876"}],"wp:term":[{"taxonomy":"category","embeddable":true,"href":"https:\/\/d.r4.wbsprt.com\/tatianajelinek.com\/wp-json\/wp\/v2\/categories?post=1876"},{"taxonomy":"post_tag","embeddable":true,"href":"https:\/\/d.r4.wbsprt.com\/tatianajelinek.com\/wp-json\/wp\/v2\/tags?post=1876"}],"curies":[{"name":"wp","href":"https:\/\/api.w.org\/{rel}","templated":true}]}}